{"id":86196,"date":"2014-11-07T17:43:40","date_gmt":"2014-11-07T16:43:40","guid":{"rendered":"http:\/\/www.visit-ulcinj.com\/blog\/?p=86196"},"modified":"2014-11-07T17:43:40","modified_gmt":"2014-11-07T16:43:40","slug":"nik-gjeloshaj-nuk-jep-mandatin-e-deputetit-bardhit","status":"publish","type":"post","link":"https:\/\/www.visit-ulcinj.com\/blog\/2014\/11\/07\/nik-gjeloshaj-nuk-jep-mandatin-e-deputetit-bardhit\/","title":{"rendered":"Nik Gjeloshaj nuk jep mandatin e deputetit Bardhit"},"content":{"rendered":"<p><a href=\"http:\/\/www.visit-ulcinj.com\/blog\/wp-content\/uploads\/2014\/11\/Alternativa-Shqiptare-Partia-Demokratike-Lidhja-Demokratike-Nik-Gjeloshaj.jpg\"><img loading=\"lazy\" class=\"alignleft wp-image-86197\" src=\"http:\/\/www.visit-ulcinj.com\/blog\/wp-content\/uploads\/2014\/11\/Alternativa-Shqiptare-Partia-Demokratike-Lidhja-Demokratike-Nik-Gjeloshaj.jpg\" alt=\"Alternativa Shqiptare - Partia Demokratike -Lidhja Demokratike -Nik-Gjeloshaj\" width=\"508\" height=\"292\" srcset=\"https:\/\/www.visit-ulcinj.com\/blog\/wp-content\/uploads\/2014\/11\/Alternativa-Shqiptare-Partia-Demokratike-Lidhja-Demokratike-Nik-Gjeloshaj.jpg 480w, https:\/\/www.visit-ulcinj.com\/blog\/wp-content\/uploads\/2014\/11\/Alternativa-Shqiptare-Partia-Demokratike-Lidhja-Demokratike-Nik-Gjeloshaj-300x172.jpg 300w\" sizes=\"(max-width: 508px) 100vw, 508px\" \/><\/a>Burime nga Koalicioni Shqiptar (PD, ASh, LDn\u00ebMZ) pohojn\u00eb se sipas marr\u00ebveshjes s\u00eb koalicionit, Bardhit i takon gjysma e buxhetit q\u00eb merr koalicioni, nd\u00ebrsa Alternativa Shqiptare dhe Partia Demokratike e Fatmir Gjek\u00ebs ndajn\u00eb mandatin e deputetit, shkruan Vijesti.<\/p>\n<p>Deputeti i Alternativ\u00ebs Shqiptare (Ash) Nik Gjeloshaj nuk do ta l\u00ebshoj mandatin e deputetit liderit t\u00eb LDn\u00ebMZ Mehmet Bardhit, sepse ajo nuk \u00ebsht\u00eb parapa n\u00eb marr\u00ebveshjen e koalicionit, tha po i nj\u00ebjti burim.<\/p>\n<p>Bardhi dje kishte deklaruar se ai do t\u00eb z\u00ebvend\u00ebsoj\u00eb Gjeloshajn n\u00eb vendin e deputetit n\u00eb Kuvendin malazez.<\/p>\n<p>MALESIA.ORG<\/p>\n","protected":false},"excerpt":{"rendered":"<p>Burime nga Koalicioni Shqiptar (PD, ASh, LDn\u00ebMZ) pohojn\u00eb se sipas marr\u00ebveshjes s\u00eb koalicionit, Bardhit i takon gjysma e buxhetit q\u00eb merr koalicioni, nd\u00ebrsa Alternativa Shqiptare dhe Partia Demokratike e Fatmir Gjek\u00ebs ndajn\u00eb mandatin e deputetit, shkruan Vijesti. Deputeti i Alternativ\u00ebs Shqiptare (Ash) Nik Gjeloshaj nuk do ta l\u00ebshoj mandatin e deputetit liderit t\u00eb LDn\u00ebMZ Mehmet [&hellip;]<\/p>\n","protected":false},"author":1,"featured_media":0,"comment_status":"closed","ping_status":"closed","sticky":false,"template":"","format":"standard","meta":{"spay_email":"","jetpack_publicize_message":"","jetpack_is_tweetstorm":false,"jetpack_publicize_feature_enabled":true},"categories":[6],"tags":[],"jetpack_publicize_connections":[],"yoast_head":"<!-- This site is optimized with the Yoast SEO plugin v19.1 - https:\/\/yoast.com\/wordpress\/plugins\/seo\/ -->\n<title>Nik Gjeloshaj nuk jep mandatin e deputetit Bardhit - Lajme nga Ulqini<\/title>\n<meta name=\"description\" content=\"Burime nga Koalicioni Shqiptar (PD, ASh, LDn\u00ebMZ) pohojn\u00eb se sipas marr\u00ebveshjes s\u00eb koalicionit, Bardhit i takon gjysma e buxhetit q\u00eb merr koalicioni,\" \/>\n<meta name=\"robots\" content=\"index, follow, max-snippet:-1, max-image-preview:large, max-video-preview:-1\" \/>\n<link rel=\"canonical\" href=\"https:\/\/www.visit-ulcinj.com\/blog\/2014\/11\/07\/nik-gjeloshaj-nuk-jep-mandatin-e-deputetit-bardhit\/\" \/>\n<meta property=\"og:locale\" content=\"en_US\" \/>\n<meta property=\"og:type\" content=\"article\" \/>\n<meta property=\"og:title\" content=\"Nik Gjeloshaj nuk jep mandatin e deputetit Bardhit - Lajme nga Ulqini\" \/>\n<meta property=\"og:description\" content=\"Burime nga Koalicioni Shqiptar (PD, ASh, LDn\u00ebMZ) pohojn\u00eb se sipas marr\u00ebveshjes s\u00eb koalicionit, Bardhit i takon gjysma e buxhetit q\u00eb merr koalicioni,\" \/>\n<meta property=\"og:url\" content=\"https:\/\/www.visit-ulcinj.com\/blog\/2014\/11\/07\/nik-gjeloshaj-nuk-jep-mandatin-e-deputetit-bardhit\/\" \/>\n<meta property=\"og:site_name\" content=\"Lajme nga Ulqini\" \/>\n<meta property=\"article:published_time\" content=\"2014-11-07T16:43:40+00:00\" \/>\n<meta property=\"og:image\" content=\"http:\/\/www.visit-ulcinj.com\/blog\/wp-content\/uploads\/2014\/11\/Alternativa-Shqiptare-Partia-Demokratike-Lidhja-Demokratike-Nik-Gjeloshaj.jpg\" \/>\n<meta name=\"twitter:label1\" content=\"Written by\" \/>\n\t<meta name=\"twitter:data1\" content=\"ulqini\" \/>\n\t<meta name=\"twitter:label2\" content=\"Est. reading time\" \/>\n\t<meta name=\"twitter:data2\" content=\"1 minute\" \/>\n<script type=\"application\/ld+json\" class=\"yoast-schema-graph\">{\"@context\":\"https:\/\/schema.org\",\"@graph\":[{\"@type\":\"WebSite\",\"@id\":\"https:\/\/www.visit-ulcinj.com\/blog\/#website\",\"url\":\"https:\/\/www.visit-ulcinj.com\/blog\/\",\"name\":\"Lajme nga Ulqini\",\"description\":\"Lajme,Vijesti,Ulqini,Ulqin,Crna Gora,Mali i Zi\",\"potentialAction\":[{\"@type\":\"SearchAction\",\"target\":{\"@type\":\"EntryPoint\",\"urlTemplate\":\"https:\/\/www.visit-ulcinj.com\/blog\/?s={search_term_string}\"},\"query-input\":\"required name=search_term_string\"}],\"inLanguage\":\"en-US\"},{\"@type\":\"ImageObject\",\"inLanguage\":\"en-US\",\"@id\":\"https:\/\/www.visit-ulcinj.com\/blog\/2014\/11\/07\/nik-gjeloshaj-nuk-jep-mandatin-e-deputetit-bardhit\/#primaryimage\",\"url\":\"https:\/\/www.visit-ulcinj.com\/blog\/wp-content\/uploads\/2014\/11\/Alternativa-Shqiptare-Partia-Demokratike-Lidhja-Demokratike-Nik-Gjeloshaj.jpg\",\"contentUrl\":\"https:\/\/www.visit-ulcinj.com\/blog\/wp-content\/uploads\/2014\/11\/Alternativa-Shqiptare-Partia-Demokratike-Lidhja-Demokratike-Nik-Gjeloshaj.jpg\",\"width\":480,\"height\":276},{\"@type\":\"WebPage\",\"@id\":\"https:\/\/www.visit-ulcinj.com\/blog\/2014\/11\/07\/nik-gjeloshaj-nuk-jep-mandatin-e-deputetit-bardhit\/#webpage\",\"url\":\"https:\/\/www.visit-ulcinj.com\/blog\/2014\/11\/07\/nik-gjeloshaj-nuk-jep-mandatin-e-deputetit-bardhit\/\",\"name\":\"Nik Gjeloshaj nuk jep mandatin e deputetit Bardhit - Lajme nga Ulqini\",\"isPartOf\":{\"@id\":\"https:\/\/www.visit-ulcinj.com\/blog\/#website\"},\"primaryImageOfPage\":{\"@id\":\"https:\/\/www.visit-ulcinj.com\/blog\/2014\/11\/07\/nik-gjeloshaj-nuk-jep-mandatin-e-deputetit-bardhit\/#primaryimage\"},\"datePublished\":\"2014-11-07T16:43:40+00:00\",\"dateModified\":\"2014-11-07T16:43:40+00:00\",\"author\":{\"@id\":\"https:\/\/www.visit-ulcinj.com\/blog\/#\/schema\/person\/dcab619c614d3038751c63bc2aadc06d\"},\"description\":\"Burime nga Koalicioni Shqiptar (PD, ASh, LDn\u00ebMZ) pohojn\u00eb se sipas marr\u00ebveshjes s\u00eb koalicionit, Bardhit i takon gjysma e buxhetit q\u00eb merr koalicioni,\",\"breadcrumb\":{\"@id\":\"https:\/\/www.visit-ulcinj.com\/blog\/2014\/11\/07\/nik-gjeloshaj-nuk-jep-mandatin-e-deputetit-bardhit\/#breadcrumb\"},\"inLanguage\":\"en-US\",\"potentialAction\":[{\"@type\":\"ReadAction\",\"target\":[\"https:\/\/www.visit-ulcinj.com\/blog\/2014\/11\/07\/nik-gjeloshaj-nuk-jep-mandatin-e-deputetit-bardhit\/\"]}]},{\"@type\":\"BreadcrumbList\",\"@id\":\"https:\/\/www.visit-ulcinj.com\/blog\/2014\/11\/07\/nik-gjeloshaj-nuk-jep-mandatin-e-deputetit-bardhit\/#breadcrumb\",\"itemListElement\":[{\"@type\":\"ListItem\",\"position\":1,\"name\":\"Nik Gjeloshaj nuk jep mandatin e deputetit Bardhit\"}]},{\"@type\":\"Person\",\"@id\":\"https:\/\/www.visit-ulcinj.com\/blog\/#\/schema\/person\/dcab619c614d3038751c63bc2aadc06d\",\"name\":\"ulqini\",\"sameAs\":[\"http:\/\/www.visit-ulcinj.com\"],\"url\":\"https:\/\/www.visit-ulcinj.com\/blog\/author\/admin\/\"}]}<\/script>\n<!-- \/ Yoast SEO plugin. -->","yoast_head_json":{"title":"Nik Gjeloshaj nuk jep mandatin e deputetit Bardhit - Lajme nga Ulqini","description":"Burime nga Koalicioni Shqiptar (PD, ASh, LDn\u00ebMZ) pohojn\u00eb se sipas marr\u00ebveshjes s\u00eb koalicionit, Bardhit i takon gjysma e buxhetit q\u00eb merr koalicioni,","robots":{"index":"index","follow":"follow","max-snippet":"max-snippet:-1","max-image-preview":"max-image-preview:large","max-video-preview":"max-video-preview:-1"},"canonical":"https:\/\/www.visit-ulcinj.com\/blog\/2014\/11\/07\/nik-gjeloshaj-nuk-jep-mandatin-e-deputetit-bardhit\/","og_locale":"en_US","og_type":"article","og_title":"Nik Gjeloshaj nuk jep mandatin e deputetit Bardhit - Lajme nga Ulqini","og_description":"Burime nga Koalicioni Shqiptar (PD, ASh, LDn\u00ebMZ) pohojn\u00eb se sipas marr\u00ebveshjes s\u00eb koalicionit, Bardhit i takon gjysma e buxhetit q\u00eb merr koalicioni,","og_url":"https:\/\/www.visit-ulcinj.com\/blog\/2014\/11\/07\/nik-gjeloshaj-nuk-jep-mandatin-e-deputetit-bardhit\/","og_site_name":"Lajme nga Ulqini","article_published_time":"2014-11-07T16:43:40+00:00","og_image":[{"url":"http:\/\/www.visit-ulcinj.com\/blog\/wp-content\/uploads\/2014\/11\/Alternativa-Shqiptare-Partia-Demokratike-Lidhja-Demokratike-Nik-Gjeloshaj.jpg"}],"twitter_misc":{"Written by":"ulqini","Est. reading time":"1 minute"},"schema":{"@context":"https:\/\/schema.org","@graph":[{"@type":"WebSite","@id":"https:\/\/www.visit-ulcinj.com\/blog\/#website","url":"https:\/\/www.visit-ulcinj.com\/blog\/","name":"Lajme nga Ulqini","description":"Lajme,Vijesti,Ulqini,Ulqin,Crna Gora,Mali i Zi","potentialAction":[{"@type":"SearchAction","target":{"@type":"EntryPoint","urlTemplate":"https:\/\/www.visit-ulcinj.com\/blog\/?s={search_term_string}"},"query-input":"required name=search_term_string"}],"inLanguage":"en-US"},{"@type":"ImageObject","inLanguage":"en-US","@id":"https:\/\/www.visit-ulcinj.com\/blog\/2014\/11\/07\/nik-gjeloshaj-nuk-jep-mandatin-e-deputetit-bardhit\/#primaryimage","url":"https:\/\/www.visit-ulcinj.com\/blog\/wp-content\/uploads\/2014\/11\/Alternativa-Shqiptare-Partia-Demokratike-Lidhja-Demokratike-Nik-Gjeloshaj.jpg","contentUrl":"https:\/\/www.visit-ulcinj.com\/blog\/wp-content\/uploads\/2014\/11\/Alternativa-Shqiptare-Partia-Demokratike-Lidhja-Demokratike-Nik-Gjeloshaj.jpg","width":480,"height":276},{"@type":"WebPage","@id":"https:\/\/www.visit-ulcinj.com\/blog\/2014\/11\/07\/nik-gjeloshaj-nuk-jep-mandatin-e-deputetit-bardhit\/#webpage","url":"https:\/\/www.visit-ulcinj.com\/blog\/2014\/11\/07\/nik-gjeloshaj-nuk-jep-mandatin-e-deputetit-bardhit\/","name":"Nik Gjeloshaj nuk jep mandatin e deputetit Bardhit - Lajme nga Ulqini","isPartOf":{"@id":"https:\/\/www.visit-ulcinj.com\/blog\/#website"},"primaryImageOfPage":{"@id":"https:\/\/www.visit-ulcinj.com\/blog\/2014\/11\/07\/nik-gjeloshaj-nuk-jep-mandatin-e-deputetit-bardhit\/#primaryimage"},"datePublished":"2014-11-07T16:43:40+00:00","dateModified":"2014-11-07T16:43:40+00:00","author":{"@id":"https:\/\/www.visit-ulcinj.com\/blog\/#\/schema\/person\/dcab619c614d3038751c63bc2aadc06d"},"description":"Burime nga Koalicioni Shqiptar (PD, ASh, LDn\u00ebMZ) pohojn\u00eb se sipas marr\u00ebveshjes s\u00eb koalicionit, Bardhit i takon gjysma e buxhetit q\u00eb merr koalicioni,","breadcrumb":{"@id":"https:\/\/www.visit-ulcinj.com\/blog\/2014\/11\/07\/nik-gjeloshaj-nuk-jep-mandatin-e-deputetit-bardhit\/#breadcrumb"},"inLanguage":"en-US","potentialAction":[{"@type":"ReadAction","target":["https:\/\/www.visit-ulcinj.com\/blog\/2014\/11\/07\/nik-gjeloshaj-nuk-jep-mandatin-e-deputetit-bardhit\/"]}]},{"@type":"BreadcrumbList","@id":"https:\/\/www.visit-ulcinj.com\/blog\/2014\/11\/07\/nik-gjeloshaj-nuk-jep-mandatin-e-deputetit-bardhit\/#breadcrumb","itemListElement":[{"@type":"ListItem","position":1,"name":"Nik Gjeloshaj nuk jep mandatin e deputetit Bardhit"}]},{"@type":"Person","@id":"https:\/\/www.visit-ulcinj.com\/blog\/#\/schema\/person\/dcab619c614d3038751c63bc2aadc06d","name":"ulqini","sameAs":["http:\/\/www.visit-ulcinj.com"],"url":"https:\/\/www.visit-ulcinj.com\/blog\/author\/admin\/"}]}},"jetpack_featured_media_url":"","jetpack_sharing_enabled":true,"jetpack_shortlink":"https:\/\/wp.me\/pe6lTn-mqg","_links":{"self":[{"href":"https:\/\/www.visit-ulcinj.com\/blog\/wp-json\/wp\/v2\/posts\/86196"}],"collection":[{"href":"https:\/\/www.visit-ulcinj.com\/blog\/wp-json\/wp\/v2\/posts"}],"about":[{"href":"https:\/\/www.visit-ulcinj.com\/blog\/wp-json\/wp\/v2\/types\/post"}],"author":[{"embeddable":true,"href":"https:\/\/www.visit-ulcinj.com\/blog\/wp-json\/wp\/v2\/users\/1"}],"replies":[{"embeddable":true,"href":"https:\/\/www.visit-ulcinj.com\/blog\/wp-json\/wp\/v2\/comments?post=86196"}],"version-history":[{"count":1,"href":"https:\/\/www.visit-ulcinj.com\/blog\/wp-json\/wp\/v2\/posts\/86196\/revisions"}],"predecessor-version":[{"id":86198,"href":"https:\/\/www.visit-ulcinj.com\/blog\/wp-json\/wp\/v2\/posts\/86196\/revisions\/86198"}],"wp:attachment":[{"href":"https:\/\/www.visit-ulcinj.com\/blog\/wp-json\/wp\/v2\/media?parent=86196"}],"wp:term":[{"taxonomy":"category","embeddable":true,"href":"https:\/\/www.visit-ulcinj.com\/blog\/wp-json\/wp\/v2\/categories?post=86196"},{"taxonomy":"post_tag","embeddable":true,"href":"https:\/\/www.visit-ulcinj.com\/blog\/wp-json\/wp\/v2\/tags?post=86196"}],"curies":[{"name":"wp","href":"https:\/\/api.w.org\/{rel}","templated":true}]}}