{"id":862,"date":"2008-03-11T12:49:47","date_gmt":"2008-03-11T17:49:47","guid":{"rendered":"http:\/\/www.visit-ulcinj.com\/blog\/2008\/03\/11\/vlada-ove-sedmice-poziva-zainteresovane-investitore-da-ulazu-u-ulcinj\/"},"modified":"2008-11-25T16:26:06","modified_gmt":"2008-11-25T15:26:06","slug":"vlada-ove-sedmice-poziva-zainteresovane-investitore-da-ulazu-u-ulcinj","status":"publish","type":"post","link":"https:\/\/www.visit-ulcinj.com\/blog\/2008\/03\/11\/vlada-ove-sedmice-poziva-zainteresovane-investitore-da-ulazu-u-ulcinj\/","title":{"rendered":"Vlada ove sedmice poziva zainteresovane investitore da ula\u017eu u Ulcinj"},"content":{"rendered":"<p><a title=\"Ulcinj_Dubai\" rel=\"lightbox[pics-1205256902]\" href=\"http:\/\/www.visit-ulcinj.com\/blog\/wp-content\/uploads\/2008\/03\/dubai-big.jpg\"><img loading=\"lazy\" src=\"http:\/\/www.visit-ulcinj.com\/blog\/wp-content\/uploads\/2008\/03\/dubai-big.thumbnail.jpg\" alt=\"Ulcinj_Dubai\" width=\"200\" height=\"166\" align=\"left\" \/><\/a><strong>Ulcinj:Ekskluzivni kompleksi na Velikoj pla\u017ei<\/strong><br \/>\nPODGORICA &#8211; Poziv za izra\u017eavanje interesovanja za realizaciju projekta turisti?ke valorizacije Velike pla\u017ee bi?e objavljen ove sedmice &#8211; najavljeno je ju?e iz nadle\u017ene Tenderske komisije.<br \/>\nNa sastanku Tenderske komisije za valorizaciju Velike pla\u017ee odlu?eno je da ?e izra\u017eavanje interesovanja mo?i da se dostavlja do sredine juna. Cilj poziva, kako je saop\u0161teno, da promovi\u0161e namjeru crnogorske Vlade da valorizuje tu lokaciju i zainteresuje me?unarodne investitore, sa dokazanim finansijskim kapacitetima i iskustvom u projektovanju, gradnji, marketingu i upravljanju ekskluzivnim turisti?kim kompleksima.<br \/>\n&#8211; Namjera Vlade je da se obezbijedi adekvatan i sveobuhvatan razvoj Velike pla\u017ee u jedinstven, multifunkcionalan turisti?ki kompleks visokog nivoa, koji nudi niz aktivnosti za odmor i rekreaciju na na?in koji je konceptualno, estetski, funkcionalno i ekolo\u0161ki u skladu sa prirodnim ljepotama i ekolo\u0161kim bogatstvom ove lokacije &#8211; dodaju iz Vlade.<br \/>\nPotencijalni ponu?a?i se pozivaju da daju kvalifikacije i informacije o finansijskim i operativnim resursima, listu i rezime relevantnih projekata i iskustva koje imaju, opis ?lanova konzorcijuma, op\u0161ti pregled koncepta, kao i obima projekta.<br \/>\n&#8211; Predvi?ena je mogu?nost zakupa Velike pla\u017ee ili pojedina?nih modela, sa obavezom izgradnje ekskluzivnog hotelsko-turisti?kog kompleksa sa svim prate?im sadr\u017eajima i \u0161irokim dijapazonom rekreativnih aktivnosti, sa objektima izgra?enim u skladu sa uslovima lokacije, kojima ?e upravljati dobro poznati me?unarodni turisti?ki operator ili operateri &#8211; navodi se u saop\u0161tenju.<br \/>\nNakon faze izra\u017eavanja interesovanja slijedi podno\u0161enje ponuda i njihova evaluacija tokom koje ?e se od ponu?a?a zahtijevati da ona sadr\u017ei detaljne konceptualne, projektantske i operativne planove, kao i finansijski prijedlog koji treba da uklju?uje predlo\u017eeno trajanje zakupa, iznos zakupnine, strukturu i vremenske rokove. U Tenderskoj komisiji procjenjuju da investicije u taj projekat mogu iznositi preko milijardu eura, kao i da ?e razvoj Velike pla\u017ee imati posebnu ulogu u stalnom privrednom razvoju Crne Gore.<\/p>\n<p>(Mina biznis)<br \/>\n<a title=\"Gani Resulbegu\" rel=\"lightbox[pics-1205256902]\" href=\"http:\/\/www.visit-ulcinj.com\/blog\/wp-content\/uploads\/2008\/03\/gani-rasulbegu.jpg\"><img loading=\"lazy\" src=\"http:\/\/www.visit-ulcinj.com\/blog\/wp-content\/uploads\/2008\/03\/gani-rasulbegu.thumbnail.jpg\" alt=\"Gani Resulbegu\" width=\"150\" height=\"200\" align=\"left\" \/><\/a><strong>Ulcinjani protiv vi\u0161espratnica<\/strong><br \/>\nTuristi?ki poslenici i nevladine organizacije (NVO) iz Ulcinja protive se najavi raspisivanja tendera za zakup Velike pla\u017ee jer strahuju da ?e budu?i zakupci na njoj graditi vi\u0161espratnice. Grupa predstavnika NVO i turisti?kih radnika iz Ulcinja upozorili su Vladu da mora da bude oprezna prilikom odre?ivanja sudbine Velike pla\u017ee. Oni su za Slobodnu Evropu rekli da odabir projekta za Veliku pla\u017eu zahtijeva \u201cmaksimalno odgovoran odnos\u201d, uz upozorenje da se \u201cnipo\u0161to ne bi smjela dozvoliti izgradnja objekata visoke spratnosti\u201d.Vlasnik kraljevskih apartmana u ulcinjskom Starom gradu, Gani Resulbegovi?, rekao je da Velikoj pla\u017ei ne trebaju soliteri i da je dovoljno prostrana za izgradnju smje\u0161tajnih kapaciteta i ostalih sadr\u017eaja neophodnih za razvoj modernog turizma. &#8211; Nijesam pristalica visokih solitera, jer smatram da sam pojam Velike pla\u017ee daje prostora za dovoljan broj smje\u0161tajnih kapaciteta &#8211; rekao je Resulbegovi?. Borac za za\u0161titu \u017eivotne sredine Ismet Karamanaga protivi se gradnji visokih zgrada na Velikoj pla\u017ei i navodi da su i planeri Palme de Majorke za\u017ealili zbog gradnje vi\u0161espratnica u tom mondenskom ljetovali\u0161tu.<\/p>\n","protected":false},"excerpt":{"rendered":"<p><img loading=\"lazy\" src=\"http:\/\/www.visit-ulcinj.com\/blog\/wp-content\/uploads\/2008\/03\/dubai-big.thumbnail.jpg\" alt=\"Ulcinj_Dubai\" align=\"left\" height=\"140\" width=\"140\" \/><\/p>\n","protected":false},"author":1,"featured_media":0,"comment_status":"open","ping_status":"closed","sticky":false,"template":"","format":"standard","meta":{"spay_email":"","jetpack_publicize_message":"","jetpack_is_tweetstorm":false,"jetpack_publicize_feature_enabled":true},"categories":[15],"tags":[172,306,19,2159],"jetpack_publicize_connections":[],"yoast_head":"<!-- This site is optimized with the Yoast SEO plugin v19.1 - https:\/\/yoast.com\/wordpress\/plugins\/seo\/ -->\n<title>Vlada ove sedmice poziva zainteresovane investitore da ula\u017eu u Ulcinj - Lajme nga Ulqini<\/title>\n<meta name=\"robots\" content=\"index, follow, max-snippet:-1, max-image-preview:large, max-video-preview:-1\" \/>\n<link rel=\"canonical\" href=\"https:\/\/www.visit-ulcinj.com\/blog\/2008\/03\/11\/vlada-ove-sedmice-poziva-zainteresovane-investitore-da-ulazu-u-ulcinj\/\" \/>\n<meta property=\"og:locale\" content=\"en_US\" \/>\n<meta property=\"og:type\" content=\"article\" \/>\n<meta property=\"og:title\" content=\"Vlada ove sedmice poziva zainteresovane investitore da ula\u017eu u Ulcinj - Lajme nga Ulqini\" \/>\n<meta property=\"og:url\" content=\"https:\/\/www.visit-ulcinj.com\/blog\/2008\/03\/11\/vlada-ove-sedmice-poziva-zainteresovane-investitore-da-ulazu-u-ulcinj\/\" \/>\n<meta property=\"og:site_name\" content=\"Lajme nga Ulqini\" \/>\n<meta property=\"article:published_time\" content=\"2008-03-11T17:49:47+00:00\" \/>\n<meta property=\"article:modified_time\" content=\"2008-11-25T15:26:06+00:00\" \/>\n<meta property=\"og:image\" content=\"http:\/\/www.visit-ulcinj.com\/blog\/wp-content\/uploads\/2008\/03\/dubai-big.thumbnail.jpg\" \/>\n<meta name=\"twitter:label1\" content=\"Written by\" \/>\n\t<meta name=\"twitter:data1\" content=\"ulqini\" \/>\n\t<meta name=\"twitter:label2\" content=\"Est. reading time\" \/>\n\t<meta name=\"twitter:data2\" content=\"3 minutes\" \/>\n<script type=\"application\/ld+json\" class=\"yoast-schema-graph\">{\"@context\":\"https:\/\/schema.org\",\"@graph\":[{\"@type\":\"WebSite\",\"@id\":\"https:\/\/www.visit-ulcinj.com\/blog\/#website\",\"url\":\"https:\/\/www.visit-ulcinj.com\/blog\/\",\"name\":\"Lajme nga Ulqini\",\"description\":\"Lajme,Vijesti,Ulqini,Ulqin,Crna Gora,Mali i Zi\",\"potentialAction\":[{\"@type\":\"SearchAction\",\"target\":{\"@type\":\"EntryPoint\",\"urlTemplate\":\"https:\/\/www.visit-ulcinj.com\/blog\/?s={search_term_string}\"},\"query-input\":\"required name=search_term_string\"}],\"inLanguage\":\"en-US\"},{\"@type\":\"ImageObject\",\"inLanguage\":\"en-US\",\"@id\":\"https:\/\/www.visit-ulcinj.com\/blog\/2008\/03\/11\/vlada-ove-sedmice-poziva-zainteresovane-investitore-da-ulazu-u-ulcinj\/#primaryimage\",\"url\":\"http:\/\/www.visit-ulcinj.com\/blog\/wp-content\/uploads\/2008\/03\/dubai-big.thumbnail.jpg\",\"contentUrl\":\"http:\/\/www.visit-ulcinj.com\/blog\/wp-content\/uploads\/2008\/03\/dubai-big.thumbnail.jpg\"},{\"@type\":\"WebPage\",\"@id\":\"https:\/\/www.visit-ulcinj.com\/blog\/2008\/03\/11\/vlada-ove-sedmice-poziva-zainteresovane-investitore-da-ulazu-u-ulcinj\/#webpage\",\"url\":\"https:\/\/www.visit-ulcinj.com\/blog\/2008\/03\/11\/vlada-ove-sedmice-poziva-zainteresovane-investitore-da-ulazu-u-ulcinj\/\",\"name\":\"Vlada ove sedmice poziva zainteresovane investitore da ula\u017eu u Ulcinj - Lajme nga Ulqini\",\"isPartOf\":{\"@id\":\"https:\/\/www.visit-ulcinj.com\/blog\/#website\"},\"primaryImageOfPage\":{\"@id\":\"https:\/\/www.visit-ulcinj.com\/blog\/2008\/03\/11\/vlada-ove-sedmice-poziva-zainteresovane-investitore-da-ulazu-u-ulcinj\/#primaryimage\"},\"datePublished\":\"2008-03-11T17:49:47+00:00\",\"dateModified\":\"2008-11-25T15:26:06+00:00\",\"author\":{\"@id\":\"https:\/\/www.visit-ulcinj.com\/blog\/#\/schema\/person\/dcab619c614d3038751c63bc2aadc06d\"},\"breadcrumb\":{\"@id\":\"https:\/\/www.visit-ulcinj.com\/blog\/2008\/03\/11\/vlada-ove-sedmice-poziva-zainteresovane-investitore-da-ulazu-u-ulcinj\/#breadcrumb\"},\"inLanguage\":\"en-US\",\"potentialAction\":[{\"@type\":\"ReadAction\",\"target\":[\"https:\/\/www.visit-ulcinj.com\/blog\/2008\/03\/11\/vlada-ove-sedmice-poziva-zainteresovane-investitore-da-ulazu-u-ulcinj\/\"]}]},{\"@type\":\"BreadcrumbList\",\"@id\":\"https:\/\/www.visit-ulcinj.com\/blog\/2008\/03\/11\/vlada-ove-sedmice-poziva-zainteresovane-investitore-da-ulazu-u-ulcinj\/#breadcrumb\",\"itemListElement\":[{\"@type\":\"ListItem\",\"position\":1,\"name\":\"Vlada ove sedmice poziva zainteresovane investitore da ula\u017eu u Ulcinj\"}]},{\"@type\":\"Person\",\"@id\":\"https:\/\/www.visit-ulcinj.com\/blog\/#\/schema\/person\/dcab619c614d3038751c63bc2aadc06d\",\"name\":\"ulqini\",\"sameAs\":[\"http:\/\/www.visit-ulcinj.com\"],\"url\":\"https:\/\/www.visit-ulcinj.com\/blog\/author\/admin\/\"}]}<\/script>\n<!-- \/ Yoast SEO plugin. -->","yoast_head_json":{"title":"Vlada ove sedmice poziva zainteresovane investitore da ula\u017eu u Ulcinj - Lajme nga Ulqini","robots":{"index":"index","follow":"follow","max-snippet":"max-snippet:-1","max-image-preview":"max-image-preview:large","max-video-preview":"max-video-preview:-1"},"canonical":"https:\/\/www.visit-ulcinj.com\/blog\/2008\/03\/11\/vlada-ove-sedmice-poziva-zainteresovane-investitore-da-ulazu-u-ulcinj\/","og_locale":"en_US","og_type":"article","og_title":"Vlada ove sedmice poziva zainteresovane investitore da ula\u017eu u Ulcinj - Lajme nga Ulqini","og_url":"https:\/\/www.visit-ulcinj.com\/blog\/2008\/03\/11\/vlada-ove-sedmice-poziva-zainteresovane-investitore-da-ulazu-u-ulcinj\/","og_site_name":"Lajme nga Ulqini","article_published_time":"2008-03-11T17:49:47+00:00","article_modified_time":"2008-11-25T15:26:06+00:00","og_image":[{"url":"http:\/\/www.visit-ulcinj.com\/blog\/wp-content\/uploads\/2008\/03\/dubai-big.thumbnail.jpg"}],"twitter_misc":{"Written by":"ulqini","Est. reading time":"3 minutes"},"schema":{"@context":"https:\/\/schema.org","@graph":[{"@type":"WebSite","@id":"https:\/\/www.visit-ulcinj.com\/blog\/#website","url":"https:\/\/www.visit-ulcinj.com\/blog\/","name":"Lajme nga Ulqini","description":"Lajme,Vijesti,Ulqini,Ulqin,Crna Gora,Mali i Zi","potentialAction":[{"@type":"SearchAction","target":{"@type":"EntryPoint","urlTemplate":"https:\/\/www.visit-ulcinj.com\/blog\/?s={search_term_string}"},"query-input":"required name=search_term_string"}],"inLanguage":"en-US"},{"@type":"ImageObject","inLanguage":"en-US","@id":"https:\/\/www.visit-ulcinj.com\/blog\/2008\/03\/11\/vlada-ove-sedmice-poziva-zainteresovane-investitore-da-ulazu-u-ulcinj\/#primaryimage","url":"http:\/\/www.visit-ulcinj.com\/blog\/wp-content\/uploads\/2008\/03\/dubai-big.thumbnail.jpg","contentUrl":"http:\/\/www.visit-ulcinj.com\/blog\/wp-content\/uploads\/2008\/03\/dubai-big.thumbnail.jpg"},{"@type":"WebPage","@id":"https:\/\/www.visit-ulcinj.com\/blog\/2008\/03\/11\/vlada-ove-sedmice-poziva-zainteresovane-investitore-da-ulazu-u-ulcinj\/#webpage","url":"https:\/\/www.visit-ulcinj.com\/blog\/2008\/03\/11\/vlada-ove-sedmice-poziva-zainteresovane-investitore-da-ulazu-u-ulcinj\/","name":"Vlada ove sedmice poziva zainteresovane investitore da ula\u017eu u Ulcinj - Lajme nga Ulqini","isPartOf":{"@id":"https:\/\/www.visit-ulcinj.com\/blog\/#website"},"primaryImageOfPage":{"@id":"https:\/\/www.visit-ulcinj.com\/blog\/2008\/03\/11\/vlada-ove-sedmice-poziva-zainteresovane-investitore-da-ulazu-u-ulcinj\/#primaryimage"},"datePublished":"2008-03-11T17:49:47+00:00","dateModified":"2008-11-25T15:26:06+00:00","author":{"@id":"https:\/\/www.visit-ulcinj.com\/blog\/#\/schema\/person\/dcab619c614d3038751c63bc2aadc06d"},"breadcrumb":{"@id":"https:\/\/www.visit-ulcinj.com\/blog\/2008\/03\/11\/vlada-ove-sedmice-poziva-zainteresovane-investitore-da-ulazu-u-ulcinj\/#breadcrumb"},"inLanguage":"en-US","potentialAction":[{"@type":"ReadAction","target":["https:\/\/www.visit-ulcinj.com\/blog\/2008\/03\/11\/vlada-ove-sedmice-poziva-zainteresovane-investitore-da-ulazu-u-ulcinj\/"]}]},{"@type":"BreadcrumbList","@id":"https:\/\/www.visit-ulcinj.com\/blog\/2008\/03\/11\/vlada-ove-sedmice-poziva-zainteresovane-investitore-da-ulazu-u-ulcinj\/#breadcrumb","itemListElement":[{"@type":"ListItem","position":1,"name":"Vlada ove sedmice poziva zainteresovane investitore da ula\u017eu u Ulcinj"}]},{"@type":"Person","@id":"https:\/\/www.visit-ulcinj.com\/blog\/#\/schema\/person\/dcab619c614d3038751c63bc2aadc06d","name":"ulqini","sameAs":["http:\/\/www.visit-ulcinj.com"],"url":"https:\/\/www.visit-ulcinj.com\/blog\/author\/admin\/"}]}},"jetpack_featured_media_url":"","jetpack_sharing_enabled":true,"jetpack_shortlink":"https:\/\/wp.me\/pe6lTn-dU","_links":{"self":[{"href":"https:\/\/www.visit-ulcinj.com\/blog\/wp-json\/wp\/v2\/posts\/862"}],"collection":[{"href":"https:\/\/www.visit-ulcinj.com\/blog\/wp-json\/wp\/v2\/posts"}],"about":[{"href":"https:\/\/www.visit-ulcinj.com\/blog\/wp-json\/wp\/v2\/types\/post"}],"author":[{"embeddable":true,"href":"https:\/\/www.visit-ulcinj.com\/blog\/wp-json\/wp\/v2\/users\/1"}],"replies":[{"embeddable":true,"href":"https:\/\/www.visit-ulcinj.com\/blog\/wp-json\/wp\/v2\/comments?post=862"}],"version-history":[{"count":0,"href":"https:\/\/www.visit-ulcinj.com\/blog\/wp-json\/wp\/v2\/posts\/862\/revisions"}],"wp:attachment":[{"href":"https:\/\/www.visit-ulcinj.com\/blog\/wp-json\/wp\/v2\/media?parent=862"}],"wp:term":[{"taxonomy":"category","embeddable":true,"href":"https:\/\/www.visit-ulcinj.com\/blog\/wp-json\/wp\/v2\/categories?post=862"},{"taxonomy":"post_tag","embeddable":true,"href":"https:\/\/www.visit-ulcinj.com\/blog\/wp-json\/wp\/v2\/tags?post=862"}],"curies":[{"name":"wp","href":"https:\/\/api.w.org\/{rel}","templated":true}]}}