{"id":86202,"date":"2014-11-07T18:00:51","date_gmt":"2014-11-07T17:00:51","guid":{"rendered":"http:\/\/www.visit-ulcinj.com\/blog\/?p=86202"},"modified":"2014-11-07T18:00:51","modified_gmt":"2014-11-07T17:00:51","slug":"nika-deljosaj-ne-da-mjesto-bardhiju","status":"publish","type":"post","link":"https:\/\/www.visit-ulcinj.com\/blog\/2014\/11\/07\/nika-deljosaj-ne-da-mjesto-bardhiju\/","title":{"rendered":"Nika \u0110eljo\u0161aj ne da mjesto Bardhiju"},"content":{"rendered":"<p><a href=\"http:\/\/www.visit-ulcinj.com\/blog\/wp-content\/uploads\/2014\/11\/Alternativa-Shqiptare-Partia-Demokratike-Lidhja-Demokratike-Nik-Gjeloshaj.jpg\"><img loading=\"lazy\" class=\"alignleft wp-image-86197\" src=\"http:\/\/www.visit-ulcinj.com\/blog\/wp-content\/uploads\/2014\/11\/Alternativa-Shqiptare-Partia-Demokratike-Lidhja-Demokratike-Nik-Gjeloshaj.jpg\" alt=\"Alternativa Shqiptare - Partia Demokratike -Lidhja Demokratike -Nik-Gjeloshaj\" width=\"508\" height=\"292\" srcset=\"https:\/\/www.visit-ulcinj.com\/blog\/wp-content\/uploads\/2014\/11\/Alternativa-Shqiptare-Partia-Demokratike-Lidhja-Demokratike-Nik-Gjeloshaj.jpg 480w, https:\/\/www.visit-ulcinj.com\/blog\/wp-content\/uploads\/2014\/11\/Alternativa-Shqiptare-Partia-Demokratike-Lidhja-Demokratike-Nik-Gjeloshaj-300x172.jpg 300w\" sizes=\"(max-width: 508px) 100vw, 508px\" \/><\/a>Poslanik Albanske alternative AA Nik \u0110eljo\u0161aj ne\u0107e ustupiti poslani\u010dko mjesto lideru Demokratskog saveza Mehmetu Bardhiju, jer to nije predvi\u0111eno koalicionim sporazumom, kazao je izvor Vijesti iz Albanske koalicije.<\/p>\n<div class=\"body-text\">\n<p>Bardhi je ranije izjavio da \u0107e u parlamentu zamijeniti \u0110eljo\u0161aja.<\/p>\n<p>Sagovornik Vijesti iz Albanske koalicije tvrdi da prema sporazumu Bardhiju pripada polovina novca koje koalicija dobija iz bud\u017eeta, dok bi AA i Demokratska partija Fatmira Deke dijelile poslani\u010dki mandat.<\/p>\n<p>\u0110eljo\u0161aj nije \u017eelio da komentari\u0161e Bardhijeve tvrdnje.<\/p>\n<p><strong>Izvor: CDM<\/strong><\/p>\n<\/div>\n","protected":false},"excerpt":{"rendered":"<p>Poslanik Albanske alternative AA Nik \u0110eljo\u0161aj ne\u0107e ustupiti poslani\u010dko mjesto lideru Demokratskog saveza Mehmetu Bardhiju, jer to nije predvi\u0111eno koalicionim sporazumom, kazao je izvor Vijesti iz Albanske koalicije. Bardhi je ranije izjavio da \u0107e u parlamentu zamijeniti \u0110eljo\u0161aja. Sagovornik Vijesti iz Albanske koalicije tvrdi da prema sporazumu Bardhiju pripada polovina novca koje koalicija dobija iz [&hellip;]<\/p>\n","protected":false},"author":1,"featured_media":0,"comment_status":"closed","ping_status":"closed","sticky":false,"template":"","format":"standard","meta":{"spay_email":"","jetpack_publicize_message":"","jetpack_is_tweetstorm":false,"jetpack_publicize_feature_enabled":true},"categories":[6950],"tags":[],"jetpack_publicize_connections":[],"yoast_head":"<!-- This site is optimized with the Yoast SEO plugin v19.1 - https:\/\/yoast.com\/wordpress\/plugins\/seo\/ -->\n<title>Nika \u0110eljo\u0161aj ne da mjesto Bardhiju - Lajme nga Ulqini<\/title>\n<meta name=\"description\" content=\"Poslanik Albanske alternative AA Nik \u0110eljo\u0161aj ne\u0107e ustupiti poslani\u010dko mjesto lideru Demokratskog saveza Mehmetu Bardhiju, jer to nije predvi\u0111eno\" \/>\n<meta name=\"robots\" content=\"index, follow, max-snippet:-1, max-image-preview:large, max-video-preview:-1\" \/>\n<link rel=\"canonical\" href=\"https:\/\/www.visit-ulcinj.com\/blog\/2014\/11\/07\/nika-deljosaj-ne-da-mjesto-bardhiju\/\" \/>\n<meta property=\"og:locale\" content=\"en_US\" \/>\n<meta property=\"og:type\" content=\"article\" \/>\n<meta property=\"og:title\" content=\"Nika \u0110eljo\u0161aj ne da mjesto Bardhiju - Lajme nga Ulqini\" \/>\n<meta property=\"og:description\" content=\"Poslanik Albanske alternative AA Nik \u0110eljo\u0161aj ne\u0107e ustupiti poslani\u010dko mjesto lideru Demokratskog saveza Mehmetu Bardhiju, jer to nije predvi\u0111eno\" \/>\n<meta property=\"og:url\" content=\"https:\/\/www.visit-ulcinj.com\/blog\/2014\/11\/07\/nika-deljosaj-ne-da-mjesto-bardhiju\/\" \/>\n<meta property=\"og:site_name\" content=\"Lajme nga Ulqini\" \/>\n<meta property=\"article:published_time\" content=\"2014-11-07T17:00:51+00:00\" \/>\n<meta property=\"og:image\" content=\"http:\/\/www.visit-ulcinj.com\/blog\/wp-content\/uploads\/2014\/11\/Alternativa-Shqiptare-Partia-Demokratike-Lidhja-Demokratike-Nik-Gjeloshaj.jpg\" \/>\n<meta name=\"twitter:label1\" content=\"Written by\" \/>\n\t<meta name=\"twitter:data1\" content=\"ulqini\" \/>\n<script type=\"application\/ld+json\" class=\"yoast-schema-graph\">{\"@context\":\"https:\/\/schema.org\",\"@graph\":[{\"@type\":\"WebSite\",\"@id\":\"https:\/\/www.visit-ulcinj.com\/blog\/#website\",\"url\":\"https:\/\/www.visit-ulcinj.com\/blog\/\",\"name\":\"Lajme nga Ulqini\",\"description\":\"Lajme,Vijesti,Ulqini,Ulqin,Crna Gora,Mali i Zi\",\"potentialAction\":[{\"@type\":\"SearchAction\",\"target\":{\"@type\":\"EntryPoint\",\"urlTemplate\":\"https:\/\/www.visit-ulcinj.com\/blog\/?s={search_term_string}\"},\"query-input\":\"required name=search_term_string\"}],\"inLanguage\":\"en-US\"},{\"@type\":\"ImageObject\",\"inLanguage\":\"en-US\",\"@id\":\"https:\/\/www.visit-ulcinj.com\/blog\/2014\/11\/07\/nika-deljosaj-ne-da-mjesto-bardhiju\/#primaryimage\",\"url\":\"https:\/\/www.visit-ulcinj.com\/blog\/wp-content\/uploads\/2014\/11\/Alternativa-Shqiptare-Partia-Demokratike-Lidhja-Demokratike-Nik-Gjeloshaj.jpg\",\"contentUrl\":\"https:\/\/www.visit-ulcinj.com\/blog\/wp-content\/uploads\/2014\/11\/Alternativa-Shqiptare-Partia-Demokratike-Lidhja-Demokratike-Nik-Gjeloshaj.jpg\",\"width\":480,\"height\":276},{\"@type\":\"WebPage\",\"@id\":\"https:\/\/www.visit-ulcinj.com\/blog\/2014\/11\/07\/nika-deljosaj-ne-da-mjesto-bardhiju\/#webpage\",\"url\":\"https:\/\/www.visit-ulcinj.com\/blog\/2014\/11\/07\/nika-deljosaj-ne-da-mjesto-bardhiju\/\",\"name\":\"Nika \u0110eljo\u0161aj ne da mjesto Bardhiju - Lajme nga Ulqini\",\"isPartOf\":{\"@id\":\"https:\/\/www.visit-ulcinj.com\/blog\/#website\"},\"primaryImageOfPage\":{\"@id\":\"https:\/\/www.visit-ulcinj.com\/blog\/2014\/11\/07\/nika-deljosaj-ne-da-mjesto-bardhiju\/#primaryimage\"},\"datePublished\":\"2014-11-07T17:00:51+00:00\",\"dateModified\":\"2014-11-07T17:00:51+00:00\",\"author\":{\"@id\":\"https:\/\/www.visit-ulcinj.com\/blog\/#\/schema\/person\/dcab619c614d3038751c63bc2aadc06d\"},\"description\":\"Poslanik Albanske alternative AA Nik \u0110eljo\u0161aj ne\u0107e ustupiti poslani\u010dko mjesto lideru Demokratskog saveza Mehmetu Bardhiju, jer to nije predvi\u0111eno\",\"breadcrumb\":{\"@id\":\"https:\/\/www.visit-ulcinj.com\/blog\/2014\/11\/07\/nika-deljosaj-ne-da-mjesto-bardhiju\/#breadcrumb\"},\"inLanguage\":\"en-US\",\"potentialAction\":[{\"@type\":\"ReadAction\",\"target\":[\"https:\/\/www.visit-ulcinj.com\/blog\/2014\/11\/07\/nika-deljosaj-ne-da-mjesto-bardhiju\/\"]}]},{\"@type\":\"BreadcrumbList\",\"@id\":\"https:\/\/www.visit-ulcinj.com\/blog\/2014\/11\/07\/nika-deljosaj-ne-da-mjesto-bardhiju\/#breadcrumb\",\"itemListElement\":[{\"@type\":\"ListItem\",\"position\":1,\"name\":\"Nika \u0110eljo\u0161aj ne da mjesto Bardhiju\"}]},{\"@type\":\"Person\",\"@id\":\"https:\/\/www.visit-ulcinj.com\/blog\/#\/schema\/person\/dcab619c614d3038751c63bc2aadc06d\",\"name\":\"ulqini\",\"sameAs\":[\"http:\/\/www.visit-ulcinj.com\"],\"url\":\"https:\/\/www.visit-ulcinj.com\/blog\/author\/admin\/\"}]}<\/script>\n<!-- \/ Yoast SEO plugin. -->","yoast_head_json":{"title":"Nika \u0110eljo\u0161aj ne da mjesto Bardhiju - Lajme nga Ulqini","description":"Poslanik Albanske alternative AA Nik \u0110eljo\u0161aj ne\u0107e ustupiti poslani\u010dko mjesto lideru Demokratskog saveza Mehmetu Bardhiju, jer to nije predvi\u0111eno","robots":{"index":"index","follow":"follow","max-snippet":"max-snippet:-1","max-image-preview":"max-image-preview:large","max-video-preview":"max-video-preview:-1"},"canonical":"https:\/\/www.visit-ulcinj.com\/blog\/2014\/11\/07\/nika-deljosaj-ne-da-mjesto-bardhiju\/","og_locale":"en_US","og_type":"article","og_title":"Nika \u0110eljo\u0161aj ne da mjesto Bardhiju - Lajme nga Ulqini","og_description":"Poslanik Albanske alternative AA Nik \u0110eljo\u0161aj ne\u0107e ustupiti poslani\u010dko mjesto lideru Demokratskog saveza Mehmetu Bardhiju, jer to nije predvi\u0111eno","og_url":"https:\/\/www.visit-ulcinj.com\/blog\/2014\/11\/07\/nika-deljosaj-ne-da-mjesto-bardhiju\/","og_site_name":"Lajme nga Ulqini","article_published_time":"2014-11-07T17:00:51+00:00","og_image":[{"url":"http:\/\/www.visit-ulcinj.com\/blog\/wp-content\/uploads\/2014\/11\/Alternativa-Shqiptare-Partia-Demokratike-Lidhja-Demokratike-Nik-Gjeloshaj.jpg"}],"twitter_misc":{"Written by":"ulqini"},"schema":{"@context":"https:\/\/schema.org","@graph":[{"@type":"WebSite","@id":"https:\/\/www.visit-ulcinj.com\/blog\/#website","url":"https:\/\/www.visit-ulcinj.com\/blog\/","name":"Lajme nga Ulqini","description":"Lajme,Vijesti,Ulqini,Ulqin,Crna Gora,Mali i Zi","potentialAction":[{"@type":"SearchAction","target":{"@type":"EntryPoint","urlTemplate":"https:\/\/www.visit-ulcinj.com\/blog\/?s={search_term_string}"},"query-input":"required name=search_term_string"}],"inLanguage":"en-US"},{"@type":"ImageObject","inLanguage":"en-US","@id":"https:\/\/www.visit-ulcinj.com\/blog\/2014\/11\/07\/nika-deljosaj-ne-da-mjesto-bardhiju\/#primaryimage","url":"https:\/\/www.visit-ulcinj.com\/blog\/wp-content\/uploads\/2014\/11\/Alternativa-Shqiptare-Partia-Demokratike-Lidhja-Demokratike-Nik-Gjeloshaj.jpg","contentUrl":"https:\/\/www.visit-ulcinj.com\/blog\/wp-content\/uploads\/2014\/11\/Alternativa-Shqiptare-Partia-Demokratike-Lidhja-Demokratike-Nik-Gjeloshaj.jpg","width":480,"height":276},{"@type":"WebPage","@id":"https:\/\/www.visit-ulcinj.com\/blog\/2014\/11\/07\/nika-deljosaj-ne-da-mjesto-bardhiju\/#webpage","url":"https:\/\/www.visit-ulcinj.com\/blog\/2014\/11\/07\/nika-deljosaj-ne-da-mjesto-bardhiju\/","name":"Nika \u0110eljo\u0161aj ne da mjesto Bardhiju - Lajme nga Ulqini","isPartOf":{"@id":"https:\/\/www.visit-ulcinj.com\/blog\/#website"},"primaryImageOfPage":{"@id":"https:\/\/www.visit-ulcinj.com\/blog\/2014\/11\/07\/nika-deljosaj-ne-da-mjesto-bardhiju\/#primaryimage"},"datePublished":"2014-11-07T17:00:51+00:00","dateModified":"2014-11-07T17:00:51+00:00","author":{"@id":"https:\/\/www.visit-ulcinj.com\/blog\/#\/schema\/person\/dcab619c614d3038751c63bc2aadc06d"},"description":"Poslanik Albanske alternative AA Nik \u0110eljo\u0161aj ne\u0107e ustupiti poslani\u010dko mjesto lideru Demokratskog saveza Mehmetu Bardhiju, jer to nije predvi\u0111eno","breadcrumb":{"@id":"https:\/\/www.visit-ulcinj.com\/blog\/2014\/11\/07\/nika-deljosaj-ne-da-mjesto-bardhiju\/#breadcrumb"},"inLanguage":"en-US","potentialAction":[{"@type":"ReadAction","target":["https:\/\/www.visit-ulcinj.com\/blog\/2014\/11\/07\/nika-deljosaj-ne-da-mjesto-bardhiju\/"]}]},{"@type":"BreadcrumbList","@id":"https:\/\/www.visit-ulcinj.com\/blog\/2014\/11\/07\/nika-deljosaj-ne-da-mjesto-bardhiju\/#breadcrumb","itemListElement":[{"@type":"ListItem","position":1,"name":"Nika \u0110eljo\u0161aj ne da mjesto Bardhiju"}]},{"@type":"Person","@id":"https:\/\/www.visit-ulcinj.com\/blog\/#\/schema\/person\/dcab619c614d3038751c63bc2aadc06d","name":"ulqini","sameAs":["http:\/\/www.visit-ulcinj.com"],"url":"https:\/\/www.visit-ulcinj.com\/blog\/author\/admin\/"}]}},"jetpack_featured_media_url":"","jetpack_sharing_enabled":true,"jetpack_shortlink":"https:\/\/wp.me\/pe6lTn-mqm","_links":{"self":[{"href":"https:\/\/www.visit-ulcinj.com\/blog\/wp-json\/wp\/v2\/posts\/86202"}],"collection":[{"href":"https:\/\/www.visit-ulcinj.com\/blog\/wp-json\/wp\/v2\/posts"}],"about":[{"href":"https:\/\/www.visit-ulcinj.com\/blog\/wp-json\/wp\/v2\/types\/post"}],"author":[{"embeddable":true,"href":"https:\/\/www.visit-ulcinj.com\/blog\/wp-json\/wp\/v2\/users\/1"}],"replies":[{"embeddable":true,"href":"https:\/\/www.visit-ulcinj.com\/blog\/wp-json\/wp\/v2\/comments?post=86202"}],"version-history":[{"count":1,"href":"https:\/\/www.visit-ulcinj.com\/blog\/wp-json\/wp\/v2\/posts\/86202\/revisions"}],"predecessor-version":[{"id":86203,"href":"https:\/\/www.visit-ulcinj.com\/blog\/wp-json\/wp\/v2\/posts\/86202\/revisions\/86203"}],"wp:attachment":[{"href":"https:\/\/www.visit-ulcinj.com\/blog\/wp-json\/wp\/v2\/media?parent=86202"}],"wp:term":[{"taxonomy":"category","embeddable":true,"href":"https:\/\/www.visit-ulcinj.com\/blog\/wp-json\/wp\/v2\/categories?post=86202"},{"taxonomy":"post_tag","embeddable":true,"href":"https:\/\/www.visit-ulcinj.com\/blog\/wp-json\/wp\/v2\/tags?post=86202"}],"curies":[{"name":"wp","href":"https:\/\/api.w.org\/{rel}","templated":true}]}}