{"id":86239,"date":"2014-11-08T20:38:40","date_gmt":"2014-11-08T19:38:40","guid":{"rendered":"http:\/\/www.visit-ulcinj.com\/blog\/?p=86239"},"modified":"2014-11-08T20:38:50","modified_gmt":"2014-11-08T19:38:50","slug":"veliki-ulov-ribe-u-ulcinju-oko-dvije-tone-ribe","status":"publish","type":"post","link":"https:\/\/www.visit-ulcinj.com\/blog\/2014\/11\/08\/veliki-ulov-ribe-u-ulcinju-oko-dvije-tone-ribe\/","title":{"rendered":"Veliki ulov ribe u Ulcinju oko dvije tone ribe + Foto"},"content":{"rendered":"<p><a href=\"http:\/\/www.visit-ulcinj.com\/blog\/wp-content\/uploads\/2014\/11\/Peshkataret-ulqinak-thyen-rekordin-e-peshkimit-.jpg\"><img loading=\"lazy\" class=\"alignleft wp-image-86211\" src=\"http:\/\/www.visit-ulcinj.com\/blog\/wp-content\/uploads\/2014\/11\/Peshkataret-ulqinak-thyen-rekordin-e-peshkimit-.jpg\" alt=\"Peshkataret ulqinak thyen rekordin e peshkimit -\" width=\"508\" height=\"381\" srcset=\"https:\/\/www.visit-ulcinj.com\/blog\/wp-content\/uploads\/2014\/11\/Peshkataret-ulqinak-thyen-rekordin-e-peshkimit-.jpg 960w, https:\/\/www.visit-ulcinj.com\/blog\/wp-content\/uploads\/2014\/11\/Peshkataret-ulqinak-thyen-rekordin-e-peshkimit--300x225.jpg 300w\" sizes=\"(max-width: 508px) 100vw, 508px\" \/><\/a>VI\u0160E OD 2000 kg ribe, skakavice su Halit Bushati, njegov brat Naser, Sabo i Emir Vogli\u0107i, ulovili danas poslije podne, nedaleko od poluostrva Suke, mjesta gdje je nekad bio hotel &#8220;Jadran&#8221;. Bilo je veliko more, veliki, ali rijetki talasi, tzv. &#8220;snje\u017eno more&#8221;, no, oni su rizikovali i sa dvije male barke opkolili su ogromnu masu ribe. Brzo se pro\u010dulo i za tren je Velika skela bila puna ljudi i znati\u017eeljnika. Naravno, pdmah je po\u010dela i prodaja. Ja se ne sje\u0107am da je ikada ulovljeno ovoliko ribe, no, jedan od najstarijih gra\u0111ana Ulcinja, g. Pavle \u0110uri\u0107, koji ima ve\u0107 91. godinu, ka\u017ee, da je i ranije bilo sli\u010dnog ulova. A njemu treba vjerovati, jer je iako ve\u0107 u 10 deceniji, vedar, bistar, mladolik i me\u0111u prve se spustio do Pristana&#8230;<\/p>\n<p class=\"_5pbw\" data-ft=\"{&quot;tn&quot;:&quot;C&quot;}\"><strong><span class=\"fcg\"><span class=\"fwb\"><a id=\"js_1h\" class=\"profileLink\" href=\"https:\/\/www.facebook.com\/ismet.karamanaga\" data-ft=\"{&quot;tn&quot;:&quot;l&quot;}\" data-hovercard=\"\/ajax\/hovercard\/user.php?id=1359492972\">Ismet Karamanaga Facebook<\/a><\/span><\/span><\/strong><\/p>\n<p class=\"_5pbw\" data-ft=\"{&quot;tn&quot;:&quot;C&quot;}\"><a href=\"http:\/\/www.visit-ulcinj.com\/blog\/wp-content\/uploads\/2014\/11\/Peshkataret-ulqinak-thyen-rekordin-e-peshkimit-01.jpg\"><img loading=\"lazy\" class=\"alignleft wp-image-86212\" src=\"http:\/\/www.visit-ulcinj.com\/blog\/wp-content\/uploads\/2014\/11\/Peshkataret-ulqinak-thyen-rekordin-e-peshkimit-01.jpg\" alt=\"Peshkataret ulqinak thyen rekordin e peshkimit-01\" width=\"508\" height=\"381\" srcset=\"https:\/\/www.visit-ulcinj.com\/blog\/wp-content\/uploads\/2014\/11\/Peshkataret-ulqinak-thyen-rekordin-e-peshkimit-01.jpg 960w, https:\/\/www.visit-ulcinj.com\/blog\/wp-content\/uploads\/2014\/11\/Peshkataret-ulqinak-thyen-rekordin-e-peshkimit-01-300x225.jpg 300w\" sizes=\"(max-width: 508px) 100vw, 508px\" \/><\/a><\/p>\n<p class=\"_5pbw\" data-ft=\"{&quot;tn&quot;:&quot;C&quot;}\"><strong>Evo i napis Portala sa Ulcinja &#8211; Ul.info<\/strong><\/p>\n<p class=\"post-title entry-title\"><strong>Ribari u Ulcinju presrecni: BARKE POTONULE OD TEZINE ULOVA<\/strong><\/p>\n<p>Tradicija se potvr\u0111uje u Ulcinju i ove godine: kada ne rode masline, onda se lovi dosta ribe.<\/p>\n<p>I zaista: tokom ove jeseni i u moru i u Bojani ulovljeno je veoma mnogo kvalitetne ribe, uglavnom skakavice.<\/p>\n<p>No, rekord je svakako postignut u subotu. Procjenjuje se da je ulovljeno oko dvije tone ribe, pa je bio pravi praznik na Pristanu. Barke kojima je ulov dopremljen u lu\u010dicu Kacemu su gotovo potonule.<\/p>\n<p>Nema ku\u0107e u Ulcinju koja ove jeseni nije jela ribu. A i cijena je povoljna: tri kilograma prodaju se za deset eura.<\/p>\n\n\t\t<style type=\"text\/css\">\n\t\t\t#gallery-1 {\n\t\t\t\tmargin: auto;\n\t\t\t}\n\t\t\t#gallery-1 .gallery-item {\n\t\t\t\tfloat: left;\n\t\t\t\tmargin-top: 10px;\n\t\t\t\ttext-align: center;\n\t\t\t\twidth: 33%;\n\t\t\t}\n\t\t\t#gallery-1 img {\n\t\t\t\tborder: 2px solid #cfcfcf;\n\t\t\t}\n\t\t\t#gallery-1 .gallery-caption {\n\t\t\t\tmargin-left: 0;\n\t\t\t}\n\t\t\t\/* see gallery_shortcode() in wp-includes\/media.php *\/\n\t\t<\/style>\n\t\t<div id='gallery-1' class='gallery galleryid-86239 gallery-columns-3 gallery-size-thumbnail'><dl class='gallery-item'>\n\t\t\t<dt class='gallery-icon landscape'>\n\t\t\t\t<a href='https:\/\/www.visit-ulcinj.com\/blog\/2014\/11\/08\/peshkataret-ulqinak-thyen-rekordin-e-peshkimit-kapin-dy-tone-peshk-foto\/peshkataret-ulqinak-thyen-rekordin-e-peshkimit-25\/'><img width=\"150\" height=\"150\" src=\"https:\/\/www.visit-ulcinj.com\/blog\/wp-content\/uploads\/2014\/11\/Peshkataret-ulqinak-thyen-rekordin-e-peshkimit-25-150x150.jpg\" class=\"attachment-thumbnail size-thumbnail\" alt=\"\" loading=\"lazy\" \/><\/a>\n\t\t\t<\/dt><\/dl><dl class='gallery-item'>\n\t\t\t<dt class='gallery-icon landscape'>\n\t\t\t\t<a href='https:\/\/www.visit-ulcinj.com\/blog\/2014\/11\/08\/peshkataret-ulqinak-thyen-rekordin-e-peshkimit-kapin-dy-tone-peshk-foto\/peshkataret-ulqinak-thyen-rekordin-e-peshkimit-24\/'><img width=\"150\" height=\"150\" src=\"https:\/\/www.visit-ulcinj.com\/blog\/wp-content\/uploads\/2014\/11\/Peshkataret-ulqinak-thyen-rekordin-e-peshkimit-24-150x150.jpg\" class=\"attachment-thumbnail size-thumbnail\" alt=\"\" loading=\"lazy\" \/><\/a>\n\t\t\t<\/dt><\/dl><dl class='gallery-item'>\n\t\t\t<dt class='gallery-icon portrait'>\n\t\t\t\t<a href='https:\/\/www.visit-ulcinj.com\/blog\/2014\/11\/08\/peshkataret-ulqinak-thyen-rekordin-e-peshkimit-kapin-dy-tone-peshk-foto\/peshkataret-ulqinak-thyen-rekordin-e-peshkimit-22\/'><img width=\"150\" height=\"150\" src=\"https:\/\/www.visit-ulcinj.com\/blog\/wp-content\/uploads\/2014\/11\/Peshkataret-ulqinak-thyen-rekordin-e-peshkimit-22-150x150.jpg\" class=\"attachment-thumbnail size-thumbnail\" alt=\"\" loading=\"lazy\" \/><\/a>\n\t\t\t<\/dt><\/dl><br style=\"clear: both\" \/><dl class='gallery-item'>\n\t\t\t<dt class='gallery-icon landscape'>\n\t\t\t\t<a href='https:\/\/www.visit-ulcinj.com\/blog\/2014\/11\/08\/peshkataret-ulqinak-thyen-rekordin-e-peshkimit-kapin-dy-tone-peshk-foto\/peshkataret-ulqinak-thyen-rekordin-e-peshkimit-23\/'><img width=\"150\" height=\"150\" src=\"https:\/\/www.visit-ulcinj.com\/blog\/wp-content\/uploads\/2014\/11\/Peshkataret-ulqinak-thyen-rekordin-e-peshkimit-23-150x150.jpg\" class=\"attachment-thumbnail size-thumbnail\" alt=\"\" loading=\"lazy\" \/><\/a>\n\t\t\t<\/dt><\/dl><dl class='gallery-item'>\n\t\t\t<dt class='gallery-icon portrait'>\n\t\t\t\t<a href='https:\/\/www.visit-ulcinj.com\/blog\/2014\/11\/08\/peshkataret-ulqinak-thyen-rekordin-e-peshkimit-kapin-dy-tone-peshk-foto\/peshkataret-ulqinak-thyen-rekordin-e-peshkimit-21\/'><img width=\"150\" height=\"150\" src=\"https:\/\/www.visit-ulcinj.com\/blog\/wp-content\/uploads\/2014\/11\/Peshkataret-ulqinak-thyen-rekordin-e-peshkimit-21-150x150.jpg\" class=\"attachment-thumbnail size-thumbnail\" alt=\"\" loading=\"lazy\" \/><\/a>\n\t\t\t<\/dt><\/dl><dl class='gallery-item'>\n\t\t\t<dt class='gallery-icon landscape'>\n\t\t\t\t<a href='https:\/\/www.visit-ulcinj.com\/blog\/2014\/11\/08\/peshkataret-ulqinak-thyen-rekordin-e-peshkimit-kapin-dy-tone-peshk-foto\/peshkataret-ulqinak-thyen-rekordin-e-peshkimit-19\/'><img width=\"150\" height=\"150\" src=\"https:\/\/www.visit-ulcinj.com\/blog\/wp-content\/uploads\/2014\/11\/Peshkataret-ulqinak-thyen-rekordin-e-peshkimit-19-150x150.jpg\" class=\"attachment-thumbnail size-thumbnail\" alt=\"\" loading=\"lazy\" \/><\/a>\n\t\t\t<\/dt><\/dl><br style=\"clear: both\" \/><dl class='gallery-item'>\n\t\t\t<dt class='gallery-icon landscape'>\n\t\t\t\t<a href='https:\/\/www.visit-ulcinj.com\/blog\/2014\/11\/08\/peshkataret-ulqinak-thyen-rekordin-e-peshkimit-kapin-dy-tone-peshk-foto\/peshkataret-ulqinak-thyen-rekordin-e-peshkimit-18\/'><img width=\"150\" height=\"150\" src=\"https:\/\/www.visit-ulcinj.com\/blog\/wp-content\/uploads\/2014\/11\/Peshkataret-ulqinak-thyen-rekordin-e-peshkimit-18-150x150.jpg\" class=\"attachment-thumbnail size-thumbnail\" alt=\"\" loading=\"lazy\" \/><\/a>\n\t\t\t<\/dt><\/dl><dl class='gallery-item'>\n\t\t\t<dt class='gallery-icon landscape'>\n\t\t\t\t<a href='https:\/\/www.visit-ulcinj.com\/blog\/2014\/11\/08\/peshkataret-ulqinak-thyen-rekordin-e-peshkimit-kapin-dy-tone-peshk-foto\/peshkataret-ulqinak-thyen-rekordin-e-peshkimit-16\/'><img width=\"150\" height=\"150\" src=\"https:\/\/www.visit-ulcinj.com\/blog\/wp-content\/uploads\/2014\/11\/Peshkataret-ulqinak-thyen-rekordin-e-peshkimit-16-150x150.jpg\" class=\"attachment-thumbnail size-thumbnail\" alt=\"\" loading=\"lazy\" \/><\/a>\n\t\t\t<\/dt><\/dl><dl class='gallery-item'>\n\t\t\t<dt class='gallery-icon landscape'>\n\t\t\t\t<a href='https:\/\/www.visit-ulcinj.com\/blog\/2014\/11\/08\/peshkataret-ulqinak-thyen-rekordin-e-peshkimit-kapin-dy-tone-peshk-foto\/peshkataret-ulqinak-thyen-rekordin-e-peshkimit-17\/'><img width=\"150\" height=\"150\" src=\"https:\/\/www.visit-ulcinj.com\/blog\/wp-content\/uploads\/2014\/11\/Peshkataret-ulqinak-thyen-rekordin-e-peshkimit-17-150x150.jpg\" class=\"attachment-thumbnail size-thumbnail\" alt=\"\" loading=\"lazy\" \/><\/a>\n\t\t\t<\/dt><\/dl><br style=\"clear: both\" \/><dl class='gallery-item'>\n\t\t\t<dt class='gallery-icon landscape'>\n\t\t\t\t<a href='https:\/\/www.visit-ulcinj.com\/blog\/2014\/11\/08\/peshkataret-ulqinak-thyen-rekordin-e-peshkimit-kapin-dy-tone-peshk-foto\/peshkataret-ulqinak-thyen-rekordin-e-peshkimit-14\/'><img width=\"150\" height=\"150\" src=\"https:\/\/www.visit-ulcinj.com\/blog\/wp-content\/uploads\/2014\/11\/Peshkataret-ulqinak-thyen-rekordin-e-peshkimit-14-150x150.jpg\" class=\"attachment-thumbnail size-thumbnail\" alt=\"\" loading=\"lazy\" \/><\/a>\n\t\t\t<\/dt><\/dl><dl class='gallery-item'>\n\t\t\t<dt class='gallery-icon landscape'>\n\t\t\t\t<a href='https:\/\/www.visit-ulcinj.com\/blog\/2014\/11\/08\/peshkataret-ulqinak-thyen-rekordin-e-peshkimit-kapin-dy-tone-peshk-foto\/peshkataret-ulqinak-thyen-rekordin-e-peshkimit-12\/'><img width=\"150\" height=\"150\" src=\"https:\/\/www.visit-ulcinj.com\/blog\/wp-content\/uploads\/2014\/11\/Peshkataret-ulqinak-thyen-rekordin-e-peshkimit-12-150x150.jpg\" class=\"attachment-thumbnail size-thumbnail\" alt=\"\" loading=\"lazy\" \/><\/a>\n\t\t\t<\/dt><\/dl><dl class='gallery-item'>\n\t\t\t<dt class='gallery-icon landscape'>\n\t\t\t\t<a href='https:\/\/www.visit-ulcinj.com\/blog\/2014\/11\/08\/peshkataret-ulqinak-thyen-rekordin-e-peshkimit-kapin-dy-tone-peshk-foto\/peshkataret-ulqinak-thyen-rekordin-e-peshkimit-13\/'><img width=\"150\" height=\"150\" src=\"https:\/\/www.visit-ulcinj.com\/blog\/wp-content\/uploads\/2014\/11\/Peshkataret-ulqinak-thyen-rekordin-e-peshkimit-13-150x150.jpg\" class=\"attachment-thumbnail size-thumbnail\" alt=\"\" loading=\"lazy\" \/><\/a>\n\t\t\t<\/dt><\/dl><br style=\"clear: both\" \/><dl class='gallery-item'>\n\t\t\t<dt class='gallery-icon landscape'>\n\t\t\t\t<a href='https:\/\/www.visit-ulcinj.com\/blog\/2014\/11\/08\/peshkataret-ulqinak-thyen-rekordin-e-peshkimit-kapin-dy-tone-peshk-foto\/peshkataret-ulqinak-thyen-rekordin-e-peshkimit-10\/'><img width=\"150\" height=\"150\" src=\"https:\/\/www.visit-ulcinj.com\/blog\/wp-content\/uploads\/2014\/11\/Peshkataret-ulqinak-thyen-rekordin-e-peshkimit-10-150x150.jpg\" class=\"attachment-thumbnail size-thumbnail\" alt=\"\" loading=\"lazy\" \/><\/a>\n\t\t\t<\/dt><\/dl><dl class='gallery-item'>\n\t\t\t<dt class='gallery-icon landscape'>\n\t\t\t\t<a href='https:\/\/www.visit-ulcinj.com\/blog\/2014\/11\/08\/peshkataret-ulqinak-thyen-rekordin-e-peshkimit-kapin-dy-tone-peshk-foto\/peshkataret-ulqinak-thyen-rekordin-e-peshkimit-11\/'><img width=\"150\" height=\"150\" src=\"https:\/\/www.visit-ulcinj.com\/blog\/wp-content\/uploads\/2014\/11\/Peshkataret-ulqinak-thyen-rekordin-e-peshkimit-11-150x150.jpg\" class=\"attachment-thumbnail size-thumbnail\" alt=\"\" loading=\"lazy\" \/><\/a>\n\t\t\t<\/dt><\/dl><dl class='gallery-item'>\n\t\t\t<dt class='gallery-icon landscape'>\n\t\t\t\t<a href='https:\/\/www.visit-ulcinj.com\/blog\/2014\/11\/08\/peshkataret-ulqinak-thyen-rekordin-e-peshkimit-kapin-dy-tone-peshk-foto\/peshkataret-ulqinak-thyen-rekordin-e-peshkimit-9\/'><img width=\"150\" height=\"150\" src=\"https:\/\/www.visit-ulcinj.com\/blog\/wp-content\/uploads\/2014\/11\/Peshkataret-ulqinak-thyen-rekordin-e-peshkimit-9-150x150.jpg\" class=\"attachment-thumbnail size-thumbnail\" alt=\"\" loading=\"lazy\" \/><\/a>\n\t\t\t<\/dt><\/dl><br style=\"clear: both\" \/><dl class='gallery-item'>\n\t\t\t<dt class='gallery-icon landscape'>\n\t\t\t\t<a href='https:\/\/www.visit-ulcinj.com\/blog\/2014\/11\/08\/peshkataret-ulqinak-thyen-rekordin-e-peshkimit-kapin-dy-tone-peshk-foto\/peshkataret-ulqinak-thyen-rekordin-e-peshkimit-8\/'><img width=\"150\" height=\"150\" src=\"https:\/\/www.visit-ulcinj.com\/blog\/wp-content\/uploads\/2014\/11\/Peshkataret-ulqinak-thyen-rekordin-e-peshkimit-8-150x150.jpg\" class=\"attachment-thumbnail size-thumbnail\" alt=\"\" loading=\"lazy\" \/><\/a>\n\t\t\t<\/dt><\/dl><dl class='gallery-item'>\n\t\t\t<dt class='gallery-icon landscape'>\n\t\t\t\t<a href='https:\/\/www.visit-ulcinj.com\/blog\/2014\/11\/08\/peshkataret-ulqinak-thyen-rekordin-e-peshkimit-kapin-dy-tone-peshk-foto\/peshkataret-ulqinak-thyen-rekordin-e-peshkimit-7\/'><img width=\"150\" height=\"150\" src=\"https:\/\/www.visit-ulcinj.com\/blog\/wp-content\/uploads\/2014\/11\/Peshkataret-ulqinak-thyen-rekordin-e-peshkimit-7-150x150.jpg\" class=\"attachment-thumbnail size-thumbnail\" alt=\"\" loading=\"lazy\" \/><\/a>\n\t\t\t<\/dt><\/dl><dl class='gallery-item'>\n\t\t\t<dt class='gallery-icon landscape'>\n\t\t\t\t<a href='https:\/\/www.visit-ulcinj.com\/blog\/2014\/11\/08\/peshkataret-ulqinak-thyen-rekordin-e-peshkimit-kapin-dy-tone-peshk-foto\/peshkataret-ulqinak-thyen-rekordin-e-peshkimit-6\/'><img width=\"150\" height=\"150\" src=\"https:\/\/www.visit-ulcinj.com\/blog\/wp-content\/uploads\/2014\/11\/Peshkataret-ulqinak-thyen-rekordin-e-peshkimit-6-150x150.jpg\" class=\"attachment-thumbnail size-thumbnail\" alt=\"\" loading=\"lazy\" \/><\/a>\n\t\t\t<\/dt><\/dl><br style=\"clear: both\" \/><dl class='gallery-item'>\n\t\t\t<dt class='gallery-icon landscape'>\n\t\t\t\t<a href='https:\/\/www.visit-ulcinj.com\/blog\/2014\/11\/08\/peshkataret-ulqinak-thyen-rekordin-e-peshkimit-kapin-dy-tone-peshk-foto\/peshkataret-ulqinak-thyen-rekordin-e-peshkimit-5\/'><img width=\"150\" height=\"150\" src=\"https:\/\/www.visit-ulcinj.com\/blog\/wp-content\/uploads\/2014\/11\/Peshkataret-ulqinak-thyen-rekordin-e-peshkimit-5-150x150.jpg\" class=\"attachment-thumbnail size-thumbnail\" alt=\"\" loading=\"lazy\" \/><\/a>\n\t\t\t<\/dt><\/dl><dl class='gallery-item'>\n\t\t\t<dt class='gallery-icon landscape'>\n\t\t\t\t<a href='https:\/\/www.visit-ulcinj.com\/blog\/2014\/11\/08\/peshkataret-ulqinak-thyen-rekordin-e-peshkimit-kapin-dy-tone-peshk-foto\/peshkataret-ulqinak-thyen-rekordin-e-peshkimit-4\/'><img width=\"150\" height=\"150\" src=\"https:\/\/www.visit-ulcinj.com\/blog\/wp-content\/uploads\/2014\/11\/Peshkataret-ulqinak-thyen-rekordin-e-peshkimit-4-150x150.jpg\" class=\"attachment-thumbnail size-thumbnail\" alt=\"\" loading=\"lazy\" \/><\/a>\n\t\t\t<\/dt><\/dl><dl class='gallery-item'>\n\t\t\t<dt class='gallery-icon landscape'>\n\t\t\t\t<a href='https:\/\/www.visit-ulcinj.com\/blog\/2014\/11\/08\/peshkataret-ulqinak-thyen-rekordin-e-peshkimit-kapin-dy-tone-peshk-foto\/peshkataret-ulqinak-thyen-rekordin-e-peshkimit-3\/'><img width=\"150\" height=\"150\" src=\"https:\/\/www.visit-ulcinj.com\/blog\/wp-content\/uploads\/2014\/11\/Peshkataret-ulqinak-thyen-rekordin-e-peshkimit-3-150x150.jpg\" class=\"attachment-thumbnail size-thumbnail\" alt=\"\" loading=\"lazy\" \/><\/a>\n\t\t\t<\/dt><\/dl><br style=\"clear: both\" \/><dl class='gallery-item'>\n\t\t\t<dt class='gallery-icon landscape'>\n\t\t\t\t<a href='https:\/\/www.visit-ulcinj.com\/blog\/2014\/11\/08\/peshkataret-ulqinak-thyen-rekordin-e-peshkimit-kapin-dy-tone-peshk-foto\/peshkataret-ulqinak-thyen-rekordin-e-peshkimit-2-2\/'><img width=\"150\" height=\"150\" src=\"https:\/\/www.visit-ulcinj.com\/blog\/wp-content\/uploads\/2014\/11\/Peshkataret-ulqinak-thyen-rekordin-e-peshkimit-2-150x150.jpg\" class=\"attachment-thumbnail size-thumbnail\" alt=\"\" loading=\"lazy\" \/><\/a>\n\t\t\t<\/dt><\/dl><dl class='gallery-item'>\n\t\t\t<dt class='gallery-icon landscape'>\n\t\t\t\t<a href='https:\/\/www.visit-ulcinj.com\/blog\/2014\/11\/08\/peshkataret-ulqinak-thyen-rekordin-e-peshkimit-kapin-dy-tone-peshk-foto\/peshkataret-ulqinak-thyen-rekordin-e-peshkimit-15\/'><img width=\"150\" height=\"150\" src=\"https:\/\/www.visit-ulcinj.com\/blog\/wp-content\/uploads\/2014\/11\/Peshkataret-ulqinak-thyen-rekordin-e-peshkimit.15-150x150.jpg\" class=\"attachment-thumbnail size-thumbnail\" alt=\"\" loading=\"lazy\" \/><\/a>\n\t\t\t<\/dt><\/dl><dl class='gallery-item'>\n\t\t\t<dt class='gallery-icon landscape'>\n\t\t\t\t<a href='https:\/\/www.visit-ulcinj.com\/blog\/2014\/11\/08\/peshkataret-ulqinak-thyen-rekordin-e-peshkimit-kapin-dy-tone-peshk-foto\/peshkataret-ulqinak-thyen-rekordin-e-peshkimit-1\/'><img width=\"150\" height=\"150\" src=\"https:\/\/www.visit-ulcinj.com\/blog\/wp-content\/uploads\/2014\/11\/Peshkataret-ulqinak-thyen-rekordin-e-peshkimit-1-150x150.jpg\" class=\"attachment-thumbnail size-thumbnail\" alt=\"\" loading=\"lazy\" \/><\/a>\n\t\t\t<\/dt><\/dl><br style=\"clear: both\" \/>\n\t\t<\/div>\n\n","protected":false},"excerpt":{"rendered":"<p>VI\u0160E OD 2000 kg ribe, skakavice su Halit Bushati, njegov brat Naser, Sabo i Emir Vogli\u0107i, ulovili danas poslije podne, nedaleko od poluostrva Suke, mjesta gdje je nekad bio hotel &#8220;Jadran&#8221;. Bilo je veliko more, veliki, ali rijetki talasi, tzv. &#8220;snje\u017eno more&#8221;, no, oni su rizikovali i sa dvije male barke opkolili su ogromnu masu [&hellip;]<\/p>\n","protected":false},"author":1,"featured_media":0,"comment_status":"closed","ping_status":"closed","sticky":false,"template":"","format":"standard","meta":{"spay_email":"","jetpack_publicize_message":"","jetpack_is_tweetstorm":false,"jetpack_publicize_feature_enabled":true},"categories":[8337],"tags":[],"jetpack_publicize_connections":[],"yoast_head":"<!-- This site is optimized with the Yoast SEO plugin v19.1 - https:\/\/yoast.com\/wordpress\/plugins\/seo\/ -->\n<title>Veliki ulov ribe u Ulcinju oko dvije tone ribe + Foto - Lajme nga Ulqini<\/title>\n<meta name=\"description\" content=\"VI\u0160E OD 2000 kg ribe, skakavice su Halit Bushati, njegov brat Naser, Sabo i Emir Vogli\u0107i, ulovili danas poslije podne, nedaleko od poluostrva Suke, mjesta\" \/>\n<meta name=\"robots\" content=\"index, follow, max-snippet:-1, max-image-preview:large, max-video-preview:-1\" \/>\n<link rel=\"canonical\" href=\"https:\/\/www.visit-ulcinj.com\/blog\/2014\/11\/08\/veliki-ulov-ribe-u-ulcinju-oko-dvije-tone-ribe\/\" \/>\n<meta property=\"og:locale\" content=\"en_US\" \/>\n<meta property=\"og:type\" content=\"article\" \/>\n<meta property=\"og:title\" content=\"Veliki ulov ribe u Ulcinju oko dvije tone ribe + Foto - Lajme nga Ulqini\" \/>\n<meta property=\"og:description\" content=\"VI\u0160E OD 2000 kg ribe, skakavice su Halit Bushati, njegov brat Naser, Sabo i Emir Vogli\u0107i, ulovili danas poslije podne, nedaleko od poluostrva Suke, mjesta\" \/>\n<meta property=\"og:url\" content=\"https:\/\/www.visit-ulcinj.com\/blog\/2014\/11\/08\/veliki-ulov-ribe-u-ulcinju-oko-dvije-tone-ribe\/\" \/>\n<meta property=\"og:site_name\" content=\"Lajme nga Ulqini\" \/>\n<meta property=\"article:published_time\" content=\"2014-11-08T19:38:40+00:00\" \/>\n<meta property=\"article:modified_time\" content=\"2014-11-08T19:38:50+00:00\" \/>\n<meta property=\"og:image\" content=\"https:\/\/www.visit-ulcinj.com\/blog\/wp-content\/uploads\/2014\/11\/Peshkataret-ulqinak-thyen-rekordin-e-peshkimit-25-150x150.jpg\" \/>\n<meta name=\"twitter:label1\" content=\"Written by\" \/>\n\t<meta name=\"twitter:data1\" content=\"ulqini\" \/>\n\t<meta name=\"twitter:label2\" content=\"Est. reading time\" \/>\n\t<meta name=\"twitter:data2\" content=\"1 minute\" \/>\n<script type=\"application\/ld+json\" class=\"yoast-schema-graph\">{\"@context\":\"https:\/\/schema.org\",\"@graph\":[{\"@type\":\"WebSite\",\"@id\":\"https:\/\/www.visit-ulcinj.com\/blog\/#website\",\"url\":\"https:\/\/www.visit-ulcinj.com\/blog\/\",\"name\":\"Lajme nga Ulqini\",\"description\":\"Lajme,Vijesti,Ulqini,Ulqin,Crna Gora,Mali i Zi\",\"potentialAction\":[{\"@type\":\"SearchAction\",\"target\":{\"@type\":\"EntryPoint\",\"urlTemplate\":\"https:\/\/www.visit-ulcinj.com\/blog\/?s={search_term_string}\"},\"query-input\":\"required name=search_term_string\"}],\"inLanguage\":\"en-US\"},{\"@type\":\"ImageObject\",\"inLanguage\":\"en-US\",\"@id\":\"https:\/\/www.visit-ulcinj.com\/blog\/2014\/11\/08\/veliki-ulov-ribe-u-ulcinju-oko-dvije-tone-ribe\/#primaryimage\",\"url\":\"https:\/\/www.visit-ulcinj.com\/blog\/wp-content\/uploads\/2014\/11\/Peshkataret-ulqinak-thyen-rekordin-e-peshkimit-.jpg\",\"contentUrl\":\"https:\/\/www.visit-ulcinj.com\/blog\/wp-content\/uploads\/2014\/11\/Peshkataret-ulqinak-thyen-rekordin-e-peshkimit-.jpg\",\"width\":960,\"height\":720},{\"@type\":\"WebPage\",\"@id\":\"https:\/\/www.visit-ulcinj.com\/blog\/2014\/11\/08\/veliki-ulov-ribe-u-ulcinju-oko-dvije-tone-ribe\/#webpage\",\"url\":\"https:\/\/www.visit-ulcinj.com\/blog\/2014\/11\/08\/veliki-ulov-ribe-u-ulcinju-oko-dvije-tone-ribe\/\",\"name\":\"Veliki ulov ribe u Ulcinju oko dvije tone ribe + Foto - Lajme nga Ulqini\",\"isPartOf\":{\"@id\":\"https:\/\/www.visit-ulcinj.com\/blog\/#website\"},\"primaryImageOfPage\":{\"@id\":\"https:\/\/www.visit-ulcinj.com\/blog\/2014\/11\/08\/veliki-ulov-ribe-u-ulcinju-oko-dvije-tone-ribe\/#primaryimage\"},\"datePublished\":\"2014-11-08T19:38:40+00:00\",\"dateModified\":\"2014-11-08T19:38:50+00:00\",\"author\":{\"@id\":\"https:\/\/www.visit-ulcinj.com\/blog\/#\/schema\/person\/dcab619c614d3038751c63bc2aadc06d\"},\"description\":\"VI\u0160E OD 2000 kg ribe, skakavice su Halit Bushati, njegov brat Naser, Sabo i Emir Vogli\u0107i, ulovili danas poslije podne, nedaleko od poluostrva Suke, mjesta\",\"breadcrumb\":{\"@id\":\"https:\/\/www.visit-ulcinj.com\/blog\/2014\/11\/08\/veliki-ulov-ribe-u-ulcinju-oko-dvije-tone-ribe\/#breadcrumb\"},\"inLanguage\":\"en-US\",\"potentialAction\":[{\"@type\":\"ReadAction\",\"target\":[\"https:\/\/www.visit-ulcinj.com\/blog\/2014\/11\/08\/veliki-ulov-ribe-u-ulcinju-oko-dvije-tone-ribe\/\"]}]},{\"@type\":\"BreadcrumbList\",\"@id\":\"https:\/\/www.visit-ulcinj.com\/blog\/2014\/11\/08\/veliki-ulov-ribe-u-ulcinju-oko-dvije-tone-ribe\/#breadcrumb\",\"itemListElement\":[{\"@type\":\"ListItem\",\"position\":1,\"name\":\"Veliki ulov ribe u Ulcinju oko dvije tone ribe + Foto\"}]},{\"@type\":\"Person\",\"@id\":\"https:\/\/www.visit-ulcinj.com\/blog\/#\/schema\/person\/dcab619c614d3038751c63bc2aadc06d\",\"name\":\"ulqini\",\"sameAs\":[\"http:\/\/www.visit-ulcinj.com\"],\"url\":\"https:\/\/www.visit-ulcinj.com\/blog\/author\/admin\/\"}]}<\/script>\n<!-- \/ Yoast SEO plugin. -->","yoast_head_json":{"title":"Veliki ulov ribe u Ulcinju oko dvije tone ribe + Foto - Lajme nga Ulqini","description":"VI\u0160E OD 2000 kg ribe, skakavice su Halit Bushati, njegov brat Naser, Sabo i Emir Vogli\u0107i, ulovili danas poslije podne, nedaleko od poluostrva Suke, mjesta","robots":{"index":"index","follow":"follow","max-snippet":"max-snippet:-1","max-image-preview":"max-image-preview:large","max-video-preview":"max-video-preview:-1"},"canonical":"https:\/\/www.visit-ulcinj.com\/blog\/2014\/11\/08\/veliki-ulov-ribe-u-ulcinju-oko-dvije-tone-ribe\/","og_locale":"en_US","og_type":"article","og_title":"Veliki ulov ribe u Ulcinju oko dvije tone ribe + Foto - Lajme nga Ulqini","og_description":"VI\u0160E OD 2000 kg ribe, skakavice su Halit Bushati, njegov brat Naser, Sabo i Emir Vogli\u0107i, ulovili danas poslije podne, nedaleko od poluostrva Suke, mjesta","og_url":"https:\/\/www.visit-ulcinj.com\/blog\/2014\/11\/08\/veliki-ulov-ribe-u-ulcinju-oko-dvije-tone-ribe\/","og_site_name":"Lajme nga Ulqini","article_published_time":"2014-11-08T19:38:40+00:00","article_modified_time":"2014-11-08T19:38:50+00:00","og_image":[{"url":"https:\/\/www.visit-ulcinj.com\/blog\/wp-content\/uploads\/2014\/11\/Peshkataret-ulqinak-thyen-rekordin-e-peshkimit-25-150x150.jpg"}],"twitter_misc":{"Written by":"ulqini","Est. reading time":"1 minute"},"schema":{"@context":"https:\/\/schema.org","@graph":[{"@type":"WebSite","@id":"https:\/\/www.visit-ulcinj.com\/blog\/#website","url":"https:\/\/www.visit-ulcinj.com\/blog\/","name":"Lajme nga Ulqini","description":"Lajme,Vijesti,Ulqini,Ulqin,Crna Gora,Mali i Zi","potentialAction":[{"@type":"SearchAction","target":{"@type":"EntryPoint","urlTemplate":"https:\/\/www.visit-ulcinj.com\/blog\/?s={search_term_string}"},"query-input":"required name=search_term_string"}],"inLanguage":"en-US"},{"@type":"ImageObject","inLanguage":"en-US","@id":"https:\/\/www.visit-ulcinj.com\/blog\/2014\/11\/08\/veliki-ulov-ribe-u-ulcinju-oko-dvije-tone-ribe\/#primaryimage","url":"https:\/\/www.visit-ulcinj.com\/blog\/wp-content\/uploads\/2014\/11\/Peshkataret-ulqinak-thyen-rekordin-e-peshkimit-.jpg","contentUrl":"https:\/\/www.visit-ulcinj.com\/blog\/wp-content\/uploads\/2014\/11\/Peshkataret-ulqinak-thyen-rekordin-e-peshkimit-.jpg","width":960,"height":720},{"@type":"WebPage","@id":"https:\/\/www.visit-ulcinj.com\/blog\/2014\/11\/08\/veliki-ulov-ribe-u-ulcinju-oko-dvije-tone-ribe\/#webpage","url":"https:\/\/www.visit-ulcinj.com\/blog\/2014\/11\/08\/veliki-ulov-ribe-u-ulcinju-oko-dvije-tone-ribe\/","name":"Veliki ulov ribe u Ulcinju oko dvije tone ribe + Foto - Lajme nga Ulqini","isPartOf":{"@id":"https:\/\/www.visit-ulcinj.com\/blog\/#website"},"primaryImageOfPage":{"@id":"https:\/\/www.visit-ulcinj.com\/blog\/2014\/11\/08\/veliki-ulov-ribe-u-ulcinju-oko-dvije-tone-ribe\/#primaryimage"},"datePublished":"2014-11-08T19:38:40+00:00","dateModified":"2014-11-08T19:38:50+00:00","author":{"@id":"https:\/\/www.visit-ulcinj.com\/blog\/#\/schema\/person\/dcab619c614d3038751c63bc2aadc06d"},"description":"VI\u0160E OD 2000 kg ribe, skakavice su Halit Bushati, njegov brat Naser, Sabo i Emir Vogli\u0107i, ulovili danas poslije podne, nedaleko od poluostrva Suke, mjesta","breadcrumb":{"@id":"https:\/\/www.visit-ulcinj.com\/blog\/2014\/11\/08\/veliki-ulov-ribe-u-ulcinju-oko-dvije-tone-ribe\/#breadcrumb"},"inLanguage":"en-US","potentialAction":[{"@type":"ReadAction","target":["https:\/\/www.visit-ulcinj.com\/blog\/2014\/11\/08\/veliki-ulov-ribe-u-ulcinju-oko-dvije-tone-ribe\/"]}]},{"@type":"BreadcrumbList","@id":"https:\/\/www.visit-ulcinj.com\/blog\/2014\/11\/08\/veliki-ulov-ribe-u-ulcinju-oko-dvije-tone-ribe\/#breadcrumb","itemListElement":[{"@type":"ListItem","position":1,"name":"Veliki ulov ribe u Ulcinju oko dvije tone ribe + Foto"}]},{"@type":"Person","@id":"https:\/\/www.visit-ulcinj.com\/blog\/#\/schema\/person\/dcab619c614d3038751c63bc2aadc06d","name":"ulqini","sameAs":["http:\/\/www.visit-ulcinj.com"],"url":"https:\/\/www.visit-ulcinj.com\/blog\/author\/admin\/"}]}},"jetpack_featured_media_url":"","jetpack_sharing_enabled":true,"jetpack_shortlink":"https:\/\/wp.me\/pe6lTn-mqX","_links":{"self":[{"href":"https:\/\/www.visit-ulcinj.com\/blog\/wp-json\/wp\/v2\/posts\/86239"}],"collection":[{"href":"https:\/\/www.visit-ulcinj.com\/blog\/wp-json\/wp\/v2\/posts"}],"about":[{"href":"https:\/\/www.visit-ulcinj.com\/blog\/wp-json\/wp\/v2\/types\/post"}],"author":[{"embeddable":true,"href":"https:\/\/www.visit-ulcinj.com\/blog\/wp-json\/wp\/v2\/users\/1"}],"replies":[{"embeddable":true,"href":"https:\/\/www.visit-ulcinj.com\/blog\/wp-json\/wp\/v2\/comments?post=86239"}],"version-history":[{"count":2,"href":"https:\/\/www.visit-ulcinj.com\/blog\/wp-json\/wp\/v2\/posts\/86239\/revisions"}],"predecessor-version":[{"id":86241,"href":"https:\/\/www.visit-ulcinj.com\/blog\/wp-json\/wp\/v2\/posts\/86239\/revisions\/86241"}],"wp:attachment":[{"href":"https:\/\/www.visit-ulcinj.com\/blog\/wp-json\/wp\/v2\/media?parent=86239"}],"wp:term":[{"taxonomy":"category","embeddable":true,"href":"https:\/\/www.visit-ulcinj.com\/blog\/wp-json\/wp\/v2\/categories?post=86239"},{"taxonomy":"post_tag","embeddable":true,"href":"https:\/\/www.visit-ulcinj.com\/blog\/wp-json\/wp\/v2\/tags?post=86239"}],"curies":[{"name":"wp","href":"https:\/\/api.w.org\/{rel}","templated":true}]}}