{"id":86242,"date":"2014-11-08T23:13:47","date_gmt":"2014-11-08T22:13:47","guid":{"rendered":"http:\/\/www.visit-ulcinj.com\/blog\/?p=86242"},"modified":"2014-11-08T23:13:47","modified_gmt":"2014-11-08T22:13:47","slug":"teksti-peticionit-nxenesit-shqiptar-ne-mal-te-zi","status":"publish","type":"post","link":"https:\/\/www.visit-ulcinj.com\/blog\/2014\/11\/08\/teksti-peticionit-nxenesit-shqiptar-ne-mal-te-zi\/","title":{"rendered":"Teksti i Peticionit  &#8220;Nx\u00ebn\u00ebsit shqiptar n\u00eb Mal t\u00eb Zi&#8221;"},"content":{"rendered":"<div class=\"_5wd9\" data-reactid=\".1g.$mid=11415478655719=264d626d8d56f2b9444.2:0\">\n<div class=\"_5wde\" data-reactid=\".1g.$mid=11415478655719=264d626d8d56f2b9444.2:0.0\">\n<div class=\"_5wdf _5w1r\" data-reactid=\".1g.$mid=11415478655719=264d626d8d56f2b9444.2:0.0.0\">\n<div style=\"text-align: left;\" data-reactid=\".1g.$mid=11415478655719=264d626d8d56f2b9444.2:0.0.0.0\"><span class=\"_5yl5\" data-reactid=\".1g.$mid=11415478655719=264d626d8d56f2b9444.2:0.0.0.0.0\"><span data-reactid=\".1g.$mid=11415478655719=264d626d8d56f2b9444.2:0.0.0.0.0.0\"><strong><span data-reactid=\".1g.$mid=11415478655719=264d626d8d56f2b9444.2:0.0.0.0.0.0.$end:0:$0:0\"><a href=\"http:\/\/www.visit-ulcinj.com\/blog\/wp-content\/uploads\/2014\/11\/Protesta-Stop-diskriminit-Duam-t\u00eb-arsimohemi-si-Shqiptar\u00eb.jpg\"><img loading=\"lazy\" class=\"alignleft wp-image-86174\" src=\"http:\/\/www.visit-ulcinj.com\/blog\/wp-content\/uploads\/2014\/11\/Protesta-Stop-diskriminit-Duam-t\u00eb-arsimohemi-si-Shqiptar\u00eb.jpg\" alt=\"Protesta-Stop diskriminit - Duam t\u00eb arsimohemi si Shqiptar\u00eb\" width=\"508\" height=\"718\" srcset=\"https:\/\/www.visit-ulcinj.com\/blog\/wp-content\/uploads\/2014\/11\/Protesta-Stop-diskriminit-Duam-t\u00eb-arsimohemi-si-Shqiptar\u00eb.jpg 480w, https:\/\/www.visit-ulcinj.com\/blog\/wp-content\/uploads\/2014\/11\/Protesta-Stop-diskriminit-Duam-t\u00eb-arsimohemi-si-Shqiptar\u00eb-212x300.jpg 212w\" sizes=\"(max-width: 508px) 100vw, 508px\" \/><\/a>Nx\u00ebn\u00ebs shqiptar\u00eb, qytetar\u00eb t\u00eb Malit t\u00eb Zi<\/span><\/strong><br data-reactid=\".1g.$mid=11415478655719=264d626d8d56f2b9444.2:0.0.0.0.0.0.$end:0:$1:0\" \/><br data-reactid=\".1g.$mid=11415478655719=264d626d8d56f2b9444.2:0.0.0.0.0.0.$end:0:$3:0\" \/><span data-reactid=\".1g.$mid=11415478655719=264d626d8d56f2b9444.2:0.0.0.0.0.0.$end:0:$4:0\">\u00a0<\/span><br data-reactid=\".1g.$mid=11415478655719=264d626d8d56f2b9444.2:0.0.0.0.0.0.$end:0:$5:0\" \/><br data-reactid=\".1g.$mid=11415478655719=264d626d8d56f2b9444.2:0.0.0.0.0.0.$end:0:$7:0\" \/><span data-reactid=\".1g.$mid=11415478655719=264d626d8d56f2b9444.2:0.0.0.0.0.0.$end:0:$8:0\">Duke u bazuar n\u00eb aktin m\u00eb t\u00eb lart\u00eb juridik, Kushtetut\u00ebn e Malit t\u00eb Zi, neni\u00a0 79\u00a0 Mbrojtja e Identitetit komb\u00ebtar,\u00a0 dhe neni 80 q\u00eb ndalon asimilimin, dhe ligjet nd\u00ebrkomb\u00ebtare q\u00eb garantojn\u00eb t\u00eb drejta t\u00eb barabarta pa marr\u00eb parasysh gjinin\u00eb, komb\u00ebsine, fen\u00eb apo ngjyr\u00ebn\u00a0 k\u00ebrkojm\u00eb respektimin e t\u00eb drejtave tona themelore p\u00ebr arsimim t\u00eb denj\u00eb si shqiptar, popull autokton\u00a0 n\u00eb Mal t\u00eb Zi:<\/span><br data-reactid=\".1g.$mid=11415478655719=264d626d8d56f2b9444.2:0.0.0.0.0.0.$end:0:$9:0\" \/><br data-reactid=\".1g.$mid=11415478655719=264d626d8d56f2b9444.2:0.0.0.0.0.0.$end:0:$11:0\" \/><span data-reactid=\".1g.$mid=11415478655719=264d626d8d56f2b9444.2:0.0.0.0.0.0.$end:0:$12:0\">\u00a0<\/span><br data-reactid=\".1g.$mid=11415478655719=264d626d8d56f2b9444.2:0.0.0.0.0.0.$end:0:$13:0\" \/><br data-reactid=\".1g.$mid=11415478655719=264d626d8d56f2b9444.2:0.0.0.0.0.0.$end:0:$15:0\" \/><span data-reactid=\".1g.$mid=11415478655719=264d626d8d56f2b9444.2:0.0.0.0.0.0.$end:0:$16:0\">1.\u00a0\u00a0\u00a0\u00a0 Nx\u00ebn\u00ebsit shqiptar n\u00eb Mal t\u00eb Zi kan\u00eb shum\u00eb pak p\u00ebr t\u00eb mos th\u00ebn\u00eb, aspak apo t\u00eb cunguar nj\u00ebsi \u00a0m\u00ebsimore nga identiteti komb\u00ebtar i shqiptarve,<\/span><br data-reactid=\".1g.$mid=11415478655719=264d626d8d56f2b9444.2:0.0.0.0.0.0.$end:0:$17:0\" \/><br data-reactid=\".1g.$mid=11415478655719=264d626d8d56f2b9444.2:0.0.0.0.0.0.$end:0:$19:0\" \/><span data-reactid=\".1g.$mid=11415478655719=264d626d8d56f2b9444.2:0.0.0.0.0.0.$end:0:$20:0\">2.\u00a0\u00a0\u00a0\u00a0 Gjuha am\u00ebtare shqipe edhe pse p\u00ebrdorimi i saj \u00ebsht\u00eb i garantuar me ligj nuk zbatohet n\u00eb praktik n\u00ebp\u00ebr t\u00eb gjitha dokumentet shkollore, mbledhjet apo aktivitetet tjera n\u00eb shkoll\u00eb<\/span><br data-reactid=\".1g.$mid=11415478655719=264d626d8d56f2b9444.2:0.0.0.0.0.0.$end:0:$21:0\" \/><br data-reactid=\".1g.$mid=11415478655719=264d626d8d56f2b9444.2:0.0.0.0.0.0.$end:0:$23:0\" \/><span data-reactid=\".1g.$mid=11415478655719=264d626d8d56f2b9444.2:0.0.0.0.0.0.$end:0:$24:0\">3.\u00a0\u00a0\u00a0\u00a0 Politika dhe centralizimi ka l\u00ebn\u00eb jashte shqiptar\u00ebt nga procesi, filluar q\u00eb nga ministria, drejtimi i institucioneve shkollore dhe vendimmarrse,<\/span><br data-reactid=\".1g.$mid=11415478655719=264d626d8d56f2b9444.2:0.0.0.0.0.0.$end:0:$25:0\" \/><br data-reactid=\".1g.$mid=11415478655719=264d626d8d56f2b9444.2:0.0.0.0.0.0.$end:0:$27:0\" \/><span data-reactid=\".1g.$mid=11415478655719=264d626d8d56f2b9444.2:0.0.0.0.0.0.$end:0:$28:0\">4.\u00a0\u00a0\u00a0\u00a0 Shkollat, n\u00eb ve\u00e7anti paralelet e ndara n\u00eb zonat rurale ku m\u00ebsojn\u00eb nx\u00ebn\u00ebsit shqiptar jan\u00eb n\u00eb gjendje shum\u00eb t\u00eb keqe, dhe nuk plot\u00ebsojn\u00eb kushtet p\u00ebr zhvillimin e m\u00ebsimit,<\/span><br data-reactid=\".1g.$mid=11415478655719=264d626d8d56f2b9444.2:0.0.0.0.0.0.$end:0:$29:0\" \/><br data-reactid=\".1g.$mid=11415478655719=264d626d8d56f2b9444.2:0.0.0.0.0.0.$end:0:$31:0\" \/><span data-reactid=\".1g.$mid=11415478655719=264d626d8d56f2b9444.2:0.0.0.0.0.0.$end:0:$32:0\">5.\u00a0\u00a0\u00a0\u00a0 Tekstet shkollore, n\u00eb ve\u00e7anti\u00a0 libri i historis\u00eb, \u00ebsht\u00eb diskriminues dhe ofendues, e po ashtu ai i kultur\u00ebs muzikore,<\/span><br data-reactid=\".1g.$mid=11415478655719=264d626d8d56f2b9444.2:0.0.0.0.0.0.$end:0:$33:0\" \/><br data-reactid=\".1g.$mid=11415478655719=264d626d8d56f2b9444.2:0.0.0.0.0.0.$end:0:$35:0\" \/><span data-reactid=\".1g.$mid=11415478655719=264d626d8d56f2b9444.2:0.0.0.0.0.0.$end:0:$36:0\">Theksojm\u00eb k\u00ebto jan\u00eb vet\u00ebm disa prej anomalive q\u00eb r\u00ebndojn\u00eb arsimin e nx\u00ebn\u00ebsve shqiptar n\u00eb Mal t\u00eb Zi, andaj k\u00ebrkojm\u00eb q\u00eb f\u00ebmij\u00ebt tan\u00eb, nx\u00ebn\u00ebsit shqiptar t\u00eb m\u00ebsojn\u00eb si shqiptar ,duke m\u00ebsuar p\u00ebr historin\u00eb ,k\u00ebng\u00ebt\u00a0 dhe kultur\u00ebn komb\u00ebtare n\u00eb tekstet e tyre shkollore, q\u00eb tekstet shkollore aktuale t\u00eb zav\u00ebndsohen me botimet e Prishtin\u00ebs deri n\u00eb hartimin e teksteve t\u00eb reja shkollore, ku do ishin edhe shqiptar\u00ebt pjes\u00eb e k\u00ebtij procesi.<\/span><br data-reactid=\".1g.$mid=11415478655719=264d626d8d56f2b9444.2:0.0.0.0.0.0.$end:0:$37:0\" \/><br data-reactid=\".1g.$mid=11415478655719=264d626d8d56f2b9444.2:0.0.0.0.0.0.$end:0:$39:0\" \/><span data-reactid=\".1g.$mid=11415478655719=264d626d8d56f2b9444.2:0.0.0.0.0.0.$end:0:$40:0\">Gjuha shqipe t\u00eb p\u00ebrdoret\u00a0 n\u00eb t\u00eb gjitha dokumentet shkollore, q\u00eb shqiptar\u00ebt t\u00eb jen\u00eb t\u00eb p\u00ebrfaqsuar n\u00eb t\u00ebr\u00eb procesin, duke filluar nga Ministria \u00a0\u00a0e arsimit, Enti p\u00ebr tekste shkollore, institucionet arsimore dhe vendimmarrse dhe q\u00eb\u00a0 n\u00eb shkollat ku aktualisht jan\u00eb kushtet ekstreme t\u00eb b\u00ebh\u00ebn investime duke u mund\u00ebsuar nx\u00ebn\u00ebsve m\u00ebsim normal<\/span><\/span><\/span><\/div>\n<div style=\"text-align: left;\" data-reactid=\".1g.$mid=11415478655719=264d626d8d56f2b9444.2:0.0.0.0\"><\/div>\n<div style=\"text-align: left;\" data-reactid=\".1g.$mid=11415478655719=264d626d8d56f2b9444.2:0.0.0.0\">\n<h4 class=\"titlebarTextWrapper\"><a id=\"u_0_2m\" class=\"titlebarText\" href=\"https:\/\/www.facebook.com\/ibroci\" data-ft=\"{&quot;tn&quot;:&quot;C&quot;}\">G\u00ebzim Ibro\u00e7i <\/a>Facebook<\/h4>\n<\/div>\n<\/div>\n<\/div>\n<\/div>\n","protected":false},"excerpt":{"rendered":"<p>Nx\u00ebn\u00ebs shqiptar\u00eb, qytetar\u00eb t\u00eb Malit t\u00eb Zi\u00a0Duke u bazuar n\u00eb aktin m\u00eb t\u00eb lart\u00eb juridik, Kushtetut\u00ebn e Malit t\u00eb Zi, neni\u00a0 79\u00a0 Mbrojtja e Identitetit komb\u00ebtar,\u00a0 dhe neni 80 q\u00eb ndalon asimilimin, dhe ligjet nd\u00ebrkomb\u00ebtare q\u00eb garantojn\u00eb t\u00eb drejta t\u00eb barabarta pa marr\u00eb parasysh gjinin\u00eb, komb\u00ebsine, fen\u00eb apo ngjyr\u00ebn\u00a0 k\u00ebrkojm\u00eb respektimin e t\u00eb drejtave tona [&hellip;]<\/p>\n","protected":false},"author":1,"featured_media":0,"comment_status":"closed","ping_status":"closed","sticky":false,"template":"","format":"standard","meta":{"spay_email":"","jetpack_publicize_message":"","jetpack_is_tweetstorm":false,"jetpack_publicize_feature_enabled":true},"categories":[11],"tags":[],"jetpack_publicize_connections":[],"yoast_head":"<!-- This site is optimized with the Yoast SEO plugin v19.1 - https:\/\/yoast.com\/wordpress\/plugins\/seo\/ -->\n<title>Teksti i Peticionit &quot;Nx\u00ebn\u00ebsit shqiptar n\u00eb Mal t\u00eb Zi&quot; - Lajme nga Ulqini<\/title>\n<meta name=\"description\" content=\"Nx\u00ebn\u00ebs shqiptar\u00eb, qytetar\u00eb t\u00eb Malit t\u00eb Zi\u00a0Duke u bazuar n\u00eb aktin m\u00eb t\u00eb lart\u00eb juridik, Kushtetut\u00ebn e Malit t\u00eb Zi, neni\u00a0 79\u00a0 Mbrojtja e Identitetit\" \/>\n<meta name=\"robots\" content=\"index, follow, max-snippet:-1, max-image-preview:large, max-video-preview:-1\" \/>\n<link rel=\"canonical\" href=\"https:\/\/www.visit-ulcinj.com\/blog\/2014\/11\/08\/teksti-peticionit-nxenesit-shqiptar-ne-mal-te-zi\/\" \/>\n<meta property=\"og:locale\" content=\"en_US\" \/>\n<meta property=\"og:type\" content=\"article\" \/>\n<meta property=\"og:title\" content=\"Teksti i Peticionit &quot;Nx\u00ebn\u00ebsit shqiptar n\u00eb Mal t\u00eb Zi&quot; - Lajme nga Ulqini\" \/>\n<meta property=\"og:description\" content=\"Nx\u00ebn\u00ebs shqiptar\u00eb, qytetar\u00eb t\u00eb Malit t\u00eb Zi\u00a0Duke u bazuar n\u00eb aktin m\u00eb t\u00eb lart\u00eb juridik, Kushtetut\u00ebn e Malit t\u00eb Zi, neni\u00a0 79\u00a0 Mbrojtja e Identitetit\" \/>\n<meta property=\"og:url\" content=\"https:\/\/www.visit-ulcinj.com\/blog\/2014\/11\/08\/teksti-peticionit-nxenesit-shqiptar-ne-mal-te-zi\/\" \/>\n<meta property=\"og:site_name\" content=\"Lajme nga Ulqini\" \/>\n<meta property=\"article:published_time\" content=\"2014-11-08T22:13:47+00:00\" \/>\n<meta name=\"twitter:label1\" content=\"Written by\" \/>\n\t<meta name=\"twitter:data1\" content=\"ulqini\" \/>\n\t<meta name=\"twitter:label2\" content=\"Est. reading time\" \/>\n\t<meta name=\"twitter:data2\" content=\"2 minutes\" \/>\n<script type=\"application\/ld+json\" class=\"yoast-schema-graph\">{\"@context\":\"https:\/\/schema.org\",\"@graph\":[{\"@type\":\"WebSite\",\"@id\":\"https:\/\/www.visit-ulcinj.com\/blog\/#website\",\"url\":\"https:\/\/www.visit-ulcinj.com\/blog\/\",\"name\":\"Lajme nga Ulqini\",\"description\":\"Lajme,Vijesti,Ulqini,Ulqin,Crna Gora,Mali i Zi\",\"potentialAction\":[{\"@type\":\"SearchAction\",\"target\":{\"@type\":\"EntryPoint\",\"urlTemplate\":\"https:\/\/www.visit-ulcinj.com\/blog\/?s={search_term_string}\"},\"query-input\":\"required name=search_term_string\"}],\"inLanguage\":\"en-US\"},{\"@type\":\"WebPage\",\"@id\":\"https:\/\/www.visit-ulcinj.com\/blog\/2014\/11\/08\/teksti-peticionit-nxenesit-shqiptar-ne-mal-te-zi\/#webpage\",\"url\":\"https:\/\/www.visit-ulcinj.com\/blog\/2014\/11\/08\/teksti-peticionit-nxenesit-shqiptar-ne-mal-te-zi\/\",\"name\":\"Teksti i Peticionit \\\"Nx\u00ebn\u00ebsit shqiptar n\u00eb Mal t\u00eb Zi\\\" - Lajme nga Ulqini\",\"isPartOf\":{\"@id\":\"https:\/\/www.visit-ulcinj.com\/blog\/#website\"},\"datePublished\":\"2014-11-08T22:13:47+00:00\",\"dateModified\":\"2014-11-08T22:13:47+00:00\",\"author\":{\"@id\":\"https:\/\/www.visit-ulcinj.com\/blog\/#\/schema\/person\/dcab619c614d3038751c63bc2aadc06d\"},\"description\":\"Nx\u00ebn\u00ebs shqiptar\u00eb, qytetar\u00eb t\u00eb Malit t\u00eb Zi\u00a0Duke u bazuar n\u00eb aktin m\u00eb t\u00eb lart\u00eb juridik, Kushtetut\u00ebn e Malit t\u00eb Zi, neni\u00a0 79\u00a0 Mbrojtja e Identitetit\",\"breadcrumb\":{\"@id\":\"https:\/\/www.visit-ulcinj.com\/blog\/2014\/11\/08\/teksti-peticionit-nxenesit-shqiptar-ne-mal-te-zi\/#breadcrumb\"},\"inLanguage\":\"en-US\",\"potentialAction\":[{\"@type\":\"ReadAction\",\"target\":[\"https:\/\/www.visit-ulcinj.com\/blog\/2014\/11\/08\/teksti-peticionit-nxenesit-shqiptar-ne-mal-te-zi\/\"]}]},{\"@type\":\"BreadcrumbList\",\"@id\":\"https:\/\/www.visit-ulcinj.com\/blog\/2014\/11\/08\/teksti-peticionit-nxenesit-shqiptar-ne-mal-te-zi\/#breadcrumb\",\"itemListElement\":[{\"@type\":\"ListItem\",\"position\":1,\"name\":\"Teksti i Peticionit &#8220;Nx\u00ebn\u00ebsit shqiptar n\u00eb Mal t\u00eb Zi&#8221;\"}]},{\"@type\":\"Person\",\"@id\":\"https:\/\/www.visit-ulcinj.com\/blog\/#\/schema\/person\/dcab619c614d3038751c63bc2aadc06d\",\"name\":\"ulqini\",\"sameAs\":[\"http:\/\/www.visit-ulcinj.com\"],\"url\":\"https:\/\/www.visit-ulcinj.com\/blog\/author\/admin\/\"}]}<\/script>\n<!-- \/ Yoast SEO plugin. -->","yoast_head_json":{"title":"Teksti i Peticionit \"Nx\u00ebn\u00ebsit shqiptar n\u00eb Mal t\u00eb Zi\" - Lajme nga Ulqini","description":"Nx\u00ebn\u00ebs shqiptar\u00eb, qytetar\u00eb t\u00eb Malit t\u00eb Zi\u00a0Duke u bazuar n\u00eb aktin m\u00eb t\u00eb lart\u00eb juridik, Kushtetut\u00ebn e Malit t\u00eb Zi, neni\u00a0 79\u00a0 Mbrojtja e Identitetit","robots":{"index":"index","follow":"follow","max-snippet":"max-snippet:-1","max-image-preview":"max-image-preview:large","max-video-preview":"max-video-preview:-1"},"canonical":"https:\/\/www.visit-ulcinj.com\/blog\/2014\/11\/08\/teksti-peticionit-nxenesit-shqiptar-ne-mal-te-zi\/","og_locale":"en_US","og_type":"article","og_title":"Teksti i Peticionit \"Nx\u00ebn\u00ebsit shqiptar n\u00eb Mal t\u00eb Zi\" - Lajme nga Ulqini","og_description":"Nx\u00ebn\u00ebs shqiptar\u00eb, qytetar\u00eb t\u00eb Malit t\u00eb Zi\u00a0Duke u bazuar n\u00eb aktin m\u00eb t\u00eb lart\u00eb juridik, Kushtetut\u00ebn e Malit t\u00eb Zi, neni\u00a0 79\u00a0 Mbrojtja e Identitetit","og_url":"https:\/\/www.visit-ulcinj.com\/blog\/2014\/11\/08\/teksti-peticionit-nxenesit-shqiptar-ne-mal-te-zi\/","og_site_name":"Lajme nga Ulqini","article_published_time":"2014-11-08T22:13:47+00:00","twitter_misc":{"Written by":"ulqini","Est. reading time":"2 minutes"},"schema":{"@context":"https:\/\/schema.org","@graph":[{"@type":"WebSite","@id":"https:\/\/www.visit-ulcinj.com\/blog\/#website","url":"https:\/\/www.visit-ulcinj.com\/blog\/","name":"Lajme nga Ulqini","description":"Lajme,Vijesti,Ulqini,Ulqin,Crna Gora,Mali i Zi","potentialAction":[{"@type":"SearchAction","target":{"@type":"EntryPoint","urlTemplate":"https:\/\/www.visit-ulcinj.com\/blog\/?s={search_term_string}"},"query-input":"required name=search_term_string"}],"inLanguage":"en-US"},{"@type":"WebPage","@id":"https:\/\/www.visit-ulcinj.com\/blog\/2014\/11\/08\/teksti-peticionit-nxenesit-shqiptar-ne-mal-te-zi\/#webpage","url":"https:\/\/www.visit-ulcinj.com\/blog\/2014\/11\/08\/teksti-peticionit-nxenesit-shqiptar-ne-mal-te-zi\/","name":"Teksti i Peticionit \"Nx\u00ebn\u00ebsit shqiptar n\u00eb Mal t\u00eb Zi\" - Lajme nga Ulqini","isPartOf":{"@id":"https:\/\/www.visit-ulcinj.com\/blog\/#website"},"datePublished":"2014-11-08T22:13:47+00:00","dateModified":"2014-11-08T22:13:47+00:00","author":{"@id":"https:\/\/www.visit-ulcinj.com\/blog\/#\/schema\/person\/dcab619c614d3038751c63bc2aadc06d"},"description":"Nx\u00ebn\u00ebs shqiptar\u00eb, qytetar\u00eb t\u00eb Malit t\u00eb Zi\u00a0Duke u bazuar n\u00eb aktin m\u00eb t\u00eb lart\u00eb juridik, Kushtetut\u00ebn e Malit t\u00eb Zi, neni\u00a0 79\u00a0 Mbrojtja e Identitetit","breadcrumb":{"@id":"https:\/\/www.visit-ulcinj.com\/blog\/2014\/11\/08\/teksti-peticionit-nxenesit-shqiptar-ne-mal-te-zi\/#breadcrumb"},"inLanguage":"en-US","potentialAction":[{"@type":"ReadAction","target":["https:\/\/www.visit-ulcinj.com\/blog\/2014\/11\/08\/teksti-peticionit-nxenesit-shqiptar-ne-mal-te-zi\/"]}]},{"@type":"BreadcrumbList","@id":"https:\/\/www.visit-ulcinj.com\/blog\/2014\/11\/08\/teksti-peticionit-nxenesit-shqiptar-ne-mal-te-zi\/#breadcrumb","itemListElement":[{"@type":"ListItem","position":1,"name":"Teksti i Peticionit &#8220;Nx\u00ebn\u00ebsit shqiptar n\u00eb Mal t\u00eb Zi&#8221;"}]},{"@type":"Person","@id":"https:\/\/www.visit-ulcinj.com\/blog\/#\/schema\/person\/dcab619c614d3038751c63bc2aadc06d","name":"ulqini","sameAs":["http:\/\/www.visit-ulcinj.com"],"url":"https:\/\/www.visit-ulcinj.com\/blog\/author\/admin\/"}]}},"jetpack_featured_media_url":"","jetpack_sharing_enabled":true,"jetpack_shortlink":"https:\/\/wp.me\/pe6lTn-mr0","_links":{"self":[{"href":"https:\/\/www.visit-ulcinj.com\/blog\/wp-json\/wp\/v2\/posts\/86242"}],"collection":[{"href":"https:\/\/www.visit-ulcinj.com\/blog\/wp-json\/wp\/v2\/posts"}],"about":[{"href":"https:\/\/www.visit-ulcinj.com\/blog\/wp-json\/wp\/v2\/types\/post"}],"author":[{"embeddable":true,"href":"https:\/\/www.visit-ulcinj.com\/blog\/wp-json\/wp\/v2\/users\/1"}],"replies":[{"embeddable":true,"href":"https:\/\/www.visit-ulcinj.com\/blog\/wp-json\/wp\/v2\/comments?post=86242"}],"version-history":[{"count":1,"href":"https:\/\/www.visit-ulcinj.com\/blog\/wp-json\/wp\/v2\/posts\/86242\/revisions"}],"predecessor-version":[{"id":86243,"href":"https:\/\/www.visit-ulcinj.com\/blog\/wp-json\/wp\/v2\/posts\/86242\/revisions\/86243"}],"wp:attachment":[{"href":"https:\/\/www.visit-ulcinj.com\/blog\/wp-json\/wp\/v2\/media?parent=86242"}],"wp:term":[{"taxonomy":"category","embeddable":true,"href":"https:\/\/www.visit-ulcinj.com\/blog\/wp-json\/wp\/v2\/categories?post=86242"},{"taxonomy":"post_tag","embeddable":true,"href":"https:\/\/www.visit-ulcinj.com\/blog\/wp-json\/wp\/v2\/tags?post=86242"}],"curies":[{"name":"wp","href":"https:\/\/api.w.org\/{rel}","templated":true}]}}