{"id":86246,"date":"2014-11-09T09:59:24","date_gmt":"2014-11-09T08:59:24","guid":{"rendered":"http:\/\/www.visit-ulcinj.com\/blog\/?p=86246"},"modified":"2014-11-09T09:59:24","modified_gmt":"2014-11-09T08:59:24","slug":"ne-podgorice-qellohet-gure-nje-autobus-shqiptar","status":"publish","type":"post","link":"https:\/\/www.visit-ulcinj.com\/blog\/2014\/11\/09\/ne-podgorice-qellohet-gure-nje-autobus-shqiptar\/","title":{"rendered":"N\u00eb Podgoric\u00eb, q\u00ebllohet me gur\u00eb nj\u00eb autobus shqiptar"},"content":{"rendered":"<p><a href=\"http:\/\/www.visit-ulcinj.com\/blog\/wp-content\/uploads\/2014\/11\/Q\u00ebllohet-me-gur\u00eb-autobuzi-.jpg\"><img loading=\"lazy\" class=\"alignleft wp-image-86247\" src=\"http:\/\/www.visit-ulcinj.com\/blog\/wp-content\/uploads\/2014\/11\/Q\u00ebllohet-me-gur\u00eb-autobuzi-.jpg\" alt=\"Q\u00ebllohet-me-gur\u00eb-autobuzi-\" width=\"508\" height=\"361\" srcset=\"https:\/\/www.visit-ulcinj.com\/blog\/wp-content\/uploads\/2014\/11\/Q\u00ebllohet-me-gur\u00eb-autobuzi-.jpg 480w, https:\/\/www.visit-ulcinj.com\/blog\/wp-content\/uploads\/2014\/11\/Q\u00ebllohet-me-gur\u00eb-autobuzi--300x213.jpg 300w\" sizes=\"(max-width: 508px) 100vw, 508px\" \/><\/a>Nj\u00eb autobus shqiptar \u00ebsht\u00eb q\u00eblluar me gur\u00eb n\u00eb Podgoric\u00eb. Ngjarja b\u00ebhet me dije t\u00eb ket\u00eb ndodhur gjat\u00eb mesnat\u00ebs. Burime nga vendi i ngjarjes b\u00ebjn\u00eb me dije se n\u00eb momentin e sulmit shoferi ka qen\u00eb i vet\u00ebm n\u00eb mjet.<\/p>\n<p>Autobusi transportonte 19 persona t\u00eb gjith\u00eb shqiptar\u00eb pjes\u00ebtar\u00eb t\u00eb disa OJQ-ve. Raportohet se nga incidenti nuk pati persona t\u00eb l\u00ebnduar n\u00eb njer\u00ebz por vet\u00ebm d\u00ebme materiale.<\/p>\n<p><strong>(a.n\/BalkanWeb)<\/strong><\/p>\n","protected":false},"excerpt":{"rendered":"<p>Nj\u00eb autobus shqiptar \u00ebsht\u00eb q\u00eblluar me gur\u00eb n\u00eb Podgoric\u00eb. Ngjarja b\u00ebhet me dije t\u00eb ket\u00eb ndodhur gjat\u00eb mesnat\u00ebs. Burime nga vendi i ngjarjes b\u00ebjn\u00eb me dije se n\u00eb momentin e sulmit shoferi ka qen\u00eb i vet\u00ebm n\u00eb mjet. Autobusi transportonte 19 persona t\u00eb gjith\u00eb shqiptar\u00eb pjes\u00ebtar\u00eb t\u00eb disa OJQ-ve. Raportohet se nga incidenti nuk pati [&hellip;]<\/p>\n","protected":false},"author":1,"featured_media":0,"comment_status":"closed","ping_status":"closed","sticky":false,"template":"","format":"standard","meta":{"spay_email":"","jetpack_publicize_message":"","jetpack_is_tweetstorm":false,"jetpack_publicize_feature_enabled":true},"categories":[14],"tags":[],"jetpack_publicize_connections":[],"yoast_head":"<!-- This site is optimized with the Yoast SEO plugin v19.1 - https:\/\/yoast.com\/wordpress\/plugins\/seo\/ -->\n<title>N\u00eb Podgoric\u00eb, q\u00ebllohet me gur\u00eb nj\u00eb autobus shqiptar - Lajme nga Ulqini<\/title>\n<meta name=\"description\" content=\"Nj\u00eb autobus shqiptar \u00ebsht\u00eb q\u00eblluar me gur\u00eb n\u00eb Podgoric\u00eb. Ngjarja b\u00ebhet me dije t\u00eb ket\u00eb ndodhur gjat\u00eb mesnat\u00ebs. Burime nga vendi i ngjarjes b\u00ebjn\u00eb me dije\" \/>\n<meta name=\"robots\" content=\"index, follow, max-snippet:-1, max-image-preview:large, max-video-preview:-1\" \/>\n<link rel=\"canonical\" href=\"https:\/\/www.visit-ulcinj.com\/blog\/2014\/11\/09\/ne-podgorice-qellohet-gure-nje-autobus-shqiptar\/\" \/>\n<meta property=\"og:locale\" content=\"en_US\" \/>\n<meta property=\"og:type\" content=\"article\" \/>\n<meta property=\"og:title\" content=\"N\u00eb Podgoric\u00eb, q\u00ebllohet me gur\u00eb nj\u00eb autobus shqiptar - Lajme nga Ulqini\" \/>\n<meta property=\"og:description\" content=\"Nj\u00eb autobus shqiptar \u00ebsht\u00eb q\u00eblluar me gur\u00eb n\u00eb Podgoric\u00eb. Ngjarja b\u00ebhet me dije t\u00eb ket\u00eb ndodhur gjat\u00eb mesnat\u00ebs. Burime nga vendi i ngjarjes b\u00ebjn\u00eb me dije\" \/>\n<meta property=\"og:url\" content=\"https:\/\/www.visit-ulcinj.com\/blog\/2014\/11\/09\/ne-podgorice-qellohet-gure-nje-autobus-shqiptar\/\" \/>\n<meta property=\"og:site_name\" content=\"Lajme nga Ulqini\" \/>\n<meta property=\"article:published_time\" content=\"2014-11-09T08:59:24+00:00\" \/>\n<meta name=\"twitter:label1\" content=\"Written by\" \/>\n\t<meta name=\"twitter:data1\" content=\"ulqini\" \/>\n<script type=\"application\/ld+json\" class=\"yoast-schema-graph\">{\"@context\":\"https:\/\/schema.org\",\"@graph\":[{\"@type\":\"WebSite\",\"@id\":\"https:\/\/www.visit-ulcinj.com\/blog\/#website\",\"url\":\"https:\/\/www.visit-ulcinj.com\/blog\/\",\"name\":\"Lajme nga Ulqini\",\"description\":\"Lajme,Vijesti,Ulqini,Ulqin,Crna Gora,Mali i Zi\",\"potentialAction\":[{\"@type\":\"SearchAction\",\"target\":{\"@type\":\"EntryPoint\",\"urlTemplate\":\"https:\/\/www.visit-ulcinj.com\/blog\/?s={search_term_string}\"},\"query-input\":\"required name=search_term_string\"}],\"inLanguage\":\"en-US\"},{\"@type\":\"WebPage\",\"@id\":\"https:\/\/www.visit-ulcinj.com\/blog\/2014\/11\/09\/ne-podgorice-qellohet-gure-nje-autobus-shqiptar\/#webpage\",\"url\":\"https:\/\/www.visit-ulcinj.com\/blog\/2014\/11\/09\/ne-podgorice-qellohet-gure-nje-autobus-shqiptar\/\",\"name\":\"N\u00eb Podgoric\u00eb, q\u00ebllohet me gur\u00eb nj\u00eb autobus shqiptar - Lajme nga Ulqini\",\"isPartOf\":{\"@id\":\"https:\/\/www.visit-ulcinj.com\/blog\/#website\"},\"datePublished\":\"2014-11-09T08:59:24+00:00\",\"dateModified\":\"2014-11-09T08:59:24+00:00\",\"author\":{\"@id\":\"https:\/\/www.visit-ulcinj.com\/blog\/#\/schema\/person\/dcab619c614d3038751c63bc2aadc06d\"},\"description\":\"Nj\u00eb autobus shqiptar \u00ebsht\u00eb q\u00eblluar me gur\u00eb n\u00eb Podgoric\u00eb. Ngjarja b\u00ebhet me dije t\u00eb ket\u00eb ndodhur gjat\u00eb mesnat\u00ebs. Burime nga vendi i ngjarjes b\u00ebjn\u00eb me dije\",\"breadcrumb\":{\"@id\":\"https:\/\/www.visit-ulcinj.com\/blog\/2014\/11\/09\/ne-podgorice-qellohet-gure-nje-autobus-shqiptar\/#breadcrumb\"},\"inLanguage\":\"en-US\",\"potentialAction\":[{\"@type\":\"ReadAction\",\"target\":[\"https:\/\/www.visit-ulcinj.com\/blog\/2014\/11\/09\/ne-podgorice-qellohet-gure-nje-autobus-shqiptar\/\"]}]},{\"@type\":\"BreadcrumbList\",\"@id\":\"https:\/\/www.visit-ulcinj.com\/blog\/2014\/11\/09\/ne-podgorice-qellohet-gure-nje-autobus-shqiptar\/#breadcrumb\",\"itemListElement\":[{\"@type\":\"ListItem\",\"position\":1,\"name\":\"N\u00eb Podgoric\u00eb, q\u00ebllohet me gur\u00eb nj\u00eb autobus shqiptar\"}]},{\"@type\":\"Person\",\"@id\":\"https:\/\/www.visit-ulcinj.com\/blog\/#\/schema\/person\/dcab619c614d3038751c63bc2aadc06d\",\"name\":\"ulqini\",\"sameAs\":[\"http:\/\/www.visit-ulcinj.com\"],\"url\":\"https:\/\/www.visit-ulcinj.com\/blog\/author\/admin\/\"}]}<\/script>\n<!-- \/ Yoast SEO plugin. -->","yoast_head_json":{"title":"N\u00eb Podgoric\u00eb, q\u00ebllohet me gur\u00eb nj\u00eb autobus shqiptar - Lajme nga Ulqini","description":"Nj\u00eb autobus shqiptar \u00ebsht\u00eb q\u00eblluar me gur\u00eb n\u00eb Podgoric\u00eb. Ngjarja b\u00ebhet me dije t\u00eb ket\u00eb ndodhur gjat\u00eb mesnat\u00ebs. Burime nga vendi i ngjarjes b\u00ebjn\u00eb me dije","robots":{"index":"index","follow":"follow","max-snippet":"max-snippet:-1","max-image-preview":"max-image-preview:large","max-video-preview":"max-video-preview:-1"},"canonical":"https:\/\/www.visit-ulcinj.com\/blog\/2014\/11\/09\/ne-podgorice-qellohet-gure-nje-autobus-shqiptar\/","og_locale":"en_US","og_type":"article","og_title":"N\u00eb Podgoric\u00eb, q\u00ebllohet me gur\u00eb nj\u00eb autobus shqiptar - Lajme nga Ulqini","og_description":"Nj\u00eb autobus shqiptar \u00ebsht\u00eb q\u00eblluar me gur\u00eb n\u00eb Podgoric\u00eb. Ngjarja b\u00ebhet me dije t\u00eb ket\u00eb ndodhur gjat\u00eb mesnat\u00ebs. Burime nga vendi i ngjarjes b\u00ebjn\u00eb me dije","og_url":"https:\/\/www.visit-ulcinj.com\/blog\/2014\/11\/09\/ne-podgorice-qellohet-gure-nje-autobus-shqiptar\/","og_site_name":"Lajme nga Ulqini","article_published_time":"2014-11-09T08:59:24+00:00","twitter_misc":{"Written by":"ulqini"},"schema":{"@context":"https:\/\/schema.org","@graph":[{"@type":"WebSite","@id":"https:\/\/www.visit-ulcinj.com\/blog\/#website","url":"https:\/\/www.visit-ulcinj.com\/blog\/","name":"Lajme nga Ulqini","description":"Lajme,Vijesti,Ulqini,Ulqin,Crna Gora,Mali i Zi","potentialAction":[{"@type":"SearchAction","target":{"@type":"EntryPoint","urlTemplate":"https:\/\/www.visit-ulcinj.com\/blog\/?s={search_term_string}"},"query-input":"required name=search_term_string"}],"inLanguage":"en-US"},{"@type":"WebPage","@id":"https:\/\/www.visit-ulcinj.com\/blog\/2014\/11\/09\/ne-podgorice-qellohet-gure-nje-autobus-shqiptar\/#webpage","url":"https:\/\/www.visit-ulcinj.com\/blog\/2014\/11\/09\/ne-podgorice-qellohet-gure-nje-autobus-shqiptar\/","name":"N\u00eb Podgoric\u00eb, q\u00ebllohet me gur\u00eb nj\u00eb autobus shqiptar - Lajme nga Ulqini","isPartOf":{"@id":"https:\/\/www.visit-ulcinj.com\/blog\/#website"},"datePublished":"2014-11-09T08:59:24+00:00","dateModified":"2014-11-09T08:59:24+00:00","author":{"@id":"https:\/\/www.visit-ulcinj.com\/blog\/#\/schema\/person\/dcab619c614d3038751c63bc2aadc06d"},"description":"Nj\u00eb autobus shqiptar \u00ebsht\u00eb q\u00eblluar me gur\u00eb n\u00eb Podgoric\u00eb. Ngjarja b\u00ebhet me dije t\u00eb ket\u00eb ndodhur gjat\u00eb mesnat\u00ebs. Burime nga vendi i ngjarjes b\u00ebjn\u00eb me dije","breadcrumb":{"@id":"https:\/\/www.visit-ulcinj.com\/blog\/2014\/11\/09\/ne-podgorice-qellohet-gure-nje-autobus-shqiptar\/#breadcrumb"},"inLanguage":"en-US","potentialAction":[{"@type":"ReadAction","target":["https:\/\/www.visit-ulcinj.com\/blog\/2014\/11\/09\/ne-podgorice-qellohet-gure-nje-autobus-shqiptar\/"]}]},{"@type":"BreadcrumbList","@id":"https:\/\/www.visit-ulcinj.com\/blog\/2014\/11\/09\/ne-podgorice-qellohet-gure-nje-autobus-shqiptar\/#breadcrumb","itemListElement":[{"@type":"ListItem","position":1,"name":"N\u00eb Podgoric\u00eb, q\u00ebllohet me gur\u00eb nj\u00eb autobus shqiptar"}]},{"@type":"Person","@id":"https:\/\/www.visit-ulcinj.com\/blog\/#\/schema\/person\/dcab619c614d3038751c63bc2aadc06d","name":"ulqini","sameAs":["http:\/\/www.visit-ulcinj.com"],"url":"https:\/\/www.visit-ulcinj.com\/blog\/author\/admin\/"}]}},"jetpack_featured_media_url":"","jetpack_sharing_enabled":true,"jetpack_shortlink":"https:\/\/wp.me\/pe6lTn-mr4","_links":{"self":[{"href":"https:\/\/www.visit-ulcinj.com\/blog\/wp-json\/wp\/v2\/posts\/86246"}],"collection":[{"href":"https:\/\/www.visit-ulcinj.com\/blog\/wp-json\/wp\/v2\/posts"}],"about":[{"href":"https:\/\/www.visit-ulcinj.com\/blog\/wp-json\/wp\/v2\/types\/post"}],"author":[{"embeddable":true,"href":"https:\/\/www.visit-ulcinj.com\/blog\/wp-json\/wp\/v2\/users\/1"}],"replies":[{"embeddable":true,"href":"https:\/\/www.visit-ulcinj.com\/blog\/wp-json\/wp\/v2\/comments?post=86246"}],"version-history":[{"count":1,"href":"https:\/\/www.visit-ulcinj.com\/blog\/wp-json\/wp\/v2\/posts\/86246\/revisions"}],"predecessor-version":[{"id":86248,"href":"https:\/\/www.visit-ulcinj.com\/blog\/wp-json\/wp\/v2\/posts\/86246\/revisions\/86248"}],"wp:attachment":[{"href":"https:\/\/www.visit-ulcinj.com\/blog\/wp-json\/wp\/v2\/media?parent=86246"}],"wp:term":[{"taxonomy":"category","embeddable":true,"href":"https:\/\/www.visit-ulcinj.com\/blog\/wp-json\/wp\/v2\/categories?post=86246"},{"taxonomy":"post_tag","embeddable":true,"href":"https:\/\/www.visit-ulcinj.com\/blog\/wp-json\/wp\/v2\/tags?post=86246"}],"curies":[{"name":"wp","href":"https:\/\/api.w.org\/{rel}","templated":true}]}}