{"id":86257,"date":"2014-11-09T18:39:44","date_gmt":"2014-11-09T17:39:44","guid":{"rendered":"http:\/\/www.visit-ulcinj.com\/blog\/?p=86257"},"modified":"2014-11-09T18:43:04","modified_gmt":"2014-11-09T17:43:04","slug":"pronat-e-komunes-se-ulqinit-ne-hipoteke-per-kredi-video","status":"publish","type":"post","link":"https:\/\/www.visit-ulcinj.com\/blog\/2014\/11\/09\/pronat-e-komunes-se-ulqinit-ne-hipoteke-per-kredi-video\/","title":{"rendered":"Pronat e komunes s\u00eb Ulqinit ne hipoteke per kredi &#8211; Video"},"content":{"rendered":"<p><strong><a href=\"http:\/\/www.visit-ulcinj.com\/blog\/wp-content\/uploads\/2014\/11\/Kuvendi-i-Ulqinit-Skupstina-Ulcinj.jpg\"><img loading=\"lazy\" class=\"alignleft wp-image-86259\" src=\"http:\/\/www.visit-ulcinj.com\/blog\/wp-content\/uploads\/2014\/11\/Kuvendi-i-Ulqinit-Skupstina-Ulcinj.jpg\" alt=\"Kuvendi i Ulqinit-Skupstina-Ulcinj\" width=\"508\" height=\"286\" srcset=\"https:\/\/www.visit-ulcinj.com\/blog\/wp-content\/uploads\/2014\/11\/Kuvendi-i-Ulqinit-Skupstina-Ulcinj.jpg 999w, https:\/\/www.visit-ulcinj.com\/blog\/wp-content\/uploads\/2014\/11\/Kuvendi-i-Ulqinit-Skupstina-Ulcinj-300x168.jpg 300w\" sizes=\"(max-width: 508px) 100vw, 508px\" \/><\/a>P\u00ebrkujtojm\u00eb q\u00eb n\u00eb ket\u00eb seanc\u00eb\u00a0 t\u00eb kuvendit u diskutua lidhur me hipotek\u00ebn p\u00ebr kredin\u00eb me vler\u00eb 1.2 milion eur nga Atlas Banka p\u00ebr shlyerjen e pagave t\u00eb punonj\u00ebsve t\u00eb Komun\u00ebs dhe nd\u00ebrmarrjeve t\u00eb themeluara prej saj, si dhe lidhur me tenderin p\u00ebr shitjen e tok\u00ebs nd\u00ebrtimore n\u00eb Pinjesh, njofton Portali Lajme.me<br \/>\n<\/strong><\/p>\n<p>Opozita drejton kritika t\u00eb ashpra kryetarit Gjeka i cili p\u00ebr shkak t\u00eb nj\u00eb emisioni televiziv n\u00eb Shkod\u00ebr l\u00ebshon seanc\u00ebn e kuvendit n\u00eb t\u00eb cil\u00ebn diskutohet p\u00ebr v\u00ebnien n\u00eb hipotek\u00eb t\u00eb tokave dhe objekteve me vler\u00eb prej 2.670.500euro n\u00eb komun\u00ebn e Ulqinit.<\/p>\n<p>Debat t\u00eb madh\u00eb shkakton edhe fakti q\u00eb, k\u00ebrkesa e Atlas bank\u00ebs p\u00ebr hipotek\u00eb ishte toka ose objekti me vler\u00eb 1.75 t\u00eb vler\u00ebs totale t\u00eb kredis\u00eb, derisa Komuna e Ulqinit e tejkalon k\u00ebt\u00eb duke ofruar hipotek\u00ebn me vler\u00eb pre 2.23 t\u00eb vler\u00ebs s\u00eb kredis\u00eb, dmth bank\u00ebs i ofrohen 500.000 euro m\u00eb shum\u00eb se q\u00eb k\u00ebrkohet dhe k\u00ebt\u00eb n\u00eb baz\u00eb t\u00eb vler\u00ebsimeve q\u00eb ka b\u00ebr\u00eb vet\u00eb banka.<\/p>\n<p>Nga UDSH gjithashtu paralajmron q\u00eb, duke marr\u00eb parasysh gjendjen finaciare n\u00eb Koomun\u00ebn e Ulqinit, nga kredia n\u00eb fjal\u00eb nuk do t\u00eb mund t\u00eb paguhen as nga dy rroga punonj\u00ebsve t\u00eb Komun\u00ebs.<\/p>\n<p>Seanca e Kuvendit t\u00eb Komun\u00ebs s\u00eb Ulqinit p\u00ebrfundoi n\u00eb ora 21 por, p\u00ebr shkak t\u00eb munges\u00ebs s\u00eb kuorumit, pa vendime konkrete lidhur me pikat e rendit t\u00eb dit\u00ebs.<br \/>\nSeanca do t\u00eb vazhdoj t\u00eb h\u00ebnen n\u00eb ora 13 kur do t\u00eb vendoset lidhur me hipotek\u00ebn p\u00ebr kredin\u00eb me vler\u00eb 1.2 milion eur nga Atlas Banka p\u00ebr shlyerjen e pagave t\u00eb punonj\u00ebsve t\u00eb Komun\u00ebs dhe nd\u00ebrmarrjeve t\u00eb themeluara prej saj, si dhe lidhur me tenderin p\u00ebr shitjen e tok\u00ebs nd\u00ebrtimore n\u00eb Pinjesh.<br \/>\nSenac\u00ebn e karakterizuan diskutime nga disa pjes\u00ebtar\u00eb t\u00eb opozit\u00ebs, sidomos nga radh\u00ebt e UDSHs\u00eb, lidhur me m\u00ebnyr\u00ebn e shpenzimit t\u00eb mjeteve nga kredia si dhe pron\u00ebn e parapar\u00eb p\u00ebr hipotek\u00eb.<br \/>\nKryetari i Forc\u00ebs s\u00eb Re Demokratike Nazif Cungu theksoi q\u00eb, arsya q\u00eb p\u00ebr k\u00ebt\u00eb kredi duhet t\u00eb vendosen n\u00eb hipotek\u00eb nj\u00eb num\u00ebr kaq\u00eb i madh\u00eb i parcelave t\u00eb vog\u00ebla \u00ebsht\u00eb fakti q\u00eb Komuna e Ulqinit nuk disponon me prona m\u00eb t\u00eb m\u00ebdha, pasi q\u00eb gjat\u00eb periudh\u00ebs 2009 p\u00ebefaq\u00ebsuesit e Komun\u00ebs nuk kan\u00eb vepruar sipas Ligjit mbi pron\u00ebn shtet\u00ebrore dhe nuk kan\u00eb identifikuar dhe mrojtur pron\u00ebn e Komun\u00ebs q\u00eb ka rezultuar n\u00eb humbje t\u00eb m\u00ebdha.<\/p>\n<!--YouTube Error: bad URL entered-->\n","protected":false},"excerpt":{"rendered":"<p>P\u00ebrkujtojm\u00eb q\u00eb n\u00eb ket\u00eb seanc\u00eb\u00a0 t\u00eb kuvendit u diskutua lidhur me hipotek\u00ebn p\u00ebr kredin\u00eb me vler\u00eb 1.2 milion eur nga Atlas Banka p\u00ebr shlyerjen e pagave t\u00eb punonj\u00ebsve t\u00eb Komun\u00ebs dhe nd\u00ebrmarrjeve t\u00eb themeluara prej saj, si dhe lidhur me tenderin p\u00ebr shitjen e tok\u00ebs nd\u00ebrtimore n\u00eb Pinjesh, njofton Portali Lajme.me Opozita drejton kritika t\u00eb [&hellip;]<\/p>\n","protected":false},"author":1,"featured_media":0,"comment_status":"closed","ping_status":"closed","sticky":false,"template":"","format":"standard","meta":{"spay_email":"","jetpack_publicize_message":"","jetpack_is_tweetstorm":false,"jetpack_publicize_feature_enabled":true},"categories":[6],"tags":[],"jetpack_publicize_connections":[],"yoast_head":"<!-- This site is optimized with the Yoast SEO plugin v19.1 - https:\/\/yoast.com\/wordpress\/plugins\/seo\/ -->\n<title>Pronat e komunes s\u00eb Ulqinit ne hipoteke per kredi - Video - Lajme nga Ulqini<\/title>\n<meta name=\"description\" content=\"P\u00ebrkujtojm\u00eb q\u00eb n\u00eb ket\u00eb seanc\u00eb\u00a0 t\u00eb kuvendit u diskutua lidhur me hipotek\u00ebn p\u00ebr kredin\u00eb me vler\u00eb 1.2 milion eur nga Atlas Banka p\u00ebr shlyerjen e pagave t\u00eb\" \/>\n<meta name=\"robots\" content=\"index, follow, max-snippet:-1, max-image-preview:large, max-video-preview:-1\" \/>\n<link rel=\"canonical\" href=\"https:\/\/www.visit-ulcinj.com\/blog\/2014\/11\/09\/pronat-e-komunes-se-ulqinit-ne-hipoteke-per-kredi-video\/\" \/>\n<meta property=\"og:locale\" content=\"en_US\" \/>\n<meta property=\"og:type\" content=\"article\" \/>\n<meta property=\"og:title\" content=\"Pronat e komunes s\u00eb Ulqinit ne hipoteke per kredi - Video - Lajme nga Ulqini\" \/>\n<meta property=\"og:description\" content=\"P\u00ebrkujtojm\u00eb q\u00eb n\u00eb ket\u00eb seanc\u00eb\u00a0 t\u00eb kuvendit u diskutua lidhur me hipotek\u00ebn p\u00ebr kredin\u00eb me vler\u00eb 1.2 milion eur nga Atlas Banka p\u00ebr shlyerjen e pagave t\u00eb\" \/>\n<meta property=\"og:url\" content=\"https:\/\/www.visit-ulcinj.com\/blog\/2014\/11\/09\/pronat-e-komunes-se-ulqinit-ne-hipoteke-per-kredi-video\/\" \/>\n<meta property=\"og:site_name\" content=\"Lajme nga Ulqini\" \/>\n<meta property=\"article:published_time\" content=\"2014-11-09T17:39:44+00:00\" \/>\n<meta property=\"article:modified_time\" content=\"2014-11-09T17:43:04+00:00\" \/>\n<meta property=\"og:image\" content=\"http:\/\/www.visit-ulcinj.com\/blog\/wp-content\/uploads\/2014\/11\/Kuvendi-i-Ulqinit-Skupstina-Ulcinj.jpg\" \/>\n<meta name=\"twitter:label1\" content=\"Written by\" \/>\n\t<meta name=\"twitter:data1\" content=\"ulqini\" \/>\n\t<meta name=\"twitter:label2\" content=\"Est. reading time\" \/>\n\t<meta name=\"twitter:data2\" content=\"2 minutes\" \/>\n<script type=\"application\/ld+json\" class=\"yoast-schema-graph\">{\"@context\":\"https:\/\/schema.org\",\"@graph\":[{\"@type\":\"WebSite\",\"@id\":\"https:\/\/www.visit-ulcinj.com\/blog\/#website\",\"url\":\"https:\/\/www.visit-ulcinj.com\/blog\/\",\"name\":\"Lajme nga Ulqini\",\"description\":\"Lajme,Vijesti,Ulqini,Ulqin,Crna Gora,Mali i Zi\",\"potentialAction\":[{\"@type\":\"SearchAction\",\"target\":{\"@type\":\"EntryPoint\",\"urlTemplate\":\"https:\/\/www.visit-ulcinj.com\/blog\/?s={search_term_string}\"},\"query-input\":\"required name=search_term_string\"}],\"inLanguage\":\"en-US\"},{\"@type\":\"ImageObject\",\"inLanguage\":\"en-US\",\"@id\":\"https:\/\/www.visit-ulcinj.com\/blog\/2014\/11\/09\/pronat-e-komunes-se-ulqinit-ne-hipoteke-per-kredi-video\/#primaryimage\",\"url\":\"https:\/\/www.visit-ulcinj.com\/blog\/wp-content\/uploads\/2014\/11\/Kuvendi-i-Ulqinit-Skupstina-Ulcinj.jpg\",\"contentUrl\":\"https:\/\/www.visit-ulcinj.com\/blog\/wp-content\/uploads\/2014\/11\/Kuvendi-i-Ulqinit-Skupstina-Ulcinj.jpg\",\"width\":999,\"height\":562},{\"@type\":\"WebPage\",\"@id\":\"https:\/\/www.visit-ulcinj.com\/blog\/2014\/11\/09\/pronat-e-komunes-se-ulqinit-ne-hipoteke-per-kredi-video\/#webpage\",\"url\":\"https:\/\/www.visit-ulcinj.com\/blog\/2014\/11\/09\/pronat-e-komunes-se-ulqinit-ne-hipoteke-per-kredi-video\/\",\"name\":\"Pronat e komunes s\u00eb Ulqinit ne hipoteke per kredi - Video - Lajme nga Ulqini\",\"isPartOf\":{\"@id\":\"https:\/\/www.visit-ulcinj.com\/blog\/#website\"},\"primaryImageOfPage\":{\"@id\":\"https:\/\/www.visit-ulcinj.com\/blog\/2014\/11\/09\/pronat-e-komunes-se-ulqinit-ne-hipoteke-per-kredi-video\/#primaryimage\"},\"datePublished\":\"2014-11-09T17:39:44+00:00\",\"dateModified\":\"2014-11-09T17:43:04+00:00\",\"author\":{\"@id\":\"https:\/\/www.visit-ulcinj.com\/blog\/#\/schema\/person\/dcab619c614d3038751c63bc2aadc06d\"},\"description\":\"P\u00ebrkujtojm\u00eb q\u00eb n\u00eb ket\u00eb seanc\u00eb\u00a0 t\u00eb kuvendit u diskutua lidhur me hipotek\u00ebn p\u00ebr kredin\u00eb me vler\u00eb 1.2 milion eur nga Atlas Banka p\u00ebr shlyerjen e pagave t\u00eb\",\"breadcrumb\":{\"@id\":\"https:\/\/www.visit-ulcinj.com\/blog\/2014\/11\/09\/pronat-e-komunes-se-ulqinit-ne-hipoteke-per-kredi-video\/#breadcrumb\"},\"inLanguage\":\"en-US\",\"potentialAction\":[{\"@type\":\"ReadAction\",\"target\":[\"https:\/\/www.visit-ulcinj.com\/blog\/2014\/11\/09\/pronat-e-komunes-se-ulqinit-ne-hipoteke-per-kredi-video\/\"]}]},{\"@type\":\"BreadcrumbList\",\"@id\":\"https:\/\/www.visit-ulcinj.com\/blog\/2014\/11\/09\/pronat-e-komunes-se-ulqinit-ne-hipoteke-per-kredi-video\/#breadcrumb\",\"itemListElement\":[{\"@type\":\"ListItem\",\"position\":1,\"name\":\"Pronat e komunes s\u00eb Ulqinit ne hipoteke per kredi &#8211; Video\"}]},{\"@type\":\"Person\",\"@id\":\"https:\/\/www.visit-ulcinj.com\/blog\/#\/schema\/person\/dcab619c614d3038751c63bc2aadc06d\",\"name\":\"ulqini\",\"sameAs\":[\"http:\/\/www.visit-ulcinj.com\"],\"url\":\"https:\/\/www.visit-ulcinj.com\/blog\/author\/admin\/\"}]}<\/script>\n<!-- \/ Yoast SEO plugin. -->","yoast_head_json":{"title":"Pronat e komunes s\u00eb Ulqinit ne hipoteke per kredi - Video - Lajme nga Ulqini","description":"P\u00ebrkujtojm\u00eb q\u00eb n\u00eb ket\u00eb seanc\u00eb\u00a0 t\u00eb kuvendit u diskutua lidhur me hipotek\u00ebn p\u00ebr kredin\u00eb me vler\u00eb 1.2 milion eur nga Atlas Banka p\u00ebr shlyerjen e pagave t\u00eb","robots":{"index":"index","follow":"follow","max-snippet":"max-snippet:-1","max-image-preview":"max-image-preview:large","max-video-preview":"max-video-preview:-1"},"canonical":"https:\/\/www.visit-ulcinj.com\/blog\/2014\/11\/09\/pronat-e-komunes-se-ulqinit-ne-hipoteke-per-kredi-video\/","og_locale":"en_US","og_type":"article","og_title":"Pronat e komunes s\u00eb Ulqinit ne hipoteke per kredi - Video - Lajme nga Ulqini","og_description":"P\u00ebrkujtojm\u00eb q\u00eb n\u00eb ket\u00eb seanc\u00eb\u00a0 t\u00eb kuvendit u diskutua lidhur me hipotek\u00ebn p\u00ebr kredin\u00eb me vler\u00eb 1.2 milion eur nga Atlas Banka p\u00ebr shlyerjen e pagave t\u00eb","og_url":"https:\/\/www.visit-ulcinj.com\/blog\/2014\/11\/09\/pronat-e-komunes-se-ulqinit-ne-hipoteke-per-kredi-video\/","og_site_name":"Lajme nga Ulqini","article_published_time":"2014-11-09T17:39:44+00:00","article_modified_time":"2014-11-09T17:43:04+00:00","og_image":[{"url":"http:\/\/www.visit-ulcinj.com\/blog\/wp-content\/uploads\/2014\/11\/Kuvendi-i-Ulqinit-Skupstina-Ulcinj.jpg"}],"twitter_misc":{"Written by":"ulqini","Est. reading time":"2 minutes"},"schema":{"@context":"https:\/\/schema.org","@graph":[{"@type":"WebSite","@id":"https:\/\/www.visit-ulcinj.com\/blog\/#website","url":"https:\/\/www.visit-ulcinj.com\/blog\/","name":"Lajme nga Ulqini","description":"Lajme,Vijesti,Ulqini,Ulqin,Crna Gora,Mali i Zi","potentialAction":[{"@type":"SearchAction","target":{"@type":"EntryPoint","urlTemplate":"https:\/\/www.visit-ulcinj.com\/blog\/?s={search_term_string}"},"query-input":"required name=search_term_string"}],"inLanguage":"en-US"},{"@type":"ImageObject","inLanguage":"en-US","@id":"https:\/\/www.visit-ulcinj.com\/blog\/2014\/11\/09\/pronat-e-komunes-se-ulqinit-ne-hipoteke-per-kredi-video\/#primaryimage","url":"https:\/\/www.visit-ulcinj.com\/blog\/wp-content\/uploads\/2014\/11\/Kuvendi-i-Ulqinit-Skupstina-Ulcinj.jpg","contentUrl":"https:\/\/www.visit-ulcinj.com\/blog\/wp-content\/uploads\/2014\/11\/Kuvendi-i-Ulqinit-Skupstina-Ulcinj.jpg","width":999,"height":562},{"@type":"WebPage","@id":"https:\/\/www.visit-ulcinj.com\/blog\/2014\/11\/09\/pronat-e-komunes-se-ulqinit-ne-hipoteke-per-kredi-video\/#webpage","url":"https:\/\/www.visit-ulcinj.com\/blog\/2014\/11\/09\/pronat-e-komunes-se-ulqinit-ne-hipoteke-per-kredi-video\/","name":"Pronat e komunes s\u00eb Ulqinit ne hipoteke per kredi - Video - Lajme nga Ulqini","isPartOf":{"@id":"https:\/\/www.visit-ulcinj.com\/blog\/#website"},"primaryImageOfPage":{"@id":"https:\/\/www.visit-ulcinj.com\/blog\/2014\/11\/09\/pronat-e-komunes-se-ulqinit-ne-hipoteke-per-kredi-video\/#primaryimage"},"datePublished":"2014-11-09T17:39:44+00:00","dateModified":"2014-11-09T17:43:04+00:00","author":{"@id":"https:\/\/www.visit-ulcinj.com\/blog\/#\/schema\/person\/dcab619c614d3038751c63bc2aadc06d"},"description":"P\u00ebrkujtojm\u00eb q\u00eb n\u00eb ket\u00eb seanc\u00eb\u00a0 t\u00eb kuvendit u diskutua lidhur me hipotek\u00ebn p\u00ebr kredin\u00eb me vler\u00eb 1.2 milion eur nga Atlas Banka p\u00ebr shlyerjen e pagave t\u00eb","breadcrumb":{"@id":"https:\/\/www.visit-ulcinj.com\/blog\/2014\/11\/09\/pronat-e-komunes-se-ulqinit-ne-hipoteke-per-kredi-video\/#breadcrumb"},"inLanguage":"en-US","potentialAction":[{"@type":"ReadAction","target":["https:\/\/www.visit-ulcinj.com\/blog\/2014\/11\/09\/pronat-e-komunes-se-ulqinit-ne-hipoteke-per-kredi-video\/"]}]},{"@type":"BreadcrumbList","@id":"https:\/\/www.visit-ulcinj.com\/blog\/2014\/11\/09\/pronat-e-komunes-se-ulqinit-ne-hipoteke-per-kredi-video\/#breadcrumb","itemListElement":[{"@type":"ListItem","position":1,"name":"Pronat e komunes s\u00eb Ulqinit ne hipoteke per kredi &#8211; Video"}]},{"@type":"Person","@id":"https:\/\/www.visit-ulcinj.com\/blog\/#\/schema\/person\/dcab619c614d3038751c63bc2aadc06d","name":"ulqini","sameAs":["http:\/\/www.visit-ulcinj.com"],"url":"https:\/\/www.visit-ulcinj.com\/blog\/author\/admin\/"}]}},"jetpack_featured_media_url":"","jetpack_sharing_enabled":true,"jetpack_shortlink":"https:\/\/wp.me\/pe6lTn-mrf","_links":{"self":[{"href":"https:\/\/www.visit-ulcinj.com\/blog\/wp-json\/wp\/v2\/posts\/86257"}],"collection":[{"href":"https:\/\/www.visit-ulcinj.com\/blog\/wp-json\/wp\/v2\/posts"}],"about":[{"href":"https:\/\/www.visit-ulcinj.com\/blog\/wp-json\/wp\/v2\/types\/post"}],"author":[{"embeddable":true,"href":"https:\/\/www.visit-ulcinj.com\/blog\/wp-json\/wp\/v2\/users\/1"}],"replies":[{"embeddable":true,"href":"https:\/\/www.visit-ulcinj.com\/blog\/wp-json\/wp\/v2\/comments?post=86257"}],"version-history":[{"count":2,"href":"https:\/\/www.visit-ulcinj.com\/blog\/wp-json\/wp\/v2\/posts\/86257\/revisions"}],"predecessor-version":[{"id":86261,"href":"https:\/\/www.visit-ulcinj.com\/blog\/wp-json\/wp\/v2\/posts\/86257\/revisions\/86261"}],"wp:attachment":[{"href":"https:\/\/www.visit-ulcinj.com\/blog\/wp-json\/wp\/v2\/media?parent=86257"}],"wp:term":[{"taxonomy":"category","embeddable":true,"href":"https:\/\/www.visit-ulcinj.com\/blog\/wp-json\/wp\/v2\/categories?post=86257"},{"taxonomy":"post_tag","embeddable":true,"href":"https:\/\/www.visit-ulcinj.com\/blog\/wp-json\/wp\/v2\/tags?post=86257"}],"curies":[{"name":"wp","href":"https:\/\/api.w.org\/{rel}","templated":true}]}}