{"id":86267,"date":"2014-11-10T08:23:33","date_gmt":"2014-11-10T07:23:33","guid":{"rendered":"http:\/\/www.visit-ulcinj.com\/blog\/?p=86267"},"modified":"2014-11-10T08:23:33","modified_gmt":"2014-11-10T07:23:33","slug":"konferenca-mbi-shqiptaret-ne-mal-te-zi-conference-press-release","status":"publish","type":"post","link":"https:\/\/www.visit-ulcinj.com\/blog\/2014\/11\/10\/konferenca-mbi-shqiptaret-ne-mal-te-zi-conference-press-release\/","title":{"rendered":"Konferenca mbi shqiptar\u00ebt n\u00eb Mal t\u00eb Zi &#8211; Conference press release"},"content":{"rendered":"<p><strong><a href=\"http:\/\/www.visit-ulcinj.com\/blog\/wp-content\/uploads\/2014\/11\/Konferenca-mbi-shqiptar\u00ebt-n\u00eb-Mal-t\u00eb-Zi.jpg\"><img loading=\"lazy\" class=\"alignleft wp-image-86268\" src=\"http:\/\/www.visit-ulcinj.com\/blog\/wp-content\/uploads\/2014\/11\/Konferenca-mbi-shqiptar\u00ebt-n\u00eb-Mal-t\u00eb-Zi.jpg\" alt=\"Konferenca mbi shqiptar\u00ebt n\u00eb Mal t\u00eb Zi\" width=\"508\" height=\"340\" srcset=\"https:\/\/www.visit-ulcinj.com\/blog\/wp-content\/uploads\/2014\/11\/Konferenca-mbi-shqiptar\u00ebt-n\u00eb-Mal-t\u00eb-Zi.jpg 573w, https:\/\/www.visit-ulcinj.com\/blog\/wp-content\/uploads\/2014\/11\/Konferenca-mbi-shqiptar\u00ebt-n\u00eb-Mal-t\u00eb-Zi-300x200.jpg 300w\" sizes=\"(max-width: 508px) 100vw, 508px\" \/><\/a>Nga Frank Shkreli<\/strong><\/p>\n<p>SH\u00cbNIM:\u00a0 Tre jav\u00eb m\u00eb pare kisha shkruar\u00a0mbi planet p\u00ebr mbajtjen e nj\u00eb konference nd\u00ebrkomb\u00ebtare\u00a0 mbi gj\u00ebndjen e Shqiptar\u00ebve n\u00eb Mal t\u00eb Zi,\u00a0&#8212; konferenca e dyzt\u00eb mbi k\u00ebt\u00eb subjekt &#8212; e cila u mbajt\u00eb m\u00eb\u00a01 N\u00ebntor n\u00eb\u00a0sall\u00ebn historike, &#8220;Meadow Brooke\u00a0Mansion&#8221; t\u00eb\u00a0Universitetit Oakland n\u00eb Ro\u00e7ester t\u00eb Mi\u00e7iganit. Konferenca u sponsorizua<br \/>\nnga Departmenti i Shkencave Politike dhe Enti i Studimeve Nd\u00ebrkomb\u00ebtare\u00a0t\u00eb Universitetit Oakland,\u00a0s\u00eb bashku me disa shoqata shqiptaro-amerikane nga Nju Jorku dhe nga Mi\u00e7igani. \u00a0Gjat\u00eb konferenc\u00ebs u \u00a0paraqiten referate nga\u00a0akademik\u00eb dhe specialist\u00eb\u00a0nga Shtetet e Bashkuara \u00a0dhe\u00a0ekspert\u00eb t\u00eb ftuar nga trojet shqiptare n\u00eb Ballkan dhe nga Europa.\u00a0 Gjat\u00eb punimeve t\u00eb konferenc\u00ebs,\u00a0specialist\u00eb t\u00eb fushave t\u00eb ndryshme mbi gj\u00ebndjen e shqiptar\u00ebve n\u00eb Mal t\u00eb Zi,\u00a0\u00a0\u00a0diskutuan, nd\u00ebr t\u00eb tjera, \u00e7\u00ebshtje si\u00e7 jan\u00eb arsimi, t\u00eb drejtat e njeriut\u00a0dhe\u00a0t\u00eb kultur\u00ebs s\u00eb shqiptar\u00ebve n\u00eb trojet e veta autoktone n\u00ebn Mal t\u00eb Zi.\u00a0\u00a0U mbajt\u00ebn\u00a0referate mbi subjekte q\u00eb prekin jet\u00ebn e p\u00ebrdit\u00ebshme t\u00eb shqiptar\u00ebve n\u00eb Mal t\u00eb Zi,\u00a0si\u00e7 jan\u00eb qeverisja vendase,\u00a0 \u00a0aplikimi i\u00a0ligjit nd\u00ebrkombtar, por edhe mbi rolin q\u00eb luan ose duhet t\u00eb luaj Bashkimi Europian n\u00eb promovimin e t\u00eb drejtave t\u00eb pakicave komb\u00ebtare, e ve\u00e7an\u00ebrisht t\u00eb drejta e\u00a0shqiptar\u00ebve n\u00eb Mal t\u00eb Zi.<br \/>\nKjo konferenc\u00eb u mbajt\u00eb n\u00eb koh\u00ebn e duhur p\u00ebr t\u00eb t\u00ebrhequr v\u00ebmendjen e bot\u00ebs, por ve\u00e7an\u00ebrisht v\u00ebmendjen e Shteteve t\u00eb Bashkuara karshi situat\u00ebs s\u00eb shqiptar\u00ebve n\u00eb Mal t\u00eb Zi, e cila sipas vet\u00eb atyre q\u00eb jetojn\u00eb atje \u00ebsht\u00eb nj\u00eb gj\u00ebndje n\u00eb t\u00eb cil\u00ebn ata e ndjejn\u00eb veten t\u00eb diskriminuar n\u00eb shum\u00eb fusha q\u00eb preku Konferenca n\u00eb\u00a0 Universitetin Oakland t\u00eb shtetit Mi\u00e7igan n\u00eb SHBA.\u00a0 Vet\u00ebm dit\u00eb e fundit m\u00ebsuam se komuniteti shqiptar n\u00eb Mal t\u00eb Zi ka n\u00eb plan t\u00eb organizoj\u00eb at\u00eb q\u00eb organizuest e cil\u00ebsojn\u00eb si nj\u00eb &#8220;Protest\u00eb p\u00ebr dinjitet&#8221;, duke i th\u00ebn\u00eb Stop Diskriminit, sidomos n\u00eb fush\u00ebn e arsimit, duke shtuar se &#8220;duam t\u00eb arsimohemi si shqiptar\u00eb&#8221;.\u00a0 N\u00eb njoftimin\u00a0 e tyre p\u00ebr protest\u00eb para Komun\u00ebs s\u00eb Ulqinit t\u00eb premt\u00ebn me 14 n\u00ebntor, organizuesit b\u00ebjn\u00eb pyetje n\u00ebse politikan\u00ebt shqiptar\u00eb t\u00eb atyre trojeve do t\u00eb marrin pjes\u00eb n\u00eb at\u00eb protest\u00eb paq\u00ebsore.\u00a0 Konferenca si kjo q\u00eb u mbajt\u00eb n\u00eb Shtetet e Bashkuara mund t\u00eb ven\u00eb n\u00eb dukje hallet dhe situat\u00ebn jo t\u00eb drejt\u00eb, n\u00eb krahasim me t\u00eb tjer\u00ebt,\u00a0t\u00eb shqiptar\u00ebve n\u00ebn Mal t\u00eb Zi, \u00a0dhe ekspert\u00eb si k\u00ebta q\u00eb mor\u00ebn pjes\u00eb n\u00eb k\u00ebt\u00eb konferenc\u00eb, shqiptar\u00eb dhe t\u00eb huaj,\u00a0 ndon\u00ebse ia paraqsin situat\u00ebn e shqiptar\u00ebve\u00a0bot\u00ebs, ashtu si\u00e7 \u00ebsht\u00eb dhe si\u00e7 kna\u00eb b\u00ebr\u00ebe dhe m\u00eb par\u00eb, \u00ebsht\u00eb pjesmarrja\u00a0 \u00a0dhe q\u00ebndrimi\u00a0i p\u00ebrbashk\u00ebt i\u00a0 shqiptar\u00ebve pa dallim e sidomos bashkimi i\u00a0faktor\u00ebve politik\u00eb shqiptar\u00eb atje, q\u00eb t\u00eb k\u00ebrkojn\u00eb t\u00eb drejtat q\u00eb u takojn\u00eb atyre n\u00eb baz\u00eb t\u00eb konventave nd\u00ebrkomb\u00ebtare dhe n\u00eb baz\u00eb t\u00eb\u00a0vet ligjeve t\u00eb vendit.<br \/>\nKonferenca q\u00eb u mbajt\u00eb n\u00eb Universitetin Oakland t\u00eb shtetit Mi\u00e7igan \u00ebsht\u00eb merit\u00eb e t\u00eb gjith\u00eb pjesmarr\u00ebsve dhe diaspor\u00ebs shqiptare n\u00eb Amerik\u00eb, por mbi t\u00eb gjith\u00eb \u00ebsht\u00eb nj\u00eb kontribut q\u00eb bashk-organizator\u00ebt e ks\u00ebaj konference, Profesor\u00ebt shqiptar\u00eb n\u00eb Amerik\u00eb, Shinasi Rama dhe Viktor Ivezaj i dhan\u00eb \u00e7\u00ebshtjes s\u00eb shqiptar\u00ebve n\u00ebn Mal t\u00eb Zi dhe mbrojtjes s\u00eb t\u00eb drejtave t\u00eb tyre n\u00eb trojet e veta.<br \/>\nFrank Shkreli<\/p>\n","protected":false},"excerpt":{"rendered":"<p>Nga Frank Shkreli SH\u00cbNIM:\u00a0 Tre jav\u00eb m\u00eb pare kisha shkruar\u00a0mbi planet p\u00ebr mbajtjen e nj\u00eb konference nd\u00ebrkomb\u00ebtare\u00a0 mbi gj\u00ebndjen e Shqiptar\u00ebve n\u00eb Mal t\u00eb Zi,\u00a0&#8212; konferenca e dyzt\u00eb mbi k\u00ebt\u00eb subjekt &#8212; e cila u mbajt\u00eb m\u00eb\u00a01 N\u00ebntor n\u00eb\u00a0sall\u00ebn historike, &#8220;Meadow Brooke\u00a0Mansion&#8221; t\u00eb\u00a0Universitetit Oakland n\u00eb Ro\u00e7ester t\u00eb Mi\u00e7iganit. Konferenca u sponsorizua nga Departmenti i Shkencave [&hellip;]<\/p>\n","protected":false},"author":1,"featured_media":0,"comment_status":"closed","ping_status":"closed","sticky":false,"template":"","format":"standard","meta":{"spay_email":"","jetpack_publicize_message":"","jetpack_is_tweetstorm":false,"jetpack_publicize_feature_enabled":true},"categories":[7],"tags":[],"jetpack_publicize_connections":[],"yoast_head":"<!-- This site is optimized with the Yoast SEO plugin v19.1 - https:\/\/yoast.com\/wordpress\/plugins\/seo\/ -->\n<title>Konferenca mbi shqiptar\u00ebt n\u00eb Mal t\u00eb Zi - Conference press release - Lajme nga Ulqini<\/title>\n<meta name=\"description\" content=\"Nga Frank Shkreli SH\u00cbNIM:\u00a0 Tre jav\u00eb m\u00eb pare kisha shkruar\u00a0mbi planet p\u00ebr mbajtjen e nj\u00eb konference nd\u00ebrkomb\u00ebtare\u00a0 mbi gj\u00ebndjen e Shqiptar\u00ebve n\u00eb Mal t\u00eb\" \/>\n<meta name=\"robots\" content=\"index, follow, max-snippet:-1, max-image-preview:large, max-video-preview:-1\" \/>\n<link rel=\"canonical\" href=\"https:\/\/www.visit-ulcinj.com\/blog\/2014\/11\/10\/konferenca-mbi-shqiptaret-ne-mal-te-zi-conference-press-release\/\" \/>\n<meta property=\"og:locale\" content=\"en_US\" \/>\n<meta property=\"og:type\" content=\"article\" \/>\n<meta property=\"og:title\" content=\"Konferenca mbi shqiptar\u00ebt n\u00eb Mal t\u00eb Zi - Conference press release - Lajme nga Ulqini\" \/>\n<meta property=\"og:description\" content=\"Nga Frank Shkreli SH\u00cbNIM:\u00a0 Tre jav\u00eb m\u00eb pare kisha shkruar\u00a0mbi planet p\u00ebr mbajtjen e nj\u00eb konference nd\u00ebrkomb\u00ebtare\u00a0 mbi gj\u00ebndjen e Shqiptar\u00ebve n\u00eb Mal t\u00eb\" \/>\n<meta property=\"og:url\" content=\"https:\/\/www.visit-ulcinj.com\/blog\/2014\/11\/10\/konferenca-mbi-shqiptaret-ne-mal-te-zi-conference-press-release\/\" \/>\n<meta property=\"og:site_name\" content=\"Lajme nga Ulqini\" \/>\n<meta property=\"article:published_time\" content=\"2014-11-10T07:23:33+00:00\" \/>\n<meta name=\"twitter:label1\" content=\"Written by\" \/>\n\t<meta name=\"twitter:data1\" content=\"ulqini\" \/>\n\t<meta name=\"twitter:label2\" content=\"Est. reading time\" \/>\n\t<meta name=\"twitter:data2\" content=\"3 minutes\" \/>\n<script type=\"application\/ld+json\" class=\"yoast-schema-graph\">{\"@context\":\"https:\/\/schema.org\",\"@graph\":[{\"@type\":\"WebSite\",\"@id\":\"https:\/\/www.visit-ulcinj.com\/blog\/#website\",\"url\":\"https:\/\/www.visit-ulcinj.com\/blog\/\",\"name\":\"Lajme nga Ulqini\",\"description\":\"Lajme,Vijesti,Ulqini,Ulqin,Crna Gora,Mali i Zi\",\"potentialAction\":[{\"@type\":\"SearchAction\",\"target\":{\"@type\":\"EntryPoint\",\"urlTemplate\":\"https:\/\/www.visit-ulcinj.com\/blog\/?s={search_term_string}\"},\"query-input\":\"required name=search_term_string\"}],\"inLanguage\":\"en-US\"},{\"@type\":\"WebPage\",\"@id\":\"https:\/\/www.visit-ulcinj.com\/blog\/2014\/11\/10\/konferenca-mbi-shqiptaret-ne-mal-te-zi-conference-press-release\/#webpage\",\"url\":\"https:\/\/www.visit-ulcinj.com\/blog\/2014\/11\/10\/konferenca-mbi-shqiptaret-ne-mal-te-zi-conference-press-release\/\",\"name\":\"Konferenca mbi shqiptar\u00ebt n\u00eb Mal t\u00eb Zi - Conference press release - Lajme nga Ulqini\",\"isPartOf\":{\"@id\":\"https:\/\/www.visit-ulcinj.com\/blog\/#website\"},\"datePublished\":\"2014-11-10T07:23:33+00:00\",\"dateModified\":\"2014-11-10T07:23:33+00:00\",\"author\":{\"@id\":\"https:\/\/www.visit-ulcinj.com\/blog\/#\/schema\/person\/dcab619c614d3038751c63bc2aadc06d\"},\"description\":\"Nga Frank Shkreli SH\u00cbNIM:\u00a0 Tre jav\u00eb m\u00eb pare kisha shkruar\u00a0mbi planet p\u00ebr mbajtjen e nj\u00eb konference nd\u00ebrkomb\u00ebtare\u00a0 mbi gj\u00ebndjen e Shqiptar\u00ebve n\u00eb Mal t\u00eb\",\"breadcrumb\":{\"@id\":\"https:\/\/www.visit-ulcinj.com\/blog\/2014\/11\/10\/konferenca-mbi-shqiptaret-ne-mal-te-zi-conference-press-release\/#breadcrumb\"},\"inLanguage\":\"en-US\",\"potentialAction\":[{\"@type\":\"ReadAction\",\"target\":[\"https:\/\/www.visit-ulcinj.com\/blog\/2014\/11\/10\/konferenca-mbi-shqiptaret-ne-mal-te-zi-conference-press-release\/\"]}]},{\"@type\":\"BreadcrumbList\",\"@id\":\"https:\/\/www.visit-ulcinj.com\/blog\/2014\/11\/10\/konferenca-mbi-shqiptaret-ne-mal-te-zi-conference-press-release\/#breadcrumb\",\"itemListElement\":[{\"@type\":\"ListItem\",\"position\":1,\"name\":\"Konferenca mbi shqiptar\u00ebt n\u00eb Mal t\u00eb Zi &#8211; Conference press release\"}]},{\"@type\":\"Person\",\"@id\":\"https:\/\/www.visit-ulcinj.com\/blog\/#\/schema\/person\/dcab619c614d3038751c63bc2aadc06d\",\"name\":\"ulqini\",\"sameAs\":[\"http:\/\/www.visit-ulcinj.com\"],\"url\":\"https:\/\/www.visit-ulcinj.com\/blog\/author\/admin\/\"}]}<\/script>\n<!-- \/ Yoast SEO plugin. -->","yoast_head_json":{"title":"Konferenca mbi shqiptar\u00ebt n\u00eb Mal t\u00eb Zi - Conference press release - Lajme nga Ulqini","description":"Nga Frank Shkreli SH\u00cbNIM:\u00a0 Tre jav\u00eb m\u00eb pare kisha shkruar\u00a0mbi planet p\u00ebr mbajtjen e nj\u00eb konference nd\u00ebrkomb\u00ebtare\u00a0 mbi gj\u00ebndjen e Shqiptar\u00ebve n\u00eb Mal t\u00eb","robots":{"index":"index","follow":"follow","max-snippet":"max-snippet:-1","max-image-preview":"max-image-preview:large","max-video-preview":"max-video-preview:-1"},"canonical":"https:\/\/www.visit-ulcinj.com\/blog\/2014\/11\/10\/konferenca-mbi-shqiptaret-ne-mal-te-zi-conference-press-release\/","og_locale":"en_US","og_type":"article","og_title":"Konferenca mbi shqiptar\u00ebt n\u00eb Mal t\u00eb Zi - Conference press release - Lajme nga Ulqini","og_description":"Nga Frank Shkreli SH\u00cbNIM:\u00a0 Tre jav\u00eb m\u00eb pare kisha shkruar\u00a0mbi planet p\u00ebr mbajtjen e nj\u00eb konference nd\u00ebrkomb\u00ebtare\u00a0 mbi gj\u00ebndjen e Shqiptar\u00ebve n\u00eb Mal t\u00eb","og_url":"https:\/\/www.visit-ulcinj.com\/blog\/2014\/11\/10\/konferenca-mbi-shqiptaret-ne-mal-te-zi-conference-press-release\/","og_site_name":"Lajme nga Ulqini","article_published_time":"2014-11-10T07:23:33+00:00","twitter_misc":{"Written by":"ulqini","Est. reading time":"3 minutes"},"schema":{"@context":"https:\/\/schema.org","@graph":[{"@type":"WebSite","@id":"https:\/\/www.visit-ulcinj.com\/blog\/#website","url":"https:\/\/www.visit-ulcinj.com\/blog\/","name":"Lajme nga Ulqini","description":"Lajme,Vijesti,Ulqini,Ulqin,Crna Gora,Mali i Zi","potentialAction":[{"@type":"SearchAction","target":{"@type":"EntryPoint","urlTemplate":"https:\/\/www.visit-ulcinj.com\/blog\/?s={search_term_string}"},"query-input":"required name=search_term_string"}],"inLanguage":"en-US"},{"@type":"WebPage","@id":"https:\/\/www.visit-ulcinj.com\/blog\/2014\/11\/10\/konferenca-mbi-shqiptaret-ne-mal-te-zi-conference-press-release\/#webpage","url":"https:\/\/www.visit-ulcinj.com\/blog\/2014\/11\/10\/konferenca-mbi-shqiptaret-ne-mal-te-zi-conference-press-release\/","name":"Konferenca mbi shqiptar\u00ebt n\u00eb Mal t\u00eb Zi - Conference press release - Lajme nga Ulqini","isPartOf":{"@id":"https:\/\/www.visit-ulcinj.com\/blog\/#website"},"datePublished":"2014-11-10T07:23:33+00:00","dateModified":"2014-11-10T07:23:33+00:00","author":{"@id":"https:\/\/www.visit-ulcinj.com\/blog\/#\/schema\/person\/dcab619c614d3038751c63bc2aadc06d"},"description":"Nga Frank Shkreli SH\u00cbNIM:\u00a0 Tre jav\u00eb m\u00eb pare kisha shkruar\u00a0mbi planet p\u00ebr mbajtjen e nj\u00eb konference nd\u00ebrkomb\u00ebtare\u00a0 mbi gj\u00ebndjen e Shqiptar\u00ebve n\u00eb Mal t\u00eb","breadcrumb":{"@id":"https:\/\/www.visit-ulcinj.com\/blog\/2014\/11\/10\/konferenca-mbi-shqiptaret-ne-mal-te-zi-conference-press-release\/#breadcrumb"},"inLanguage":"en-US","potentialAction":[{"@type":"ReadAction","target":["https:\/\/www.visit-ulcinj.com\/blog\/2014\/11\/10\/konferenca-mbi-shqiptaret-ne-mal-te-zi-conference-press-release\/"]}]},{"@type":"BreadcrumbList","@id":"https:\/\/www.visit-ulcinj.com\/blog\/2014\/11\/10\/konferenca-mbi-shqiptaret-ne-mal-te-zi-conference-press-release\/#breadcrumb","itemListElement":[{"@type":"ListItem","position":1,"name":"Konferenca mbi shqiptar\u00ebt n\u00eb Mal t\u00eb Zi &#8211; Conference press release"}]},{"@type":"Person","@id":"https:\/\/www.visit-ulcinj.com\/blog\/#\/schema\/person\/dcab619c614d3038751c63bc2aadc06d","name":"ulqini","sameAs":["http:\/\/www.visit-ulcinj.com"],"url":"https:\/\/www.visit-ulcinj.com\/blog\/author\/admin\/"}]}},"jetpack_featured_media_url":"","jetpack_sharing_enabled":true,"jetpack_shortlink":"https:\/\/wp.me\/pe6lTn-mrp","_links":{"self":[{"href":"https:\/\/www.visit-ulcinj.com\/blog\/wp-json\/wp\/v2\/posts\/86267"}],"collection":[{"href":"https:\/\/www.visit-ulcinj.com\/blog\/wp-json\/wp\/v2\/posts"}],"about":[{"href":"https:\/\/www.visit-ulcinj.com\/blog\/wp-json\/wp\/v2\/types\/post"}],"author":[{"embeddable":true,"href":"https:\/\/www.visit-ulcinj.com\/blog\/wp-json\/wp\/v2\/users\/1"}],"replies":[{"embeddable":true,"href":"https:\/\/www.visit-ulcinj.com\/blog\/wp-json\/wp\/v2\/comments?post=86267"}],"version-history":[{"count":1,"href":"https:\/\/www.visit-ulcinj.com\/blog\/wp-json\/wp\/v2\/posts\/86267\/revisions"}],"predecessor-version":[{"id":86269,"href":"https:\/\/www.visit-ulcinj.com\/blog\/wp-json\/wp\/v2\/posts\/86267\/revisions\/86269"}],"wp:attachment":[{"href":"https:\/\/www.visit-ulcinj.com\/blog\/wp-json\/wp\/v2\/media?parent=86267"}],"wp:term":[{"taxonomy":"category","embeddable":true,"href":"https:\/\/www.visit-ulcinj.com\/blog\/wp-json\/wp\/v2\/categories?post=86267"},{"taxonomy":"post_tag","embeddable":true,"href":"https:\/\/www.visit-ulcinj.com\/blog\/wp-json\/wp\/v2\/tags?post=86267"}],"curies":[{"name":"wp","href":"https:\/\/api.w.org\/{rel}","templated":true}]}}