{"id":86277,"date":"2014-11-10T09:43:29","date_gmt":"2014-11-10T08:43:29","guid":{"rendered":"http:\/\/www.visit-ulcinj.com\/blog\/?p=86277"},"modified":"2014-11-10T09:44:01","modified_gmt":"2014-11-10T08:44:01","slug":"czarnogora-wybuduja-porto-skadar-lake-video","status":"publish","type":"post","link":"https:\/\/www.visit-ulcinj.com\/blog\/2014\/11\/10\/czarnogora-wybuduja-porto-skadar-lake-video\/","title":{"rendered":"Czarnog\u00f3ra: Wybuduj\u0105 Porto Skadar Lake &#8211; Video"},"content":{"rendered":"<p><a href=\"http:\/\/www.visit-ulcinj.com\/blog\/wp-content\/uploads\/2014\/11\/porto_skadar_lake_.jpg\"><img loading=\"lazy\" class=\"alignleft wp-image-86045\" src=\"http:\/\/www.visit-ulcinj.com\/blog\/wp-content\/uploads\/2014\/11\/porto_skadar_lake_.jpg\" alt=\"porto_skadar_lake_\" width=\"508\" height=\"381\" srcset=\"https:\/\/www.visit-ulcinj.com\/blog\/wp-content\/uploads\/2014\/11\/porto_skadar_lake_.jpg 640w, https:\/\/www.visit-ulcinj.com\/blog\/wp-content\/uploads\/2014\/11\/porto_skadar_lake_-300x225.jpg 300w\" sizes=\"(max-width: 508px) 100vw, 508px\" \/><\/a>Budowa wartego 90 milion\u00f3w euro kompleksu turystycznego Porto Skadar Lake, rozpocznie si\u0119 w marcu przysz\u0142ego roku, a pierwszych go\u015bci b\u0119dzie si\u0119 mo\u017cna spodziewa\u0107 w maju 2017 roku, powiedzia\u0142 przedstawiciel odpowiedzialnego za projekt Montenegro resort, Ivan Zindovi\u0107.<br \/>\nRz\u0105d, pod koniec pa\u017adziernika br., przyj\u0105\u0142 projekt decyzji w sprawie studium lokalizacyjnego. Stworzy\u0142o to warunki dla inwestora ubiegaj\u0105cego si\u0119 o wydanie dokument\u00f3w techniczno-urbanistycznych i pozwolenia na budow\u0119. \u2013 Spodziewamy si\u0119, \u017ce pozwolenie otrzymamy w po\u0142owie grudnia. Ze wzgl\u0119du na fakt, \u017ce wi\u0119kszo\u015b\u0107 dr\u00f3g na terenie, gdzie b\u0119dziemy budowa\u0107, jest nieprzejezdnych i mamy nieuporz\u0105dkowany chodnik, kt\u00f3ry prowadzi z miejscowo\u015bci Mihailovi\u0107i do Jeziora Szkoderskiego, to jeszcze przed rozpocz\u0119ciem budowy, mamy bardzo du\u017co pracy. Musimy mi\u0119dzy innymi zrekonstruowa\u0107 p\u00f3\u0142tora kilometra drogi oraz doprowadzi\u0107 wod\u0119 i energi\u0119 elektryczn\u0105, powiedzia\u0142 Zindovi\u0107.<br \/>\nProjekt Porto Skadar Lake jest finansowany przez francuskiego biznesmena, Lionela Sonigo. W jednym z wcze\u015bniejszych wywiad\u00f3w wyzna\u0142, \u017ce obmy\u015bli\u0142 wyj\u0105tkow\u0105 koncepcj\u0119 dla wyj\u0105tkowego miejsca.<br \/>\n\u2013 W zamy\u015ble, ma to by\u0107 najpi\u0119kniejszy pi\u0119ciogwiazdkowy eco-resort na \u015bwiecie. Po\u0142\u0105czymy to, co dotychczas by\u0142o niepo\u0142\u0105czone: luksus i nietkni\u0119t\u0105 przyrod\u0119. Predyspozycje zapewnia wyj\u0105tkowe Jezioro Szkoderskie, a rozwi\u0105zanie architektoniczne, metody budowy i eksploatacji kompleksu, pomog\u0105 nam ten pomys\u0142 dope\u0142ni\u0107. B\u0119dziemy numerem jeden na \u015bwiecie. Jestem pewny, \u017ce od 2017 roku Czarnog\u00f3ra b\u0119dzie rozpoznawalna bardziej dzi\u0119ki Porto Skadar Lake ni\u017c dzi\u0119ki Porto Montenegro, powiedzia\u0142 Zindovi\u0107.<\/p>\n<p><strong>\u0179r\u00f3d\u0142o: montenegro.travel \/ balkanistyka.org<\/strong><\/p>\n<p>[flv]http:\/\/www.rtcg.me\/upload\/boxFileData\/2014\/11\/8\/96817\/8.1108%2011%20Post%20Biljana%20Rpvcanin%20001-1.mp4[\/flv]<\/p>\n","protected":false},"excerpt":{"rendered":"<p>Budowa wartego 90 milion\u00f3w euro kompleksu turystycznego Porto Skadar Lake, rozpocznie si\u0119 w marcu przysz\u0142ego roku, a pierwszych go\u015bci b\u0119dzie si\u0119 mo\u017cna spodziewa\u0107 w maju 2017 roku, powiedzia\u0142 przedstawiciel odpowiedzialnego za projekt Montenegro resort, Ivan Zindovi\u0107. Rz\u0105d, pod koniec pa\u017adziernika br., przyj\u0105\u0142 projekt decyzji w sprawie studium lokalizacyjnego. Stworzy\u0142o to warunki dla inwestora ubiegaj\u0105cego si\u0119 [&hellip;]<\/p>\n","protected":false},"author":1,"featured_media":0,"comment_status":"closed","ping_status":"closed","sticky":false,"template":"","format":"standard","meta":{"spay_email":"","jetpack_publicize_message":"","jetpack_is_tweetstorm":false,"jetpack_publicize_feature_enabled":true},"categories":[8],"tags":[],"jetpack_publicize_connections":[],"yoast_head":"<!-- This site is optimized with the Yoast SEO plugin v19.1 - https:\/\/yoast.com\/wordpress\/plugins\/seo\/ -->\n<title>Czarnog\u00f3ra: Wybuduj\u0105 Porto Skadar Lake - Video - Lajme nga Ulqini<\/title>\n<meta name=\"description\" content=\"Budowa wartego 90 milion\u00f3w euro kompleksu turystycznego Porto Skadar Lake, rozpocznie si\u0119 w marcu przysz\u0142ego roku, a pierwszych go\u015bci b\u0119dzie si\u0119 mo\u017cna\" \/>\n<meta name=\"robots\" content=\"index, follow, max-snippet:-1, max-image-preview:large, max-video-preview:-1\" \/>\n<link rel=\"canonical\" href=\"https:\/\/www.visit-ulcinj.com\/blog\/2014\/11\/10\/czarnogora-wybuduja-porto-skadar-lake-video\/\" \/>\n<meta property=\"og:locale\" content=\"en_US\" \/>\n<meta property=\"og:type\" content=\"article\" \/>\n<meta property=\"og:title\" content=\"Czarnog\u00f3ra: Wybuduj\u0105 Porto Skadar Lake - Video - Lajme nga Ulqini\" \/>\n<meta property=\"og:description\" content=\"Budowa wartego 90 milion\u00f3w euro kompleksu turystycznego Porto Skadar Lake, rozpocznie si\u0119 w marcu przysz\u0142ego roku, a pierwszych go\u015bci b\u0119dzie si\u0119 mo\u017cna\" \/>\n<meta property=\"og:url\" content=\"https:\/\/www.visit-ulcinj.com\/blog\/2014\/11\/10\/czarnogora-wybuduja-porto-skadar-lake-video\/\" \/>\n<meta property=\"og:site_name\" content=\"Lajme nga Ulqini\" \/>\n<meta property=\"article:published_time\" content=\"2014-11-10T08:43:29+00:00\" \/>\n<meta property=\"article:modified_time\" content=\"2014-11-10T08:44:01+00:00\" \/>\n<meta property=\"og:image\" content=\"http:\/\/www.visit-ulcinj.com\/blog\/wp-content\/uploads\/2014\/11\/porto_skadar_lake_.jpg\" \/>\n<meta name=\"twitter:label1\" content=\"Written by\" \/>\n\t<meta name=\"twitter:data1\" content=\"ulqini\" \/>\n\t<meta name=\"twitter:label2\" content=\"Est. reading time\" \/>\n\t<meta name=\"twitter:data2\" content=\"1 minute\" \/>\n<script type=\"application\/ld+json\" class=\"yoast-schema-graph\">{\"@context\":\"https:\/\/schema.org\",\"@graph\":[{\"@type\":\"WebSite\",\"@id\":\"https:\/\/www.visit-ulcinj.com\/blog\/#website\",\"url\":\"https:\/\/www.visit-ulcinj.com\/blog\/\",\"name\":\"Lajme nga Ulqini\",\"description\":\"Lajme,Vijesti,Ulqini,Ulqin,Crna Gora,Mali i Zi\",\"potentialAction\":[{\"@type\":\"SearchAction\",\"target\":{\"@type\":\"EntryPoint\",\"urlTemplate\":\"https:\/\/www.visit-ulcinj.com\/blog\/?s={search_term_string}\"},\"query-input\":\"required name=search_term_string\"}],\"inLanguage\":\"en-US\"},{\"@type\":\"ImageObject\",\"inLanguage\":\"en-US\",\"@id\":\"https:\/\/www.visit-ulcinj.com\/blog\/2014\/11\/10\/czarnogora-wybuduja-porto-skadar-lake-video\/#primaryimage\",\"url\":\"https:\/\/www.visit-ulcinj.com\/blog\/wp-content\/uploads\/2014\/11\/porto_skadar_lake_.jpg\",\"contentUrl\":\"https:\/\/www.visit-ulcinj.com\/blog\/wp-content\/uploads\/2014\/11\/porto_skadar_lake_.jpg\",\"width\":640,\"height\":480},{\"@type\":\"WebPage\",\"@id\":\"https:\/\/www.visit-ulcinj.com\/blog\/2014\/11\/10\/czarnogora-wybuduja-porto-skadar-lake-video\/#webpage\",\"url\":\"https:\/\/www.visit-ulcinj.com\/blog\/2014\/11\/10\/czarnogora-wybuduja-porto-skadar-lake-video\/\",\"name\":\"Czarnog\u00f3ra: Wybuduj\u0105 Porto Skadar Lake - Video - Lajme nga Ulqini\",\"isPartOf\":{\"@id\":\"https:\/\/www.visit-ulcinj.com\/blog\/#website\"},\"primaryImageOfPage\":{\"@id\":\"https:\/\/www.visit-ulcinj.com\/blog\/2014\/11\/10\/czarnogora-wybuduja-porto-skadar-lake-video\/#primaryimage\"},\"datePublished\":\"2014-11-10T08:43:29+00:00\",\"dateModified\":\"2014-11-10T08:44:01+00:00\",\"author\":{\"@id\":\"https:\/\/www.visit-ulcinj.com\/blog\/#\/schema\/person\/dcab619c614d3038751c63bc2aadc06d\"},\"description\":\"Budowa wartego 90 milion\u00f3w euro kompleksu turystycznego Porto Skadar Lake, rozpocznie si\u0119 w marcu przysz\u0142ego roku, a pierwszych go\u015bci b\u0119dzie si\u0119 mo\u017cna\",\"breadcrumb\":{\"@id\":\"https:\/\/www.visit-ulcinj.com\/blog\/2014\/11\/10\/czarnogora-wybuduja-porto-skadar-lake-video\/#breadcrumb\"},\"inLanguage\":\"en-US\",\"potentialAction\":[{\"@type\":\"ReadAction\",\"target\":[\"https:\/\/www.visit-ulcinj.com\/blog\/2014\/11\/10\/czarnogora-wybuduja-porto-skadar-lake-video\/\"]}]},{\"@type\":\"BreadcrumbList\",\"@id\":\"https:\/\/www.visit-ulcinj.com\/blog\/2014\/11\/10\/czarnogora-wybuduja-porto-skadar-lake-video\/#breadcrumb\",\"itemListElement\":[{\"@type\":\"ListItem\",\"position\":1,\"name\":\"Czarnog\u00f3ra: Wybuduj\u0105 Porto Skadar Lake &#8211; Video\"}]},{\"@type\":\"Person\",\"@id\":\"https:\/\/www.visit-ulcinj.com\/blog\/#\/schema\/person\/dcab619c614d3038751c63bc2aadc06d\",\"name\":\"ulqini\",\"sameAs\":[\"http:\/\/www.visit-ulcinj.com\"],\"url\":\"https:\/\/www.visit-ulcinj.com\/blog\/author\/admin\/\"}]}<\/script>\n<!-- \/ Yoast SEO plugin. -->","yoast_head_json":{"title":"Czarnog\u00f3ra: Wybuduj\u0105 Porto Skadar Lake - Video - Lajme nga Ulqini","description":"Budowa wartego 90 milion\u00f3w euro kompleksu turystycznego Porto Skadar Lake, rozpocznie si\u0119 w marcu przysz\u0142ego roku, a pierwszych go\u015bci b\u0119dzie si\u0119 mo\u017cna","robots":{"index":"index","follow":"follow","max-snippet":"max-snippet:-1","max-image-preview":"max-image-preview:large","max-video-preview":"max-video-preview:-1"},"canonical":"https:\/\/www.visit-ulcinj.com\/blog\/2014\/11\/10\/czarnogora-wybuduja-porto-skadar-lake-video\/","og_locale":"en_US","og_type":"article","og_title":"Czarnog\u00f3ra: Wybuduj\u0105 Porto Skadar Lake - Video - Lajme nga Ulqini","og_description":"Budowa wartego 90 milion\u00f3w euro kompleksu turystycznego Porto Skadar Lake, rozpocznie si\u0119 w marcu przysz\u0142ego roku, a pierwszych go\u015bci b\u0119dzie si\u0119 mo\u017cna","og_url":"https:\/\/www.visit-ulcinj.com\/blog\/2014\/11\/10\/czarnogora-wybuduja-porto-skadar-lake-video\/","og_site_name":"Lajme nga Ulqini","article_published_time":"2014-11-10T08:43:29+00:00","article_modified_time":"2014-11-10T08:44:01+00:00","og_image":[{"url":"http:\/\/www.visit-ulcinj.com\/blog\/wp-content\/uploads\/2014\/11\/porto_skadar_lake_.jpg"}],"twitter_misc":{"Written by":"ulqini","Est. reading time":"1 minute"},"schema":{"@context":"https:\/\/schema.org","@graph":[{"@type":"WebSite","@id":"https:\/\/www.visit-ulcinj.com\/blog\/#website","url":"https:\/\/www.visit-ulcinj.com\/blog\/","name":"Lajme nga Ulqini","description":"Lajme,Vijesti,Ulqini,Ulqin,Crna Gora,Mali i Zi","potentialAction":[{"@type":"SearchAction","target":{"@type":"EntryPoint","urlTemplate":"https:\/\/www.visit-ulcinj.com\/blog\/?s={search_term_string}"},"query-input":"required name=search_term_string"}],"inLanguage":"en-US"},{"@type":"ImageObject","inLanguage":"en-US","@id":"https:\/\/www.visit-ulcinj.com\/blog\/2014\/11\/10\/czarnogora-wybuduja-porto-skadar-lake-video\/#primaryimage","url":"https:\/\/www.visit-ulcinj.com\/blog\/wp-content\/uploads\/2014\/11\/porto_skadar_lake_.jpg","contentUrl":"https:\/\/www.visit-ulcinj.com\/blog\/wp-content\/uploads\/2014\/11\/porto_skadar_lake_.jpg","width":640,"height":480},{"@type":"WebPage","@id":"https:\/\/www.visit-ulcinj.com\/blog\/2014\/11\/10\/czarnogora-wybuduja-porto-skadar-lake-video\/#webpage","url":"https:\/\/www.visit-ulcinj.com\/blog\/2014\/11\/10\/czarnogora-wybuduja-porto-skadar-lake-video\/","name":"Czarnog\u00f3ra: Wybuduj\u0105 Porto Skadar Lake - Video - Lajme nga Ulqini","isPartOf":{"@id":"https:\/\/www.visit-ulcinj.com\/blog\/#website"},"primaryImageOfPage":{"@id":"https:\/\/www.visit-ulcinj.com\/blog\/2014\/11\/10\/czarnogora-wybuduja-porto-skadar-lake-video\/#primaryimage"},"datePublished":"2014-11-10T08:43:29+00:00","dateModified":"2014-11-10T08:44:01+00:00","author":{"@id":"https:\/\/www.visit-ulcinj.com\/blog\/#\/schema\/person\/dcab619c614d3038751c63bc2aadc06d"},"description":"Budowa wartego 90 milion\u00f3w euro kompleksu turystycznego Porto Skadar Lake, rozpocznie si\u0119 w marcu przysz\u0142ego roku, a pierwszych go\u015bci b\u0119dzie si\u0119 mo\u017cna","breadcrumb":{"@id":"https:\/\/www.visit-ulcinj.com\/blog\/2014\/11\/10\/czarnogora-wybuduja-porto-skadar-lake-video\/#breadcrumb"},"inLanguage":"en-US","potentialAction":[{"@type":"ReadAction","target":["https:\/\/www.visit-ulcinj.com\/blog\/2014\/11\/10\/czarnogora-wybuduja-porto-skadar-lake-video\/"]}]},{"@type":"BreadcrumbList","@id":"https:\/\/www.visit-ulcinj.com\/blog\/2014\/11\/10\/czarnogora-wybuduja-porto-skadar-lake-video\/#breadcrumb","itemListElement":[{"@type":"ListItem","position":1,"name":"Czarnog\u00f3ra: Wybuduj\u0105 Porto Skadar Lake &#8211; Video"}]},{"@type":"Person","@id":"https:\/\/www.visit-ulcinj.com\/blog\/#\/schema\/person\/dcab619c614d3038751c63bc2aadc06d","name":"ulqini","sameAs":["http:\/\/www.visit-ulcinj.com"],"url":"https:\/\/www.visit-ulcinj.com\/blog\/author\/admin\/"}]}},"jetpack_featured_media_url":"","jetpack_sharing_enabled":true,"jetpack_shortlink":"https:\/\/wp.me\/pe6lTn-mrz","_links":{"self":[{"href":"https:\/\/www.visit-ulcinj.com\/blog\/wp-json\/wp\/v2\/posts\/86277"}],"collection":[{"href":"https:\/\/www.visit-ulcinj.com\/blog\/wp-json\/wp\/v2\/posts"}],"about":[{"href":"https:\/\/www.visit-ulcinj.com\/blog\/wp-json\/wp\/v2\/types\/post"}],"author":[{"embeddable":true,"href":"https:\/\/www.visit-ulcinj.com\/blog\/wp-json\/wp\/v2\/users\/1"}],"replies":[{"embeddable":true,"href":"https:\/\/www.visit-ulcinj.com\/blog\/wp-json\/wp\/v2\/comments?post=86277"}],"version-history":[{"count":2,"href":"https:\/\/www.visit-ulcinj.com\/blog\/wp-json\/wp\/v2\/posts\/86277\/revisions"}],"predecessor-version":[{"id":86279,"href":"https:\/\/www.visit-ulcinj.com\/blog\/wp-json\/wp\/v2\/posts\/86277\/revisions\/86279"}],"wp:attachment":[{"href":"https:\/\/www.visit-ulcinj.com\/blog\/wp-json\/wp\/v2\/media?parent=86277"}],"wp:term":[{"taxonomy":"category","embeddable":true,"href":"https:\/\/www.visit-ulcinj.com\/blog\/wp-json\/wp\/v2\/categories?post=86277"},{"taxonomy":"post_tag","embeddable":true,"href":"https:\/\/www.visit-ulcinj.com\/blog\/wp-json\/wp\/v2\/tags?post=86277"}],"curies":[{"name":"wp","href":"https:\/\/api.w.org\/{rel}","templated":true}]}}