{"id":86284,"date":"2014-11-10T10:02:04","date_gmt":"2014-11-10T09:02:04","guid":{"rendered":"http:\/\/www.visit-ulcinj.com\/blog\/?p=86284"},"modified":"2014-11-10T10:02:04","modified_gmt":"2014-11-10T09:02:04","slug":"turystyka-za-malo-zeby-promowac-czarnogore","status":"publish","type":"post","link":"https:\/\/www.visit-ulcinj.com\/blog\/2014\/11\/10\/turystyka-za-malo-zeby-promowac-czarnogore\/","title":{"rendered":"Turystyka to za ma\u0142o \u017ceby promowa\u0107 Czarnog\u00f3r\u0119"},"content":{"rendered":"<p><a href=\"http:\/\/www.visit-ulcinj.com\/blog\/wp-content\/uploads\/2014\/09\/Budva.jpg\"><img loading=\"lazy\" class=\"alignleft wp-image-85038\" src=\"http:\/\/www.visit-ulcinj.com\/blog\/wp-content\/uploads\/2014\/09\/Budva.jpg\" alt=\"Budva\" width=\"508\" height=\"281\" srcset=\"https:\/\/www.visit-ulcinj.com\/blog\/wp-content\/uploads\/2014\/09\/Budva.jpg 1024w, https:\/\/www.visit-ulcinj.com\/blog\/wp-content\/uploads\/2014\/09\/Budva-300x166.jpg 300w\" sizes=\"(max-width: 508px) 100vw, 508px\" \/><\/a>Promocja Czarnog\u00f3ry tylko jako atrakcyjnego miejsca wypoczynku nie mo\u017ce s\u0142u\u017cy\u0107 jako wyznacznik budowania marki narodowej pa\u0144stwa. W procesie budowanie \u015bwiadomo\u015bci marki (ang. branding) nale\u017cy wykona\u0107 zar\u00f3wno repozycjonowanie, a wi\u0119c podj\u0119cie wszelkich dzia\u0142a\u0144 d\u0105\u017c\u0105cych ku zmianie w \u015bwiadomo\u015bci klient\u00f3w \u2013 pozycji marki, ale tak\u017ce zmian\u0119 wizerunku i to\u017csamo\u015bci tak, by modyfikacja obecnego wygl\u0105du i wizerunku na bardziej po\u017c\u0105dany zako\u0144czy\u0142a si\u0119 sukcesem, stwierdzono na spotkaniu dyrektora generalnego ds. rozwoju produktu krajowego i ochrony konsument\u00f3w w Ministerstwie Gospodarki, Jovo Rabrenovicia z ambasadorem S\u0142owenii w Czarnog\u00f3rze, Vladimirem Gaspari\u010dem.<br \/>\nBudowanie marki narodowej jest d\u0142ugoterminowym i strategicznym procesem, anga\u017cuj\u0105cym wszystkie dost\u0119pne atrybuty jak potencja\u0142 geograficzny, dziedzictwo kulturowe i historyczne, przywi\u0105zanie do idei, zasoby ludzkie, obiekty sakralne i inne warto\u015bci, kt\u00f3re Czarnog\u00f3r\u0119 r\u00f3\u017cni\u0105 od konkurencji.<br \/>\n\u2013 Czarnog\u00f3ra musi podnie\u015b\u0107 \u015bwiadomo\u015b\u0107 wszystkich zainteresowanych na temat znaczenia budowania marki krajowej i z\u0142o\u017cono\u015bci tego procesu, ze szczeg\u00f3lnym naciskiem na jego stabilno\u015b\u0107, m\u00f3wiono na spotkaniu.<br \/>\nAmbasador Gaspari\u010d zapozna\u0142 Rabrenovicia z procesem tworzenia logo \u201eI feel Slovenia\u201d i jego zastosowaniem we wszystkich dziedzinach \u017cycia, a kt\u00f3re da\u0142o w rezultacie doskona\u0142\u0105 rozpoznawalno\u015b\u0107 kraju na rynkach docelowych.<br \/>\n\u2013 W opracowywaniu krajowej marki Czarnog\u00f3ry nale\u017cy korzysta\u0107 z do\u015bwiadczenia, kt\u00f3re S\u0142owenia zdoby\u0142a w procesie budowania swojej marki narodowej. Bior\u0105c pod uwag\u0119, \u017ce te dwa kraje s\u0105 bardzo podobne, rezultaty, kt\u00f3re osi\u0105gn\u0119\u0142a S\u0142owenia, mog\u0105 by\u0107 dobrym punktem wyj\u015bcia dla kierunku, w kt\u00f3rym Czarnog\u00f3ra powinna si\u0119 porusza\u0107, podsumowano na spotkaniu, na kt\u00f3rym ustalono r\u00f3wnie\u017c pomoc S\u0142owenii w procesie rozwoju marki Czarnog\u00f3ry.<br \/>\nNa spotkaniu om\u00f3wiono mo\u017cliwo\u015bci zorganizowania wsp\u00f3\u0142pracy ze S\u0142oweni\u0105, w postaci konkretnych wizyt studyjnych, zaanga\u017cowania specjalist\u00f3w, a tak\u017ce wymiany do\u015bwiadcze\u0144 z kluczowymi osobami, kt\u00f3re prowadzi\u0142y proces budowania marki narodowej S\u0142owenii. \u2013 S\u0142owenia, w ramach swoich mo\u017cliwo\u015bci, udzieli pomocy i zapewni wszystkie informacje niezb\u0119dne na tym etapie, a tak\u017ce w przysz\u0142o\u015bci.<\/p>\n<p>\u0179r\u00f3d\u0142o: rtcg.me \/ balkanistyka.org<\/p>\n","protected":false},"excerpt":{"rendered":"<p>Promocja Czarnog\u00f3ry tylko jako atrakcyjnego miejsca wypoczynku nie mo\u017ce s\u0142u\u017cy\u0107 jako wyznacznik budowania marki narodowej pa\u0144stwa. W procesie budowanie \u015bwiadomo\u015bci marki (ang. branding) nale\u017cy wykona\u0107 zar\u00f3wno repozycjonowanie, a wi\u0119c podj\u0119cie wszelkich dzia\u0142a\u0144 d\u0105\u017c\u0105cych ku zmianie w \u015bwiadomo\u015bci klient\u00f3w \u2013 pozycji marki, ale tak\u017ce zmian\u0119 wizerunku i to\u017csamo\u015bci tak, by modyfikacja obecnego wygl\u0105du i wizerunku na [&hellip;]<\/p>\n","protected":false},"author":1,"featured_media":0,"comment_status":"closed","ping_status":"closed","sticky":false,"template":"","format":"standard","meta":{"spay_email":"","jetpack_publicize_message":"","jetpack_is_tweetstorm":false,"jetpack_publicize_feature_enabled":true},"categories":[8],"tags":[],"jetpack_publicize_connections":[],"yoast_head":"<!-- This site is optimized with the Yoast SEO plugin v19.1 - https:\/\/yoast.com\/wordpress\/plugins\/seo\/ -->\n<title>Turystyka to za ma\u0142o \u017ceby promowa\u0107 Czarnog\u00f3r\u0119 - Lajme nga Ulqini<\/title>\n<meta name=\"description\" content=\"Promocja Czarnog\u00f3ry tylko jako atrakcyjnego miejsca wypoczynku nie mo\u017ce s\u0142u\u017cy\u0107 jako wyznacznik budowania marki narodowej pa\u0144stwa. W procesie budowanie\" \/>\n<meta name=\"robots\" content=\"index, follow, max-snippet:-1, max-image-preview:large, max-video-preview:-1\" \/>\n<link rel=\"canonical\" href=\"https:\/\/www.visit-ulcinj.com\/blog\/2014\/11\/10\/turystyka-za-malo-zeby-promowac-czarnogore\/\" \/>\n<meta property=\"og:locale\" content=\"en_US\" \/>\n<meta property=\"og:type\" content=\"article\" \/>\n<meta property=\"og:title\" content=\"Turystyka to za ma\u0142o \u017ceby promowa\u0107 Czarnog\u00f3r\u0119 - Lajme nga Ulqini\" \/>\n<meta property=\"og:description\" content=\"Promocja Czarnog\u00f3ry tylko jako atrakcyjnego miejsca wypoczynku nie mo\u017ce s\u0142u\u017cy\u0107 jako wyznacznik budowania marki narodowej pa\u0144stwa. W procesie budowanie\" \/>\n<meta property=\"og:url\" content=\"https:\/\/www.visit-ulcinj.com\/blog\/2014\/11\/10\/turystyka-za-malo-zeby-promowac-czarnogore\/\" \/>\n<meta property=\"og:site_name\" content=\"Lajme nga Ulqini\" \/>\n<meta property=\"article:published_time\" content=\"2014-11-10T09:02:04+00:00\" \/>\n<meta property=\"og:image\" content=\"http:\/\/www.visit-ulcinj.com\/blog\/wp-content\/uploads\/2014\/09\/Budva.jpg\" \/>\n<meta name=\"twitter:label1\" content=\"Written by\" \/>\n\t<meta name=\"twitter:data1\" content=\"ulqini\" \/>\n\t<meta name=\"twitter:label2\" content=\"Est. reading time\" \/>\n\t<meta name=\"twitter:data2\" content=\"2 minutes\" \/>\n<script type=\"application\/ld+json\" class=\"yoast-schema-graph\">{\"@context\":\"https:\/\/schema.org\",\"@graph\":[{\"@type\":\"WebSite\",\"@id\":\"https:\/\/www.visit-ulcinj.com\/blog\/#website\",\"url\":\"https:\/\/www.visit-ulcinj.com\/blog\/\",\"name\":\"Lajme nga Ulqini\",\"description\":\"Lajme,Vijesti,Ulqini,Ulqin,Crna Gora,Mali i Zi\",\"potentialAction\":[{\"@type\":\"SearchAction\",\"target\":{\"@type\":\"EntryPoint\",\"urlTemplate\":\"https:\/\/www.visit-ulcinj.com\/blog\/?s={search_term_string}\"},\"query-input\":\"required name=search_term_string\"}],\"inLanguage\":\"en-US\"},{\"@type\":\"ImageObject\",\"inLanguage\":\"en-US\",\"@id\":\"https:\/\/www.visit-ulcinj.com\/blog\/2014\/11\/10\/turystyka-za-malo-zeby-promowac-czarnogore\/#primaryimage\",\"url\":\"https:\/\/www.visit-ulcinj.com\/blog\/wp-content\/uploads\/2014\/09\/Budva.jpg\",\"contentUrl\":\"https:\/\/www.visit-ulcinj.com\/blog\/wp-content\/uploads\/2014\/09\/Budva.jpg\",\"width\":1024,\"height\":567},{\"@type\":\"WebPage\",\"@id\":\"https:\/\/www.visit-ulcinj.com\/blog\/2014\/11\/10\/turystyka-za-malo-zeby-promowac-czarnogore\/#webpage\",\"url\":\"https:\/\/www.visit-ulcinj.com\/blog\/2014\/11\/10\/turystyka-za-malo-zeby-promowac-czarnogore\/\",\"name\":\"Turystyka to za ma\u0142o \u017ceby promowa\u0107 Czarnog\u00f3r\u0119 - Lajme nga Ulqini\",\"isPartOf\":{\"@id\":\"https:\/\/www.visit-ulcinj.com\/blog\/#website\"},\"primaryImageOfPage\":{\"@id\":\"https:\/\/www.visit-ulcinj.com\/blog\/2014\/11\/10\/turystyka-za-malo-zeby-promowac-czarnogore\/#primaryimage\"},\"datePublished\":\"2014-11-10T09:02:04+00:00\",\"dateModified\":\"2014-11-10T09:02:04+00:00\",\"author\":{\"@id\":\"https:\/\/www.visit-ulcinj.com\/blog\/#\/schema\/person\/dcab619c614d3038751c63bc2aadc06d\"},\"description\":\"Promocja Czarnog\u00f3ry tylko jako atrakcyjnego miejsca wypoczynku nie mo\u017ce s\u0142u\u017cy\u0107 jako wyznacznik budowania marki narodowej pa\u0144stwa. W procesie budowanie\",\"breadcrumb\":{\"@id\":\"https:\/\/www.visit-ulcinj.com\/blog\/2014\/11\/10\/turystyka-za-malo-zeby-promowac-czarnogore\/#breadcrumb\"},\"inLanguage\":\"en-US\",\"potentialAction\":[{\"@type\":\"ReadAction\",\"target\":[\"https:\/\/www.visit-ulcinj.com\/blog\/2014\/11\/10\/turystyka-za-malo-zeby-promowac-czarnogore\/\"]}]},{\"@type\":\"BreadcrumbList\",\"@id\":\"https:\/\/www.visit-ulcinj.com\/blog\/2014\/11\/10\/turystyka-za-malo-zeby-promowac-czarnogore\/#breadcrumb\",\"itemListElement\":[{\"@type\":\"ListItem\",\"position\":1,\"name\":\"Turystyka to za ma\u0142o \u017ceby promowa\u0107 Czarnog\u00f3r\u0119\"}]},{\"@type\":\"Person\",\"@id\":\"https:\/\/www.visit-ulcinj.com\/blog\/#\/schema\/person\/dcab619c614d3038751c63bc2aadc06d\",\"name\":\"ulqini\",\"sameAs\":[\"http:\/\/www.visit-ulcinj.com\"],\"url\":\"https:\/\/www.visit-ulcinj.com\/blog\/author\/admin\/\"}]}<\/script>\n<!-- \/ Yoast SEO plugin. -->","yoast_head_json":{"title":"Turystyka to za ma\u0142o \u017ceby promowa\u0107 Czarnog\u00f3r\u0119 - Lajme nga Ulqini","description":"Promocja Czarnog\u00f3ry tylko jako atrakcyjnego miejsca wypoczynku nie mo\u017ce s\u0142u\u017cy\u0107 jako wyznacznik budowania marki narodowej pa\u0144stwa. W procesie budowanie","robots":{"index":"index","follow":"follow","max-snippet":"max-snippet:-1","max-image-preview":"max-image-preview:large","max-video-preview":"max-video-preview:-1"},"canonical":"https:\/\/www.visit-ulcinj.com\/blog\/2014\/11\/10\/turystyka-za-malo-zeby-promowac-czarnogore\/","og_locale":"en_US","og_type":"article","og_title":"Turystyka to za ma\u0142o \u017ceby promowa\u0107 Czarnog\u00f3r\u0119 - Lajme nga Ulqini","og_description":"Promocja Czarnog\u00f3ry tylko jako atrakcyjnego miejsca wypoczynku nie mo\u017ce s\u0142u\u017cy\u0107 jako wyznacznik budowania marki narodowej pa\u0144stwa. W procesie budowanie","og_url":"https:\/\/www.visit-ulcinj.com\/blog\/2014\/11\/10\/turystyka-za-malo-zeby-promowac-czarnogore\/","og_site_name":"Lajme nga Ulqini","article_published_time":"2014-11-10T09:02:04+00:00","og_image":[{"url":"http:\/\/www.visit-ulcinj.com\/blog\/wp-content\/uploads\/2014\/09\/Budva.jpg"}],"twitter_misc":{"Written by":"ulqini","Est. reading time":"2 minutes"},"schema":{"@context":"https:\/\/schema.org","@graph":[{"@type":"WebSite","@id":"https:\/\/www.visit-ulcinj.com\/blog\/#website","url":"https:\/\/www.visit-ulcinj.com\/blog\/","name":"Lajme nga Ulqini","description":"Lajme,Vijesti,Ulqini,Ulqin,Crna Gora,Mali i Zi","potentialAction":[{"@type":"SearchAction","target":{"@type":"EntryPoint","urlTemplate":"https:\/\/www.visit-ulcinj.com\/blog\/?s={search_term_string}"},"query-input":"required name=search_term_string"}],"inLanguage":"en-US"},{"@type":"ImageObject","inLanguage":"en-US","@id":"https:\/\/www.visit-ulcinj.com\/blog\/2014\/11\/10\/turystyka-za-malo-zeby-promowac-czarnogore\/#primaryimage","url":"https:\/\/www.visit-ulcinj.com\/blog\/wp-content\/uploads\/2014\/09\/Budva.jpg","contentUrl":"https:\/\/www.visit-ulcinj.com\/blog\/wp-content\/uploads\/2014\/09\/Budva.jpg","width":1024,"height":567},{"@type":"WebPage","@id":"https:\/\/www.visit-ulcinj.com\/blog\/2014\/11\/10\/turystyka-za-malo-zeby-promowac-czarnogore\/#webpage","url":"https:\/\/www.visit-ulcinj.com\/blog\/2014\/11\/10\/turystyka-za-malo-zeby-promowac-czarnogore\/","name":"Turystyka to za ma\u0142o \u017ceby promowa\u0107 Czarnog\u00f3r\u0119 - Lajme nga Ulqini","isPartOf":{"@id":"https:\/\/www.visit-ulcinj.com\/blog\/#website"},"primaryImageOfPage":{"@id":"https:\/\/www.visit-ulcinj.com\/blog\/2014\/11\/10\/turystyka-za-malo-zeby-promowac-czarnogore\/#primaryimage"},"datePublished":"2014-11-10T09:02:04+00:00","dateModified":"2014-11-10T09:02:04+00:00","author":{"@id":"https:\/\/www.visit-ulcinj.com\/blog\/#\/schema\/person\/dcab619c614d3038751c63bc2aadc06d"},"description":"Promocja Czarnog\u00f3ry tylko jako atrakcyjnego miejsca wypoczynku nie mo\u017ce s\u0142u\u017cy\u0107 jako wyznacznik budowania marki narodowej pa\u0144stwa. W procesie budowanie","breadcrumb":{"@id":"https:\/\/www.visit-ulcinj.com\/blog\/2014\/11\/10\/turystyka-za-malo-zeby-promowac-czarnogore\/#breadcrumb"},"inLanguage":"en-US","potentialAction":[{"@type":"ReadAction","target":["https:\/\/www.visit-ulcinj.com\/blog\/2014\/11\/10\/turystyka-za-malo-zeby-promowac-czarnogore\/"]}]},{"@type":"BreadcrumbList","@id":"https:\/\/www.visit-ulcinj.com\/blog\/2014\/11\/10\/turystyka-za-malo-zeby-promowac-czarnogore\/#breadcrumb","itemListElement":[{"@type":"ListItem","position":1,"name":"Turystyka to za ma\u0142o \u017ceby promowa\u0107 Czarnog\u00f3r\u0119"}]},{"@type":"Person","@id":"https:\/\/www.visit-ulcinj.com\/blog\/#\/schema\/person\/dcab619c614d3038751c63bc2aadc06d","name":"ulqini","sameAs":["http:\/\/www.visit-ulcinj.com"],"url":"https:\/\/www.visit-ulcinj.com\/blog\/author\/admin\/"}]}},"jetpack_featured_media_url":"","jetpack_sharing_enabled":true,"jetpack_shortlink":"https:\/\/wp.me\/pe6lTn-mrG","_links":{"self":[{"href":"https:\/\/www.visit-ulcinj.com\/blog\/wp-json\/wp\/v2\/posts\/86284"}],"collection":[{"href":"https:\/\/www.visit-ulcinj.com\/blog\/wp-json\/wp\/v2\/posts"}],"about":[{"href":"https:\/\/www.visit-ulcinj.com\/blog\/wp-json\/wp\/v2\/types\/post"}],"author":[{"embeddable":true,"href":"https:\/\/www.visit-ulcinj.com\/blog\/wp-json\/wp\/v2\/users\/1"}],"replies":[{"embeddable":true,"href":"https:\/\/www.visit-ulcinj.com\/blog\/wp-json\/wp\/v2\/comments?post=86284"}],"version-history":[{"count":1,"href":"https:\/\/www.visit-ulcinj.com\/blog\/wp-json\/wp\/v2\/posts\/86284\/revisions"}],"predecessor-version":[{"id":86285,"href":"https:\/\/www.visit-ulcinj.com\/blog\/wp-json\/wp\/v2\/posts\/86284\/revisions\/86285"}],"wp:attachment":[{"href":"https:\/\/www.visit-ulcinj.com\/blog\/wp-json\/wp\/v2\/media?parent=86284"}],"wp:term":[{"taxonomy":"category","embeddable":true,"href":"https:\/\/www.visit-ulcinj.com\/blog\/wp-json\/wp\/v2\/categories?post=86284"},{"taxonomy":"post_tag","embeddable":true,"href":"https:\/\/www.visit-ulcinj.com\/blog\/wp-json\/wp\/v2\/tags?post=86284"}],"curies":[{"name":"wp","href":"https:\/\/api.w.org\/{rel}","templated":true}]}}