{"id":86286,"date":"2014-11-10T10:08:34","date_gmt":"2014-11-10T09:08:34","guid":{"rendered":"http:\/\/www.visit-ulcinj.com\/blog\/?p=86286"},"modified":"2014-11-10T10:08:34","modified_gmt":"2014-11-10T09:08:34","slug":"caloroczna-turystyka-strategicznym-celem-czarnogory","status":"publish","type":"post","link":"https:\/\/www.visit-ulcinj.com\/blog\/2014\/11\/10\/caloroczna-turystyka-strategicznym-celem-czarnogory\/","title":{"rendered":"Ca\u0142oroczna turystyka strategicznym celem Czarnog\u00f3ry"},"content":{"rendered":"<p><a href=\"http:\/\/www.visit-ulcinj.com\/blog\/wp-content\/uploads\/2014\/11\/Celem-strategicznym-rozwoju-turystyki-w-Czarnogorze.jpeg\"><img loading=\"lazy\" class=\"alignleft wp-image-86287\" src=\"http:\/\/www.visit-ulcinj.com\/blog\/wp-content\/uploads\/2014\/11\/Celem-strategicznym-rozwoju-turystyki-w-Czarnogorze.jpeg\" alt=\"Celem strategicznym rozwoju turystyki w Czarnogorze\" width=\"508\" height=\"266\" srcset=\"https:\/\/www.visit-ulcinj.com\/blog\/wp-content\/uploads\/2014\/11\/Celem-strategicznym-rozwoju-turystyki-w-Czarnogorze.jpeg 630w, https:\/\/www.visit-ulcinj.com\/blog\/wp-content\/uploads\/2014\/11\/Celem-strategicznym-rozwoju-turystyki-w-Czarnogorze-300x157.jpeg 300w\" sizes=\"(max-width: 508px) 100vw, 508px\" \/><\/a>Celem strategicznym rozwoju turystyki w Czarnog\u00f3rze jest postrzeganie jej na mapie \u015bwiata jako ca\u0142orocznego kierunku podr\u00f3\u017cy o wysokiej jako\u015bci \u015bwiadczonych us\u0142ug i ze zr\u00f3\u017cnicowan\u0105 ofert\u0105 \u2013 wynika z wypowiedzi Ministra Turystyki i Zr\u00f3wnowa\u017conego Rozwoju Czarnog\u00f3ry, Branimira Gvozdenovicia.<\/p>\n<p>Dyskusja o czarnog\u00f3rskiej turystyce sta\u0142a si\u0119 jednym z punkt\u00f3w obrad okr\u0105g\u0142ego sto\u0142u w Tiranie, kt\u00f3re oscylowa\u0142y wok\u00f3\u0142 kwestii roli rz\u0105du w zarz\u0105dzaniu sezonowo\u015bci\u0105 turystyki. Gvozdenovi\u0107 zosta\u0142 poproszony o przedstawienie do\u015bwiadcze\u0144 swojego kraju, z uwzgl\u0119dnieniem kluczowej roli w\u0142adz pa\u0144stwowych i lokalnych w rozwi\u0105zywaniu problemu sezonowo\u015bci.<\/p>\n<p>&#8211; Jeste\u015bmy \u015bwiadomi tego, jak wa\u017cne jest przygotowanie ca\u0142orocznej oferty turystycznej, szczeg\u00f3lnie, je\u015bli we\u017amiemy pod uwag\u0119 nasze zaanga\u017cowanie w zr\u00f3wnowa\u017cony rozw\u00f3j \u2013 doda\u0142 Gvozdenovi\u0107.<\/p>\n<p>W spotkaniu wzi\u0119li udzia\u0142 Ministrowie i przedstawiciele bran\u017cy turystycznej ze Szwajcarii, Portugalii, \u00a0Grecji, W\u0119gier, Rumunii, Turcji, San Marino, Litwy i Macedonii.<\/p>\n<p>\u0179r\u00f3d\u0142a: portalanalitika.me \/ balkanistyka.org\/<\/p>\n","protected":false},"excerpt":{"rendered":"<p>Celem strategicznym rozwoju turystyki w Czarnog\u00f3rze jest postrzeganie jej na mapie \u015bwiata jako ca\u0142orocznego kierunku podr\u00f3\u017cy o wysokiej jako\u015bci \u015bwiadczonych us\u0142ug i ze zr\u00f3\u017cnicowan\u0105 ofert\u0105 \u2013 wynika z wypowiedzi Ministra Turystyki i Zr\u00f3wnowa\u017conego Rozwoju Czarnog\u00f3ry, Branimira Gvozdenovicia. Dyskusja o czarnog\u00f3rskiej turystyce sta\u0142a si\u0119 jednym z punkt\u00f3w obrad okr\u0105g\u0142ego sto\u0142u w Tiranie, kt\u00f3re oscylowa\u0142y wok\u00f3\u0142 kwestii [&hellip;]<\/p>\n","protected":false},"author":1,"featured_media":0,"comment_status":"closed","ping_status":"closed","sticky":false,"template":"","format":"standard","meta":{"spay_email":"","jetpack_publicize_message":"","jetpack_is_tweetstorm":false,"jetpack_publicize_feature_enabled":true},"categories":[8],"tags":[],"jetpack_publicize_connections":[],"yoast_head":"<!-- This site is optimized with the Yoast SEO plugin v19.1 - https:\/\/yoast.com\/wordpress\/plugins\/seo\/ -->\n<title>Ca\u0142oroczna turystyka strategicznym celem Czarnog\u00f3ry - Lajme nga Ulqini<\/title>\n<meta name=\"description\" content=\"Celem strategicznym rozwoju turystyki w Czarnog\u00f3rze jest postrzeganie jej na mapie \u015bwiata jako ca\u0142orocznego kierunku podr\u00f3\u017cy o wysokiej jako\u015bci\" \/>\n<meta name=\"robots\" content=\"index, follow, max-snippet:-1, max-image-preview:large, max-video-preview:-1\" \/>\n<link rel=\"canonical\" href=\"https:\/\/www.visit-ulcinj.com\/blog\/2014\/11\/10\/caloroczna-turystyka-strategicznym-celem-czarnogory\/\" \/>\n<meta property=\"og:locale\" content=\"en_US\" \/>\n<meta property=\"og:type\" content=\"article\" \/>\n<meta property=\"og:title\" content=\"Ca\u0142oroczna turystyka strategicznym celem Czarnog\u00f3ry - Lajme nga Ulqini\" \/>\n<meta property=\"og:description\" content=\"Celem strategicznym rozwoju turystyki w Czarnog\u00f3rze jest postrzeganie jej na mapie \u015bwiata jako ca\u0142orocznego kierunku podr\u00f3\u017cy o wysokiej jako\u015bci\" \/>\n<meta property=\"og:url\" content=\"https:\/\/www.visit-ulcinj.com\/blog\/2014\/11\/10\/caloroczna-turystyka-strategicznym-celem-czarnogory\/\" \/>\n<meta property=\"og:site_name\" content=\"Lajme nga Ulqini\" \/>\n<meta property=\"article:published_time\" content=\"2014-11-10T09:08:34+00:00\" \/>\n<meta property=\"og:image\" content=\"http:\/\/www.visit-ulcinj.com\/blog\/wp-content\/uploads\/2014\/11\/Celem-strategicznym-rozwoju-turystyki-w-Czarnogorze.jpeg\" \/>\n<meta name=\"twitter:label1\" content=\"Written by\" \/>\n\t<meta name=\"twitter:data1\" content=\"ulqini\" \/>\n\t<meta name=\"twitter:label2\" content=\"Est. reading time\" \/>\n\t<meta name=\"twitter:data2\" content=\"1 minute\" \/>\n<script type=\"application\/ld+json\" class=\"yoast-schema-graph\">{\"@context\":\"https:\/\/schema.org\",\"@graph\":[{\"@type\":\"WebSite\",\"@id\":\"https:\/\/www.visit-ulcinj.com\/blog\/#website\",\"url\":\"https:\/\/www.visit-ulcinj.com\/blog\/\",\"name\":\"Lajme nga Ulqini\",\"description\":\"Lajme,Vijesti,Ulqini,Ulqin,Crna Gora,Mali i Zi\",\"potentialAction\":[{\"@type\":\"SearchAction\",\"target\":{\"@type\":\"EntryPoint\",\"urlTemplate\":\"https:\/\/www.visit-ulcinj.com\/blog\/?s={search_term_string}\"},\"query-input\":\"required name=search_term_string\"}],\"inLanguage\":\"en-US\"},{\"@type\":\"ImageObject\",\"inLanguage\":\"en-US\",\"@id\":\"https:\/\/www.visit-ulcinj.com\/blog\/2014\/11\/10\/caloroczna-turystyka-strategicznym-celem-czarnogory\/#primaryimage\",\"url\":\"https:\/\/www.visit-ulcinj.com\/blog\/wp-content\/uploads\/2014\/11\/Celem-strategicznym-rozwoju-turystyki-w-Czarnogorze.jpeg\",\"contentUrl\":\"https:\/\/www.visit-ulcinj.com\/blog\/wp-content\/uploads\/2014\/11\/Celem-strategicznym-rozwoju-turystyki-w-Czarnogorze.jpeg\",\"width\":630,\"height\":330},{\"@type\":\"WebPage\",\"@id\":\"https:\/\/www.visit-ulcinj.com\/blog\/2014\/11\/10\/caloroczna-turystyka-strategicznym-celem-czarnogory\/#webpage\",\"url\":\"https:\/\/www.visit-ulcinj.com\/blog\/2014\/11\/10\/caloroczna-turystyka-strategicznym-celem-czarnogory\/\",\"name\":\"Ca\u0142oroczna turystyka strategicznym celem Czarnog\u00f3ry - Lajme nga Ulqini\",\"isPartOf\":{\"@id\":\"https:\/\/www.visit-ulcinj.com\/blog\/#website\"},\"primaryImageOfPage\":{\"@id\":\"https:\/\/www.visit-ulcinj.com\/blog\/2014\/11\/10\/caloroczna-turystyka-strategicznym-celem-czarnogory\/#primaryimage\"},\"datePublished\":\"2014-11-10T09:08:34+00:00\",\"dateModified\":\"2014-11-10T09:08:34+00:00\",\"author\":{\"@id\":\"https:\/\/www.visit-ulcinj.com\/blog\/#\/schema\/person\/dcab619c614d3038751c63bc2aadc06d\"},\"description\":\"Celem strategicznym rozwoju turystyki w Czarnog\u00f3rze jest postrzeganie jej na mapie \u015bwiata jako ca\u0142orocznego kierunku podr\u00f3\u017cy o wysokiej jako\u015bci\",\"breadcrumb\":{\"@id\":\"https:\/\/www.visit-ulcinj.com\/blog\/2014\/11\/10\/caloroczna-turystyka-strategicznym-celem-czarnogory\/#breadcrumb\"},\"inLanguage\":\"en-US\",\"potentialAction\":[{\"@type\":\"ReadAction\",\"target\":[\"https:\/\/www.visit-ulcinj.com\/blog\/2014\/11\/10\/caloroczna-turystyka-strategicznym-celem-czarnogory\/\"]}]},{\"@type\":\"BreadcrumbList\",\"@id\":\"https:\/\/www.visit-ulcinj.com\/blog\/2014\/11\/10\/caloroczna-turystyka-strategicznym-celem-czarnogory\/#breadcrumb\",\"itemListElement\":[{\"@type\":\"ListItem\",\"position\":1,\"name\":\"Ca\u0142oroczna turystyka strategicznym celem Czarnog\u00f3ry\"}]},{\"@type\":\"Person\",\"@id\":\"https:\/\/www.visit-ulcinj.com\/blog\/#\/schema\/person\/dcab619c614d3038751c63bc2aadc06d\",\"name\":\"ulqini\",\"sameAs\":[\"http:\/\/www.visit-ulcinj.com\"],\"url\":\"https:\/\/www.visit-ulcinj.com\/blog\/author\/admin\/\"}]}<\/script>\n<!-- \/ Yoast SEO plugin. -->","yoast_head_json":{"title":"Ca\u0142oroczna turystyka strategicznym celem Czarnog\u00f3ry - Lajme nga Ulqini","description":"Celem strategicznym rozwoju turystyki w Czarnog\u00f3rze jest postrzeganie jej na mapie \u015bwiata jako ca\u0142orocznego kierunku podr\u00f3\u017cy o wysokiej jako\u015bci","robots":{"index":"index","follow":"follow","max-snippet":"max-snippet:-1","max-image-preview":"max-image-preview:large","max-video-preview":"max-video-preview:-1"},"canonical":"https:\/\/www.visit-ulcinj.com\/blog\/2014\/11\/10\/caloroczna-turystyka-strategicznym-celem-czarnogory\/","og_locale":"en_US","og_type":"article","og_title":"Ca\u0142oroczna turystyka strategicznym celem Czarnog\u00f3ry - Lajme nga Ulqini","og_description":"Celem strategicznym rozwoju turystyki w Czarnog\u00f3rze jest postrzeganie jej na mapie \u015bwiata jako ca\u0142orocznego kierunku podr\u00f3\u017cy o wysokiej jako\u015bci","og_url":"https:\/\/www.visit-ulcinj.com\/blog\/2014\/11\/10\/caloroczna-turystyka-strategicznym-celem-czarnogory\/","og_site_name":"Lajme nga Ulqini","article_published_time":"2014-11-10T09:08:34+00:00","og_image":[{"url":"http:\/\/www.visit-ulcinj.com\/blog\/wp-content\/uploads\/2014\/11\/Celem-strategicznym-rozwoju-turystyki-w-Czarnogorze.jpeg"}],"twitter_misc":{"Written by":"ulqini","Est. reading time":"1 minute"},"schema":{"@context":"https:\/\/schema.org","@graph":[{"@type":"WebSite","@id":"https:\/\/www.visit-ulcinj.com\/blog\/#website","url":"https:\/\/www.visit-ulcinj.com\/blog\/","name":"Lajme nga Ulqini","description":"Lajme,Vijesti,Ulqini,Ulqin,Crna Gora,Mali i Zi","potentialAction":[{"@type":"SearchAction","target":{"@type":"EntryPoint","urlTemplate":"https:\/\/www.visit-ulcinj.com\/blog\/?s={search_term_string}"},"query-input":"required name=search_term_string"}],"inLanguage":"en-US"},{"@type":"ImageObject","inLanguage":"en-US","@id":"https:\/\/www.visit-ulcinj.com\/blog\/2014\/11\/10\/caloroczna-turystyka-strategicznym-celem-czarnogory\/#primaryimage","url":"https:\/\/www.visit-ulcinj.com\/blog\/wp-content\/uploads\/2014\/11\/Celem-strategicznym-rozwoju-turystyki-w-Czarnogorze.jpeg","contentUrl":"https:\/\/www.visit-ulcinj.com\/blog\/wp-content\/uploads\/2014\/11\/Celem-strategicznym-rozwoju-turystyki-w-Czarnogorze.jpeg","width":630,"height":330},{"@type":"WebPage","@id":"https:\/\/www.visit-ulcinj.com\/blog\/2014\/11\/10\/caloroczna-turystyka-strategicznym-celem-czarnogory\/#webpage","url":"https:\/\/www.visit-ulcinj.com\/blog\/2014\/11\/10\/caloroczna-turystyka-strategicznym-celem-czarnogory\/","name":"Ca\u0142oroczna turystyka strategicznym celem Czarnog\u00f3ry - Lajme nga Ulqini","isPartOf":{"@id":"https:\/\/www.visit-ulcinj.com\/blog\/#website"},"primaryImageOfPage":{"@id":"https:\/\/www.visit-ulcinj.com\/blog\/2014\/11\/10\/caloroczna-turystyka-strategicznym-celem-czarnogory\/#primaryimage"},"datePublished":"2014-11-10T09:08:34+00:00","dateModified":"2014-11-10T09:08:34+00:00","author":{"@id":"https:\/\/www.visit-ulcinj.com\/blog\/#\/schema\/person\/dcab619c614d3038751c63bc2aadc06d"},"description":"Celem strategicznym rozwoju turystyki w Czarnog\u00f3rze jest postrzeganie jej na mapie \u015bwiata jako ca\u0142orocznego kierunku podr\u00f3\u017cy o wysokiej jako\u015bci","breadcrumb":{"@id":"https:\/\/www.visit-ulcinj.com\/blog\/2014\/11\/10\/caloroczna-turystyka-strategicznym-celem-czarnogory\/#breadcrumb"},"inLanguage":"en-US","potentialAction":[{"@type":"ReadAction","target":["https:\/\/www.visit-ulcinj.com\/blog\/2014\/11\/10\/caloroczna-turystyka-strategicznym-celem-czarnogory\/"]}]},{"@type":"BreadcrumbList","@id":"https:\/\/www.visit-ulcinj.com\/blog\/2014\/11\/10\/caloroczna-turystyka-strategicznym-celem-czarnogory\/#breadcrumb","itemListElement":[{"@type":"ListItem","position":1,"name":"Ca\u0142oroczna turystyka strategicznym celem Czarnog\u00f3ry"}]},{"@type":"Person","@id":"https:\/\/www.visit-ulcinj.com\/blog\/#\/schema\/person\/dcab619c614d3038751c63bc2aadc06d","name":"ulqini","sameAs":["http:\/\/www.visit-ulcinj.com"],"url":"https:\/\/www.visit-ulcinj.com\/blog\/author\/admin\/"}]}},"jetpack_featured_media_url":"","jetpack_sharing_enabled":true,"jetpack_shortlink":"https:\/\/wp.me\/pe6lTn-mrI","_links":{"self":[{"href":"https:\/\/www.visit-ulcinj.com\/blog\/wp-json\/wp\/v2\/posts\/86286"}],"collection":[{"href":"https:\/\/www.visit-ulcinj.com\/blog\/wp-json\/wp\/v2\/posts"}],"about":[{"href":"https:\/\/www.visit-ulcinj.com\/blog\/wp-json\/wp\/v2\/types\/post"}],"author":[{"embeddable":true,"href":"https:\/\/www.visit-ulcinj.com\/blog\/wp-json\/wp\/v2\/users\/1"}],"replies":[{"embeddable":true,"href":"https:\/\/www.visit-ulcinj.com\/blog\/wp-json\/wp\/v2\/comments?post=86286"}],"version-history":[{"count":1,"href":"https:\/\/www.visit-ulcinj.com\/blog\/wp-json\/wp\/v2\/posts\/86286\/revisions"}],"predecessor-version":[{"id":86288,"href":"https:\/\/www.visit-ulcinj.com\/blog\/wp-json\/wp\/v2\/posts\/86286\/revisions\/86288"}],"wp:attachment":[{"href":"https:\/\/www.visit-ulcinj.com\/blog\/wp-json\/wp\/v2\/media?parent=86286"}],"wp:term":[{"taxonomy":"category","embeddable":true,"href":"https:\/\/www.visit-ulcinj.com\/blog\/wp-json\/wp\/v2\/categories?post=86286"},{"taxonomy":"post_tag","embeddable":true,"href":"https:\/\/www.visit-ulcinj.com\/blog\/wp-json\/wp\/v2\/tags?post=86286"}],"curies":[{"name":"wp","href":"https:\/\/api.w.org\/{rel}","templated":true}]}}