{"id":86293,"date":"2014-11-10T12:14:08","date_gmt":"2014-11-10T11:14:08","guid":{"rendered":"http:\/\/www.visit-ulcinj.com\/blog\/?p=86293"},"modified":"2014-11-13T17:53:46","modified_gmt":"2014-11-13T16:53:46","slug":"nika-deputetet-shqiptar-shahen-ne-kuvend-te-ulqinit","status":"publish","type":"post","link":"https:\/\/www.visit-ulcinj.com\/blog\/2014\/11\/10\/nika-deputetet-shqiptar-shahen-ne-kuvend-te-ulqinit\/","title":{"rendered":"Nika: Deputet\u00ebt shqiptar shahen n\u00eb Kuvend t\u00eb Ulqinit"},"content":{"rendered":"<p><strong><a href=\"http:\/\/www.visit-ulcinj.com\/blog\/wp-content\/uploads\/2014\/11\/Muhamet-Nika.jpg\"><img loading=\"lazy\" class=\"alignleft wp-image-86143 size-full\" src=\"http:\/\/www.visit-ulcinj.com\/blog\/wp-content\/uploads\/2014\/11\/Muhamet-Nika.jpg\" alt=\"Muhamet Nika\" width=\"256\" height=\"319\" srcset=\"https:\/\/www.visit-ulcinj.com\/blog\/wp-content\/uploads\/2014\/11\/Muhamet-Nika.jpg 256w, https:\/\/www.visit-ulcinj.com\/blog\/wp-content\/uploads\/2014\/11\/Muhamet-Nika-240x300.jpg 240w\" sizes=\"(max-width: 256px) 100vw, 256px\" \/><\/a>Shkruan: Muhamet Nika<\/strong><\/p>\n<p><strong><em>SI NISI NUK KRISI<\/em><\/strong><\/p>\n<p>Para se Kuvendi i Ulqinit t\u00eb votoj\u00eb vendimin q\u00eb t\u00eb marr\u00eb kredi p\u00ebr ruajtjen e vendeve t\u00eb pun\u00ebs n\u00eb sektorin publik\u00eb , n\u00eb nj\u00eb shkrim t\u00eb m\u00eb hersh\u00ebm pat\u00ebm lajm\u00ebruar k\u00ebt\u00eb q\u00eb pritej t\u00eb ndodh\u00eb dhe pjes\u00ebrisht ndodhi, duke th\u00ebn\u00eb n\u00eb at\u00eb rast edhe k\u00ebt\u00eb : \u201c..Gjithashtu, p\u00ebr fund nuk \u00ebsht\u00eb e tep\u00ebrt t\u00eb thuhet, se Atllas Grupi , i cili padit\u00eb komun\u00ebn , p\u00ebr 10 milion euro, \u00a0n\u00eb em\u00ebr t\u00eb \u201cK-1\u201d, \u00a0i bie t\u00eb jet\u00eb vet\u00eb banka nga e cila komuna e Ulqinit, pret t\u00eb marr\u00eb nj\u00eb kredi prej 1miljon e gjysm\u00eb eurosh, p\u00ebr t\u00eb sanuar gjendjen e r\u00ebnd\u00eb financiare t\u00eb saj\u00ebn&#8230;.\u201d\u00a0\u00a0 Duke vazhduar m\u00eb tej:<\/p>\n<p>\u201c &#8230;M\u00ebsohet, se problem n\u00eb k\u00ebt\u00eb situat\u00eb- mbase edhe i pa kap\u00ebrcyesh\u00ebm pritet t\u00eb jet\u00eb \u00a0parcellla urbanistike , apo objekti q\u00eb k\u00ebrkohet t\u00eb vihet n\u00eb hipotek\u00eb.\u00a0\u00a0 Si opcion p\u00ebr hipotek\u00eb, flitet se jan\u00eb: <strong><em>Biblioteka e Qytetit<\/em><\/strong> t\u00eb Ulqinit- \u00a0k\u00ebt\u00eb e k\u00ebrkon banka<strong><em>, Plo\u00e7a- ish objekti i Partizanski putit<\/em><\/strong>, <strong><em>ose \u00a0parcela urbanistike n\u00eb Hije- por q\u00eb \u00a0\u00a0p\u00ebr dy opcionet e fundit, \u00a0m\u00ebsohet se nuk \u00ebsht\u00eb dakord nj\u00eb pjes\u00eb e \u00a0politik\u00ebs s\u00eb pozit\u00ebs.<\/em><\/strong> Kurse parcellat tjera <strong><em>\u00a0q\u00eb mund t\u00eb ofrohen n\u00eb Shtoj, thuhet se nuk i parap\u00eblqen\u00a0 vet\u00eb banka?!!!!\u201d<\/em><\/strong><\/p>\n<p>P\u00ebr t\u00eb mos u marr\u00eb m\u00eb me k\u00ebto detaje , q\u00eb tash dihen, k\u00ebsaj radhe desh\u00ebm t\u00eb ve\u00e7ojm\u00eb se shihet q\u00eb shp\u00ebtoj vet\u00ebm biblioteka e qytetit , por n\u00eb vend t\u00eb saj \u201ce h\u00ebngri \u201c Kino-Salla e Sht\u00ebpis\u00eb s\u00eb Kultur\u00eb n\u00eb Ulqin. Me gjith\u00eb at\u00eb si\u00e7 shihet , mund t\u00eb thuhet, se ngjau sipas shprehjes, kur thon\u00eb: \u201cSi nisi nuk krisi&#8230;?!!!\u201d<\/p>\n<p><strong><em>Unioni i madh me \u201c kalin\u201d dhe gomarin e Troj\u00ebs&#8230;?!!!<\/em><\/strong><\/p>\n<p>Duke treguar q\u00eb Udsh, do t\u00eb votoj\u00eb kund\u00ebr marrjes s\u00eb kredis\u00eb n\u00eb kuvend, kryetari i saj z. Mehmet Zenka, nuk harroi t\u00eb akuzoj\u00eb ish-koleg\u00ebt e partis\u00eb s\u00eb tij q\u00eb formuan Partin\u00eb Demokratike duke e qitur at\u00eb jasht\u00eb loje dhe se sipas tij, ky ishte edhe shkaku i shkat\u00ebrrimit t\u00eb\u00a0 UDSH-s\u00eb . Sipas tij, shkat\u00ebrrimi u b\u00eb i q\u00ebllimt\u00eb sepse dikujt i pengonte fuqia e subjekti q\u00eb solli rritjen ekonomike n\u00eb qytet. Duke l\u00ebn\u00eb t\u00eb kuptohej q\u00eb fajin m\u00eb t\u00eb madh p\u00ebr k\u00ebt\u00eb e kishin, si zakonisht \u201c felebythshkymt\u201d, \u201c T\u00eb pa rod\u00ebt\u201d, \u201c t\u00eb pa soj\u00ebt\u201d \u201c brahushat\u201d&#8230;,thjesht\u00eb si\u00e7 i cil\u00ebsoi ai vet\u00eb &#8211; \u201c Kali i Troj\u00ebs&#8230;.!!! Duke e harruar n\u00eb k\u00ebt\u00eb rast t\u00eb faj\u00ebsoj\u00eb vet\u00ebm gomarin e Troj\u00ebs&#8230;?!! Mbase p\u00ebr k\u00ebt\u00eb q\u00eb tha, bejtexhiu, do k\u00ebndonte : <strong>N \u00eb kuvend po e le nam \/ ve\u00e7 sa s<\/strong><strong>\u2019shan me bab<\/strong><strong>\u00eb e nan\u00eb&#8230;?!!<\/strong><\/p>\n<p><a href=\"http:\/\/www.visit-ulcinj.com\/blog\/wp-content\/uploads\/2014\/11\/Kuvendi-i-Ulqinit-Skupstina-Ulcinj.jpg\"><img loading=\"lazy\" class=\"alignleft wp-image-86259\" src=\"http:\/\/www.visit-ulcinj.com\/blog\/wp-content\/uploads\/2014\/11\/Kuvendi-i-Ulqinit-Skupstina-Ulcinj.jpg\" alt=\"Kuvendi i Ulqinit-Skupstina-Ulcinj\" width=\"508\" height=\"286\" srcset=\"https:\/\/www.visit-ulcinj.com\/blog\/wp-content\/uploads\/2014\/11\/Kuvendi-i-Ulqinit-Skupstina-Ulcinj.jpg 999w, https:\/\/www.visit-ulcinj.com\/blog\/wp-content\/uploads\/2014\/11\/Kuvendi-i-Ulqinit-Skupstina-Ulcinj-300x168.jpg 300w\" sizes=\"(max-width: 508px) 100vw, 508px\" \/><\/a><\/p>\n<p><strong>\u00c7far\u00eb b\u00ebjn\u00eb k\u00ebta k\u00ebshilltar\u00ebt e ri ,q\u00eb (s)kan\u00eb faj \u2013 picirruk\u00ebt?!!<\/strong><\/p>\n<p>Mendojm\u00eb q\u00eb Beqir Sella (k\u00ebshilltar i Pd-s\u00eb), b\u00ebri mir\u00eb q\u00eb u t\u00ebrhoq kur Zenk\u00ebs , i tha vet\u00ebm at\u00eb, m\u00eb t t\u00eb pakt\u00ebn : \u201c RRI MOS SHAJ PD-n\u00eb&#8230;.\u201d dhe u ndal duke pranuar kuptohet rolin e viktim\u00ebs&#8230;?!!<\/p>\n<p>Nga ajo q\u00eb v\u00ebrehet tashti \u201csi platform\u00eb politike\u201d e Zenk\u00ebs, po jo vet\u00ebm t\u00eb tij\u00ebs, hetohet se n\u00eb mes t\u00eb k\u00ebshilltar\u00ebve t\u00eb rinj dhe t\u00eb vjet\u00ebr\u201d ka filluar lufta\u201d ?!!! Shpesh v\u00ebrejm\u00eb at\u00eb, q\u00eb t\u00eb rinjt\u00eb vazhdimisht ndeshen me \u201c bataret e matareve t\u00eb vjetra\u201d, \u00a0 t\u00eb cil\u00ebve si politik\u00eb me sa shihet, u \u00ebsht\u00eb ndal\u00eb sahati&#8230;\u201d?!!!<\/p>\n<p>Sa p\u00ebr k\u00ebt\u00eb t\u00eb fundit, si \u201cgoj\u00ebndyr\u00eb\u201d , cekim se i thon\u00eb nj\u00eb fjale , q\u00eb \u00ebsht\u00eb rrezik ta kesh n\u00eb krye t\u00eb sht\u00ebpis\u00eb , e l\u00ebre m\u00eb n\u00eb krye t\u00eb qytetit , dihet si monstrum me shprehje&#8230;?!! K\u00ebtu \u201c pa nevoj\u00eb\u201d identifikohet edhe Loroja i DPS-it, i cili gjithashtu \u00ebsht\u00eb alergjik n\u00eb t\u00eb rinjt\u00eb q\u00eb u hetua se si\u201d pa arsye\u201d , por u pa se n\u00eb m\u00ebnyr\u00eb t\u00eb pa kontrolluar , eakuzoi k\u00ebshilltarin Beqir Sella , p\u00ebr fjal\u00ebt q\u00eb tha : \u201c se \u00ebsht\u00eb i ri e s\u2019ka faj \u201c\u2013 duke \u201charruar\u201d fare se Sella, n\u00eb replik\u00ebn e tij me Zenk\u00ebn, ishte viktim\u00eb&#8230;. ?!! Kuptohet q\u00eb Beqiri, me heshtje e injoroi gjith\u00eb k\u00ebt\u00eb. Kurse po t\u00eb kish hapur replik\u00eb me Loron s\u2019ka dyshim q\u00eb do t\u2019i kish ndodhur edhe k\u00ebtij , si ish k\u00ebshilltarit F. Nika, m\u00eb her\u00ebt, t\u00eb cilit n\u00eb rrethin e dyt\u00eb t\u00eb replik\u00ebs- Loroja i tha q\u00eb ishte \u201cpicirruk\u201d..?!!!<\/p>\n<p>Sipas k\u00ebng\u00ebs : \u201c <em>Piciruk mor picirruk \/ mos e ha djathin pa buk..\/,<\/em> nj\u00eb gj\u00eb dihet me t\u00eb v\u00ebrtet\u00eb<em>, <\/em> animuziteti i t\u00eb vjet\u00ebrve ndaj t\u00eb rinjve , n\u00eb k\u00ebto situata, nuk q\u00ebndron n\u00eb at\u00eb q\u00eb\u201di lyjn\u00eb flokt\u00eb me gell..\u201d, p\u00ebr ndryshim prej t\u00eb vjet\u00ebrve?!!! Por, po duket faji \u00ebsht\u00eb \u00a0te\u201d puna e djathit&#8230;. \u201c, q\u00eb t\u00eb rinjt\u00eb, mund t\u00eb ken\u00eb m\u00ebsuar e ta han\u00eb , edhe pa buk\u00eb&#8230;?!<\/p>\n<p>\u201c Basi \u2013Kujtuesi,\u201d thot\u00eb populli. M\u00eb posht\u00eb do t\u00eb sjellim nj\u00eb d\u00ebshmi t\u00eb skanuar t\u00eb pun\u00ebs s\u00eb nj\u00eb kredie t\u00eb marr\u00eb, n\u00eb em\u00ebr t\u00eb komun\u00ebs ,dh e cila po duket kish p\u00ebrfunduar si puna e djathit n\u00eb goj\u00eb(xhepat)e dikujt. Kjo d\u00ebshmohet nga raporti i kontrollit t\u00eb shtetit- <strong><em>Koha : UNIONI MADH DPS-I VOG\u00cbL( buxheti 2005&#8230;)?!!!<\/em><\/strong><\/p>\n<!--YouTube Error: bad URL entered-->\n<p><a href=\"http:\/\/www.visit-ulcinj.com\/blog\/wp-content\/uploads\/2014\/11\/Komuna-e-ulqinit.jpg\"><img loading=\"lazy\" class=\"alignleft wp-image-86294\" src=\"http:\/\/www.visit-ulcinj.com\/blog\/wp-content\/uploads\/2014\/11\/Komuna-e-ulqinit.jpg\" alt=\"Komuna e ulqinit\" width=\"508\" height=\"702\" srcset=\"https:\/\/www.visit-ulcinj.com\/blog\/wp-content\/uploads\/2014\/11\/Komuna-e-ulqinit.jpg 627w, https:\/\/www.visit-ulcinj.com\/blog\/wp-content\/uploads\/2014\/11\/Komuna-e-ulqinit-217x300.jpg 217w\" sizes=\"(max-width: 508px) 100vw, 508px\" \/><\/a><\/p>\n","protected":false},"excerpt":{"rendered":"<p>Shkruan: Muhamet Nika SI NISI NUK KRISI Para se Kuvendi i Ulqinit t\u00eb votoj\u00eb vendimin q\u00eb t\u00eb marr\u00eb kredi p\u00ebr ruajtjen e vendeve t\u00eb pun\u00ebs n\u00eb sektorin publik\u00eb , n\u00eb nj\u00eb shkrim t\u00eb m\u00eb hersh\u00ebm pat\u00ebm lajm\u00ebruar k\u00ebt\u00eb q\u00eb pritej t\u00eb ndodh\u00eb dhe pjes\u00ebrisht ndodhi, duke th\u00ebn\u00eb n\u00eb at\u00eb rast edhe k\u00ebt\u00eb : \u201c..Gjithashtu, p\u00ebr [&hellip;]<\/p>\n","protected":false},"author":1,"featured_media":0,"comment_status":"closed","ping_status":"closed","sticky":false,"template":"","format":"standard","meta":{"spay_email":"","jetpack_publicize_message":"","jetpack_is_tweetstorm":false,"jetpack_publicize_feature_enabled":true},"categories":[1,14249],"tags":[],"jetpack_publicize_connections":[],"yoast_head":"<!-- This site is optimized with the Yoast SEO plugin v19.1 - https:\/\/yoast.com\/wordpress\/plugins\/seo\/ -->\n<title>Nika: Deputet\u00ebt shqiptar shahen n\u00eb Kuvend t\u00eb Ulqinit - Lajme nga Ulqini<\/title>\n<meta name=\"description\" content=\"Shkruan: Muhamet Nika SI NISI NUK KRISI Para se Kuvendi i Ulqinit t\u00eb votoj\u00eb vendimin q\u00eb t\u00eb marr\u00eb kredi p\u00ebr ruajtjen e vendeve t\u00eb pun\u00ebs n\u00eb sektorin publik\u00eb\" \/>\n<meta name=\"robots\" content=\"index, follow, max-snippet:-1, max-image-preview:large, max-video-preview:-1\" \/>\n<link rel=\"canonical\" href=\"https:\/\/www.visit-ulcinj.com\/blog\/2014\/11\/10\/nika-deputetet-shqiptar-shahen-ne-kuvend-te-ulqinit\/\" \/>\n<meta property=\"og:locale\" content=\"en_US\" \/>\n<meta property=\"og:type\" content=\"article\" \/>\n<meta property=\"og:title\" content=\"Nika: Deputet\u00ebt shqiptar shahen n\u00eb Kuvend t\u00eb Ulqinit - Lajme nga Ulqini\" \/>\n<meta property=\"og:description\" content=\"Shkruan: Muhamet Nika SI NISI NUK KRISI Para se Kuvendi i Ulqinit t\u00eb votoj\u00eb vendimin q\u00eb t\u00eb marr\u00eb kredi p\u00ebr ruajtjen e vendeve t\u00eb pun\u00ebs n\u00eb sektorin publik\u00eb\" \/>\n<meta property=\"og:url\" content=\"https:\/\/www.visit-ulcinj.com\/blog\/2014\/11\/10\/nika-deputetet-shqiptar-shahen-ne-kuvend-te-ulqinit\/\" \/>\n<meta property=\"og:site_name\" content=\"Lajme nga Ulqini\" \/>\n<meta property=\"article:published_time\" content=\"2014-11-10T11:14:08+00:00\" \/>\n<meta property=\"article:modified_time\" content=\"2014-11-13T16:53:46+00:00\" \/>\n<meta property=\"og:image\" content=\"http:\/\/www.visit-ulcinj.com\/blog\/wp-content\/uploads\/2014\/11\/Muhamet-Nika.jpg\" \/>\n<meta name=\"twitter:label1\" content=\"Written by\" \/>\n\t<meta name=\"twitter:data1\" content=\"ulqini\" \/>\n\t<meta name=\"twitter:label2\" content=\"Est. reading time\" \/>\n\t<meta name=\"twitter:data2\" content=\"4 minutes\" \/>\n<script type=\"application\/ld+json\" class=\"yoast-schema-graph\">{\"@context\":\"https:\/\/schema.org\",\"@graph\":[{\"@type\":\"WebSite\",\"@id\":\"https:\/\/www.visit-ulcinj.com\/blog\/#website\",\"url\":\"https:\/\/www.visit-ulcinj.com\/blog\/\",\"name\":\"Lajme nga Ulqini\",\"description\":\"Lajme,Vijesti,Ulqini,Ulqin,Crna Gora,Mali i Zi\",\"potentialAction\":[{\"@type\":\"SearchAction\",\"target\":{\"@type\":\"EntryPoint\",\"urlTemplate\":\"https:\/\/www.visit-ulcinj.com\/blog\/?s={search_term_string}\"},\"query-input\":\"required name=search_term_string\"}],\"inLanguage\":\"en-US\"},{\"@type\":\"ImageObject\",\"inLanguage\":\"en-US\",\"@id\":\"https:\/\/www.visit-ulcinj.com\/blog\/2014\/11\/10\/nika-deputetet-shqiptar-shahen-ne-kuvend-te-ulqinit\/#primaryimage\",\"url\":\"https:\/\/www.visit-ulcinj.com\/blog\/wp-content\/uploads\/2014\/11\/Muhamet-Nika.jpg\",\"contentUrl\":\"https:\/\/www.visit-ulcinj.com\/blog\/wp-content\/uploads\/2014\/11\/Muhamet-Nika.jpg\",\"width\":256,\"height\":319},{\"@type\":\"WebPage\",\"@id\":\"https:\/\/www.visit-ulcinj.com\/blog\/2014\/11\/10\/nika-deputetet-shqiptar-shahen-ne-kuvend-te-ulqinit\/#webpage\",\"url\":\"https:\/\/www.visit-ulcinj.com\/blog\/2014\/11\/10\/nika-deputetet-shqiptar-shahen-ne-kuvend-te-ulqinit\/\",\"name\":\"Nika: Deputet\u00ebt shqiptar shahen n\u00eb Kuvend t\u00eb Ulqinit - Lajme nga Ulqini\",\"isPartOf\":{\"@id\":\"https:\/\/www.visit-ulcinj.com\/blog\/#website\"},\"primaryImageOfPage\":{\"@id\":\"https:\/\/www.visit-ulcinj.com\/blog\/2014\/11\/10\/nika-deputetet-shqiptar-shahen-ne-kuvend-te-ulqinit\/#primaryimage\"},\"datePublished\":\"2014-11-10T11:14:08+00:00\",\"dateModified\":\"2014-11-13T16:53:46+00:00\",\"author\":{\"@id\":\"https:\/\/www.visit-ulcinj.com\/blog\/#\/schema\/person\/dcab619c614d3038751c63bc2aadc06d\"},\"description\":\"Shkruan: Muhamet Nika SI NISI NUK KRISI Para se Kuvendi i Ulqinit t\u00eb votoj\u00eb vendimin q\u00eb t\u00eb marr\u00eb kredi p\u00ebr ruajtjen e vendeve t\u00eb pun\u00ebs n\u00eb sektorin publik\u00eb\",\"breadcrumb\":{\"@id\":\"https:\/\/www.visit-ulcinj.com\/blog\/2014\/11\/10\/nika-deputetet-shqiptar-shahen-ne-kuvend-te-ulqinit\/#breadcrumb\"},\"inLanguage\":\"en-US\",\"potentialAction\":[{\"@type\":\"ReadAction\",\"target\":[\"https:\/\/www.visit-ulcinj.com\/blog\/2014\/11\/10\/nika-deputetet-shqiptar-shahen-ne-kuvend-te-ulqinit\/\"]}]},{\"@type\":\"BreadcrumbList\",\"@id\":\"https:\/\/www.visit-ulcinj.com\/blog\/2014\/11\/10\/nika-deputetet-shqiptar-shahen-ne-kuvend-te-ulqinit\/#breadcrumb\",\"itemListElement\":[{\"@type\":\"ListItem\",\"position\":1,\"name\":\"Nika: Deputet\u00ebt shqiptar shahen n\u00eb Kuvend t\u00eb Ulqinit\"}]},{\"@type\":\"Person\",\"@id\":\"https:\/\/www.visit-ulcinj.com\/blog\/#\/schema\/person\/dcab619c614d3038751c63bc2aadc06d\",\"name\":\"ulqini\",\"sameAs\":[\"http:\/\/www.visit-ulcinj.com\"],\"url\":\"https:\/\/www.visit-ulcinj.com\/blog\/author\/admin\/\"}]}<\/script>\n<!-- \/ Yoast SEO plugin. -->","yoast_head_json":{"title":"Nika: Deputet\u00ebt shqiptar shahen n\u00eb Kuvend t\u00eb Ulqinit - Lajme nga Ulqini","description":"Shkruan: Muhamet Nika SI NISI NUK KRISI Para se Kuvendi i Ulqinit t\u00eb votoj\u00eb vendimin q\u00eb t\u00eb marr\u00eb kredi p\u00ebr ruajtjen e vendeve t\u00eb pun\u00ebs n\u00eb sektorin publik\u00eb","robots":{"index":"index","follow":"follow","max-snippet":"max-snippet:-1","max-image-preview":"max-image-preview:large","max-video-preview":"max-video-preview:-1"},"canonical":"https:\/\/www.visit-ulcinj.com\/blog\/2014\/11\/10\/nika-deputetet-shqiptar-shahen-ne-kuvend-te-ulqinit\/","og_locale":"en_US","og_type":"article","og_title":"Nika: Deputet\u00ebt shqiptar shahen n\u00eb Kuvend t\u00eb Ulqinit - Lajme nga Ulqini","og_description":"Shkruan: Muhamet Nika SI NISI NUK KRISI Para se Kuvendi i Ulqinit t\u00eb votoj\u00eb vendimin q\u00eb t\u00eb marr\u00eb kredi p\u00ebr ruajtjen e vendeve t\u00eb pun\u00ebs n\u00eb sektorin publik\u00eb","og_url":"https:\/\/www.visit-ulcinj.com\/blog\/2014\/11\/10\/nika-deputetet-shqiptar-shahen-ne-kuvend-te-ulqinit\/","og_site_name":"Lajme nga Ulqini","article_published_time":"2014-11-10T11:14:08+00:00","article_modified_time":"2014-11-13T16:53:46+00:00","og_image":[{"url":"http:\/\/www.visit-ulcinj.com\/blog\/wp-content\/uploads\/2014\/11\/Muhamet-Nika.jpg"}],"twitter_misc":{"Written by":"ulqini","Est. reading time":"4 minutes"},"schema":{"@context":"https:\/\/schema.org","@graph":[{"@type":"WebSite","@id":"https:\/\/www.visit-ulcinj.com\/blog\/#website","url":"https:\/\/www.visit-ulcinj.com\/blog\/","name":"Lajme nga Ulqini","description":"Lajme,Vijesti,Ulqini,Ulqin,Crna Gora,Mali i Zi","potentialAction":[{"@type":"SearchAction","target":{"@type":"EntryPoint","urlTemplate":"https:\/\/www.visit-ulcinj.com\/blog\/?s={search_term_string}"},"query-input":"required name=search_term_string"}],"inLanguage":"en-US"},{"@type":"ImageObject","inLanguage":"en-US","@id":"https:\/\/www.visit-ulcinj.com\/blog\/2014\/11\/10\/nika-deputetet-shqiptar-shahen-ne-kuvend-te-ulqinit\/#primaryimage","url":"https:\/\/www.visit-ulcinj.com\/blog\/wp-content\/uploads\/2014\/11\/Muhamet-Nika.jpg","contentUrl":"https:\/\/www.visit-ulcinj.com\/blog\/wp-content\/uploads\/2014\/11\/Muhamet-Nika.jpg","width":256,"height":319},{"@type":"WebPage","@id":"https:\/\/www.visit-ulcinj.com\/blog\/2014\/11\/10\/nika-deputetet-shqiptar-shahen-ne-kuvend-te-ulqinit\/#webpage","url":"https:\/\/www.visit-ulcinj.com\/blog\/2014\/11\/10\/nika-deputetet-shqiptar-shahen-ne-kuvend-te-ulqinit\/","name":"Nika: Deputet\u00ebt shqiptar shahen n\u00eb Kuvend t\u00eb Ulqinit - Lajme nga Ulqini","isPartOf":{"@id":"https:\/\/www.visit-ulcinj.com\/blog\/#website"},"primaryImageOfPage":{"@id":"https:\/\/www.visit-ulcinj.com\/blog\/2014\/11\/10\/nika-deputetet-shqiptar-shahen-ne-kuvend-te-ulqinit\/#primaryimage"},"datePublished":"2014-11-10T11:14:08+00:00","dateModified":"2014-11-13T16:53:46+00:00","author":{"@id":"https:\/\/www.visit-ulcinj.com\/blog\/#\/schema\/person\/dcab619c614d3038751c63bc2aadc06d"},"description":"Shkruan: Muhamet Nika SI NISI NUK KRISI Para se Kuvendi i Ulqinit t\u00eb votoj\u00eb vendimin q\u00eb t\u00eb marr\u00eb kredi p\u00ebr ruajtjen e vendeve t\u00eb pun\u00ebs n\u00eb sektorin publik\u00eb","breadcrumb":{"@id":"https:\/\/www.visit-ulcinj.com\/blog\/2014\/11\/10\/nika-deputetet-shqiptar-shahen-ne-kuvend-te-ulqinit\/#breadcrumb"},"inLanguage":"en-US","potentialAction":[{"@type":"ReadAction","target":["https:\/\/www.visit-ulcinj.com\/blog\/2014\/11\/10\/nika-deputetet-shqiptar-shahen-ne-kuvend-te-ulqinit\/"]}]},{"@type":"BreadcrumbList","@id":"https:\/\/www.visit-ulcinj.com\/blog\/2014\/11\/10\/nika-deputetet-shqiptar-shahen-ne-kuvend-te-ulqinit\/#breadcrumb","itemListElement":[{"@type":"ListItem","position":1,"name":"Nika: Deputet\u00ebt shqiptar shahen n\u00eb Kuvend t\u00eb Ulqinit"}]},{"@type":"Person","@id":"https:\/\/www.visit-ulcinj.com\/blog\/#\/schema\/person\/dcab619c614d3038751c63bc2aadc06d","name":"ulqini","sameAs":["http:\/\/www.visit-ulcinj.com"],"url":"https:\/\/www.visit-ulcinj.com\/blog\/author\/admin\/"}]}},"jetpack_featured_media_url":"","jetpack_sharing_enabled":true,"jetpack_shortlink":"https:\/\/wp.me\/pe6lTn-mrP","_links":{"self":[{"href":"https:\/\/www.visit-ulcinj.com\/blog\/wp-json\/wp\/v2\/posts\/86293"}],"collection":[{"href":"https:\/\/www.visit-ulcinj.com\/blog\/wp-json\/wp\/v2\/posts"}],"about":[{"href":"https:\/\/www.visit-ulcinj.com\/blog\/wp-json\/wp\/v2\/types\/post"}],"author":[{"embeddable":true,"href":"https:\/\/www.visit-ulcinj.com\/blog\/wp-json\/wp\/v2\/users\/1"}],"replies":[{"embeddable":true,"href":"https:\/\/www.visit-ulcinj.com\/blog\/wp-json\/wp\/v2\/comments?post=86293"}],"version-history":[{"count":4,"href":"https:\/\/www.visit-ulcinj.com\/blog\/wp-json\/wp\/v2\/posts\/86293\/revisions"}],"predecessor-version":[{"id":86306,"href":"https:\/\/www.visit-ulcinj.com\/blog\/wp-json\/wp\/v2\/posts\/86293\/revisions\/86306"}],"wp:attachment":[{"href":"https:\/\/www.visit-ulcinj.com\/blog\/wp-json\/wp\/v2\/media?parent=86293"}],"wp:term":[{"taxonomy":"category","embeddable":true,"href":"https:\/\/www.visit-ulcinj.com\/blog\/wp-json\/wp\/v2\/categories?post=86293"},{"taxonomy":"post_tag","embeddable":true,"href":"https:\/\/www.visit-ulcinj.com\/blog\/wp-json\/wp\/v2\/tags?post=86293"}],"curies":[{"name":"wp","href":"https:\/\/api.w.org\/{rel}","templated":true}]}}