{"id":86301,"date":"2014-11-10T13:31:46","date_gmt":"2014-11-10T12:31:46","guid":{"rendered":"http:\/\/www.visit-ulcinj.com\/blog\/?p=86301"},"modified":"2014-11-10T14:19:05","modified_gmt":"2014-11-10T13:19:05","slug":"rama-shqiptaret-e-lugines-duhet-te-kene-te-drejta-sa-serbet-ne-kosove","status":"publish","type":"post","link":"https:\/\/www.visit-ulcinj.com\/blog\/2014\/11\/10\/rama-shqiptaret-e-lugines-duhet-te-kene-te-drejta-sa-serbet-ne-kosove\/","title":{"rendered":"Rama: Shqiptar\u00ebt e Lugin\u00ebs duhet t\u00eb ken\u00eb t\u00eb drejta sa serb\u00ebt n\u00eb Kosov\u00eb"},"content":{"rendered":"<p><strong><a href=\"http:\/\/www.visit-ulcinj.com\/blog\/wp-content\/uploads\/2014\/11\/Rama-Vucic.jpg\"><img loading=\"lazy\" class=\"alignleft wp-image-86302\" src=\"http:\/\/www.visit-ulcinj.com\/blog\/wp-content\/uploads\/2014\/11\/Rama-Vucic.jpg\" alt=\"Rama-Vucic\" width=\"508\" height=\"368\" srcset=\"https:\/\/www.visit-ulcinj.com\/blog\/wp-content\/uploads\/2014\/11\/Rama-Vucic.jpg 840w, https:\/\/www.visit-ulcinj.com\/blog\/wp-content\/uploads\/2014\/11\/Rama-Vucic-300x217.jpg 300w\" sizes=\"(max-width: 508px) 100vw, 508px\" \/><\/a>Kryeministri i Shqip\u00ebris\u00eb n\u00eb Beograd, i b\u00ebri dy deklarata shum\u00eb t\u00eb fuqishme. Pos q\u00eb e tha midis Beogradit se Kosova \u00ebsht\u00eb shtet i pavarur dhe ky \u00ebsht\u00eb nj\u00eb realitet i pakthyesh\u00ebm Rama ia b\u00ebri t\u00eb qart\u00eb Vu\u00e7iqit se edhe shqiptar\u00ebt e Lugin\u00ebs s\u00eb Preshev\u00ebs duhet t\u00eb jen\u00eb n\u00eb qend\u00ebr t\u00eb v\u00ebmendjes s\u00eb Beogradit.<\/strong><br \/>\n<iframe loading=\"lazy\" frameborder=\"0\" width=\"480\" height=\"270\" src=\"\/\/www.dailymotion.com\/embed\/video\/x29sj8r\" allowfullscreen><\/iframe><br \/><a href=\"http:\/\/www.dailymotion.com\/video\/x29sj8r_rama-kosova-e-pavarur-nje-realitet-i-pakthyeshem_news\" target=\"_blank\">Rama: Kosova e pavarur, nj&euml; realitet i pakthyesh&euml;m<\/a> <i>by <a href=\"http:\/\/www.dailymotion.com\/GazetaExpressTV\" target=\"_blank\">GazetaExpressTV<\/a><\/i><\/p>\n<p>\u201cShqiptar\u00ebt e Lugin\u00ebs s\u00eb Preshev\u00ebs t\u00eb ken\u00eb v\u00ebmendjen e Beogradit. Ata t\u00eb ken\u00eb po aq t\u00eb drejta sa kan\u00eb serb\u00ebt e Kosov\u00ebs\u201d, ka th\u00ebn\u00eb Edi Rama.<\/p>\n<p>Gjithashtu kryeministri shqiptar, Rama, ka th\u00ebn\u00eb se \u201cKosova e pavarur \u00ebsht\u00eb realitet dhe nj\u00eb realitet i pakthyesh\u00ebm\u201d.<\/p>\n<p>&nbsp;<\/p>\n<!--YouTube Error: bad URL entered-->\n<p><strong>Serbia thyen protokollin, heq flamurin shqiptar<\/strong><\/p>\n<p>&nbsp;<\/p>\n","protected":false},"excerpt":{"rendered":"<p>Kryeministri i Shqip\u00ebris\u00eb n\u00eb Beograd, i b\u00ebri dy deklarata shum\u00eb t\u00eb fuqishme. Pos q\u00eb e tha midis Beogradit se Kosova \u00ebsht\u00eb shtet i pavarur dhe ky \u00ebsht\u00eb nj\u00eb realitet i pakthyesh\u00ebm Rama ia b\u00ebri t\u00eb qart\u00eb Vu\u00e7iqit se edhe shqiptar\u00ebt e Lugin\u00ebs s\u00eb Preshev\u00ebs duhet t\u00eb jen\u00eb n\u00eb qend\u00ebr t\u00eb v\u00ebmendjes s\u00eb Beogradit. Rama: Kosova [&hellip;]<\/p>\n","protected":false},"author":1,"featured_media":0,"comment_status":"closed","ping_status":"closed","sticky":false,"template":"","format":"standard","meta":{"spay_email":"","jetpack_publicize_message":"","jetpack_is_tweetstorm":false,"jetpack_publicize_feature_enabled":true},"categories":[14],"tags":[],"jetpack_publicize_connections":[],"yoast_head":"<!-- This site is optimized with the Yoast SEO plugin v19.1 - https:\/\/yoast.com\/wordpress\/plugins\/seo\/ -->\n<title>Rama: Shqiptar\u00ebt e Lugin\u00ebs duhet t\u00eb ken\u00eb t\u00eb drejta sa serb\u00ebt n\u00eb Kosov\u00eb - Lajme nga Ulqini<\/title>\n<meta name=\"description\" content=\"Kryeministri i Shqip\u00ebris\u00eb n\u00eb Beograd, i b\u00ebri dy deklarata shum\u00eb t\u00eb fuqishme. Pos q\u00eb e tha midis Beogradit se Kosova \u00ebsht\u00eb shtet i pavarur dhe ky \u00ebsht\u00eb nj\u00eb\" \/>\n<meta name=\"robots\" content=\"index, follow, max-snippet:-1, max-image-preview:large, max-video-preview:-1\" \/>\n<link rel=\"canonical\" href=\"https:\/\/www.visit-ulcinj.com\/blog\/2014\/11\/10\/rama-shqiptaret-e-lugines-duhet-te-kene-te-drejta-sa-serbet-ne-kosove\/\" \/>\n<meta property=\"og:locale\" content=\"en_US\" \/>\n<meta property=\"og:type\" content=\"article\" \/>\n<meta property=\"og:title\" content=\"Rama: Shqiptar\u00ebt e Lugin\u00ebs duhet t\u00eb ken\u00eb t\u00eb drejta sa serb\u00ebt n\u00eb Kosov\u00eb - Lajme nga Ulqini\" \/>\n<meta property=\"og:description\" content=\"Kryeministri i Shqip\u00ebris\u00eb n\u00eb Beograd, i b\u00ebri dy deklarata shum\u00eb t\u00eb fuqishme. Pos q\u00eb e tha midis Beogradit se Kosova \u00ebsht\u00eb shtet i pavarur dhe ky \u00ebsht\u00eb nj\u00eb\" \/>\n<meta property=\"og:url\" content=\"https:\/\/www.visit-ulcinj.com\/blog\/2014\/11\/10\/rama-shqiptaret-e-lugines-duhet-te-kene-te-drejta-sa-serbet-ne-kosove\/\" \/>\n<meta property=\"og:site_name\" content=\"Lajme nga Ulqini\" \/>\n<meta property=\"article:published_time\" content=\"2014-11-10T12:31:46+00:00\" \/>\n<meta property=\"article:modified_time\" content=\"2014-11-10T13:19:05+00:00\" \/>\n<meta property=\"og:image\" content=\"http:\/\/www.visit-ulcinj.com\/blog\/wp-content\/uploads\/2014\/11\/Rama-Vucic.jpg\" \/>\n<meta name=\"twitter:label1\" content=\"Written by\" \/>\n\t<meta name=\"twitter:data1\" content=\"ulqini\" \/>\n\t<meta name=\"twitter:label2\" content=\"Est. reading time\" \/>\n\t<meta name=\"twitter:data2\" content=\"1 minute\" \/>\n<script type=\"application\/ld+json\" class=\"yoast-schema-graph\">{\"@context\":\"https:\/\/schema.org\",\"@graph\":[{\"@type\":\"WebSite\",\"@id\":\"https:\/\/www.visit-ulcinj.com\/blog\/#website\",\"url\":\"https:\/\/www.visit-ulcinj.com\/blog\/\",\"name\":\"Lajme nga Ulqini\",\"description\":\"Lajme,Vijesti,Ulqini,Ulqin,Crna Gora,Mali i Zi\",\"potentialAction\":[{\"@type\":\"SearchAction\",\"target\":{\"@type\":\"EntryPoint\",\"urlTemplate\":\"https:\/\/www.visit-ulcinj.com\/blog\/?s={search_term_string}\"},\"query-input\":\"required name=search_term_string\"}],\"inLanguage\":\"en-US\"},{\"@type\":\"ImageObject\",\"inLanguage\":\"en-US\",\"@id\":\"https:\/\/www.visit-ulcinj.com\/blog\/2014\/11\/10\/rama-shqiptaret-e-lugines-duhet-te-kene-te-drejta-sa-serbet-ne-kosove\/#primaryimage\",\"url\":\"https:\/\/www.visit-ulcinj.com\/blog\/wp-content\/uploads\/2014\/11\/Rama-Vucic.jpg\",\"contentUrl\":\"https:\/\/www.visit-ulcinj.com\/blog\/wp-content\/uploads\/2014\/11\/Rama-Vucic.jpg\",\"width\":840,\"height\":608},{\"@type\":\"WebPage\",\"@id\":\"https:\/\/www.visit-ulcinj.com\/blog\/2014\/11\/10\/rama-shqiptaret-e-lugines-duhet-te-kene-te-drejta-sa-serbet-ne-kosove\/#webpage\",\"url\":\"https:\/\/www.visit-ulcinj.com\/blog\/2014\/11\/10\/rama-shqiptaret-e-lugines-duhet-te-kene-te-drejta-sa-serbet-ne-kosove\/\",\"name\":\"Rama: Shqiptar\u00ebt e Lugin\u00ebs duhet t\u00eb ken\u00eb t\u00eb drejta sa serb\u00ebt n\u00eb Kosov\u00eb - Lajme nga Ulqini\",\"isPartOf\":{\"@id\":\"https:\/\/www.visit-ulcinj.com\/blog\/#website\"},\"primaryImageOfPage\":{\"@id\":\"https:\/\/www.visit-ulcinj.com\/blog\/2014\/11\/10\/rama-shqiptaret-e-lugines-duhet-te-kene-te-drejta-sa-serbet-ne-kosove\/#primaryimage\"},\"datePublished\":\"2014-11-10T12:31:46+00:00\",\"dateModified\":\"2014-11-10T13:19:05+00:00\",\"author\":{\"@id\":\"https:\/\/www.visit-ulcinj.com\/blog\/#\/schema\/person\/dcab619c614d3038751c63bc2aadc06d\"},\"description\":\"Kryeministri i Shqip\u00ebris\u00eb n\u00eb Beograd, i b\u00ebri dy deklarata shum\u00eb t\u00eb fuqishme. Pos q\u00eb e tha midis Beogradit se Kosova \u00ebsht\u00eb shtet i pavarur dhe ky \u00ebsht\u00eb nj\u00eb\",\"breadcrumb\":{\"@id\":\"https:\/\/www.visit-ulcinj.com\/blog\/2014\/11\/10\/rama-shqiptaret-e-lugines-duhet-te-kene-te-drejta-sa-serbet-ne-kosove\/#breadcrumb\"},\"inLanguage\":\"en-US\",\"potentialAction\":[{\"@type\":\"ReadAction\",\"target\":[\"https:\/\/www.visit-ulcinj.com\/blog\/2014\/11\/10\/rama-shqiptaret-e-lugines-duhet-te-kene-te-drejta-sa-serbet-ne-kosove\/\"]}]},{\"@type\":\"BreadcrumbList\",\"@id\":\"https:\/\/www.visit-ulcinj.com\/blog\/2014\/11\/10\/rama-shqiptaret-e-lugines-duhet-te-kene-te-drejta-sa-serbet-ne-kosove\/#breadcrumb\",\"itemListElement\":[{\"@type\":\"ListItem\",\"position\":1,\"name\":\"Rama: Shqiptar\u00ebt e Lugin\u00ebs duhet t\u00eb ken\u00eb t\u00eb drejta sa serb\u00ebt n\u00eb Kosov\u00eb\"}]},{\"@type\":\"Person\",\"@id\":\"https:\/\/www.visit-ulcinj.com\/blog\/#\/schema\/person\/dcab619c614d3038751c63bc2aadc06d\",\"name\":\"ulqini\",\"sameAs\":[\"http:\/\/www.visit-ulcinj.com\"],\"url\":\"https:\/\/www.visit-ulcinj.com\/blog\/author\/admin\/\"}]}<\/script>\n<!-- \/ Yoast SEO plugin. -->","yoast_head_json":{"title":"Rama: Shqiptar\u00ebt e Lugin\u00ebs duhet t\u00eb ken\u00eb t\u00eb drejta sa serb\u00ebt n\u00eb Kosov\u00eb - Lajme nga Ulqini","description":"Kryeministri i Shqip\u00ebris\u00eb n\u00eb Beograd, i b\u00ebri dy deklarata shum\u00eb t\u00eb fuqishme. Pos q\u00eb e tha midis Beogradit se Kosova \u00ebsht\u00eb shtet i pavarur dhe ky \u00ebsht\u00eb nj\u00eb","robots":{"index":"index","follow":"follow","max-snippet":"max-snippet:-1","max-image-preview":"max-image-preview:large","max-video-preview":"max-video-preview:-1"},"canonical":"https:\/\/www.visit-ulcinj.com\/blog\/2014\/11\/10\/rama-shqiptaret-e-lugines-duhet-te-kene-te-drejta-sa-serbet-ne-kosove\/","og_locale":"en_US","og_type":"article","og_title":"Rama: Shqiptar\u00ebt e Lugin\u00ebs duhet t\u00eb ken\u00eb t\u00eb drejta sa serb\u00ebt n\u00eb Kosov\u00eb - Lajme nga Ulqini","og_description":"Kryeministri i Shqip\u00ebris\u00eb n\u00eb Beograd, i b\u00ebri dy deklarata shum\u00eb t\u00eb fuqishme. Pos q\u00eb e tha midis Beogradit se Kosova \u00ebsht\u00eb shtet i pavarur dhe ky \u00ebsht\u00eb nj\u00eb","og_url":"https:\/\/www.visit-ulcinj.com\/blog\/2014\/11\/10\/rama-shqiptaret-e-lugines-duhet-te-kene-te-drejta-sa-serbet-ne-kosove\/","og_site_name":"Lajme nga Ulqini","article_published_time":"2014-11-10T12:31:46+00:00","article_modified_time":"2014-11-10T13:19:05+00:00","og_image":[{"url":"http:\/\/www.visit-ulcinj.com\/blog\/wp-content\/uploads\/2014\/11\/Rama-Vucic.jpg"}],"twitter_misc":{"Written by":"ulqini","Est. reading time":"1 minute"},"schema":{"@context":"https:\/\/schema.org","@graph":[{"@type":"WebSite","@id":"https:\/\/www.visit-ulcinj.com\/blog\/#website","url":"https:\/\/www.visit-ulcinj.com\/blog\/","name":"Lajme nga Ulqini","description":"Lajme,Vijesti,Ulqini,Ulqin,Crna Gora,Mali i Zi","potentialAction":[{"@type":"SearchAction","target":{"@type":"EntryPoint","urlTemplate":"https:\/\/www.visit-ulcinj.com\/blog\/?s={search_term_string}"},"query-input":"required name=search_term_string"}],"inLanguage":"en-US"},{"@type":"ImageObject","inLanguage":"en-US","@id":"https:\/\/www.visit-ulcinj.com\/blog\/2014\/11\/10\/rama-shqiptaret-e-lugines-duhet-te-kene-te-drejta-sa-serbet-ne-kosove\/#primaryimage","url":"https:\/\/www.visit-ulcinj.com\/blog\/wp-content\/uploads\/2014\/11\/Rama-Vucic.jpg","contentUrl":"https:\/\/www.visit-ulcinj.com\/blog\/wp-content\/uploads\/2014\/11\/Rama-Vucic.jpg","width":840,"height":608},{"@type":"WebPage","@id":"https:\/\/www.visit-ulcinj.com\/blog\/2014\/11\/10\/rama-shqiptaret-e-lugines-duhet-te-kene-te-drejta-sa-serbet-ne-kosove\/#webpage","url":"https:\/\/www.visit-ulcinj.com\/blog\/2014\/11\/10\/rama-shqiptaret-e-lugines-duhet-te-kene-te-drejta-sa-serbet-ne-kosove\/","name":"Rama: Shqiptar\u00ebt e Lugin\u00ebs duhet t\u00eb ken\u00eb t\u00eb drejta sa serb\u00ebt n\u00eb Kosov\u00eb - Lajme nga Ulqini","isPartOf":{"@id":"https:\/\/www.visit-ulcinj.com\/blog\/#website"},"primaryImageOfPage":{"@id":"https:\/\/www.visit-ulcinj.com\/blog\/2014\/11\/10\/rama-shqiptaret-e-lugines-duhet-te-kene-te-drejta-sa-serbet-ne-kosove\/#primaryimage"},"datePublished":"2014-11-10T12:31:46+00:00","dateModified":"2014-11-10T13:19:05+00:00","author":{"@id":"https:\/\/www.visit-ulcinj.com\/blog\/#\/schema\/person\/dcab619c614d3038751c63bc2aadc06d"},"description":"Kryeministri i Shqip\u00ebris\u00eb n\u00eb Beograd, i b\u00ebri dy deklarata shum\u00eb t\u00eb fuqishme. Pos q\u00eb e tha midis Beogradit se Kosova \u00ebsht\u00eb shtet i pavarur dhe ky \u00ebsht\u00eb nj\u00eb","breadcrumb":{"@id":"https:\/\/www.visit-ulcinj.com\/blog\/2014\/11\/10\/rama-shqiptaret-e-lugines-duhet-te-kene-te-drejta-sa-serbet-ne-kosove\/#breadcrumb"},"inLanguage":"en-US","potentialAction":[{"@type":"ReadAction","target":["https:\/\/www.visit-ulcinj.com\/blog\/2014\/11\/10\/rama-shqiptaret-e-lugines-duhet-te-kene-te-drejta-sa-serbet-ne-kosove\/"]}]},{"@type":"BreadcrumbList","@id":"https:\/\/www.visit-ulcinj.com\/blog\/2014\/11\/10\/rama-shqiptaret-e-lugines-duhet-te-kene-te-drejta-sa-serbet-ne-kosove\/#breadcrumb","itemListElement":[{"@type":"ListItem","position":1,"name":"Rama: Shqiptar\u00ebt e Lugin\u00ebs duhet t\u00eb ken\u00eb t\u00eb drejta sa serb\u00ebt n\u00eb Kosov\u00eb"}]},{"@type":"Person","@id":"https:\/\/www.visit-ulcinj.com\/blog\/#\/schema\/person\/dcab619c614d3038751c63bc2aadc06d","name":"ulqini","sameAs":["http:\/\/www.visit-ulcinj.com"],"url":"https:\/\/www.visit-ulcinj.com\/blog\/author\/admin\/"}]}},"jetpack_featured_media_url":"","jetpack_sharing_enabled":true,"jetpack_shortlink":"https:\/\/wp.me\/pe6lTn-mrX","_links":{"self":[{"href":"https:\/\/www.visit-ulcinj.com\/blog\/wp-json\/wp\/v2\/posts\/86301"}],"collection":[{"href":"https:\/\/www.visit-ulcinj.com\/blog\/wp-json\/wp\/v2\/posts"}],"about":[{"href":"https:\/\/www.visit-ulcinj.com\/blog\/wp-json\/wp\/v2\/types\/post"}],"author":[{"embeddable":true,"href":"https:\/\/www.visit-ulcinj.com\/blog\/wp-json\/wp\/v2\/users\/1"}],"replies":[{"embeddable":true,"href":"https:\/\/www.visit-ulcinj.com\/blog\/wp-json\/wp\/v2\/comments?post=86301"}],"version-history":[{"count":4,"href":"https:\/\/www.visit-ulcinj.com\/blog\/wp-json\/wp\/v2\/posts\/86301\/revisions"}],"predecessor-version":[{"id":86307,"href":"https:\/\/www.visit-ulcinj.com\/blog\/wp-json\/wp\/v2\/posts\/86301\/revisions\/86307"}],"wp:attachment":[{"href":"https:\/\/www.visit-ulcinj.com\/blog\/wp-json\/wp\/v2\/media?parent=86301"}],"wp:term":[{"taxonomy":"category","embeddable":true,"href":"https:\/\/www.visit-ulcinj.com\/blog\/wp-json\/wp\/v2\/categories?post=86301"},{"taxonomy":"post_tag","embeddable":true,"href":"https:\/\/www.visit-ulcinj.com\/blog\/wp-json\/wp\/v2\/tags?post=86301"}],"curies":[{"name":"wp","href":"https:\/\/api.w.org\/{rel}","templated":true}]}}