{"id":86314,"date":"2014-11-10T18:39:53","date_gmt":"2014-11-10T17:39:53","guid":{"rendered":"http:\/\/www.visit-ulcinj.com\/blog\/?p=86314"},"modified":"2014-11-10T18:39:53","modified_gmt":"2014-11-10T17:39:53","slug":"abazovic-radi-na-stvaranju-gradanskog-pokreta","status":"publish","type":"post","link":"https:\/\/www.visit-ulcinj.com\/blog\/2014\/11\/10\/abazovic-radi-na-stvaranju-gradanskog-pokreta\/","title":{"rendered":"Abazovi\u0107: Radi na stvaranju gra\u0111anskog pokreta"},"content":{"rendered":"<p><a href=\"http:\/\/www.visit-ulcinj.com\/blog\/wp-content\/uploads\/2014\/11\/Dritan-Abazovic-Ulcinj.jpg\"><img loading=\"lazy\" class=\"alignleft wp-image-86315\" src=\"http:\/\/www.visit-ulcinj.com\/blog\/wp-content\/uploads\/2014\/11\/Dritan-Abazovic-Ulcinj.jpg\" alt=\"Dritan-Abazovic-Ulcinj\" width=\"508\" height=\"480\" srcset=\"https:\/\/www.visit-ulcinj.com\/blog\/wp-content\/uploads\/2014\/11\/Dritan-Abazovic-Ulcinj.jpg 585w, https:\/\/www.visit-ulcinj.com\/blog\/wp-content\/uploads\/2014\/11\/Dritan-Abazovic-Ulcinj-300x283.jpg 300w\" sizes=\"(max-width: 508px) 100vw, 508px\" \/><\/a>Nezavisni poslanik Dritan Abazovi\u0107 saop\u0161tio je da je u toku formiranje gra\u0111anskog pokreta, koji \u0107e po\u010divati na evropskim vrijednostima sa programskim akcentom na ekonomiji. On je u okviru projekta Centra za demokratsku tranziciju \u00bbCrna Gora na Twitteru &#8211; uklju\u010di se u promjene\u00ab, naveo da se tek radi na stvaranju pokreta.<\/p>\n<p>\u00bbDru\u0161tvu je potrebna integracija i solidarnost. \u017delimo da se ljudi vi\u0161e ne dijele po \u010dlanskim kartama. Pokret \u0107e po\u010divati na evropskim vrijednostima sa programskim akcentom na ekonomiji\u00ab, naveo je on.<\/p>\n<p>Abazovi\u0107 smatra da trenutna politi\u010dka struktura ne mo\u017ee da dovede do odre\u0111enih reformi, prije svega u vladavini prava.<\/p>\n<p>On je u svojim tvitovima naveo da su reforme nasu\u0161na potreba dru\u0161tva.<\/p>\n<p>\u00bbA reforme dolaze kroz proces integracija. Svako ko misli da ovdje treba da do\u0111e do demokratskih kapitalnih promjena mislim da shvata zna\u010daj u\u010dlanjenja u NATO i zatvaranja bezbjednosne komponente i stvaranja preduslova da budemo ozbiljnije tretirani i od strane me\u0111unarodne zajednice\u00ab, dodao je Abazovi\u0107.<\/p>\n<p>Prema njegovi rije\u010dima, ulaskom u NATO se obezbje\u0111uju nu\u017ene reforme bezbjednosnih institucija i depolitizacija institucija, \u00bba to je ujedno i resurs Demokratske partije socijalista za obezbjedjivanje dobrih izbornih rezultata&#8221;.<\/p>\n<p>\u00bbI proces EU i proces NATO podjednako su va\u017eni i dio svog suvereniteta vrijedi \u017ertvovati za sigurnost i prosperitet budu\u0107ih generacija\u00ab, ukazao je Abazovi\u0107.<\/p>\n<p>On je pojasnio da je poslani\u010dki mandat, nakon istupanja iz Pozitivne Crne Gore, zadr\u017eao \u00abjer to zna\u010di da \u0107e glas onih koji su nas glasali 2012. godine biti u ovom parlamentu\u00ab.<\/p>\n<p>\u00bbGO koji nas je imenovao, mo\u017ee u svakom momentu da raspola\u017ee mojim mandatom, to sam i ranije naglasio\u00ab, dodao je Abazovi\u0107.<\/p>\n<p><strong>Izvor: RTCG<\/strong><\/p>\n","protected":false},"excerpt":{"rendered":"<p>Nezavisni poslanik Dritan Abazovi\u0107 saop\u0161tio je da je u toku formiranje gra\u0111anskog pokreta, koji \u0107e po\u010divati na evropskim vrijednostima sa programskim akcentom na ekonomiji. On je u okviru projekta Centra za demokratsku tranziciju \u00bbCrna Gora na Twitteru &#8211; uklju\u010di se u promjene\u00ab, naveo da se tek radi na stvaranju pokreta. \u00bbDru\u0161tvu je potrebna integracija i [&hellip;]<\/p>\n","protected":false},"author":1,"featured_media":0,"comment_status":"closed","ping_status":"closed","sticky":false,"template":"","format":"standard","meta":{"spay_email":"","jetpack_publicize_message":"","jetpack_is_tweetstorm":false,"jetpack_publicize_feature_enabled":true},"categories":[6950],"tags":[],"jetpack_publicize_connections":[],"yoast_head":"<!-- This site is optimized with the Yoast SEO plugin v19.1 - https:\/\/yoast.com\/wordpress\/plugins\/seo\/ -->\n<title>Abazovi\u0107: Radi na stvaranju gra\u0111anskog pokreta - Lajme nga Ulqini<\/title>\n<meta name=\"description\" content=\"Nezavisni poslanik Dritan Abazovi\u0107 saop\u0161tio je da je u toku formiranje gra\u0111anskog pokreta, koji \u0107e po\u010divati na evropskim vrijednostima sa programskim\" \/>\n<meta name=\"robots\" content=\"index, follow, max-snippet:-1, max-image-preview:large, max-video-preview:-1\" \/>\n<link rel=\"canonical\" href=\"https:\/\/www.visit-ulcinj.com\/blog\/2014\/11\/10\/abazovic-radi-na-stvaranju-gradanskog-pokreta\/\" \/>\n<meta property=\"og:locale\" content=\"en_US\" \/>\n<meta property=\"og:type\" content=\"article\" \/>\n<meta property=\"og:title\" content=\"Abazovi\u0107: Radi na stvaranju gra\u0111anskog pokreta - Lajme nga Ulqini\" \/>\n<meta property=\"og:description\" content=\"Nezavisni poslanik Dritan Abazovi\u0107 saop\u0161tio je da je u toku formiranje gra\u0111anskog pokreta, koji \u0107e po\u010divati na evropskim vrijednostima sa programskim\" \/>\n<meta property=\"og:url\" content=\"https:\/\/www.visit-ulcinj.com\/blog\/2014\/11\/10\/abazovic-radi-na-stvaranju-gradanskog-pokreta\/\" \/>\n<meta property=\"og:site_name\" content=\"Lajme nga Ulqini\" \/>\n<meta property=\"article:published_time\" content=\"2014-11-10T17:39:53+00:00\" \/>\n<meta property=\"og:image\" content=\"http:\/\/www.visit-ulcinj.com\/blog\/wp-content\/uploads\/2014\/11\/Dritan-Abazovic-Ulcinj.jpg\" \/>\n<meta name=\"twitter:label1\" content=\"Written by\" \/>\n\t<meta name=\"twitter:data1\" content=\"ulqini\" \/>\n\t<meta name=\"twitter:label2\" content=\"Est. reading time\" \/>\n\t<meta name=\"twitter:data2\" content=\"1 minute\" \/>\n<script type=\"application\/ld+json\" class=\"yoast-schema-graph\">{\"@context\":\"https:\/\/schema.org\",\"@graph\":[{\"@type\":\"WebSite\",\"@id\":\"https:\/\/www.visit-ulcinj.com\/blog\/#website\",\"url\":\"https:\/\/www.visit-ulcinj.com\/blog\/\",\"name\":\"Lajme nga Ulqini\",\"description\":\"Lajme,Vijesti,Ulqini,Ulqin,Crna Gora,Mali i Zi\",\"potentialAction\":[{\"@type\":\"SearchAction\",\"target\":{\"@type\":\"EntryPoint\",\"urlTemplate\":\"https:\/\/www.visit-ulcinj.com\/blog\/?s={search_term_string}\"},\"query-input\":\"required name=search_term_string\"}],\"inLanguage\":\"en-US\"},{\"@type\":\"ImageObject\",\"inLanguage\":\"en-US\",\"@id\":\"https:\/\/www.visit-ulcinj.com\/blog\/2014\/11\/10\/abazovic-radi-na-stvaranju-gradanskog-pokreta\/#primaryimage\",\"url\":\"https:\/\/www.visit-ulcinj.com\/blog\/wp-content\/uploads\/2014\/11\/Dritan-Abazovic-Ulcinj.jpg\",\"contentUrl\":\"https:\/\/www.visit-ulcinj.com\/blog\/wp-content\/uploads\/2014\/11\/Dritan-Abazovic-Ulcinj.jpg\",\"width\":585,\"height\":553},{\"@type\":\"WebPage\",\"@id\":\"https:\/\/www.visit-ulcinj.com\/blog\/2014\/11\/10\/abazovic-radi-na-stvaranju-gradanskog-pokreta\/#webpage\",\"url\":\"https:\/\/www.visit-ulcinj.com\/blog\/2014\/11\/10\/abazovic-radi-na-stvaranju-gradanskog-pokreta\/\",\"name\":\"Abazovi\u0107: Radi na stvaranju gra\u0111anskog pokreta - Lajme nga Ulqini\",\"isPartOf\":{\"@id\":\"https:\/\/www.visit-ulcinj.com\/blog\/#website\"},\"primaryImageOfPage\":{\"@id\":\"https:\/\/www.visit-ulcinj.com\/blog\/2014\/11\/10\/abazovic-radi-na-stvaranju-gradanskog-pokreta\/#primaryimage\"},\"datePublished\":\"2014-11-10T17:39:53+00:00\",\"dateModified\":\"2014-11-10T17:39:53+00:00\",\"author\":{\"@id\":\"https:\/\/www.visit-ulcinj.com\/blog\/#\/schema\/person\/dcab619c614d3038751c63bc2aadc06d\"},\"description\":\"Nezavisni poslanik Dritan Abazovi\u0107 saop\u0161tio je da je u toku formiranje gra\u0111anskog pokreta, koji \u0107e po\u010divati na evropskim vrijednostima sa programskim\",\"breadcrumb\":{\"@id\":\"https:\/\/www.visit-ulcinj.com\/blog\/2014\/11\/10\/abazovic-radi-na-stvaranju-gradanskog-pokreta\/#breadcrumb\"},\"inLanguage\":\"en-US\",\"potentialAction\":[{\"@type\":\"ReadAction\",\"target\":[\"https:\/\/www.visit-ulcinj.com\/blog\/2014\/11\/10\/abazovic-radi-na-stvaranju-gradanskog-pokreta\/\"]}]},{\"@type\":\"BreadcrumbList\",\"@id\":\"https:\/\/www.visit-ulcinj.com\/blog\/2014\/11\/10\/abazovic-radi-na-stvaranju-gradanskog-pokreta\/#breadcrumb\",\"itemListElement\":[{\"@type\":\"ListItem\",\"position\":1,\"name\":\"Abazovi\u0107: Radi na stvaranju gra\u0111anskog pokreta\"}]},{\"@type\":\"Person\",\"@id\":\"https:\/\/www.visit-ulcinj.com\/blog\/#\/schema\/person\/dcab619c614d3038751c63bc2aadc06d\",\"name\":\"ulqini\",\"sameAs\":[\"http:\/\/www.visit-ulcinj.com\"],\"url\":\"https:\/\/www.visit-ulcinj.com\/blog\/author\/admin\/\"}]}<\/script>\n<!-- \/ Yoast SEO plugin. -->","yoast_head_json":{"title":"Abazovi\u0107: Radi na stvaranju gra\u0111anskog pokreta - Lajme nga Ulqini","description":"Nezavisni poslanik Dritan Abazovi\u0107 saop\u0161tio je da je u toku formiranje gra\u0111anskog pokreta, koji \u0107e po\u010divati na evropskim vrijednostima sa programskim","robots":{"index":"index","follow":"follow","max-snippet":"max-snippet:-1","max-image-preview":"max-image-preview:large","max-video-preview":"max-video-preview:-1"},"canonical":"https:\/\/www.visit-ulcinj.com\/blog\/2014\/11\/10\/abazovic-radi-na-stvaranju-gradanskog-pokreta\/","og_locale":"en_US","og_type":"article","og_title":"Abazovi\u0107: Radi na stvaranju gra\u0111anskog pokreta - Lajme nga Ulqini","og_description":"Nezavisni poslanik Dritan Abazovi\u0107 saop\u0161tio je da je u toku formiranje gra\u0111anskog pokreta, koji \u0107e po\u010divati na evropskim vrijednostima sa programskim","og_url":"https:\/\/www.visit-ulcinj.com\/blog\/2014\/11\/10\/abazovic-radi-na-stvaranju-gradanskog-pokreta\/","og_site_name":"Lajme nga Ulqini","article_published_time":"2014-11-10T17:39:53+00:00","og_image":[{"url":"http:\/\/www.visit-ulcinj.com\/blog\/wp-content\/uploads\/2014\/11\/Dritan-Abazovic-Ulcinj.jpg"}],"twitter_misc":{"Written by":"ulqini","Est. reading time":"1 minute"},"schema":{"@context":"https:\/\/schema.org","@graph":[{"@type":"WebSite","@id":"https:\/\/www.visit-ulcinj.com\/blog\/#website","url":"https:\/\/www.visit-ulcinj.com\/blog\/","name":"Lajme nga Ulqini","description":"Lajme,Vijesti,Ulqini,Ulqin,Crna Gora,Mali i Zi","potentialAction":[{"@type":"SearchAction","target":{"@type":"EntryPoint","urlTemplate":"https:\/\/www.visit-ulcinj.com\/blog\/?s={search_term_string}"},"query-input":"required name=search_term_string"}],"inLanguage":"en-US"},{"@type":"ImageObject","inLanguage":"en-US","@id":"https:\/\/www.visit-ulcinj.com\/blog\/2014\/11\/10\/abazovic-radi-na-stvaranju-gradanskog-pokreta\/#primaryimage","url":"https:\/\/www.visit-ulcinj.com\/blog\/wp-content\/uploads\/2014\/11\/Dritan-Abazovic-Ulcinj.jpg","contentUrl":"https:\/\/www.visit-ulcinj.com\/blog\/wp-content\/uploads\/2014\/11\/Dritan-Abazovic-Ulcinj.jpg","width":585,"height":553},{"@type":"WebPage","@id":"https:\/\/www.visit-ulcinj.com\/blog\/2014\/11\/10\/abazovic-radi-na-stvaranju-gradanskog-pokreta\/#webpage","url":"https:\/\/www.visit-ulcinj.com\/blog\/2014\/11\/10\/abazovic-radi-na-stvaranju-gradanskog-pokreta\/","name":"Abazovi\u0107: Radi na stvaranju gra\u0111anskog pokreta - Lajme nga Ulqini","isPartOf":{"@id":"https:\/\/www.visit-ulcinj.com\/blog\/#website"},"primaryImageOfPage":{"@id":"https:\/\/www.visit-ulcinj.com\/blog\/2014\/11\/10\/abazovic-radi-na-stvaranju-gradanskog-pokreta\/#primaryimage"},"datePublished":"2014-11-10T17:39:53+00:00","dateModified":"2014-11-10T17:39:53+00:00","author":{"@id":"https:\/\/www.visit-ulcinj.com\/blog\/#\/schema\/person\/dcab619c614d3038751c63bc2aadc06d"},"description":"Nezavisni poslanik Dritan Abazovi\u0107 saop\u0161tio je da je u toku formiranje gra\u0111anskog pokreta, koji \u0107e po\u010divati na evropskim vrijednostima sa programskim","breadcrumb":{"@id":"https:\/\/www.visit-ulcinj.com\/blog\/2014\/11\/10\/abazovic-radi-na-stvaranju-gradanskog-pokreta\/#breadcrumb"},"inLanguage":"en-US","potentialAction":[{"@type":"ReadAction","target":["https:\/\/www.visit-ulcinj.com\/blog\/2014\/11\/10\/abazovic-radi-na-stvaranju-gradanskog-pokreta\/"]}]},{"@type":"BreadcrumbList","@id":"https:\/\/www.visit-ulcinj.com\/blog\/2014\/11\/10\/abazovic-radi-na-stvaranju-gradanskog-pokreta\/#breadcrumb","itemListElement":[{"@type":"ListItem","position":1,"name":"Abazovi\u0107: Radi na stvaranju gra\u0111anskog pokreta"}]},{"@type":"Person","@id":"https:\/\/www.visit-ulcinj.com\/blog\/#\/schema\/person\/dcab619c614d3038751c63bc2aadc06d","name":"ulqini","sameAs":["http:\/\/www.visit-ulcinj.com"],"url":"https:\/\/www.visit-ulcinj.com\/blog\/author\/admin\/"}]}},"jetpack_featured_media_url":"","jetpack_sharing_enabled":true,"jetpack_shortlink":"https:\/\/wp.me\/pe6lTn-msa","_links":{"self":[{"href":"https:\/\/www.visit-ulcinj.com\/blog\/wp-json\/wp\/v2\/posts\/86314"}],"collection":[{"href":"https:\/\/www.visit-ulcinj.com\/blog\/wp-json\/wp\/v2\/posts"}],"about":[{"href":"https:\/\/www.visit-ulcinj.com\/blog\/wp-json\/wp\/v2\/types\/post"}],"author":[{"embeddable":true,"href":"https:\/\/www.visit-ulcinj.com\/blog\/wp-json\/wp\/v2\/users\/1"}],"replies":[{"embeddable":true,"href":"https:\/\/www.visit-ulcinj.com\/blog\/wp-json\/wp\/v2\/comments?post=86314"}],"version-history":[{"count":1,"href":"https:\/\/www.visit-ulcinj.com\/blog\/wp-json\/wp\/v2\/posts\/86314\/revisions"}],"predecessor-version":[{"id":86316,"href":"https:\/\/www.visit-ulcinj.com\/blog\/wp-json\/wp\/v2\/posts\/86314\/revisions\/86316"}],"wp:attachment":[{"href":"https:\/\/www.visit-ulcinj.com\/blog\/wp-json\/wp\/v2\/media?parent=86314"}],"wp:term":[{"taxonomy":"category","embeddable":true,"href":"https:\/\/www.visit-ulcinj.com\/blog\/wp-json\/wp\/v2\/categories?post=86314"},{"taxonomy":"post_tag","embeddable":true,"href":"https:\/\/www.visit-ulcinj.com\/blog\/wp-json\/wp\/v2\/tags?post=86314"}],"curies":[{"name":"wp","href":"https:\/\/api.w.org\/{rel}","templated":true}]}}