{"id":86317,"date":"2014-11-10T18:52:28","date_gmt":"2014-11-10T17:52:28","guid":{"rendered":"http:\/\/www.visit-ulcinj.com\/blog\/?p=86317"},"modified":"2014-11-10T18:52:28","modified_gmt":"2014-11-10T17:52:28","slug":"shqiptaret-e-malit-te-zi-duan-genci-nimanbegun-per-minister","status":"publish","type":"post","link":"https:\/\/www.visit-ulcinj.com\/blog\/2014\/11\/10\/shqiptaret-e-malit-te-zi-duan-genci-nimanbegun-per-minister\/","title":{"rendered":"Shqiptar\u00ebt e Malit t\u00eb Zi duan Genci Nimanbegun p\u00ebr minist\u00ebr"},"content":{"rendered":"<p><a href=\"http:\/\/www.visit-ulcinj.com\/blog\/wp-content\/uploads\/2014\/11\/genci-nimanbegu.jpg\"><img loading=\"lazy\" class=\"alignleft wp-image-86318\" src=\"http:\/\/www.visit-ulcinj.com\/blog\/wp-content\/uploads\/2014\/11\/genci-nimanbegu.jpg\" alt=\"genci-nimanbegu\" width=\"508\" height=\"337\" srcset=\"https:\/\/www.visit-ulcinj.com\/blog\/wp-content\/uploads\/2014\/11\/genci-nimanbegu.jpg 640w, https:\/\/www.visit-ulcinj.com\/blog\/wp-content\/uploads\/2014\/11\/genci-nimanbegu-300x199.jpg 300w\" sizes=\"(max-width: 508px) 100vw, 508px\" \/><\/a>N\u00ebse kryeministri Millo Gjukanoviq pranon k\u00ebrkes\u00ebn e partive shqiptare dhe iu jep Ministrin\u00eb p\u00ebr t\u00eb drejtat e njeriut dhe pakicave, ministrin e deritash\u00ebm Suad Numanoviq mund ta z\u00ebvend\u00ebsoj\u00eb deputeti i Forc\u00ebs s\u00eb re demokratike Genci Nimanbegu, shkruajn\u00eb \u201cDnevne Novine\u201d. N\u00eb bised\u00ebn p\u00ebr k\u00ebt\u00eb gazet\u00eb Nimanbegu nuk e v\u00ebrtetoi dhe as demantoi k\u00ebt\u00eb informat\u00eb duke theksuar q\u00eb Shqiptar\u00ebve i takon vendi i ministrit. \u201cJam i sigurt q\u00eb l\u00ebshimet e marr\u00ebveshjes s\u00eb koalicionit t\u00eb vitit 2012 nuk guxojn\u00eb t\u00eb p\u00ebrs\u00ebriten. Pjes\u00ebmarrja n\u00eb Qeveri, n\u00eb form\u00eb t\u00eb ministrit, nuk \u00ebsht\u00eb zgjedhje individuale, por k\u00ebrkes\u00eb t\u00eb cil\u00ebn e kan\u00eb partit\u00eb shqiptare\u201d, tha ai. \u201cDN\u201d shkruajn q\u00eb Gjukanoviq, megjithat\u00eb, insiston q\u00eb partner\u00ebt e tij t\u00eb koalicionit fillimisht t\u00eb z\u00ebn\u00eb vendet e ndihm\u00ebs ministrave p\u00ebr t\u00eb cil\u00ebt m\u00eb her\u00ebt kan\u00eb treguar interes.<\/p>\n<p><strong>TVCG<\/strong><\/p>\n","protected":false},"excerpt":{"rendered":"<p>N\u00ebse kryeministri Millo Gjukanoviq pranon k\u00ebrkes\u00ebn e partive shqiptare dhe iu jep Ministrin\u00eb p\u00ebr t\u00eb drejtat e njeriut dhe pakicave, ministrin e deritash\u00ebm Suad Numanoviq mund ta z\u00ebvend\u00ebsoj\u00eb deputeti i Forc\u00ebs s\u00eb re demokratike Genci Nimanbegu, shkruajn\u00eb \u201cDnevne Novine\u201d. N\u00eb bised\u00ebn p\u00ebr k\u00ebt\u00eb gazet\u00eb Nimanbegu nuk e v\u00ebrtetoi dhe as demantoi k\u00ebt\u00eb informat\u00eb duke theksuar [&hellip;]<\/p>\n","protected":false},"author":1,"featured_media":0,"comment_status":"closed","ping_status":"closed","sticky":false,"template":"","format":"standard","meta":{"spay_email":"","jetpack_publicize_message":"","jetpack_is_tweetstorm":false,"jetpack_publicize_feature_enabled":true},"categories":[12],"tags":[],"jetpack_publicize_connections":[],"yoast_head":"<!-- This site is optimized with the Yoast SEO plugin v19.1 - https:\/\/yoast.com\/wordpress\/plugins\/seo\/ -->\n<title>Shqiptar\u00ebt e Malit t\u00eb Zi duan Genci Nimanbegun p\u00ebr minist\u00ebr - Lajme nga Ulqini<\/title>\n<meta name=\"description\" content=\"N\u00ebse kryeministri Millo Gjukanoviq pranon k\u00ebrkes\u00ebn e partive shqiptare dhe iu jep Ministrin\u00eb p\u00ebr t\u00eb drejtat e njeriut dhe pakicave, ministrin e deritash\u00ebm\" \/>\n<meta name=\"robots\" content=\"index, follow, max-snippet:-1, max-image-preview:large, max-video-preview:-1\" \/>\n<link rel=\"canonical\" href=\"https:\/\/www.visit-ulcinj.com\/blog\/2014\/11\/10\/shqiptaret-e-malit-te-zi-duan-genci-nimanbegun-per-minister\/\" \/>\n<meta property=\"og:locale\" content=\"en_US\" \/>\n<meta property=\"og:type\" content=\"article\" \/>\n<meta property=\"og:title\" content=\"Shqiptar\u00ebt e Malit t\u00eb Zi duan Genci Nimanbegun p\u00ebr minist\u00ebr - Lajme nga Ulqini\" \/>\n<meta property=\"og:description\" content=\"N\u00ebse kryeministri Millo Gjukanoviq pranon k\u00ebrkes\u00ebn e partive shqiptare dhe iu jep Ministrin\u00eb p\u00ebr t\u00eb drejtat e njeriut dhe pakicave, ministrin e deritash\u00ebm\" \/>\n<meta property=\"og:url\" content=\"https:\/\/www.visit-ulcinj.com\/blog\/2014\/11\/10\/shqiptaret-e-malit-te-zi-duan-genci-nimanbegun-per-minister\/\" \/>\n<meta property=\"og:site_name\" content=\"Lajme nga Ulqini\" \/>\n<meta property=\"article:published_time\" content=\"2014-11-10T17:52:28+00:00\" \/>\n<meta property=\"og:image\" content=\"http:\/\/www.visit-ulcinj.com\/blog\/wp-content\/uploads\/2014\/11\/genci-nimanbegu.jpg\" \/>\n<meta name=\"twitter:label1\" content=\"Written by\" \/>\n\t<meta name=\"twitter:data1\" content=\"ulqini\" \/>\n\t<meta name=\"twitter:label2\" content=\"Est. reading time\" \/>\n\t<meta name=\"twitter:data2\" content=\"1 minute\" \/>\n<script type=\"application\/ld+json\" class=\"yoast-schema-graph\">{\"@context\":\"https:\/\/schema.org\",\"@graph\":[{\"@type\":\"WebSite\",\"@id\":\"https:\/\/www.visit-ulcinj.com\/blog\/#website\",\"url\":\"https:\/\/www.visit-ulcinj.com\/blog\/\",\"name\":\"Lajme nga Ulqini\",\"description\":\"Lajme,Vijesti,Ulqini,Ulqin,Crna Gora,Mali i Zi\",\"potentialAction\":[{\"@type\":\"SearchAction\",\"target\":{\"@type\":\"EntryPoint\",\"urlTemplate\":\"https:\/\/www.visit-ulcinj.com\/blog\/?s={search_term_string}\"},\"query-input\":\"required name=search_term_string\"}],\"inLanguage\":\"en-US\"},{\"@type\":\"ImageObject\",\"inLanguage\":\"en-US\",\"@id\":\"https:\/\/www.visit-ulcinj.com\/blog\/2014\/11\/10\/shqiptaret-e-malit-te-zi-duan-genci-nimanbegun-per-minister\/#primaryimage\",\"url\":\"https:\/\/www.visit-ulcinj.com\/blog\/wp-content\/uploads\/2014\/11\/genci-nimanbegu.jpg\",\"contentUrl\":\"https:\/\/www.visit-ulcinj.com\/blog\/wp-content\/uploads\/2014\/11\/genci-nimanbegu.jpg\",\"width\":640,\"height\":425},{\"@type\":\"WebPage\",\"@id\":\"https:\/\/www.visit-ulcinj.com\/blog\/2014\/11\/10\/shqiptaret-e-malit-te-zi-duan-genci-nimanbegun-per-minister\/#webpage\",\"url\":\"https:\/\/www.visit-ulcinj.com\/blog\/2014\/11\/10\/shqiptaret-e-malit-te-zi-duan-genci-nimanbegun-per-minister\/\",\"name\":\"Shqiptar\u00ebt e Malit t\u00eb Zi duan Genci Nimanbegun p\u00ebr minist\u00ebr - Lajme nga Ulqini\",\"isPartOf\":{\"@id\":\"https:\/\/www.visit-ulcinj.com\/blog\/#website\"},\"primaryImageOfPage\":{\"@id\":\"https:\/\/www.visit-ulcinj.com\/blog\/2014\/11\/10\/shqiptaret-e-malit-te-zi-duan-genci-nimanbegun-per-minister\/#primaryimage\"},\"datePublished\":\"2014-11-10T17:52:28+00:00\",\"dateModified\":\"2014-11-10T17:52:28+00:00\",\"author\":{\"@id\":\"https:\/\/www.visit-ulcinj.com\/blog\/#\/schema\/person\/dcab619c614d3038751c63bc2aadc06d\"},\"description\":\"N\u00ebse kryeministri Millo Gjukanoviq pranon k\u00ebrkes\u00ebn e partive shqiptare dhe iu jep Ministrin\u00eb p\u00ebr t\u00eb drejtat e njeriut dhe pakicave, ministrin e deritash\u00ebm\",\"breadcrumb\":{\"@id\":\"https:\/\/www.visit-ulcinj.com\/blog\/2014\/11\/10\/shqiptaret-e-malit-te-zi-duan-genci-nimanbegun-per-minister\/#breadcrumb\"},\"inLanguage\":\"en-US\",\"potentialAction\":[{\"@type\":\"ReadAction\",\"target\":[\"https:\/\/www.visit-ulcinj.com\/blog\/2014\/11\/10\/shqiptaret-e-malit-te-zi-duan-genci-nimanbegun-per-minister\/\"]}]},{\"@type\":\"BreadcrumbList\",\"@id\":\"https:\/\/www.visit-ulcinj.com\/blog\/2014\/11\/10\/shqiptaret-e-malit-te-zi-duan-genci-nimanbegun-per-minister\/#breadcrumb\",\"itemListElement\":[{\"@type\":\"ListItem\",\"position\":1,\"name\":\"Shqiptar\u00ebt e Malit t\u00eb Zi duan Genci Nimanbegun p\u00ebr minist\u00ebr\"}]},{\"@type\":\"Person\",\"@id\":\"https:\/\/www.visit-ulcinj.com\/blog\/#\/schema\/person\/dcab619c614d3038751c63bc2aadc06d\",\"name\":\"ulqini\",\"sameAs\":[\"http:\/\/www.visit-ulcinj.com\"],\"url\":\"https:\/\/www.visit-ulcinj.com\/blog\/author\/admin\/\"}]}<\/script>\n<!-- \/ Yoast SEO plugin. -->","yoast_head_json":{"title":"Shqiptar\u00ebt e Malit t\u00eb Zi duan Genci Nimanbegun p\u00ebr minist\u00ebr - Lajme nga Ulqini","description":"N\u00ebse kryeministri Millo Gjukanoviq pranon k\u00ebrkes\u00ebn e partive shqiptare dhe iu jep Ministrin\u00eb p\u00ebr t\u00eb drejtat e njeriut dhe pakicave, ministrin e deritash\u00ebm","robots":{"index":"index","follow":"follow","max-snippet":"max-snippet:-1","max-image-preview":"max-image-preview:large","max-video-preview":"max-video-preview:-1"},"canonical":"https:\/\/www.visit-ulcinj.com\/blog\/2014\/11\/10\/shqiptaret-e-malit-te-zi-duan-genci-nimanbegun-per-minister\/","og_locale":"en_US","og_type":"article","og_title":"Shqiptar\u00ebt e Malit t\u00eb Zi duan Genci Nimanbegun p\u00ebr minist\u00ebr - Lajme nga Ulqini","og_description":"N\u00ebse kryeministri Millo Gjukanoviq pranon k\u00ebrkes\u00ebn e partive shqiptare dhe iu jep Ministrin\u00eb p\u00ebr t\u00eb drejtat e njeriut dhe pakicave, ministrin e deritash\u00ebm","og_url":"https:\/\/www.visit-ulcinj.com\/blog\/2014\/11\/10\/shqiptaret-e-malit-te-zi-duan-genci-nimanbegun-per-minister\/","og_site_name":"Lajme nga Ulqini","article_published_time":"2014-11-10T17:52:28+00:00","og_image":[{"url":"http:\/\/www.visit-ulcinj.com\/blog\/wp-content\/uploads\/2014\/11\/genci-nimanbegu.jpg"}],"twitter_misc":{"Written by":"ulqini","Est. reading time":"1 minute"},"schema":{"@context":"https:\/\/schema.org","@graph":[{"@type":"WebSite","@id":"https:\/\/www.visit-ulcinj.com\/blog\/#website","url":"https:\/\/www.visit-ulcinj.com\/blog\/","name":"Lajme nga Ulqini","description":"Lajme,Vijesti,Ulqini,Ulqin,Crna Gora,Mali i Zi","potentialAction":[{"@type":"SearchAction","target":{"@type":"EntryPoint","urlTemplate":"https:\/\/www.visit-ulcinj.com\/blog\/?s={search_term_string}"},"query-input":"required name=search_term_string"}],"inLanguage":"en-US"},{"@type":"ImageObject","inLanguage":"en-US","@id":"https:\/\/www.visit-ulcinj.com\/blog\/2014\/11\/10\/shqiptaret-e-malit-te-zi-duan-genci-nimanbegun-per-minister\/#primaryimage","url":"https:\/\/www.visit-ulcinj.com\/blog\/wp-content\/uploads\/2014\/11\/genci-nimanbegu.jpg","contentUrl":"https:\/\/www.visit-ulcinj.com\/blog\/wp-content\/uploads\/2014\/11\/genci-nimanbegu.jpg","width":640,"height":425},{"@type":"WebPage","@id":"https:\/\/www.visit-ulcinj.com\/blog\/2014\/11\/10\/shqiptaret-e-malit-te-zi-duan-genci-nimanbegun-per-minister\/#webpage","url":"https:\/\/www.visit-ulcinj.com\/blog\/2014\/11\/10\/shqiptaret-e-malit-te-zi-duan-genci-nimanbegun-per-minister\/","name":"Shqiptar\u00ebt e Malit t\u00eb Zi duan Genci Nimanbegun p\u00ebr minist\u00ebr - Lajme nga Ulqini","isPartOf":{"@id":"https:\/\/www.visit-ulcinj.com\/blog\/#website"},"primaryImageOfPage":{"@id":"https:\/\/www.visit-ulcinj.com\/blog\/2014\/11\/10\/shqiptaret-e-malit-te-zi-duan-genci-nimanbegun-per-minister\/#primaryimage"},"datePublished":"2014-11-10T17:52:28+00:00","dateModified":"2014-11-10T17:52:28+00:00","author":{"@id":"https:\/\/www.visit-ulcinj.com\/blog\/#\/schema\/person\/dcab619c614d3038751c63bc2aadc06d"},"description":"N\u00ebse kryeministri Millo Gjukanoviq pranon k\u00ebrkes\u00ebn e partive shqiptare dhe iu jep Ministrin\u00eb p\u00ebr t\u00eb drejtat e njeriut dhe pakicave, ministrin e deritash\u00ebm","breadcrumb":{"@id":"https:\/\/www.visit-ulcinj.com\/blog\/2014\/11\/10\/shqiptaret-e-malit-te-zi-duan-genci-nimanbegun-per-minister\/#breadcrumb"},"inLanguage":"en-US","potentialAction":[{"@type":"ReadAction","target":["https:\/\/www.visit-ulcinj.com\/blog\/2014\/11\/10\/shqiptaret-e-malit-te-zi-duan-genci-nimanbegun-per-minister\/"]}]},{"@type":"BreadcrumbList","@id":"https:\/\/www.visit-ulcinj.com\/blog\/2014\/11\/10\/shqiptaret-e-malit-te-zi-duan-genci-nimanbegun-per-minister\/#breadcrumb","itemListElement":[{"@type":"ListItem","position":1,"name":"Shqiptar\u00ebt e Malit t\u00eb Zi duan Genci Nimanbegun p\u00ebr minist\u00ebr"}]},{"@type":"Person","@id":"https:\/\/www.visit-ulcinj.com\/blog\/#\/schema\/person\/dcab619c614d3038751c63bc2aadc06d","name":"ulqini","sameAs":["http:\/\/www.visit-ulcinj.com"],"url":"https:\/\/www.visit-ulcinj.com\/blog\/author\/admin\/"}]}},"jetpack_featured_media_url":"","jetpack_sharing_enabled":true,"jetpack_shortlink":"https:\/\/wp.me\/pe6lTn-msd","_links":{"self":[{"href":"https:\/\/www.visit-ulcinj.com\/blog\/wp-json\/wp\/v2\/posts\/86317"}],"collection":[{"href":"https:\/\/www.visit-ulcinj.com\/blog\/wp-json\/wp\/v2\/posts"}],"about":[{"href":"https:\/\/www.visit-ulcinj.com\/blog\/wp-json\/wp\/v2\/types\/post"}],"author":[{"embeddable":true,"href":"https:\/\/www.visit-ulcinj.com\/blog\/wp-json\/wp\/v2\/users\/1"}],"replies":[{"embeddable":true,"href":"https:\/\/www.visit-ulcinj.com\/blog\/wp-json\/wp\/v2\/comments?post=86317"}],"version-history":[{"count":1,"href":"https:\/\/www.visit-ulcinj.com\/blog\/wp-json\/wp\/v2\/posts\/86317\/revisions"}],"predecessor-version":[{"id":86319,"href":"https:\/\/www.visit-ulcinj.com\/blog\/wp-json\/wp\/v2\/posts\/86317\/revisions\/86319"}],"wp:attachment":[{"href":"https:\/\/www.visit-ulcinj.com\/blog\/wp-json\/wp\/v2\/media?parent=86317"}],"wp:term":[{"taxonomy":"category","embeddable":true,"href":"https:\/\/www.visit-ulcinj.com\/blog\/wp-json\/wp\/v2\/categories?post=86317"},{"taxonomy":"post_tag","embeddable":true,"href":"https:\/\/www.visit-ulcinj.com\/blog\/wp-json\/wp\/v2\/tags?post=86317"}],"curies":[{"name":"wp","href":"https:\/\/api.w.org\/{rel}","templated":true}]}}