{"id":86322,"date":"2014-11-10T19:59:13","date_gmt":"2014-11-10T18:59:13","guid":{"rendered":"http:\/\/www.visit-ulcinj.com\/blog\/?p=86322"},"modified":"2014-11-10T19:59:13","modified_gmt":"2014-11-10T18:59:13","slug":"te-themelohet-lidhja-e-shkrimtareve-ne-mal-te-zi","status":"publish","type":"post","link":"https:\/\/www.visit-ulcinj.com\/blog\/2014\/11\/10\/te-themelohet-lidhja-e-shkrimtareve-ne-mal-te-zi\/","title":{"rendered":"T\u00eb themelohet Lidhja e shkrimtar\u00ebve n\u00eb Mal t\u00eb Zi"},"content":{"rendered":"<p><a href=\"http:\/\/www.visit-ulcinj.com\/blog\/wp-content\/uploads\/2014\/11\/Bashkimi-i-krijuesve-Shqiptar\u00eb-n\u00eb-Mal-t\u00eb-Zi.jpg\"><img loading=\"lazy\" class=\"alignleft wp-image-86323 size-full\" src=\"http:\/\/www.visit-ulcinj.com\/blog\/wp-content\/uploads\/2014\/11\/Bashkimi-i-krijuesve-Shqiptar\u00eb-n\u00eb-Mal-t\u00eb-Zi.jpg\" alt=\"Bashkimi i krijuesve Shqiptar\u00eb n\u00eb Mal t\u00eb Zi\" width=\"275\" height=\"183\" \/><\/a>Bashkimi i krijuesve Shqiptar\u00eb n\u00eb Mal t\u00eb Zi propozoi sot q\u00eb t\u00eb themelohet Lidhja e shkrimtar\u00ebve n\u00eb Mal t\u00eb Zi.<\/p>\n<p>Kryetari i k\u00ebtij institucioni prim.dr Gani Karamanaga tha se p\u00ebr fillim \u00ebsht\u00eb e nevojshme t\u00eb formohet nj\u00eb k\u00ebshill\u00eb nism\u00ebtar. N\u00eb at\u00eb trup ai propozoi t\u00eb jan\u00eb: Hajro Ulqinaku, Jaho Kollari, Ibrahim Berjashi, Haxhi Shabani, Hajredin Kova\u00e7i, Anton Goj\u00e7aj, Shaban Hasangjekaj, Asllan Bisha, Liridona Sinishtaj, Fran Camaj, Gazmend \u00c7itaku, dr Nail Draga, Ali Salaj, dr Bahri Brisku si dhe si vet Karamanaga.<\/p>\n<p>RTCG<\/p>\n","protected":false},"excerpt":{"rendered":"<p>Bashkimi i krijuesve Shqiptar\u00eb n\u00eb Mal t\u00eb Zi propozoi sot q\u00eb t\u00eb themelohet Lidhja e shkrimtar\u00ebve n\u00eb Mal t\u00eb Zi. Kryetari i k\u00ebtij institucioni prim.dr Gani Karamanaga tha se p\u00ebr fillim \u00ebsht\u00eb e nevojshme t\u00eb formohet nj\u00eb k\u00ebshill\u00eb nism\u00ebtar. N\u00eb at\u00eb trup ai propozoi t\u00eb jan\u00eb: Hajro Ulqinaku, Jaho Kollari, Ibrahim Berjashi, Haxhi Shabani, Hajredin [&hellip;]<\/p>\n","protected":false},"author":1,"featured_media":0,"comment_status":"closed","ping_status":"closed","sticky":false,"template":"","format":"standard","meta":{"spay_email":"","jetpack_publicize_message":"","jetpack_is_tweetstorm":false,"jetpack_publicize_feature_enabled":true},"categories":[6950],"tags":[],"jetpack_publicize_connections":[],"yoast_head":"<!-- This site is optimized with the Yoast SEO plugin v19.1 - https:\/\/yoast.com\/wordpress\/plugins\/seo\/ -->\n<title>T\u00eb themelohet Lidhja e shkrimtar\u00ebve n\u00eb Mal t\u00eb Zi - Lajme nga Ulqini<\/title>\n<meta name=\"description\" content=\"Bashkimi i krijuesve Shqiptar\u00eb n\u00eb Mal t\u00eb Zi propozoi sot q\u00eb t\u00eb themelohet Lidhja e shkrimtar\u00ebve n\u00eb Mal t\u00eb Zi. Kryetari i k\u00ebtij institucioni prim.dr Gani\" \/>\n<meta name=\"robots\" content=\"index, follow, max-snippet:-1, max-image-preview:large, max-video-preview:-1\" \/>\n<link rel=\"canonical\" href=\"https:\/\/www.visit-ulcinj.com\/blog\/2014\/11\/10\/te-themelohet-lidhja-e-shkrimtareve-ne-mal-te-zi\/\" \/>\n<meta property=\"og:locale\" content=\"en_US\" \/>\n<meta property=\"og:type\" content=\"article\" \/>\n<meta property=\"og:title\" content=\"T\u00eb themelohet Lidhja e shkrimtar\u00ebve n\u00eb Mal t\u00eb Zi - Lajme nga Ulqini\" \/>\n<meta property=\"og:description\" content=\"Bashkimi i krijuesve Shqiptar\u00eb n\u00eb Mal t\u00eb Zi propozoi sot q\u00eb t\u00eb themelohet Lidhja e shkrimtar\u00ebve n\u00eb Mal t\u00eb Zi. Kryetari i k\u00ebtij institucioni prim.dr Gani\" \/>\n<meta property=\"og:url\" content=\"https:\/\/www.visit-ulcinj.com\/blog\/2014\/11\/10\/te-themelohet-lidhja-e-shkrimtareve-ne-mal-te-zi\/\" \/>\n<meta property=\"og:site_name\" content=\"Lajme nga Ulqini\" \/>\n<meta property=\"article:published_time\" content=\"2014-11-10T18:59:13+00:00\" \/>\n<meta name=\"twitter:label1\" content=\"Written by\" \/>\n\t<meta name=\"twitter:data1\" content=\"ulqini\" \/>\n<script type=\"application\/ld+json\" class=\"yoast-schema-graph\">{\"@context\":\"https:\/\/schema.org\",\"@graph\":[{\"@type\":\"WebSite\",\"@id\":\"https:\/\/www.visit-ulcinj.com\/blog\/#website\",\"url\":\"https:\/\/www.visit-ulcinj.com\/blog\/\",\"name\":\"Lajme nga Ulqini\",\"description\":\"Lajme,Vijesti,Ulqini,Ulqin,Crna Gora,Mali i Zi\",\"potentialAction\":[{\"@type\":\"SearchAction\",\"target\":{\"@type\":\"EntryPoint\",\"urlTemplate\":\"https:\/\/www.visit-ulcinj.com\/blog\/?s={search_term_string}\"},\"query-input\":\"required name=search_term_string\"}],\"inLanguage\":\"en-US\"},{\"@type\":\"WebPage\",\"@id\":\"https:\/\/www.visit-ulcinj.com\/blog\/2014\/11\/10\/te-themelohet-lidhja-e-shkrimtareve-ne-mal-te-zi\/#webpage\",\"url\":\"https:\/\/www.visit-ulcinj.com\/blog\/2014\/11\/10\/te-themelohet-lidhja-e-shkrimtareve-ne-mal-te-zi\/\",\"name\":\"T\u00eb themelohet Lidhja e shkrimtar\u00ebve n\u00eb Mal t\u00eb Zi - Lajme nga Ulqini\",\"isPartOf\":{\"@id\":\"https:\/\/www.visit-ulcinj.com\/blog\/#website\"},\"datePublished\":\"2014-11-10T18:59:13+00:00\",\"dateModified\":\"2014-11-10T18:59:13+00:00\",\"author\":{\"@id\":\"https:\/\/www.visit-ulcinj.com\/blog\/#\/schema\/person\/dcab619c614d3038751c63bc2aadc06d\"},\"description\":\"Bashkimi i krijuesve Shqiptar\u00eb n\u00eb Mal t\u00eb Zi propozoi sot q\u00eb t\u00eb themelohet Lidhja e shkrimtar\u00ebve n\u00eb Mal t\u00eb Zi. Kryetari i k\u00ebtij institucioni prim.dr Gani\",\"breadcrumb\":{\"@id\":\"https:\/\/www.visit-ulcinj.com\/blog\/2014\/11\/10\/te-themelohet-lidhja-e-shkrimtareve-ne-mal-te-zi\/#breadcrumb\"},\"inLanguage\":\"en-US\",\"potentialAction\":[{\"@type\":\"ReadAction\",\"target\":[\"https:\/\/www.visit-ulcinj.com\/blog\/2014\/11\/10\/te-themelohet-lidhja-e-shkrimtareve-ne-mal-te-zi\/\"]}]},{\"@type\":\"BreadcrumbList\",\"@id\":\"https:\/\/www.visit-ulcinj.com\/blog\/2014\/11\/10\/te-themelohet-lidhja-e-shkrimtareve-ne-mal-te-zi\/#breadcrumb\",\"itemListElement\":[{\"@type\":\"ListItem\",\"position\":1,\"name\":\"T\u00eb themelohet Lidhja e shkrimtar\u00ebve n\u00eb Mal t\u00eb Zi\"}]},{\"@type\":\"Person\",\"@id\":\"https:\/\/www.visit-ulcinj.com\/blog\/#\/schema\/person\/dcab619c614d3038751c63bc2aadc06d\",\"name\":\"ulqini\",\"sameAs\":[\"http:\/\/www.visit-ulcinj.com\"],\"url\":\"https:\/\/www.visit-ulcinj.com\/blog\/author\/admin\/\"}]}<\/script>\n<!-- \/ Yoast SEO plugin. -->","yoast_head_json":{"title":"T\u00eb themelohet Lidhja e shkrimtar\u00ebve n\u00eb Mal t\u00eb Zi - Lajme nga Ulqini","description":"Bashkimi i krijuesve Shqiptar\u00eb n\u00eb Mal t\u00eb Zi propozoi sot q\u00eb t\u00eb themelohet Lidhja e shkrimtar\u00ebve n\u00eb Mal t\u00eb Zi. Kryetari i k\u00ebtij institucioni prim.dr Gani","robots":{"index":"index","follow":"follow","max-snippet":"max-snippet:-1","max-image-preview":"max-image-preview:large","max-video-preview":"max-video-preview:-1"},"canonical":"https:\/\/www.visit-ulcinj.com\/blog\/2014\/11\/10\/te-themelohet-lidhja-e-shkrimtareve-ne-mal-te-zi\/","og_locale":"en_US","og_type":"article","og_title":"T\u00eb themelohet Lidhja e shkrimtar\u00ebve n\u00eb Mal t\u00eb Zi - Lajme nga Ulqini","og_description":"Bashkimi i krijuesve Shqiptar\u00eb n\u00eb Mal t\u00eb Zi propozoi sot q\u00eb t\u00eb themelohet Lidhja e shkrimtar\u00ebve n\u00eb Mal t\u00eb Zi. Kryetari i k\u00ebtij institucioni prim.dr Gani","og_url":"https:\/\/www.visit-ulcinj.com\/blog\/2014\/11\/10\/te-themelohet-lidhja-e-shkrimtareve-ne-mal-te-zi\/","og_site_name":"Lajme nga Ulqini","article_published_time":"2014-11-10T18:59:13+00:00","twitter_misc":{"Written by":"ulqini"},"schema":{"@context":"https:\/\/schema.org","@graph":[{"@type":"WebSite","@id":"https:\/\/www.visit-ulcinj.com\/blog\/#website","url":"https:\/\/www.visit-ulcinj.com\/blog\/","name":"Lajme nga Ulqini","description":"Lajme,Vijesti,Ulqini,Ulqin,Crna Gora,Mali i Zi","potentialAction":[{"@type":"SearchAction","target":{"@type":"EntryPoint","urlTemplate":"https:\/\/www.visit-ulcinj.com\/blog\/?s={search_term_string}"},"query-input":"required name=search_term_string"}],"inLanguage":"en-US"},{"@type":"WebPage","@id":"https:\/\/www.visit-ulcinj.com\/blog\/2014\/11\/10\/te-themelohet-lidhja-e-shkrimtareve-ne-mal-te-zi\/#webpage","url":"https:\/\/www.visit-ulcinj.com\/blog\/2014\/11\/10\/te-themelohet-lidhja-e-shkrimtareve-ne-mal-te-zi\/","name":"T\u00eb themelohet Lidhja e shkrimtar\u00ebve n\u00eb Mal t\u00eb Zi - Lajme nga Ulqini","isPartOf":{"@id":"https:\/\/www.visit-ulcinj.com\/blog\/#website"},"datePublished":"2014-11-10T18:59:13+00:00","dateModified":"2014-11-10T18:59:13+00:00","author":{"@id":"https:\/\/www.visit-ulcinj.com\/blog\/#\/schema\/person\/dcab619c614d3038751c63bc2aadc06d"},"description":"Bashkimi i krijuesve Shqiptar\u00eb n\u00eb Mal t\u00eb Zi propozoi sot q\u00eb t\u00eb themelohet Lidhja e shkrimtar\u00ebve n\u00eb Mal t\u00eb Zi. Kryetari i k\u00ebtij institucioni prim.dr Gani","breadcrumb":{"@id":"https:\/\/www.visit-ulcinj.com\/blog\/2014\/11\/10\/te-themelohet-lidhja-e-shkrimtareve-ne-mal-te-zi\/#breadcrumb"},"inLanguage":"en-US","potentialAction":[{"@type":"ReadAction","target":["https:\/\/www.visit-ulcinj.com\/blog\/2014\/11\/10\/te-themelohet-lidhja-e-shkrimtareve-ne-mal-te-zi\/"]}]},{"@type":"BreadcrumbList","@id":"https:\/\/www.visit-ulcinj.com\/blog\/2014\/11\/10\/te-themelohet-lidhja-e-shkrimtareve-ne-mal-te-zi\/#breadcrumb","itemListElement":[{"@type":"ListItem","position":1,"name":"T\u00eb themelohet Lidhja e shkrimtar\u00ebve n\u00eb Mal t\u00eb Zi"}]},{"@type":"Person","@id":"https:\/\/www.visit-ulcinj.com\/blog\/#\/schema\/person\/dcab619c614d3038751c63bc2aadc06d","name":"ulqini","sameAs":["http:\/\/www.visit-ulcinj.com"],"url":"https:\/\/www.visit-ulcinj.com\/blog\/author\/admin\/"}]}},"jetpack_featured_media_url":"","jetpack_sharing_enabled":true,"jetpack_shortlink":"https:\/\/wp.me\/pe6lTn-msi","_links":{"self":[{"href":"https:\/\/www.visit-ulcinj.com\/blog\/wp-json\/wp\/v2\/posts\/86322"}],"collection":[{"href":"https:\/\/www.visit-ulcinj.com\/blog\/wp-json\/wp\/v2\/posts"}],"about":[{"href":"https:\/\/www.visit-ulcinj.com\/blog\/wp-json\/wp\/v2\/types\/post"}],"author":[{"embeddable":true,"href":"https:\/\/www.visit-ulcinj.com\/blog\/wp-json\/wp\/v2\/users\/1"}],"replies":[{"embeddable":true,"href":"https:\/\/www.visit-ulcinj.com\/blog\/wp-json\/wp\/v2\/comments?post=86322"}],"version-history":[{"count":1,"href":"https:\/\/www.visit-ulcinj.com\/blog\/wp-json\/wp\/v2\/posts\/86322\/revisions"}],"predecessor-version":[{"id":86324,"href":"https:\/\/www.visit-ulcinj.com\/blog\/wp-json\/wp\/v2\/posts\/86322\/revisions\/86324"}],"wp:attachment":[{"href":"https:\/\/www.visit-ulcinj.com\/blog\/wp-json\/wp\/v2\/media?parent=86322"}],"wp:term":[{"taxonomy":"category","embeddable":true,"href":"https:\/\/www.visit-ulcinj.com\/blog\/wp-json\/wp\/v2\/categories?post=86322"},{"taxonomy":"post_tag","embeddable":true,"href":"https:\/\/www.visit-ulcinj.com\/blog\/wp-json\/wp\/v2\/tags?post=86322"}],"curies":[{"name":"wp","href":"https:\/\/api.w.org\/{rel}","templated":true}]}}