{"id":86328,"date":"2014-11-11T09:13:00","date_gmt":"2014-11-11T08:13:00","guid":{"rendered":"http:\/\/www.visit-ulcinj.com\/blog\/?p=86328"},"modified":"2014-11-11T09:13:39","modified_gmt":"2014-11-11T08:13:39","slug":"czip-savjet-evrope-zahtijevaju-od-vlade-crne-gore-da-zastite-ulcinjsku-solanu","status":"publish","type":"post","link":"https:\/\/www.visit-ulcinj.com\/blog\/2014\/11\/11\/czip-savjet-evrope-zahtijevaju-od-vlade-crne-gore-da-zastite-ulcinjsku-solanu\/","title":{"rendered":"CZIP: Savjet Evrope zahtijeva od Vlade Crne Gore da za\u0161tite ulcinjsku solanu"},"content":{"rendered":"<p><a href=\"http:\/\/www.visit-ulcinj.com\/blog\/wp-content\/uploads\/2014\/06\/ulcinjska-solana-raj-za-ptice-2.jpg\"><img loading=\"lazy\" class=\"alignleft wp-image-83003\" src=\"http:\/\/www.visit-ulcinj.com\/blog\/wp-content\/uploads\/2014\/06\/ulcinjska-solana-raj-za-ptice-2.jpg\" alt=\"ulcinjska-solana-raj-za-ptice-2\" width=\"508\" height=\"378\" srcset=\"https:\/\/www.visit-ulcinj.com\/blog\/wp-content\/uploads\/2014\/06\/ulcinjska-solana-raj-za-ptice-2.jpg 960w, https:\/\/www.visit-ulcinj.com\/blog\/wp-content\/uploads\/2014\/06\/ulcinjska-solana-raj-za-ptice-2-300x223.jpg 300w\" sizes=\"(max-width: 508px) 100vw, 508px\" \/><\/a>Centar za za\u0161titu i prou\u010davanje ptica je saop\u0161tio da je Savjet Evrope podsjetio Ministarstvo turizma i odr\u017eivog razvoja na obavezu za\u0161tite Ulcinjske solane, na \u0161ta se Vlada obavezala jula 2012. godine, dono\u0161enjem Amandmana na Prostorni plan Crne Gore do 2020.<\/p>\n<p>Kako se navodi u saop\u0161tenju CZIP-a, iz Savjeta Evrope napominju da Ulcinjska Solana ne samo da je jedno od najva\u017enijih gnijezdili\u0161ta i zimovali\u0161ta na Jadranskom migratornom koridoru, ve\u0107 je i klasifikovana kao Me\u0111unarodno zna\u010dajno podru\u010dje za boravak ptica i kandidat za Emerald stani\u0161te.<\/p>\n<p>Zvani\u010dni status kandidata za Emerald stani\u0161te, dodijeljen Velikoj pla\u017ei sa Ulcinjskom solanom svjedo\u010di o va\u017enosti stani\u0161ta za evropski biodiverzitet i obavezuje nacionalne vlasti da \u201cpreduzmu neophodne mjere za za\u0161titu i o\u010duvanje sa ciljem da se odr\u017eavaju ekolo\u0161ke karakteristike Emerald stani\u0161ta \u201d do njihovog punopravnog uklju\u010denja u Emnerald mre\u017eu, za kandidate za Emerald stani\u0161ta i smjernice za kriterijume za njihovu nominaciju.<\/p>\n<p>Amandman na Prostorni plan done\u0161en je nakon reakcije savjeta Evrope na objavu planova za isu\u0161ivanje solane u cilju izgradnje tiuristi\u010dkih kompleksa.<\/p>\n<p>U CZIP-u Ka\u017eu da iz Savjeta Evrope zahtijevaju od Vlade Crne Gore informacije da li se \u0161to promijenilo u dijelu za\u0161tite solane od perioda dono\u0161enja zakonskog akta do danas.<\/p>\n<p>&#8211; Solana je zlatna koka Crne Gore i ona je najbolji pokazatelj da ekonomija i ekologija mogu zajedno. S obzirom na to da se radi o vje\u0161ta\u010dkom ekosistemu o\u010duvanje biodiverziteta apsolutno zavisi od funkcionisanja solane kao fabrike soli. S obzirom na veliku povr\u0161inu, na solani postoji mogu\u0107nost organizovanja, pored posmatranja ptica, vi\u0161e vidova eko turizma (biciklizam, \u0161etnja, tr\u010daje), uklju\u010duju\u0107i i zdravstveni turizam, spa centar. Uslov svih uslova za unaprije\u0111enje ekonomske situacije na solani je da ona nastavi da proizvodi so kao za\u0161ti\u0107eno podru\u010dje. Poruku iz Savjeta Evrope treba ozbiljno shvatiti &#8211; kao zahtjev da Vlada u\u010dini ne\u0161to za za\u0161titu solane, rekao je Darko Savelji\u0107, ornitolog.<\/p>\n<p><strong>Izvor: Analitika &#8211; Informativni Portal\u00a0<\/strong><\/p>\n","protected":false},"excerpt":{"rendered":"<p>Centar za za\u0161titu i prou\u010davanje ptica je saop\u0161tio da je Savjet Evrope podsjetio Ministarstvo turizma i odr\u017eivog razvoja na obavezu za\u0161tite Ulcinjske solane, na \u0161ta se Vlada obavezala jula 2012. godine, dono\u0161enjem Amandmana na Prostorni plan Crne Gore do 2020. Kako se navodi u saop\u0161tenju CZIP-a, iz Savjeta Evrope napominju da Ulcinjska Solana ne samo [&hellip;]<\/p>\n","protected":false},"author":1,"featured_media":0,"comment_status":"closed","ping_status":"closed","sticky":false,"template":"","format":"standard","meta":{"spay_email":"","jetpack_publicize_message":"","jetpack_is_tweetstorm":false,"jetpack_publicize_feature_enabled":true},"categories":[8337],"tags":[],"jetpack_publicize_connections":[],"yoast_head":"<!-- This site is optimized with the Yoast SEO plugin v19.1 - https:\/\/yoast.com\/wordpress\/plugins\/seo\/ -->\n<title>CZIP: Savjet Evrope zahtijeva od Vlade Crne Gore da za\u0161tite ulcinjsku solanu - Lajme nga Ulqini<\/title>\n<meta name=\"description\" content=\"Centar za za\u0161titu i prou\u010davanje ptica je saop\u0161tio da je Savjet Evrope podsjetio Ministarstvo turizma i odr\u017eivog razvoja na obavezu za\u0161tite Ulcinjske\" \/>\n<meta name=\"robots\" content=\"index, follow, max-snippet:-1, max-image-preview:large, max-video-preview:-1\" \/>\n<link rel=\"canonical\" href=\"https:\/\/www.visit-ulcinj.com\/blog\/2014\/11\/11\/czip-savjet-evrope-zahtijevaju-od-vlade-crne-gore-da-zastite-ulcinjsku-solanu\/\" \/>\n<meta property=\"og:locale\" content=\"en_US\" \/>\n<meta property=\"og:type\" content=\"article\" \/>\n<meta property=\"og:title\" content=\"CZIP: Savjet Evrope zahtijeva od Vlade Crne Gore da za\u0161tite ulcinjsku solanu - Lajme nga Ulqini\" \/>\n<meta property=\"og:description\" content=\"Centar za za\u0161titu i prou\u010davanje ptica je saop\u0161tio da je Savjet Evrope podsjetio Ministarstvo turizma i odr\u017eivog razvoja na obavezu za\u0161tite Ulcinjske\" \/>\n<meta property=\"og:url\" content=\"https:\/\/www.visit-ulcinj.com\/blog\/2014\/11\/11\/czip-savjet-evrope-zahtijevaju-od-vlade-crne-gore-da-zastite-ulcinjsku-solanu\/\" \/>\n<meta property=\"og:site_name\" content=\"Lajme nga Ulqini\" \/>\n<meta property=\"article:published_time\" content=\"2014-11-11T08:13:00+00:00\" \/>\n<meta property=\"article:modified_time\" content=\"2014-11-11T08:13:39+00:00\" \/>\n<meta property=\"og:image\" content=\"http:\/\/www.visit-ulcinj.com\/blog\/wp-content\/uploads\/2014\/06\/ulcinjska-solana-raj-za-ptice-2.jpg\" \/>\n<meta name=\"twitter:label1\" content=\"Written by\" \/>\n\t<meta name=\"twitter:data1\" content=\"ulqini\" \/>\n\t<meta name=\"twitter:label2\" content=\"Est. reading time\" \/>\n\t<meta name=\"twitter:data2\" content=\"2 minutes\" \/>\n<script type=\"application\/ld+json\" class=\"yoast-schema-graph\">{\"@context\":\"https:\/\/schema.org\",\"@graph\":[{\"@type\":\"WebSite\",\"@id\":\"https:\/\/www.visit-ulcinj.com\/blog\/#website\",\"url\":\"https:\/\/www.visit-ulcinj.com\/blog\/\",\"name\":\"Lajme nga Ulqini\",\"description\":\"Lajme,Vijesti,Ulqini,Ulqin,Crna Gora,Mali i Zi\",\"potentialAction\":[{\"@type\":\"SearchAction\",\"target\":{\"@type\":\"EntryPoint\",\"urlTemplate\":\"https:\/\/www.visit-ulcinj.com\/blog\/?s={search_term_string}\"},\"query-input\":\"required name=search_term_string\"}],\"inLanguage\":\"en-US\"},{\"@type\":\"ImageObject\",\"inLanguage\":\"en-US\",\"@id\":\"https:\/\/www.visit-ulcinj.com\/blog\/2014\/11\/11\/czip-savjet-evrope-zahtijevaju-od-vlade-crne-gore-da-zastite-ulcinjsku-solanu\/#primaryimage\",\"url\":\"https:\/\/www.visit-ulcinj.com\/blog\/wp-content\/uploads\/2014\/06\/ulcinjska-solana-raj-za-ptice-2.jpg\",\"contentUrl\":\"https:\/\/www.visit-ulcinj.com\/blog\/wp-content\/uploads\/2014\/06\/ulcinjska-solana-raj-za-ptice-2.jpg\",\"width\":960,\"height\":714},{\"@type\":\"WebPage\",\"@id\":\"https:\/\/www.visit-ulcinj.com\/blog\/2014\/11\/11\/czip-savjet-evrope-zahtijevaju-od-vlade-crne-gore-da-zastite-ulcinjsku-solanu\/#webpage\",\"url\":\"https:\/\/www.visit-ulcinj.com\/blog\/2014\/11\/11\/czip-savjet-evrope-zahtijevaju-od-vlade-crne-gore-da-zastite-ulcinjsku-solanu\/\",\"name\":\"CZIP: Savjet Evrope zahtijeva od Vlade Crne Gore da za\u0161tite ulcinjsku solanu - Lajme nga Ulqini\",\"isPartOf\":{\"@id\":\"https:\/\/www.visit-ulcinj.com\/blog\/#website\"},\"primaryImageOfPage\":{\"@id\":\"https:\/\/www.visit-ulcinj.com\/blog\/2014\/11\/11\/czip-savjet-evrope-zahtijevaju-od-vlade-crne-gore-da-zastite-ulcinjsku-solanu\/#primaryimage\"},\"datePublished\":\"2014-11-11T08:13:00+00:00\",\"dateModified\":\"2014-11-11T08:13:39+00:00\",\"author\":{\"@id\":\"https:\/\/www.visit-ulcinj.com\/blog\/#\/schema\/person\/dcab619c614d3038751c63bc2aadc06d\"},\"description\":\"Centar za za\u0161titu i prou\u010davanje ptica je saop\u0161tio da je Savjet Evrope podsjetio Ministarstvo turizma i odr\u017eivog razvoja na obavezu za\u0161tite Ulcinjske\",\"breadcrumb\":{\"@id\":\"https:\/\/www.visit-ulcinj.com\/blog\/2014\/11\/11\/czip-savjet-evrope-zahtijevaju-od-vlade-crne-gore-da-zastite-ulcinjsku-solanu\/#breadcrumb\"},\"inLanguage\":\"en-US\",\"potentialAction\":[{\"@type\":\"ReadAction\",\"target\":[\"https:\/\/www.visit-ulcinj.com\/blog\/2014\/11\/11\/czip-savjet-evrope-zahtijevaju-od-vlade-crne-gore-da-zastite-ulcinjsku-solanu\/\"]}]},{\"@type\":\"BreadcrumbList\",\"@id\":\"https:\/\/www.visit-ulcinj.com\/blog\/2014\/11\/11\/czip-savjet-evrope-zahtijevaju-od-vlade-crne-gore-da-zastite-ulcinjsku-solanu\/#breadcrumb\",\"itemListElement\":[{\"@type\":\"ListItem\",\"position\":1,\"name\":\"CZIP: Savjet Evrope zahtijeva od Vlade Crne Gore da za\u0161tite ulcinjsku solanu\"}]},{\"@type\":\"Person\",\"@id\":\"https:\/\/www.visit-ulcinj.com\/blog\/#\/schema\/person\/dcab619c614d3038751c63bc2aadc06d\",\"name\":\"ulqini\",\"sameAs\":[\"http:\/\/www.visit-ulcinj.com\"],\"url\":\"https:\/\/www.visit-ulcinj.com\/blog\/author\/admin\/\"}]}<\/script>\n<!-- \/ Yoast SEO plugin. -->","yoast_head_json":{"title":"CZIP: Savjet Evrope zahtijeva od Vlade Crne Gore da za\u0161tite ulcinjsku solanu - Lajme nga Ulqini","description":"Centar za za\u0161titu i prou\u010davanje ptica je saop\u0161tio da je Savjet Evrope podsjetio Ministarstvo turizma i odr\u017eivog razvoja na obavezu za\u0161tite Ulcinjske","robots":{"index":"index","follow":"follow","max-snippet":"max-snippet:-1","max-image-preview":"max-image-preview:large","max-video-preview":"max-video-preview:-1"},"canonical":"https:\/\/www.visit-ulcinj.com\/blog\/2014\/11\/11\/czip-savjet-evrope-zahtijevaju-od-vlade-crne-gore-da-zastite-ulcinjsku-solanu\/","og_locale":"en_US","og_type":"article","og_title":"CZIP: Savjet Evrope zahtijeva od Vlade Crne Gore da za\u0161tite ulcinjsku solanu - Lajme nga Ulqini","og_description":"Centar za za\u0161titu i prou\u010davanje ptica je saop\u0161tio da je Savjet Evrope podsjetio Ministarstvo turizma i odr\u017eivog razvoja na obavezu za\u0161tite Ulcinjske","og_url":"https:\/\/www.visit-ulcinj.com\/blog\/2014\/11\/11\/czip-savjet-evrope-zahtijevaju-od-vlade-crne-gore-da-zastite-ulcinjsku-solanu\/","og_site_name":"Lajme nga Ulqini","article_published_time":"2014-11-11T08:13:00+00:00","article_modified_time":"2014-11-11T08:13:39+00:00","og_image":[{"url":"http:\/\/www.visit-ulcinj.com\/blog\/wp-content\/uploads\/2014\/06\/ulcinjska-solana-raj-za-ptice-2.jpg"}],"twitter_misc":{"Written by":"ulqini","Est. reading time":"2 minutes"},"schema":{"@context":"https:\/\/schema.org","@graph":[{"@type":"WebSite","@id":"https:\/\/www.visit-ulcinj.com\/blog\/#website","url":"https:\/\/www.visit-ulcinj.com\/blog\/","name":"Lajme nga Ulqini","description":"Lajme,Vijesti,Ulqini,Ulqin,Crna Gora,Mali i Zi","potentialAction":[{"@type":"SearchAction","target":{"@type":"EntryPoint","urlTemplate":"https:\/\/www.visit-ulcinj.com\/blog\/?s={search_term_string}"},"query-input":"required name=search_term_string"}],"inLanguage":"en-US"},{"@type":"ImageObject","inLanguage":"en-US","@id":"https:\/\/www.visit-ulcinj.com\/blog\/2014\/11\/11\/czip-savjet-evrope-zahtijevaju-od-vlade-crne-gore-da-zastite-ulcinjsku-solanu\/#primaryimage","url":"https:\/\/www.visit-ulcinj.com\/blog\/wp-content\/uploads\/2014\/06\/ulcinjska-solana-raj-za-ptice-2.jpg","contentUrl":"https:\/\/www.visit-ulcinj.com\/blog\/wp-content\/uploads\/2014\/06\/ulcinjska-solana-raj-za-ptice-2.jpg","width":960,"height":714},{"@type":"WebPage","@id":"https:\/\/www.visit-ulcinj.com\/blog\/2014\/11\/11\/czip-savjet-evrope-zahtijevaju-od-vlade-crne-gore-da-zastite-ulcinjsku-solanu\/#webpage","url":"https:\/\/www.visit-ulcinj.com\/blog\/2014\/11\/11\/czip-savjet-evrope-zahtijevaju-od-vlade-crne-gore-da-zastite-ulcinjsku-solanu\/","name":"CZIP: Savjet Evrope zahtijeva od Vlade Crne Gore da za\u0161tite ulcinjsku solanu - Lajme nga Ulqini","isPartOf":{"@id":"https:\/\/www.visit-ulcinj.com\/blog\/#website"},"primaryImageOfPage":{"@id":"https:\/\/www.visit-ulcinj.com\/blog\/2014\/11\/11\/czip-savjet-evrope-zahtijevaju-od-vlade-crne-gore-da-zastite-ulcinjsku-solanu\/#primaryimage"},"datePublished":"2014-11-11T08:13:00+00:00","dateModified":"2014-11-11T08:13:39+00:00","author":{"@id":"https:\/\/www.visit-ulcinj.com\/blog\/#\/schema\/person\/dcab619c614d3038751c63bc2aadc06d"},"description":"Centar za za\u0161titu i prou\u010davanje ptica je saop\u0161tio da je Savjet Evrope podsjetio Ministarstvo turizma i odr\u017eivog razvoja na obavezu za\u0161tite Ulcinjske","breadcrumb":{"@id":"https:\/\/www.visit-ulcinj.com\/blog\/2014\/11\/11\/czip-savjet-evrope-zahtijevaju-od-vlade-crne-gore-da-zastite-ulcinjsku-solanu\/#breadcrumb"},"inLanguage":"en-US","potentialAction":[{"@type":"ReadAction","target":["https:\/\/www.visit-ulcinj.com\/blog\/2014\/11\/11\/czip-savjet-evrope-zahtijevaju-od-vlade-crne-gore-da-zastite-ulcinjsku-solanu\/"]}]},{"@type":"BreadcrumbList","@id":"https:\/\/www.visit-ulcinj.com\/blog\/2014\/11\/11\/czip-savjet-evrope-zahtijevaju-od-vlade-crne-gore-da-zastite-ulcinjsku-solanu\/#breadcrumb","itemListElement":[{"@type":"ListItem","position":1,"name":"CZIP: Savjet Evrope zahtijeva od Vlade Crne Gore da za\u0161tite ulcinjsku solanu"}]},{"@type":"Person","@id":"https:\/\/www.visit-ulcinj.com\/blog\/#\/schema\/person\/dcab619c614d3038751c63bc2aadc06d","name":"ulqini","sameAs":["http:\/\/www.visit-ulcinj.com"],"url":"https:\/\/www.visit-ulcinj.com\/blog\/author\/admin\/"}]}},"jetpack_featured_media_url":"","jetpack_sharing_enabled":true,"jetpack_shortlink":"https:\/\/wp.me\/pe6lTn-mso","_links":{"self":[{"href":"https:\/\/www.visit-ulcinj.com\/blog\/wp-json\/wp\/v2\/posts\/86328"}],"collection":[{"href":"https:\/\/www.visit-ulcinj.com\/blog\/wp-json\/wp\/v2\/posts"}],"about":[{"href":"https:\/\/www.visit-ulcinj.com\/blog\/wp-json\/wp\/v2\/types\/post"}],"author":[{"embeddable":true,"href":"https:\/\/www.visit-ulcinj.com\/blog\/wp-json\/wp\/v2\/users\/1"}],"replies":[{"embeddable":true,"href":"https:\/\/www.visit-ulcinj.com\/blog\/wp-json\/wp\/v2\/comments?post=86328"}],"version-history":[{"count":2,"href":"https:\/\/www.visit-ulcinj.com\/blog\/wp-json\/wp\/v2\/posts\/86328\/revisions"}],"predecessor-version":[{"id":86330,"href":"https:\/\/www.visit-ulcinj.com\/blog\/wp-json\/wp\/v2\/posts\/86328\/revisions\/86330"}],"wp:attachment":[{"href":"https:\/\/www.visit-ulcinj.com\/blog\/wp-json\/wp\/v2\/media?parent=86328"}],"wp:term":[{"taxonomy":"category","embeddable":true,"href":"https:\/\/www.visit-ulcinj.com\/blog\/wp-json\/wp\/v2\/categories?post=86328"},{"taxonomy":"post_tag","embeddable":true,"href":"https:\/\/www.visit-ulcinj.com\/blog\/wp-json\/wp\/v2\/tags?post=86328"}],"curies":[{"name":"wp","href":"https:\/\/api.w.org\/{rel}","templated":true}]}}