{"id":86348,"date":"2014-11-12T16:16:26","date_gmt":"2014-11-12T15:16:26","guid":{"rendered":"http:\/\/www.visit-ulcinj.com\/blog\/?p=86348"},"modified":"2014-11-12T16:16:26","modified_gmt":"2014-11-12T15:16:26","slug":"cefta-sot-ne-budve-rajoni-destinacion-unik-turistik","status":"publish","type":"post","link":"https:\/\/www.visit-ulcinj.com\/blog\/2014\/11\/12\/cefta-sot-ne-budve-rajoni-destinacion-unik-turistik\/","title":{"rendered":"\u201cCEFTA&#8221; sot ne Budve: Rajoni-destinacion  unik turistik"},"content":{"rendered":"<p><a href=\"http:\/\/www.visit-ulcinj.com\/blog\/wp-content\/uploads\/2014\/11\/cefta.png\"><img loading=\"lazy\" class=\"alignleft wp-image-86349\" src=\"http:\/\/www.visit-ulcinj.com\/blog\/wp-content\/uploads\/2014\/11\/cefta.png\" alt=\"cefta\" width=\"508\" height=\"346\" srcset=\"https:\/\/www.visit-ulcinj.com\/blog\/wp-content\/uploads\/2014\/11\/cefta.png 960w, https:\/\/www.visit-ulcinj.com\/blog\/wp-content\/uploads\/2014\/11\/cefta-300x204.png 300w\" sizes=\"(max-width: 508px) 100vw, 508px\" \/><\/a>Oda ekonomike e Malit t\u00eb Zi i organizon konferenc\u00ebn rajonale me titull \u201c CEFTA rajoni \u2013 destinacion unik\u00eb turistik, e cila do t\u00eb mbahet nes\u00ebr\u00a0 n\u00eb hotelin Queen of Montengro, n\u00eb Budv\u00eb . N\u00eb hapjen e konferenc\u00ebs do t\u00eb flasin n\u00ebnkryetarja e Od\u00ebs ekonomike t\u00eb Malit t\u00eb Zi, Lilana Filipoviq,\u00a0 dhe sekretari shtet\u00ebror n\u00eb ministrin\u00eb e zhvillimit t\u00eb q\u00ebndruesh\u00ebm dhe turizmit, Predrag Jellushiq.<\/p>\n<p>M\u00eb pas do t mbahen tri panele ; menaxhimi i destinacionit turistik,\u00a0 oferta unike turistike e rajonit dhe prodhimet bujq\u00ebsore dhe prodhimet\u00a0 e agroindustris\u00eb n\u00eb ofert\u00ebn turistike . Konferenca p\u00ebrmes pjes\u00ebmarrjes s\u00eb p\u00ebrfaq\u00ebsuesve t\u00eb qeveris\u00eb s\u00eb Malit t\u00eb Zi, t\u00eb odave ekonomike t\u00eb rajonit dhe universiteteve , t\u00eb organizatave turistike nacionale dhe afarist\u00ebve eminent,\u00a0 do t\u00eb kontribuoj\u00eb n\u00eb afirmimin e m\u00ebtejm\u00eb t\u00eb odave ekonomie si partner t\u00eb qeveris\u00eb me rastin e sjelljes\u00a0 dhe realizimit t\u00eb vendimeve me interes privat dhe publik\u00eb, thuhet n\u00eb kumtes\u00eb.<\/p>\n","protected":false},"excerpt":{"rendered":"<p>Oda ekonomike e Malit t\u00eb Zi i organizon konferenc\u00ebn rajonale me titull \u201c CEFTA rajoni \u2013 destinacion unik\u00eb turistik, e cila do t\u00eb mbahet nes\u00ebr\u00a0 n\u00eb hotelin Queen of Montengro, n\u00eb Budv\u00eb . N\u00eb hapjen e konferenc\u00ebs do t\u00eb flasin n\u00ebnkryetarja e Od\u00ebs ekonomike t\u00eb Malit t\u00eb Zi, Lilana Filipoviq,\u00a0 dhe sekretari shtet\u00ebror n\u00eb ministrin\u00eb [&hellip;]<\/p>\n","protected":false},"author":1,"featured_media":0,"comment_status":"closed","ping_status":"closed","sticky":false,"template":"","format":"standard","meta":{"spay_email":"","jetpack_publicize_message":"","jetpack_is_tweetstorm":false,"jetpack_publicize_feature_enabled":true},"categories":[2451],"tags":[],"jetpack_publicize_connections":[],"yoast_head":"<!-- This site is optimized with the Yoast SEO plugin v19.1 - https:\/\/yoast.com\/wordpress\/plugins\/seo\/ -->\n<title>\u201cCEFTA&quot; sot ne Budve: Rajoni-destinacion unik turistik - Lajme nga Ulqini<\/title>\n<meta name=\"description\" content=\"Oda ekonomike e Malit t\u00eb Zi i organizon konferenc\u00ebn rajonale me titull \u201c CEFTA rajoni \u2013 destinacion unik\u00eb turistik, e cila do t\u00eb mbahet nes\u00ebr\u00a0 n\u00eb hotelin\" \/>\n<meta name=\"robots\" content=\"index, follow, max-snippet:-1, max-image-preview:large, max-video-preview:-1\" \/>\n<link rel=\"canonical\" href=\"https:\/\/www.visit-ulcinj.com\/blog\/2014\/11\/12\/cefta-sot-ne-budve-rajoni-destinacion-unik-turistik\/\" \/>\n<meta property=\"og:locale\" content=\"en_US\" \/>\n<meta property=\"og:type\" content=\"article\" \/>\n<meta property=\"og:title\" content=\"\u201cCEFTA&quot; sot ne Budve: Rajoni-destinacion unik turistik - Lajme nga Ulqini\" \/>\n<meta property=\"og:description\" content=\"Oda ekonomike e Malit t\u00eb Zi i organizon konferenc\u00ebn rajonale me titull \u201c CEFTA rajoni \u2013 destinacion unik\u00eb turistik, e cila do t\u00eb mbahet nes\u00ebr\u00a0 n\u00eb hotelin\" \/>\n<meta property=\"og:url\" content=\"https:\/\/www.visit-ulcinj.com\/blog\/2014\/11\/12\/cefta-sot-ne-budve-rajoni-destinacion-unik-turistik\/\" \/>\n<meta property=\"og:site_name\" content=\"Lajme nga Ulqini\" \/>\n<meta property=\"article:published_time\" content=\"2014-11-12T15:16:26+00:00\" \/>\n<meta property=\"og:image\" content=\"http:\/\/www.visit-ulcinj.com\/blog\/wp-content\/uploads\/2014\/11\/cefta.png\" \/>\n<meta name=\"twitter:label1\" content=\"Written by\" \/>\n\t<meta name=\"twitter:data1\" content=\"ulqini\" \/>\n\t<meta name=\"twitter:label2\" content=\"Est. reading time\" \/>\n\t<meta name=\"twitter:data2\" content=\"1 minute\" \/>\n<script type=\"application\/ld+json\" class=\"yoast-schema-graph\">{\"@context\":\"https:\/\/schema.org\",\"@graph\":[{\"@type\":\"WebSite\",\"@id\":\"https:\/\/www.visit-ulcinj.com\/blog\/#website\",\"url\":\"https:\/\/www.visit-ulcinj.com\/blog\/\",\"name\":\"Lajme nga Ulqini\",\"description\":\"Lajme,Vijesti,Ulqini,Ulqin,Crna Gora,Mali i Zi\",\"potentialAction\":[{\"@type\":\"SearchAction\",\"target\":{\"@type\":\"EntryPoint\",\"urlTemplate\":\"https:\/\/www.visit-ulcinj.com\/blog\/?s={search_term_string}\"},\"query-input\":\"required name=search_term_string\"}],\"inLanguage\":\"en-US\"},{\"@type\":\"ImageObject\",\"inLanguage\":\"en-US\",\"@id\":\"https:\/\/www.visit-ulcinj.com\/blog\/2014\/11\/12\/cefta-sot-ne-budve-rajoni-destinacion-unik-turistik\/#primaryimage\",\"url\":\"https:\/\/www.visit-ulcinj.com\/blog\/wp-content\/uploads\/2014\/11\/cefta.png\",\"contentUrl\":\"https:\/\/www.visit-ulcinj.com\/blog\/wp-content\/uploads\/2014\/11\/cefta.png\",\"width\":960,\"height\":653},{\"@type\":\"WebPage\",\"@id\":\"https:\/\/www.visit-ulcinj.com\/blog\/2014\/11\/12\/cefta-sot-ne-budve-rajoni-destinacion-unik-turistik\/#webpage\",\"url\":\"https:\/\/www.visit-ulcinj.com\/blog\/2014\/11\/12\/cefta-sot-ne-budve-rajoni-destinacion-unik-turistik\/\",\"name\":\"\u201cCEFTA\\\" sot ne Budve: Rajoni-destinacion unik turistik - Lajme nga Ulqini\",\"isPartOf\":{\"@id\":\"https:\/\/www.visit-ulcinj.com\/blog\/#website\"},\"primaryImageOfPage\":{\"@id\":\"https:\/\/www.visit-ulcinj.com\/blog\/2014\/11\/12\/cefta-sot-ne-budve-rajoni-destinacion-unik-turistik\/#primaryimage\"},\"datePublished\":\"2014-11-12T15:16:26+00:00\",\"dateModified\":\"2014-11-12T15:16:26+00:00\",\"author\":{\"@id\":\"https:\/\/www.visit-ulcinj.com\/blog\/#\/schema\/person\/dcab619c614d3038751c63bc2aadc06d\"},\"description\":\"Oda ekonomike e Malit t\u00eb Zi i organizon konferenc\u00ebn rajonale me titull \u201c CEFTA rajoni \u2013 destinacion unik\u00eb turistik, e cila do t\u00eb mbahet nes\u00ebr\u00a0 n\u00eb hotelin\",\"breadcrumb\":{\"@id\":\"https:\/\/www.visit-ulcinj.com\/blog\/2014\/11\/12\/cefta-sot-ne-budve-rajoni-destinacion-unik-turistik\/#breadcrumb\"},\"inLanguage\":\"en-US\",\"potentialAction\":[{\"@type\":\"ReadAction\",\"target\":[\"https:\/\/www.visit-ulcinj.com\/blog\/2014\/11\/12\/cefta-sot-ne-budve-rajoni-destinacion-unik-turistik\/\"]}]},{\"@type\":\"BreadcrumbList\",\"@id\":\"https:\/\/www.visit-ulcinj.com\/blog\/2014\/11\/12\/cefta-sot-ne-budve-rajoni-destinacion-unik-turistik\/#breadcrumb\",\"itemListElement\":[{\"@type\":\"ListItem\",\"position\":1,\"name\":\"\u201cCEFTA&#8221; sot ne Budve: Rajoni-destinacion unik turistik\"}]},{\"@type\":\"Person\",\"@id\":\"https:\/\/www.visit-ulcinj.com\/blog\/#\/schema\/person\/dcab619c614d3038751c63bc2aadc06d\",\"name\":\"ulqini\",\"sameAs\":[\"http:\/\/www.visit-ulcinj.com\"],\"url\":\"https:\/\/www.visit-ulcinj.com\/blog\/author\/admin\/\"}]}<\/script>\n<!-- \/ Yoast SEO plugin. -->","yoast_head_json":{"title":"\u201cCEFTA\" sot ne Budve: Rajoni-destinacion unik turistik - Lajme nga Ulqini","description":"Oda ekonomike e Malit t\u00eb Zi i organizon konferenc\u00ebn rajonale me titull \u201c CEFTA rajoni \u2013 destinacion unik\u00eb turistik, e cila do t\u00eb mbahet nes\u00ebr\u00a0 n\u00eb hotelin","robots":{"index":"index","follow":"follow","max-snippet":"max-snippet:-1","max-image-preview":"max-image-preview:large","max-video-preview":"max-video-preview:-1"},"canonical":"https:\/\/www.visit-ulcinj.com\/blog\/2014\/11\/12\/cefta-sot-ne-budve-rajoni-destinacion-unik-turistik\/","og_locale":"en_US","og_type":"article","og_title":"\u201cCEFTA\" sot ne Budve: Rajoni-destinacion unik turistik - Lajme nga Ulqini","og_description":"Oda ekonomike e Malit t\u00eb Zi i organizon konferenc\u00ebn rajonale me titull \u201c CEFTA rajoni \u2013 destinacion unik\u00eb turistik, e cila do t\u00eb mbahet nes\u00ebr\u00a0 n\u00eb hotelin","og_url":"https:\/\/www.visit-ulcinj.com\/blog\/2014\/11\/12\/cefta-sot-ne-budve-rajoni-destinacion-unik-turistik\/","og_site_name":"Lajme nga Ulqini","article_published_time":"2014-11-12T15:16:26+00:00","og_image":[{"url":"http:\/\/www.visit-ulcinj.com\/blog\/wp-content\/uploads\/2014\/11\/cefta.png"}],"twitter_misc":{"Written by":"ulqini","Est. reading time":"1 minute"},"schema":{"@context":"https:\/\/schema.org","@graph":[{"@type":"WebSite","@id":"https:\/\/www.visit-ulcinj.com\/blog\/#website","url":"https:\/\/www.visit-ulcinj.com\/blog\/","name":"Lajme nga Ulqini","description":"Lajme,Vijesti,Ulqini,Ulqin,Crna Gora,Mali i Zi","potentialAction":[{"@type":"SearchAction","target":{"@type":"EntryPoint","urlTemplate":"https:\/\/www.visit-ulcinj.com\/blog\/?s={search_term_string}"},"query-input":"required name=search_term_string"}],"inLanguage":"en-US"},{"@type":"ImageObject","inLanguage":"en-US","@id":"https:\/\/www.visit-ulcinj.com\/blog\/2014\/11\/12\/cefta-sot-ne-budve-rajoni-destinacion-unik-turistik\/#primaryimage","url":"https:\/\/www.visit-ulcinj.com\/blog\/wp-content\/uploads\/2014\/11\/cefta.png","contentUrl":"https:\/\/www.visit-ulcinj.com\/blog\/wp-content\/uploads\/2014\/11\/cefta.png","width":960,"height":653},{"@type":"WebPage","@id":"https:\/\/www.visit-ulcinj.com\/blog\/2014\/11\/12\/cefta-sot-ne-budve-rajoni-destinacion-unik-turistik\/#webpage","url":"https:\/\/www.visit-ulcinj.com\/blog\/2014\/11\/12\/cefta-sot-ne-budve-rajoni-destinacion-unik-turistik\/","name":"\u201cCEFTA\" sot ne Budve: Rajoni-destinacion unik turistik - Lajme nga Ulqini","isPartOf":{"@id":"https:\/\/www.visit-ulcinj.com\/blog\/#website"},"primaryImageOfPage":{"@id":"https:\/\/www.visit-ulcinj.com\/blog\/2014\/11\/12\/cefta-sot-ne-budve-rajoni-destinacion-unik-turistik\/#primaryimage"},"datePublished":"2014-11-12T15:16:26+00:00","dateModified":"2014-11-12T15:16:26+00:00","author":{"@id":"https:\/\/www.visit-ulcinj.com\/blog\/#\/schema\/person\/dcab619c614d3038751c63bc2aadc06d"},"description":"Oda ekonomike e Malit t\u00eb Zi i organizon konferenc\u00ebn rajonale me titull \u201c CEFTA rajoni \u2013 destinacion unik\u00eb turistik, e cila do t\u00eb mbahet nes\u00ebr\u00a0 n\u00eb hotelin","breadcrumb":{"@id":"https:\/\/www.visit-ulcinj.com\/blog\/2014\/11\/12\/cefta-sot-ne-budve-rajoni-destinacion-unik-turistik\/#breadcrumb"},"inLanguage":"en-US","potentialAction":[{"@type":"ReadAction","target":["https:\/\/www.visit-ulcinj.com\/blog\/2014\/11\/12\/cefta-sot-ne-budve-rajoni-destinacion-unik-turistik\/"]}]},{"@type":"BreadcrumbList","@id":"https:\/\/www.visit-ulcinj.com\/blog\/2014\/11\/12\/cefta-sot-ne-budve-rajoni-destinacion-unik-turistik\/#breadcrumb","itemListElement":[{"@type":"ListItem","position":1,"name":"\u201cCEFTA&#8221; sot ne Budve: Rajoni-destinacion unik turistik"}]},{"@type":"Person","@id":"https:\/\/www.visit-ulcinj.com\/blog\/#\/schema\/person\/dcab619c614d3038751c63bc2aadc06d","name":"ulqini","sameAs":["http:\/\/www.visit-ulcinj.com"],"url":"https:\/\/www.visit-ulcinj.com\/blog\/author\/admin\/"}]}},"jetpack_featured_media_url":"","jetpack_sharing_enabled":true,"jetpack_shortlink":"https:\/\/wp.me\/pe6lTn-msI","_links":{"self":[{"href":"https:\/\/www.visit-ulcinj.com\/blog\/wp-json\/wp\/v2\/posts\/86348"}],"collection":[{"href":"https:\/\/www.visit-ulcinj.com\/blog\/wp-json\/wp\/v2\/posts"}],"about":[{"href":"https:\/\/www.visit-ulcinj.com\/blog\/wp-json\/wp\/v2\/types\/post"}],"author":[{"embeddable":true,"href":"https:\/\/www.visit-ulcinj.com\/blog\/wp-json\/wp\/v2\/users\/1"}],"replies":[{"embeddable":true,"href":"https:\/\/www.visit-ulcinj.com\/blog\/wp-json\/wp\/v2\/comments?post=86348"}],"version-history":[{"count":1,"href":"https:\/\/www.visit-ulcinj.com\/blog\/wp-json\/wp\/v2\/posts\/86348\/revisions"}],"predecessor-version":[{"id":86350,"href":"https:\/\/www.visit-ulcinj.com\/blog\/wp-json\/wp\/v2\/posts\/86348\/revisions\/86350"}],"wp:attachment":[{"href":"https:\/\/www.visit-ulcinj.com\/blog\/wp-json\/wp\/v2\/media?parent=86348"}],"wp:term":[{"taxonomy":"category","embeddable":true,"href":"https:\/\/www.visit-ulcinj.com\/blog\/wp-json\/wp\/v2\/categories?post=86348"},{"taxonomy":"post_tag","embeddable":true,"href":"https:\/\/www.visit-ulcinj.com\/blog\/wp-json\/wp\/v2\/tags?post=86348"}],"curies":[{"name":"wp","href":"https:\/\/api.w.org\/{rel}","templated":true}]}}