{"id":86351,"date":"2014-11-12T19:21:31","date_gmt":"2014-11-12T18:21:31","guid":{"rendered":"http:\/\/www.visit-ulcinj.com\/blog\/?p=86351"},"modified":"2014-11-12T19:21:31","modified_gmt":"2014-11-12T18:21:31","slug":"prokuroria-shteterore-ne-podgoroice-dorezon-fletpadi-penale-kunder-informer","status":"publish","type":"post","link":"https:\/\/www.visit-ulcinj.com\/blog\/2014\/11\/12\/prokuroria-shteterore-ne-podgoroice-dorezon-fletpadi-penale-kunder-informer\/","title":{"rendered":"Prokuroria shtet\u00ebrore n\u00eb Podgoroic\u00eb dor\u00ebzon fletpadi penale kund\u00ebr INFORMER-it"},"content":{"rendered":"<p><a href=\"http:\/\/www.visit-ulcinj.com\/blog\/wp-content\/uploads\/2014\/10\/INFORMER.jpg\"><img loading=\"lazy\" class=\"alignleft wp-image-85766\" src=\"http:\/\/www.visit-ulcinj.com\/blog\/wp-content\/uploads\/2014\/10\/INFORMER.jpg\" alt=\"INFORMER\" width=\"508\" height=\"533\" srcset=\"https:\/\/www.visit-ulcinj.com\/blog\/wp-content\/uploads\/2014\/10\/INFORMER.jpg 695w, https:\/\/www.visit-ulcinj.com\/blog\/wp-content\/uploads\/2014\/10\/INFORMER-286x300.jpg 286w\" sizes=\"(max-width: 508px) 100vw, 508px\" \/><\/a>Prokuroria e lart\u00eb shtet\u00ebrore n\u00eb Podgoroic\u00eb\u00a0 ia ka dor\u00ebzuar prokuroris\u00eb\u00a0 themelore shtet\u00ebrore\u00a0 fletpadin\u00eb penale kund\u00ebr gazet\u00ebs INFORMER\u00a0 p\u00ebr shkak te vepr\u00ebs penale \u2013 fyerja e dinjitetit\u00a0 t\u00eb popullit\u00a0 dhe t\u00eb bashk\u00ebsive tjera nacionale dhe t\u00eb pakicave . Kjo gazet\u00eb me 16. tetor\u00a0 ka publikuar tekstin me titull \u201cShiptarska svinjaria\u201d\u00a0 . Deputetet e FORC-\u00ebs dhe t\u00eb Alternativ\u00ebs shqiptare Genci Nimanbegu dhe Nik\u00eb Gjeloshaj me par\u00eb kan\u00eb dor\u00ebzuar fltpadin\u00eb penale kund\u00ebr INFORMER-it ,p\u00ebr shkak t\u00eb nxitjes s\u00eb urrejtjes racore dhe fetare. Ata kan\u00eb kumtuar se padin\u00eb e kan\u00eb paraqitur edhe kund\u00ebr kryeredaktorit\u00a0 dhe redaktorit p\u00ebrgjegj\u00ebs t\u00eb gazet\u00ebs Novak Uskokoviq , autorit t\u00eb tekstit\u00a0 me iniciale EI dhe autorit t\u00eb tekstit me inicialet BV.<\/p>\n<p>RTCG<\/p>\n","protected":false},"excerpt":{"rendered":"<p>Prokuroria e lart\u00eb shtet\u00ebrore n\u00eb Podgoroic\u00eb\u00a0 ia ka dor\u00ebzuar prokuroris\u00eb\u00a0 themelore shtet\u00ebrore\u00a0 fletpadin\u00eb penale kund\u00ebr gazet\u00ebs INFORMER\u00a0 p\u00ebr shkak te vepr\u00ebs penale \u2013 fyerja e dinjitetit\u00a0 t\u00eb popullit\u00a0 dhe t\u00eb bashk\u00ebsive tjera nacionale dhe t\u00eb pakicave . Kjo gazet\u00eb me 16. tetor\u00a0 ka publikuar tekstin me titull \u201cShiptarska svinjaria\u201d\u00a0 . Deputetet e FORC-\u00ebs dhe t\u00eb [&hellip;]<\/p>\n","protected":false},"author":1,"featured_media":0,"comment_status":"closed","ping_status":"closed","sticky":false,"template":"","format":"standard","meta":{"spay_email":"","jetpack_publicize_message":"","jetpack_is_tweetstorm":false,"jetpack_publicize_feature_enabled":true},"categories":[6950],"tags":[],"jetpack_publicize_connections":[],"yoast_head":"<!-- This site is optimized with the Yoast SEO plugin v19.1 - https:\/\/yoast.com\/wordpress\/plugins\/seo\/ -->\n<title>Prokuroria shtet\u00ebrore n\u00eb Podgoroic\u00eb dor\u00ebzon fletpadi penale kund\u00ebr INFORMER-it - Lajme nga Ulqini<\/title>\n<meta name=\"description\" content=\"Prokuroria e lart\u00eb shtet\u00ebrore n\u00eb Podgoroic\u00eb\u00a0 ia ka dor\u00ebzuar prokuroris\u00eb\u00a0 themelore shtet\u00ebrore\u00a0 fletpadin\u00eb penale kund\u00ebr gazet\u00ebs INFORMER\u00a0 p\u00ebr shkak te\" \/>\n<meta name=\"robots\" content=\"index, follow, max-snippet:-1, max-image-preview:large, max-video-preview:-1\" \/>\n<link rel=\"canonical\" href=\"https:\/\/www.visit-ulcinj.com\/blog\/2014\/11\/12\/prokuroria-shteterore-ne-podgoroice-dorezon-fletpadi-penale-kunder-informer\/\" \/>\n<meta property=\"og:locale\" content=\"en_US\" \/>\n<meta property=\"og:type\" content=\"article\" \/>\n<meta property=\"og:title\" content=\"Prokuroria shtet\u00ebrore n\u00eb Podgoroic\u00eb dor\u00ebzon fletpadi penale kund\u00ebr INFORMER-it - Lajme nga Ulqini\" \/>\n<meta property=\"og:description\" content=\"Prokuroria e lart\u00eb shtet\u00ebrore n\u00eb Podgoroic\u00eb\u00a0 ia ka dor\u00ebzuar prokuroris\u00eb\u00a0 themelore shtet\u00ebrore\u00a0 fletpadin\u00eb penale kund\u00ebr gazet\u00ebs INFORMER\u00a0 p\u00ebr shkak te\" \/>\n<meta property=\"og:url\" content=\"https:\/\/www.visit-ulcinj.com\/blog\/2014\/11\/12\/prokuroria-shteterore-ne-podgoroice-dorezon-fletpadi-penale-kunder-informer\/\" \/>\n<meta property=\"og:site_name\" content=\"Lajme nga Ulqini\" \/>\n<meta property=\"article:published_time\" content=\"2014-11-12T18:21:31+00:00\" \/>\n<meta property=\"og:image\" content=\"http:\/\/www.visit-ulcinj.com\/blog\/wp-content\/uploads\/2014\/10\/INFORMER.jpg\" \/>\n<meta name=\"twitter:label1\" content=\"Written by\" \/>\n\t<meta name=\"twitter:data1\" content=\"ulqini\" \/>\n\t<meta name=\"twitter:label2\" content=\"Est. reading time\" \/>\n\t<meta name=\"twitter:data2\" content=\"1 minute\" \/>\n<script type=\"application\/ld+json\" class=\"yoast-schema-graph\">{\"@context\":\"https:\/\/schema.org\",\"@graph\":[{\"@type\":\"WebSite\",\"@id\":\"https:\/\/www.visit-ulcinj.com\/blog\/#website\",\"url\":\"https:\/\/www.visit-ulcinj.com\/blog\/\",\"name\":\"Lajme nga Ulqini\",\"description\":\"Lajme,Vijesti,Ulqini,Ulqin,Crna Gora,Mali i Zi\",\"potentialAction\":[{\"@type\":\"SearchAction\",\"target\":{\"@type\":\"EntryPoint\",\"urlTemplate\":\"https:\/\/www.visit-ulcinj.com\/blog\/?s={search_term_string}\"},\"query-input\":\"required name=search_term_string\"}],\"inLanguage\":\"en-US\"},{\"@type\":\"ImageObject\",\"inLanguage\":\"en-US\",\"@id\":\"https:\/\/www.visit-ulcinj.com\/blog\/2014\/11\/12\/prokuroria-shteterore-ne-podgoroice-dorezon-fletpadi-penale-kunder-informer\/#primaryimage\",\"url\":\"https:\/\/www.visit-ulcinj.com\/blog\/wp-content\/uploads\/2014\/10\/INFORMER.jpg\",\"contentUrl\":\"https:\/\/www.visit-ulcinj.com\/blog\/wp-content\/uploads\/2014\/10\/INFORMER.jpg\",\"width\":695,\"height\":729},{\"@type\":\"WebPage\",\"@id\":\"https:\/\/www.visit-ulcinj.com\/blog\/2014\/11\/12\/prokuroria-shteterore-ne-podgoroice-dorezon-fletpadi-penale-kunder-informer\/#webpage\",\"url\":\"https:\/\/www.visit-ulcinj.com\/blog\/2014\/11\/12\/prokuroria-shteterore-ne-podgoroice-dorezon-fletpadi-penale-kunder-informer\/\",\"name\":\"Prokuroria shtet\u00ebrore n\u00eb Podgoroic\u00eb dor\u00ebzon fletpadi penale kund\u00ebr INFORMER-it - Lajme nga Ulqini\",\"isPartOf\":{\"@id\":\"https:\/\/www.visit-ulcinj.com\/blog\/#website\"},\"primaryImageOfPage\":{\"@id\":\"https:\/\/www.visit-ulcinj.com\/blog\/2014\/11\/12\/prokuroria-shteterore-ne-podgoroice-dorezon-fletpadi-penale-kunder-informer\/#primaryimage\"},\"datePublished\":\"2014-11-12T18:21:31+00:00\",\"dateModified\":\"2014-11-12T18:21:31+00:00\",\"author\":{\"@id\":\"https:\/\/www.visit-ulcinj.com\/blog\/#\/schema\/person\/dcab619c614d3038751c63bc2aadc06d\"},\"description\":\"Prokuroria e lart\u00eb shtet\u00ebrore n\u00eb Podgoroic\u00eb\u00a0 ia ka dor\u00ebzuar prokuroris\u00eb\u00a0 themelore shtet\u00ebrore\u00a0 fletpadin\u00eb penale kund\u00ebr gazet\u00ebs INFORMER\u00a0 p\u00ebr shkak te\",\"breadcrumb\":{\"@id\":\"https:\/\/www.visit-ulcinj.com\/blog\/2014\/11\/12\/prokuroria-shteterore-ne-podgoroice-dorezon-fletpadi-penale-kunder-informer\/#breadcrumb\"},\"inLanguage\":\"en-US\",\"potentialAction\":[{\"@type\":\"ReadAction\",\"target\":[\"https:\/\/www.visit-ulcinj.com\/blog\/2014\/11\/12\/prokuroria-shteterore-ne-podgoroice-dorezon-fletpadi-penale-kunder-informer\/\"]}]},{\"@type\":\"BreadcrumbList\",\"@id\":\"https:\/\/www.visit-ulcinj.com\/blog\/2014\/11\/12\/prokuroria-shteterore-ne-podgoroice-dorezon-fletpadi-penale-kunder-informer\/#breadcrumb\",\"itemListElement\":[{\"@type\":\"ListItem\",\"position\":1,\"name\":\"Prokuroria shtet\u00ebrore n\u00eb Podgoroic\u00eb dor\u00ebzon fletpadi penale kund\u00ebr INFORMER-it\"}]},{\"@type\":\"Person\",\"@id\":\"https:\/\/www.visit-ulcinj.com\/blog\/#\/schema\/person\/dcab619c614d3038751c63bc2aadc06d\",\"name\":\"ulqini\",\"sameAs\":[\"http:\/\/www.visit-ulcinj.com\"],\"url\":\"https:\/\/www.visit-ulcinj.com\/blog\/author\/admin\/\"}]}<\/script>\n<!-- \/ Yoast SEO plugin. -->","yoast_head_json":{"title":"Prokuroria shtet\u00ebrore n\u00eb Podgoroic\u00eb dor\u00ebzon fletpadi penale kund\u00ebr INFORMER-it - Lajme nga Ulqini","description":"Prokuroria e lart\u00eb shtet\u00ebrore n\u00eb Podgoroic\u00eb\u00a0 ia ka dor\u00ebzuar prokuroris\u00eb\u00a0 themelore shtet\u00ebrore\u00a0 fletpadin\u00eb penale kund\u00ebr gazet\u00ebs INFORMER\u00a0 p\u00ebr shkak te","robots":{"index":"index","follow":"follow","max-snippet":"max-snippet:-1","max-image-preview":"max-image-preview:large","max-video-preview":"max-video-preview:-1"},"canonical":"https:\/\/www.visit-ulcinj.com\/blog\/2014\/11\/12\/prokuroria-shteterore-ne-podgoroice-dorezon-fletpadi-penale-kunder-informer\/","og_locale":"en_US","og_type":"article","og_title":"Prokuroria shtet\u00ebrore n\u00eb Podgoroic\u00eb dor\u00ebzon fletpadi penale kund\u00ebr INFORMER-it - Lajme nga Ulqini","og_description":"Prokuroria e lart\u00eb shtet\u00ebrore n\u00eb Podgoroic\u00eb\u00a0 ia ka dor\u00ebzuar prokuroris\u00eb\u00a0 themelore shtet\u00ebrore\u00a0 fletpadin\u00eb penale kund\u00ebr gazet\u00ebs INFORMER\u00a0 p\u00ebr shkak te","og_url":"https:\/\/www.visit-ulcinj.com\/blog\/2014\/11\/12\/prokuroria-shteterore-ne-podgoroice-dorezon-fletpadi-penale-kunder-informer\/","og_site_name":"Lajme nga Ulqini","article_published_time":"2014-11-12T18:21:31+00:00","og_image":[{"url":"http:\/\/www.visit-ulcinj.com\/blog\/wp-content\/uploads\/2014\/10\/INFORMER.jpg"}],"twitter_misc":{"Written by":"ulqini","Est. reading time":"1 minute"},"schema":{"@context":"https:\/\/schema.org","@graph":[{"@type":"WebSite","@id":"https:\/\/www.visit-ulcinj.com\/blog\/#website","url":"https:\/\/www.visit-ulcinj.com\/blog\/","name":"Lajme nga Ulqini","description":"Lajme,Vijesti,Ulqini,Ulqin,Crna Gora,Mali i Zi","potentialAction":[{"@type":"SearchAction","target":{"@type":"EntryPoint","urlTemplate":"https:\/\/www.visit-ulcinj.com\/blog\/?s={search_term_string}"},"query-input":"required name=search_term_string"}],"inLanguage":"en-US"},{"@type":"ImageObject","inLanguage":"en-US","@id":"https:\/\/www.visit-ulcinj.com\/blog\/2014\/11\/12\/prokuroria-shteterore-ne-podgoroice-dorezon-fletpadi-penale-kunder-informer\/#primaryimage","url":"https:\/\/www.visit-ulcinj.com\/blog\/wp-content\/uploads\/2014\/10\/INFORMER.jpg","contentUrl":"https:\/\/www.visit-ulcinj.com\/blog\/wp-content\/uploads\/2014\/10\/INFORMER.jpg","width":695,"height":729},{"@type":"WebPage","@id":"https:\/\/www.visit-ulcinj.com\/blog\/2014\/11\/12\/prokuroria-shteterore-ne-podgoroice-dorezon-fletpadi-penale-kunder-informer\/#webpage","url":"https:\/\/www.visit-ulcinj.com\/blog\/2014\/11\/12\/prokuroria-shteterore-ne-podgoroice-dorezon-fletpadi-penale-kunder-informer\/","name":"Prokuroria shtet\u00ebrore n\u00eb Podgoroic\u00eb dor\u00ebzon fletpadi penale kund\u00ebr INFORMER-it - Lajme nga Ulqini","isPartOf":{"@id":"https:\/\/www.visit-ulcinj.com\/blog\/#website"},"primaryImageOfPage":{"@id":"https:\/\/www.visit-ulcinj.com\/blog\/2014\/11\/12\/prokuroria-shteterore-ne-podgoroice-dorezon-fletpadi-penale-kunder-informer\/#primaryimage"},"datePublished":"2014-11-12T18:21:31+00:00","dateModified":"2014-11-12T18:21:31+00:00","author":{"@id":"https:\/\/www.visit-ulcinj.com\/blog\/#\/schema\/person\/dcab619c614d3038751c63bc2aadc06d"},"description":"Prokuroria e lart\u00eb shtet\u00ebrore n\u00eb Podgoroic\u00eb\u00a0 ia ka dor\u00ebzuar prokuroris\u00eb\u00a0 themelore shtet\u00ebrore\u00a0 fletpadin\u00eb penale kund\u00ebr gazet\u00ebs INFORMER\u00a0 p\u00ebr shkak te","breadcrumb":{"@id":"https:\/\/www.visit-ulcinj.com\/blog\/2014\/11\/12\/prokuroria-shteterore-ne-podgoroice-dorezon-fletpadi-penale-kunder-informer\/#breadcrumb"},"inLanguage":"en-US","potentialAction":[{"@type":"ReadAction","target":["https:\/\/www.visit-ulcinj.com\/blog\/2014\/11\/12\/prokuroria-shteterore-ne-podgoroice-dorezon-fletpadi-penale-kunder-informer\/"]}]},{"@type":"BreadcrumbList","@id":"https:\/\/www.visit-ulcinj.com\/blog\/2014\/11\/12\/prokuroria-shteterore-ne-podgoroice-dorezon-fletpadi-penale-kunder-informer\/#breadcrumb","itemListElement":[{"@type":"ListItem","position":1,"name":"Prokuroria shtet\u00ebrore n\u00eb Podgoroic\u00eb dor\u00ebzon fletpadi penale kund\u00ebr INFORMER-it"}]},{"@type":"Person","@id":"https:\/\/www.visit-ulcinj.com\/blog\/#\/schema\/person\/dcab619c614d3038751c63bc2aadc06d","name":"ulqini","sameAs":["http:\/\/www.visit-ulcinj.com"],"url":"https:\/\/www.visit-ulcinj.com\/blog\/author\/admin\/"}]}},"jetpack_featured_media_url":"","jetpack_sharing_enabled":true,"jetpack_shortlink":"https:\/\/wp.me\/pe6lTn-msL","_links":{"self":[{"href":"https:\/\/www.visit-ulcinj.com\/blog\/wp-json\/wp\/v2\/posts\/86351"}],"collection":[{"href":"https:\/\/www.visit-ulcinj.com\/blog\/wp-json\/wp\/v2\/posts"}],"about":[{"href":"https:\/\/www.visit-ulcinj.com\/blog\/wp-json\/wp\/v2\/types\/post"}],"author":[{"embeddable":true,"href":"https:\/\/www.visit-ulcinj.com\/blog\/wp-json\/wp\/v2\/users\/1"}],"replies":[{"embeddable":true,"href":"https:\/\/www.visit-ulcinj.com\/blog\/wp-json\/wp\/v2\/comments?post=86351"}],"version-history":[{"count":1,"href":"https:\/\/www.visit-ulcinj.com\/blog\/wp-json\/wp\/v2\/posts\/86351\/revisions"}],"predecessor-version":[{"id":86352,"href":"https:\/\/www.visit-ulcinj.com\/blog\/wp-json\/wp\/v2\/posts\/86351\/revisions\/86352"}],"wp:attachment":[{"href":"https:\/\/www.visit-ulcinj.com\/blog\/wp-json\/wp\/v2\/media?parent=86351"}],"wp:term":[{"taxonomy":"category","embeddable":true,"href":"https:\/\/www.visit-ulcinj.com\/blog\/wp-json\/wp\/v2\/categories?post=86351"},{"taxonomy":"post_tag","embeddable":true,"href":"https:\/\/www.visit-ulcinj.com\/blog\/wp-json\/wp\/v2\/tags?post=86351"}],"curies":[{"name":"wp","href":"https:\/\/api.w.org\/{rel}","templated":true}]}}