{"id":86356,"date":"2014-11-13T18:26:17","date_gmt":"2014-11-13T17:26:17","guid":{"rendered":"http:\/\/www.visit-ulcinj.com\/blog\/?p=86356"},"modified":"2014-11-13T18:26:17","modified_gmt":"2014-11-13T17:26:17","slug":"gjonaj-pretash-zeka-nderi-malesise-se-madhe","status":"publish","type":"post","link":"https:\/\/www.visit-ulcinj.com\/blog\/2014\/11\/13\/gjonaj-pretash-zeka-nderi-malesise-se-madhe\/","title":{"rendered":"Gjonaj: Pr\u00ebtash Zeka \u2013 nderi i Mal\u00ebsis\u00eb s\u00eb Madhe"},"content":{"rendered":"<p><strong>Gjek\u00eb Gjonaj<\/strong><\/p>\n<p>Thuhet se vendet e vogla nuk nxjerrin njer\u00ebz t\u00eb m\u00ebdhenj dhe se njer\u00ebzit e vendeve t\u00eb vogla, sado t\u00eb m\u00ebdha t\u2019i ken\u00eb meritat rrall\u00ebher\u00eb vendosen n\u00eb krye t\u00eb historis\u00eb. Por historia e popullit shqiptar krijoi dhe prodhoi figura e personazhe\u00a0\u00a0 t\u00eb atill\u00eb q\u00eb i kap\u00ebrcejn\u00eb natyrsh\u00ebm dimensionet e vendeve t\u00eb tyre. Nd\u00ebr personalitetet me pesh\u00eb q\u00eb prodhoi historia e Mal\u00ebsis\u00eb Pr\u00ebtash Zeka Ulaj \u00ebsht\u00eb nj\u00eb em\u00ebr plot\u00ebsisht i dalluesh\u00ebm midis t\u00eb tjer\u00ebve.<\/p>\n<p><a href=\"http:\/\/www.visit-ulcinj.com\/blog\/wp-content\/uploads\/2014\/11\/Pr\u00ebtash-Zeka-.jpg\"><img loading=\"lazy\" class=\"alignleft wp-image-86357\" src=\"http:\/\/www.visit-ulcinj.com\/blog\/wp-content\/uploads\/2014\/11\/Pr\u00ebtash-Zeka-.jpg\" alt=\"Pr\u00ebtash Zeka\" width=\"508\" height=\"631\" srcset=\"https:\/\/www.visit-ulcinj.com\/blog\/wp-content\/uploads\/2014\/11\/Pr\u00ebtash-Zeka-.jpg 777w, https:\/\/www.visit-ulcinj.com\/blog\/wp-content\/uploads\/2014\/11\/Pr\u00ebtash-Zeka--241x300.jpg 241w\" sizes=\"(max-width: 508px) 100vw, 508px\" \/><\/a><\/p>\n<p><strong>Trim i edukuar n\u00eb votr\u00ebn shqiptare<\/strong><\/p>\n<p>Pr\u00ebtash Zeka lindi n\u00eb Koj\u00eb ( 1882-1962) n\u00eb familje t\u00eb ndershme atdhetare tipike mal\u00ebsore, shqiptare. Ai p\u00ebrshkruhet nga ata q\u00eb e njoh\u00ebn si njeri gjakftoht\u00eb dhe i matur edhe pse nuk i mungonte zemra dhe trim\u00ebria. U rrit pa kal\u00ebm, pa let\u00ebr, pa banka shkollore n\u00eb votr\u00ebn shqiptare t\u00eb Zek\u00eb Nikut. M\u00ebsues t\u00eb par\u00eb pati prind\u00ebrit Zek\u00ebn e Bor\u00ebn e pastaj burrat e vjet\u00ebr t\u00eb Koj\u00ebs. N\u00eb vend t\u00eb librit shfletoi enciklopedin\u00eb e gjall\u00eb popullore t\u00eb fisit dhe u pajis me urtin\u00eb popullore t\u00eb pleq\u00ebve t\u00eb Kanunit. P\u00ebr nga formimi arsimor ishte analfabet, por k\u00ebndimtar i shkatht i librit t\u00eb jet\u00ebs dhe i psikologjis\u00eb s\u00eb kulluar t\u00eb popullit t\u00eb vet. Posedonte virtytet m\u00eb fisnike t\u00eb sojit shqiptar: burr\u00ebrin\u00eb, bes\u00ebn, nderin, mik\u00ebpritjen,trim\u00ebrin\u00eb, vet\u00ebmohimin, vet\u00ebdijen dhe forc\u00ebn. Ai e dinte mentalitetin zakonor, sikurse dinte edhe me mat\u00eb e me pre, si\u00e7 e k\u00ebrkonte nevoja e situata. Por \u00e7do her\u00eb i drejt\u00eb dhe i mpreht\u00eb n\u00eb gjykime e vendime, n\u00eb takime, n\u00eb logje,n\u00eb panagjyre\u00a0\u00a0 e n\u00eb kuvende. P\u00ebr dallim nga kojasit e tjer\u00eb ai trash\u00ebgonte titullin fisnik-Bajraktar ( Flamurtar),t\u00eb cilin e respektonin jo vet\u00ebm vendasit, por edhe mal\u00ebsor\u00ebt dhe t\u00eb tjer\u00ebt. N\u00eb familjen Ulaj kan\u00eb gjetur streh\u00eb, mik\u00ebpritje dhe bujari fisnike shqiptare shum\u00eb njer\u00ebz t\u00eb shquar t\u00eb Masl\u00ebsis\u00eb, dhe jo vet\u00ebm.<\/p>\n<p>&nbsp;<\/p>\n<p><strong>Atdhetar i kulluar p\u00ebr liri e flamur<\/strong><\/p>\n<p>Pr\u00ebtash Zeka ishte nj\u00eb nga ata atdhetar q\u00eb punoi p\u00ebr interesa t\u00eb popullit shqiptar dhe t\u00eb Mal\u00ebsis\u00eb. Ai me jet\u00ebn e tij u b\u00eb shembull se si duhet t\u00eb veprohet dhe t\u00eb luftohet p\u00ebr t\u00eb \u00e7liruar vendin nga Perandoria Osmane. Merr\u00eb pjes\u00eb me pushk\u00eb n\u00eb dor\u00eb n\u00eb Kryengritjen e Mal\u00ebsis\u00eb s\u00eb Madhe n\u00eb at\u00eb sfid\u00eb trojane, ku mbet\u00ebn t\u00eb vrar\u00eb shtat\u00eb shok\u00ebt e \u00e7et\u00ebs s\u00eb tij nga Koja : Dok\u00eb Pr\u00eb\u00e7i,Gjeto Gjeka, Gjeto Toma, Kol\u00eb Doka, Tom\u00eb Uci, Kol\u00eb Uci dhe Mark Luca pasi hoq\u00ebn flamurin turk nga De\u00e7iqi. Ai bashk\u00eb me luft\u00ebtar\u00ebt e tjer\u00eb t\u00eb liris\u00eb t\u00eb Mal\u00ebsis\u00eb, t\u00eb udh\u00ebhequr nga heroi i popullit Ded\u00eb Gjon Luli i Traboinit t\u00eb Hotit, arrit\u00ebn t\u00eb thyejn\u00eb rezistenc\u00ebn osmane dhe t\u00eb ngrisin Flamurin Shqiptar n\u00eb Bratil\u00eb t\u00eb De\u00e7iqit, m\u00eb 6 prill 1911, pas m\u00eb shum\u00eb se kat\u00ebr shekujsh okupim. Kjo ishte her\u00eb e par\u00eb q\u00eb shqiptar\u00ebt t\u00eb ngrisin flamurin e tyre nga r\u00ebnia e Kalas\u00eb s\u00eb Shkod\u00ebrs m\u00eb 1469, nd\u00ebrsa nj\u00eb vit e gjysm\u00eb m\u00eb von\u00eb, me ndihm\u00ebn e Perandoris\u00eb Austro-Hungareze, flamuri shqiptar u ngrit zyrtarisht n\u00eb qytetin jugor t\u00eb Shqip\u00ebris\u00eb n\u00eb Vlor\u00eb. Fal\u00eb luft\u00ebtar\u00ebve mal\u00ebsor\u00eb, p\u00ebrfshir\u00eb k\u00ebtu edhe kojasit me prij\u00ebsin e tyre Pr\u00ebtash Zek\u00ebn, \u00a0Kryengritja e Mal\u00ebsis\u00eb u shnd\u00ebrrua n\u00eb nj\u00eb ngjarje t\u00eb madhe, ku u mboll\u00ebn rr\u00ebnj\u00ebt e liris\u00eb.Pik\u00ebrisht aty n\u00eb Mal\u00ebsin\u00eb e Madhe filloi zanafilla e kushtrimit kund\u00ebr rob\u00ebris\u00eb , q\u00eb nj\u00eb vit m\u00eb von\u00eb \u00e7oi n\u00eb shpalljen e Pavar\u00ebsis\u00eb Komb\u00ebtare nga plaku u urt\u00eb Ismail Qemali. Krijuesi popullor merit\u00ebn e kojasve n\u00eb Luft\u00ebn e De\u00e7iqit dhe momentin e sjelljes s\u00eb flamurit e p\u00ebrjet\u00ebsoi n\u00eb vargje:<\/p>\n<p><em>Dal \u2013kadal more Shkod\u00ebr,<\/em><\/p>\n<p><em>Jasma njofsh Kojn\u2019 e Vog\u00ebl.<\/em><\/p>\n<p><em>Koja e Vog\u00ebl ni pakic\u2019.<\/em><\/p>\n<p><em>Muor bajrakun \u00ebn De\u00e7iq.<\/em><\/p>\n<p><em>Kush a djal\u2019 \u00e7i lyp\u2019 belan\u00eb ?<\/em><\/p>\n<p><em>Ky Dok Pr\u00eb\u00e7i then kalan,<\/em><\/p>\n<p><em>Baj juri\u00e7 e kcen pas gurit,<\/em><\/p>\n<p><em>Qysh po lufton burri burrit!<\/em><\/p>\n<p><em>\u00cbn val\u2019 t\u2019 timit e \u00ebn flak\u2019 t\u2019barotit,<\/em><\/p>\n<p><em>Ka pet \u00ebn turr si trimat motit.<\/em><\/p>\n<p><em>Kush po lufton n\u00eb ato gropa?<\/em><\/p>\n<p><em>Marash Luca e Kol Doka,<\/em><\/p>\n<p><em>Kuku briti zan\u2019 e malit! <\/em><\/p>\n<p><em>Petka Gjeto Toma, pika e djalit.<\/em><\/p>\n<p><em> Kush po lufton \u00ebn ato qeta?<\/em><\/p>\n<p><em>Ky Tom Uci e Gjeto Gjeka.<\/em><\/p>\n<p><em>Ku mas fortit u derll gjaku?<\/em><\/p>\n<p><em>Petka trimi Ucit-Caku,<\/em><\/p>\n<p><em>Tye u vra me turq \u00ebn De\u00e7iq,<\/em><\/p>\n<p><em>Shtat\u00eb sokola u ban viq.<\/em><\/p>\n<p><em>Jari tjetrin \u00ebn turr e buor,<\/em><\/p>\n<p><em>At\u2019er De\u00e7iqin Koja e muor. <\/em><\/p>\n<p>Vepr\u00ebn patriotike t\u00eb k\u00ebtij luft\u00ebtari t\u00eb patrembur e guximtar t\u00eb Koj\u00ebs e ka fiksuar n\u00eb vargje edhe Gjovalin Lumaj:<\/p>\n<p><em>&#8230; Burr\u00eb kreshnik e rod kreshniku.<\/em><\/p>\n<p><em> Trimi i Koj\u00ebs Pr\u00ebtash Zek\u00eb Niku.<\/em><\/p>\n<p><em>Shkoll\u00ebn e madhe atdhetare.<\/em><\/p>\n<p><em> E m\u00ebsoi n\u00eb kull\u00ebn e bajraktarit.<\/em><\/p>\n<p><em>Ma t\u00eb nalt\u00ebn akademi.<\/em><\/p>\n<p><em>N\u00eb kuvendin n\u00eb Mal\u00ebsi. <\/em><\/p>\n<p><em>P\u00ebr bes\u00eb t\u00eb burrit e trimni.<\/em><\/p>\n<p><em>P\u00ebr flamurin kuq e zi.<\/em><\/p>\n<p><em>P\u00ebrball\u00eb shkjaut asht trim prej trimit.<\/em><\/p>\n<p><em>Pr\u00ebtash Zeka gur kufinit.<\/em><\/p>\n<p><em>Asht luftar besnik n\u00eb kufi t\u00eb Shqip\u00ebnis\u00eb. <\/em><\/p>\n<p><em>Asht luftar i pavar\u00ebsis\u00eb.<\/em><\/p>\n<p><em>Asht besnik n\u00eb kufi t\u00eb Shqipnis\u00eb. <\/em><\/p>\n<p><em>Bajraktar n\u00eb kull\u00eb t\u00eb trimnis\u00eb&#8230; <\/em><\/p>\n<p>P\u00ebrve\u00e7 betej\u00ebs s\u00eb De\u00e7iqit Pr\u00ebtash Zeka muar pjes\u00eb edhe n\u00eb beteja tjera s\u00eb bashku me trimat e Koj\u00ebs dhe Mal\u00ebsis\u00eb.Ishte nj\u00ebri nd\u00ebr komandant\u00ebt e forcave vullnetare n\u00eb kufi me Shqip\u00ebrin\u00eb gjat\u00eb viteve 1941-1944, n\u00eb koh\u00ebn kur komandant i k\u00ebsaj l\u00ebvizje ka qen\u00eb bajraktari i Hotit Mul Delia dhe z\u00ebvend\u00ebskomandanti i Grud\u00ebs Nikoll\u00eb Zefi.<\/p>\n<p><strong>N\u00eb varr me petka komb\u00ebtare t\u00eb mal\u00ebsor\u00ebve <\/strong><\/p>\n<p><a href=\"http:\/\/www.visit-ulcinj.com\/blog\/wp-content\/uploads\/2014\/11\/Pretash-Zeka-Ulaj-dhe-Pretash-Uci-Lucaj.jpg\"><img loading=\"lazy\" class=\"alignleft wp-image-86358\" src=\"http:\/\/www.visit-ulcinj.com\/blog\/wp-content\/uploads\/2014\/11\/Pretash-Zeka-Ulaj-dhe-Pretash-Uci-Lucaj.jpg\" alt=\"Pretash Zeka Ulaj dhe Pretash Uci Lucaj\" width=\"508\" height=\"740\" srcset=\"https:\/\/www.visit-ulcinj.com\/blog\/wp-content\/uploads\/2014\/11\/Pretash-Zeka-Ulaj-dhe-Pretash-Uci-Lucaj.jpg 448w, https:\/\/www.visit-ulcinj.com\/blog\/wp-content\/uploads\/2014\/11\/Pretash-Zeka-Ulaj-dhe-Pretash-Uci-Lucaj-205x300.jpg 205w\" sizes=\"(max-width: 508px) 100vw, 508px\" \/><\/a><br \/>\nPortretin e Pr\u00ebtash Zek\u00ebs e karakterizon edhe vesha komb\u00ebtare e mal\u00ebsor\u00ebve. Sipas d\u00ebshmis\u00eb s\u00eb kojasve t\u00eb vjet\u00ebr dhe t\u00eb tjer\u00ebve q\u00eb e kan\u00eb njohur, ai vazhdimisht vishej me \u00e7ak\u00e7ir\u00eb t\u00eb bardh\u00eb t\u00eb thurur anash me spik t\u00eb zi, k\u00ebmish\u00eb t\u00eb bardh\u00eb, xhamadan dhe plis t\u00eb bardh\u00eb n\u00eb kok\u00eb. N\u00eb krah\u00ebrorin e tij t\u00eb majt\u00eb mbante sahatin (or\u00ebn) e xhepit dhe kutin\u00eb e bad\u00ebmit.<br \/>\nMe vesh\u00ebn komb\u00ebtare t\u00eb mal\u00ebsor\u00ebve u varros n\u00eb mosh\u00ebn 80 vje\u00e7are n\u00eb varrezat familjare n\u00eb vendin e t\u00eb par\u00ebve. N\u00eb ceremonin\u00eb mortore fol\u00ebn Malot\u00eb Gjeka Marashaj dhe Gjek\u00eb Soka Nucullaj, nd\u00ebrsa e vajtuan 32 vajtor\u00eb. Vajtori i par\u00eb ishte Kol\u00eb Bardhi K\u00ebrcaj, kurse i fundit djali i tij Pr\u00ebl\u00eb Kola K\u00ebrcaj. P\u00ebrve\u00e7 tyre vajtuan edhe Tom\u00eb Bishi Ivezaj, Pr\u00ebtash Uci Lucaj, Rrok Pjetri Camaj, Nik\u00eb Gjeti Arapaj, Gjon Toma Gjonaj, Dod\u00eb Pr\u00ebka Ivanaj,Mark Pr\u00ebla Kol\u00e7aj, Mark Gjeti Gjokaj, Nikoll\u00eb Pr\u00ebka Dushaj e t\u00eb tjer\u00eb.<br \/>\n<strong>P\u00ebrmendore nderimi<\/strong><\/p>\n<p><a href=\"http:\/\/www.visit-ulcinj.com\/blog\/wp-content\/uploads\/2014\/11\/Pretash-Zeka-Ulaj-Permendorja.jpg\"><img loading=\"lazy\" class=\"alignleft wp-image-86359\" src=\"http:\/\/www.visit-ulcinj.com\/blog\/wp-content\/uploads\/2014\/11\/Pretash-Zeka-Ulaj-Permendorja.jpg\" alt=\"Pretash Zeka Ulaj -Permendorja\" width=\"508\" height=\"325\" srcset=\"https:\/\/www.visit-ulcinj.com\/blog\/wp-content\/uploads\/2014\/11\/Pretash-Zeka-Ulaj-Permendorja.jpg 488w, https:\/\/www.visit-ulcinj.com\/blog\/wp-content\/uploads\/2014\/11\/Pretash-Zeka-Ulaj-Permendorja-300x191.jpg 300w\" sizes=\"(max-width: 508px) 100vw, 508px\" \/><\/a><br \/>\nM\u00eb 22 gusht 2004, dhjet\u00eb vjet  m\u00eb par\u00eb,  n\u00eb  Koj\u00eb t\u00eb Mal\u00ebsis\u00eb s\u00eb Madhe, familja Ulaj, shumica e t\u00eb cil\u00ebve jetojn\u00eb n\u00eb  Shtete t\u00eb Bashkuara t\u00eb Amerik\u00ebs  p\u00ebruruan  monumentin e Pretash Zek\u00ebs. Kjo \u00ebsht\u00eb nj\u00eb vep\u00ebr e r\u00ebnd\u00ebsishme e skulptur\u00ebs monumentale shqiptare  e punuar nga dora mjesht\u00ebrore e  skulptorit Pierin Kolnikaj nga Tirana,  n\u00ebn kujdesin e piktorit akademik Gjelosh Gjokaj,  nga Gruda e Mal\u00ebsis\u00eb.  Monumenti i \u00ebsht\u00eb kushtuar luft\u00ebtarit trim nga Koja , i cili u rreshtua n\u00eb radh\u00ebn e burrave   t\u00eb Mal\u00ebsis\u00eb s\u00eb Madhe p\u00ebr \u00e7lirimin e tokave shqiptare nga pushtuesi  turk, n\u00eb Kryengritjen e Mal\u00ebsis\u00eb n\u00eb vitin 1911.<br \/>\nPr\u00ebtash Zeka q\u00ebndron kok\u00eblart, me duar n\u00eb brez, nd\u00ebrsa shikimin e tret\u00eb larg n\u00eb paraftyrimin e historis\u00eb q\u00eb do t\u00eb rrjedh\u00eb m\u00eb pas mbi kombin shqiptar. Familjar\u00ebt me k\u00ebt\u00eb p\u00ebrmendore nderuan vepr\u00ebn e Pretash Zek\u00ebs.Ajo s\u00eb pari  \u00ebsht\u00eb d\u00ebshmia m\u00eb e mir\u00eb se ky burr\u00eb fisnik kishte djem q\u00eb nuk e kishin harruar, s\u00eb dyti forcon  vet\u00ebdijen ton\u00eb  dhe s\u00eb treti  ngrit vler\u00ebn e   nj\u00eb lufte t\u00eb drejt\u00eb dhe \u00e7lirimtare.<br \/>\n Qindra pjes\u00ebmarr\u00ebs  nga  krahina  t\u00eb ndryshme shqiptare dhe diaspora u p\u00ebrul\u00ebn at\u00eb dit\u00eb me nderim  t\u00eb thell\u00eb para lapidarit t\u00eb k\u00ebtij kalor\u00ebsi t\u00eb vlerave njer\u00ebzore,i cili  bashk\u00eb me luft\u00ebtar\u00ebt e tjer\u00eb mal\u00ebsor\u00eb u v\u00ebrsul si luan mbi ushtrin\u00eb otomane dhe e thyen at\u00eb me sakrific\u00ebn e tyre. Un\u00eb, derisa q\u00ebndroja para shtatores  s\u00eb tij e cila at\u00eb dit\u00eb t\u00eb bukur gushti  me vap\u00eb shk\u00eblqente si rrezet e diellit n\u00eb qiellin e kalt\u00ebr,mendoja se  pa guximin  e  tij  dhe luft\u00ebtar\u00ebve t\u00eb  tjer\u00eb  mal\u00ebsor\u00eb e shqiptar\u00eb ndoshta  do t\u00eb kishte qen\u00eb ndryshe  ecuria dhe zhvillimet e Mal\u00ebsis\u00eb. Sespe  ata p\u00ebrfaq\u00ebsojn\u00eb  guximin  dhe trim\u00ebrin\u00eb e nj\u00eb kombi t\u00eb shtypur deri n\u00eb palc\u00eb. <\/p>\n<p>Ideali i tij frym\u00ebzim p\u00ebr brezat e  rinj<br \/>\nPr\u00ebtash Zeka kishte dashuri t\u00eb madhe p\u00ebr  njer\u00ebzit, kombin dhe flamurin kuq e zi. Familja e tij, Ulajt n\u00eb sht\u00ebpin\u00eb e tyre n\u00eb  Koj\u00eb shum\u00eb vite e kan\u00eb  ruajtur me shumn\u00eb dashuri e p\u00ebrkushtim t\u00eb madh flamurin ton\u00eb komb\u00ebtar,t\u00eb cilin tashn\u00eb ia kan\u00eb dhuruar Muzeut  privat etnografik  t\u00eb Mal\u00ebsis\u00eb.   Ky bajraktar i fisit Ulaj e luft\u00ebtar  nuk kishte ideal rehatin\u00eb  as lavdin\u00eb personale,  por lirin\u00eb dhe pavar\u00ebsin\u00eb e popullit shqiptar.  Familjar\u00ebt dhe mal\u00ebsor\u00ebt jan\u00eb krenar dhe mburren me p\u00ebrcaktimin fisnik dhe veprimin njer\u00ebzor e komb\u00ebtar t\u00eb birit t\u00eb tyre, i cili s\u2019ishte n\u00ebnshtruar turkut dhe i cili ishte  i gatsh\u00ebm  deri n\u00eb vet\u00ebflijim t\u00eb mbronte lirin\u00eb e fituar me gjak. Si i till\u00eb me m\u00ebnyr\u00ebn shqiptare ishte dhe mbeti frym\u00ebzim p\u00ebr t\u00eb gjith\u00eb brezat, t\u00eb cil\u00ebt p\u00ebrher\u00eb do ta kujtojn\u00eb dhe kurr\u00eb s\u2019do ta harrojn\u00eb.  <\/p>\n","protected":false},"excerpt":{"rendered":"<p>Gjek\u00eb Gjonaj Thuhet se vendet e vogla nuk nxjerrin njer\u00ebz t\u00eb m\u00ebdhenj dhe se njer\u00ebzit e vendeve t\u00eb vogla, sado t\u00eb m\u00ebdha t\u2019i ken\u00eb meritat rrall\u00ebher\u00eb vendosen n\u00eb krye t\u00eb historis\u00eb. Por historia e popullit shqiptar krijoi dhe prodhoi figura e personazhe\u00a0\u00a0 t\u00eb atill\u00eb q\u00eb i kap\u00ebrcejn\u00eb natyrsh\u00ebm dimensionet e vendeve t\u00eb tyre. Nd\u00ebr personalitetet [&hellip;]<\/p>\n","protected":false},"author":1,"featured_media":0,"comment_status":"closed","ping_status":"closed","sticky":false,"template":"","format":"standard","meta":{"spay_email":"","jetpack_publicize_message":"","jetpack_is_tweetstorm":false,"jetpack_publicize_feature_enabled":true},"categories":[5],"tags":[],"jetpack_publicize_connections":[],"yoast_head":"<!-- This site is optimized with the Yoast SEO plugin v19.1 - https:\/\/yoast.com\/wordpress\/plugins\/seo\/ -->\n<title>Gjonaj: Pr\u00ebtash Zeka \u2013 nderi i Mal\u00ebsis\u00eb s\u00eb Madhe - Lajme nga Ulqini<\/title>\n<meta name=\"description\" content=\"Gjek\u00eb Gjonaj Thuhet se vendet e vogla nuk nxjerrin njer\u00ebz t\u00eb m\u00ebdhenj dhe se njer\u00ebzit e vendeve t\u00eb vogla, sado t\u00eb m\u00ebdha t\u2019i ken\u00eb meritat rrall\u00ebher\u00eb\" \/>\n<meta name=\"robots\" content=\"index, follow, max-snippet:-1, max-image-preview:large, max-video-preview:-1\" \/>\n<link rel=\"canonical\" href=\"https:\/\/www.visit-ulcinj.com\/blog\/2014\/11\/13\/gjonaj-pretash-zeka-nderi-malesise-se-madhe\/\" \/>\n<meta property=\"og:locale\" content=\"en_US\" \/>\n<meta property=\"og:type\" content=\"article\" \/>\n<meta property=\"og:title\" content=\"Gjonaj: Pr\u00ebtash Zeka \u2013 nderi i Mal\u00ebsis\u00eb s\u00eb Madhe - Lajme nga Ulqini\" \/>\n<meta property=\"og:description\" content=\"Gjek\u00eb Gjonaj Thuhet se vendet e vogla nuk nxjerrin njer\u00ebz t\u00eb m\u00ebdhenj dhe se njer\u00ebzit e vendeve t\u00eb vogla, sado t\u00eb m\u00ebdha t\u2019i ken\u00eb meritat rrall\u00ebher\u00eb\" \/>\n<meta property=\"og:url\" content=\"https:\/\/www.visit-ulcinj.com\/blog\/2014\/11\/13\/gjonaj-pretash-zeka-nderi-malesise-se-madhe\/\" \/>\n<meta property=\"og:site_name\" content=\"Lajme nga Ulqini\" \/>\n<meta property=\"article:published_time\" content=\"2014-11-13T17:26:17+00:00\" \/>\n<meta property=\"og:image\" content=\"http:\/\/www.visit-ulcinj.com\/blog\/wp-content\/uploads\/2014\/11\/Pretash-Zeka-Ulaj-dhe-Pretash-Uci-Lucaj.jpg\" \/>\n<meta name=\"twitter:label1\" content=\"Written by\" \/>\n\t<meta name=\"twitter:data1\" content=\"ulqini\" \/>\n\t<meta name=\"twitter:label2\" content=\"Est. reading time\" \/>\n\t<meta name=\"twitter:data2\" content=\"8 minutes\" \/>\n<script type=\"application\/ld+json\" class=\"yoast-schema-graph\">{\"@context\":\"https:\/\/schema.org\",\"@graph\":[{\"@type\":\"WebSite\",\"@id\":\"https:\/\/www.visit-ulcinj.com\/blog\/#website\",\"url\":\"https:\/\/www.visit-ulcinj.com\/blog\/\",\"name\":\"Lajme nga Ulqini\",\"description\":\"Lajme,Vijesti,Ulqini,Ulqin,Crna Gora,Mali i Zi\",\"potentialAction\":[{\"@type\":\"SearchAction\",\"target\":{\"@type\":\"EntryPoint\",\"urlTemplate\":\"https:\/\/www.visit-ulcinj.com\/blog\/?s={search_term_string}\"},\"query-input\":\"required name=search_term_string\"}],\"inLanguage\":\"en-US\"},{\"@type\":\"ImageObject\",\"inLanguage\":\"en-US\",\"@id\":\"https:\/\/www.visit-ulcinj.com\/blog\/2014\/11\/13\/gjonaj-pretash-zeka-nderi-malesise-se-madhe\/#primaryimage\",\"url\":\"https:\/\/www.visit-ulcinj.com\/blog\/wp-content\/uploads\/2014\/11\/Pretash-Zeka-Ulaj-dhe-Pretash-Uci-Lucaj.jpg\",\"contentUrl\":\"https:\/\/www.visit-ulcinj.com\/blog\/wp-content\/uploads\/2014\/11\/Pretash-Zeka-Ulaj-dhe-Pretash-Uci-Lucaj.jpg\",\"width\":448,\"height\":653},{\"@type\":\"WebPage\",\"@id\":\"https:\/\/www.visit-ulcinj.com\/blog\/2014\/11\/13\/gjonaj-pretash-zeka-nderi-malesise-se-madhe\/#webpage\",\"url\":\"https:\/\/www.visit-ulcinj.com\/blog\/2014\/11\/13\/gjonaj-pretash-zeka-nderi-malesise-se-madhe\/\",\"name\":\"Gjonaj: Pr\u00ebtash Zeka \u2013 nderi i Mal\u00ebsis\u00eb s\u00eb Madhe - Lajme nga Ulqini\",\"isPartOf\":{\"@id\":\"https:\/\/www.visit-ulcinj.com\/blog\/#website\"},\"primaryImageOfPage\":{\"@id\":\"https:\/\/www.visit-ulcinj.com\/blog\/2014\/11\/13\/gjonaj-pretash-zeka-nderi-malesise-se-madhe\/#primaryimage\"},\"datePublished\":\"2014-11-13T17:26:17+00:00\",\"dateModified\":\"2014-11-13T17:26:17+00:00\",\"author\":{\"@id\":\"https:\/\/www.visit-ulcinj.com\/blog\/#\/schema\/person\/dcab619c614d3038751c63bc2aadc06d\"},\"description\":\"Gjek\u00eb Gjonaj Thuhet se vendet e vogla nuk nxjerrin njer\u00ebz t\u00eb m\u00ebdhenj dhe se njer\u00ebzit e vendeve t\u00eb vogla, sado t\u00eb m\u00ebdha t\u2019i ken\u00eb meritat rrall\u00ebher\u00eb\",\"breadcrumb\":{\"@id\":\"https:\/\/www.visit-ulcinj.com\/blog\/2014\/11\/13\/gjonaj-pretash-zeka-nderi-malesise-se-madhe\/#breadcrumb\"},\"inLanguage\":\"en-US\",\"potentialAction\":[{\"@type\":\"ReadAction\",\"target\":[\"https:\/\/www.visit-ulcinj.com\/blog\/2014\/11\/13\/gjonaj-pretash-zeka-nderi-malesise-se-madhe\/\"]}]},{\"@type\":\"BreadcrumbList\",\"@id\":\"https:\/\/www.visit-ulcinj.com\/blog\/2014\/11\/13\/gjonaj-pretash-zeka-nderi-malesise-se-madhe\/#breadcrumb\",\"itemListElement\":[{\"@type\":\"ListItem\",\"position\":1,\"name\":\"Gjonaj: Pr\u00ebtash Zeka \u2013 nderi i Mal\u00ebsis\u00eb s\u00eb Madhe\"}]},{\"@type\":\"Person\",\"@id\":\"https:\/\/www.visit-ulcinj.com\/blog\/#\/schema\/person\/dcab619c614d3038751c63bc2aadc06d\",\"name\":\"ulqini\",\"sameAs\":[\"http:\/\/www.visit-ulcinj.com\"],\"url\":\"https:\/\/www.visit-ulcinj.com\/blog\/author\/admin\/\"}]}<\/script>\n<!-- \/ Yoast SEO plugin. -->","yoast_head_json":{"title":"Gjonaj: Pr\u00ebtash Zeka \u2013 nderi i Mal\u00ebsis\u00eb s\u00eb Madhe - Lajme nga Ulqini","description":"Gjek\u00eb Gjonaj Thuhet se vendet e vogla nuk nxjerrin njer\u00ebz t\u00eb m\u00ebdhenj dhe se njer\u00ebzit e vendeve t\u00eb vogla, sado t\u00eb m\u00ebdha t\u2019i ken\u00eb meritat rrall\u00ebher\u00eb","robots":{"index":"index","follow":"follow","max-snippet":"max-snippet:-1","max-image-preview":"max-image-preview:large","max-video-preview":"max-video-preview:-1"},"canonical":"https:\/\/www.visit-ulcinj.com\/blog\/2014\/11\/13\/gjonaj-pretash-zeka-nderi-malesise-se-madhe\/","og_locale":"en_US","og_type":"article","og_title":"Gjonaj: Pr\u00ebtash Zeka \u2013 nderi i Mal\u00ebsis\u00eb s\u00eb Madhe - Lajme nga Ulqini","og_description":"Gjek\u00eb Gjonaj Thuhet se vendet e vogla nuk nxjerrin njer\u00ebz t\u00eb m\u00ebdhenj dhe se njer\u00ebzit e vendeve t\u00eb vogla, sado t\u00eb m\u00ebdha t\u2019i ken\u00eb meritat rrall\u00ebher\u00eb","og_url":"https:\/\/www.visit-ulcinj.com\/blog\/2014\/11\/13\/gjonaj-pretash-zeka-nderi-malesise-se-madhe\/","og_site_name":"Lajme nga Ulqini","article_published_time":"2014-11-13T17:26:17+00:00","og_image":[{"url":"http:\/\/www.visit-ulcinj.com\/blog\/wp-content\/uploads\/2014\/11\/Pretash-Zeka-Ulaj-dhe-Pretash-Uci-Lucaj.jpg"}],"twitter_misc":{"Written by":"ulqini","Est. reading time":"8 minutes"},"schema":{"@context":"https:\/\/schema.org","@graph":[{"@type":"WebSite","@id":"https:\/\/www.visit-ulcinj.com\/blog\/#website","url":"https:\/\/www.visit-ulcinj.com\/blog\/","name":"Lajme nga Ulqini","description":"Lajme,Vijesti,Ulqini,Ulqin,Crna Gora,Mali i Zi","potentialAction":[{"@type":"SearchAction","target":{"@type":"EntryPoint","urlTemplate":"https:\/\/www.visit-ulcinj.com\/blog\/?s={search_term_string}"},"query-input":"required name=search_term_string"}],"inLanguage":"en-US"},{"@type":"ImageObject","inLanguage":"en-US","@id":"https:\/\/www.visit-ulcinj.com\/blog\/2014\/11\/13\/gjonaj-pretash-zeka-nderi-malesise-se-madhe\/#primaryimage","url":"https:\/\/www.visit-ulcinj.com\/blog\/wp-content\/uploads\/2014\/11\/Pretash-Zeka-Ulaj-dhe-Pretash-Uci-Lucaj.jpg","contentUrl":"https:\/\/www.visit-ulcinj.com\/blog\/wp-content\/uploads\/2014\/11\/Pretash-Zeka-Ulaj-dhe-Pretash-Uci-Lucaj.jpg","width":448,"height":653},{"@type":"WebPage","@id":"https:\/\/www.visit-ulcinj.com\/blog\/2014\/11\/13\/gjonaj-pretash-zeka-nderi-malesise-se-madhe\/#webpage","url":"https:\/\/www.visit-ulcinj.com\/blog\/2014\/11\/13\/gjonaj-pretash-zeka-nderi-malesise-se-madhe\/","name":"Gjonaj: Pr\u00ebtash Zeka \u2013 nderi i Mal\u00ebsis\u00eb s\u00eb Madhe - Lajme nga Ulqini","isPartOf":{"@id":"https:\/\/www.visit-ulcinj.com\/blog\/#website"},"primaryImageOfPage":{"@id":"https:\/\/www.visit-ulcinj.com\/blog\/2014\/11\/13\/gjonaj-pretash-zeka-nderi-malesise-se-madhe\/#primaryimage"},"datePublished":"2014-11-13T17:26:17+00:00","dateModified":"2014-11-13T17:26:17+00:00","author":{"@id":"https:\/\/www.visit-ulcinj.com\/blog\/#\/schema\/person\/dcab619c614d3038751c63bc2aadc06d"},"description":"Gjek\u00eb Gjonaj Thuhet se vendet e vogla nuk nxjerrin njer\u00ebz t\u00eb m\u00ebdhenj dhe se njer\u00ebzit e vendeve t\u00eb vogla, sado t\u00eb m\u00ebdha t\u2019i ken\u00eb meritat rrall\u00ebher\u00eb","breadcrumb":{"@id":"https:\/\/www.visit-ulcinj.com\/blog\/2014\/11\/13\/gjonaj-pretash-zeka-nderi-malesise-se-madhe\/#breadcrumb"},"inLanguage":"en-US","potentialAction":[{"@type":"ReadAction","target":["https:\/\/www.visit-ulcinj.com\/blog\/2014\/11\/13\/gjonaj-pretash-zeka-nderi-malesise-se-madhe\/"]}]},{"@type":"BreadcrumbList","@id":"https:\/\/www.visit-ulcinj.com\/blog\/2014\/11\/13\/gjonaj-pretash-zeka-nderi-malesise-se-madhe\/#breadcrumb","itemListElement":[{"@type":"ListItem","position":1,"name":"Gjonaj: Pr\u00ebtash Zeka \u2013 nderi i Mal\u00ebsis\u00eb s\u00eb Madhe"}]},{"@type":"Person","@id":"https:\/\/www.visit-ulcinj.com\/blog\/#\/schema\/person\/dcab619c614d3038751c63bc2aadc06d","name":"ulqini","sameAs":["http:\/\/www.visit-ulcinj.com"],"url":"https:\/\/www.visit-ulcinj.com\/blog\/author\/admin\/"}]}},"jetpack_featured_media_url":"","jetpack_sharing_enabled":true,"jetpack_shortlink":"https:\/\/wp.me\/pe6lTn-msQ","_links":{"self":[{"href":"https:\/\/www.visit-ulcinj.com\/blog\/wp-json\/wp\/v2\/posts\/86356"}],"collection":[{"href":"https:\/\/www.visit-ulcinj.com\/blog\/wp-json\/wp\/v2\/posts"}],"about":[{"href":"https:\/\/www.visit-ulcinj.com\/blog\/wp-json\/wp\/v2\/types\/post"}],"author":[{"embeddable":true,"href":"https:\/\/www.visit-ulcinj.com\/blog\/wp-json\/wp\/v2\/users\/1"}],"replies":[{"embeddable":true,"href":"https:\/\/www.visit-ulcinj.com\/blog\/wp-json\/wp\/v2\/comments?post=86356"}],"version-history":[{"count":1,"href":"https:\/\/www.visit-ulcinj.com\/blog\/wp-json\/wp\/v2\/posts\/86356\/revisions"}],"predecessor-version":[{"id":86360,"href":"https:\/\/www.visit-ulcinj.com\/blog\/wp-json\/wp\/v2\/posts\/86356\/revisions\/86360"}],"wp:attachment":[{"href":"https:\/\/www.visit-ulcinj.com\/blog\/wp-json\/wp\/v2\/media?parent=86356"}],"wp:term":[{"taxonomy":"category","embeddable":true,"href":"https:\/\/www.visit-ulcinj.com\/blog\/wp-json\/wp\/v2\/categories?post=86356"},{"taxonomy":"post_tag","embeddable":true,"href":"https:\/\/www.visit-ulcinj.com\/blog\/wp-json\/wp\/v2\/tags?post=86356"}],"curies":[{"name":"wp","href":"https:\/\/api.w.org\/{rel}","templated":true}]}}