{"id":86361,"date":"2014-11-13T18:31:04","date_gmt":"2014-11-13T17:31:04","guid":{"rendered":"http:\/\/www.visit-ulcinj.com\/blog\/?p=86361"},"modified":"2014-11-13T18:31:33","modified_gmt":"2014-11-13T17:31:33","slug":"art-club-takim-shkrimtaret-shkodrane-ftese","status":"publish","type":"post","link":"https:\/\/www.visit-ulcinj.com\/blog\/2014\/11\/13\/art-club-takim-shkrimtaret-shkodrane-ftese\/","title":{"rendered":"Art Club &#8211; Takim me shkrimtaret shkodrane &#8211; Ftese"},"content":{"rendered":"<p><a href=\"http:\/\/www.visit-ulcinj.com\/blog\/wp-content\/uploads\/2012\/12\/Shoqata-Art-Club-Ulqin.1.jpg\"><img loading=\"lazy\" class=\"alignleft wp-image-67169\" src=\"http:\/\/www.visit-ulcinj.com\/blog\/wp-content\/uploads\/2012\/12\/Shoqata-Art-Club-Ulqin.1.jpg\" alt=\"Shoqata-Art-Club-Ulqin.1\" width=\"508\" height=\"112\" srcset=\"https:\/\/www.visit-ulcinj.com\/blog\/wp-content\/uploads\/2012\/12\/Shoqata-Art-Club-Ulqin.1.jpg 625w, https:\/\/www.visit-ulcinj.com\/blog\/wp-content\/uploads\/2012\/12\/Shoqata-Art-Club-Ulqin.1-300x66.jpg 300w\" sizes=\"(max-width: 508px) 100vw, 508px\" \/><\/a>Shoqata e Artist\u00ebve dhe Intelektual\u00ebve \u201cArt Club\u201d n\u00eb bashk\u00ebpunim me Bibliotek\u00ebn Publike \u201cMarin Barleti\u201d \u2013 Shkod\u00ebr dhe Shoqat\u00ebn e Shkrimtar\u00ebve Shkod\u00ebr do t\u00eb organizojn\u00eb Takimin me shkrimtar\u00ebt shkodran\u00eb.<\/p>\n<p>Takimi do t\u00eb mbahet t\u00eb shtun\u00ebn, m\u00eb 15 n\u00ebntor 2014, n\u00eb or\u00ebn 18:00, n\u00eb Galerin\u00eb e Arteve t\u00eb Qendr\u00ebs s\u00eb Kultur\u00ebs &#8211; Ulqin.<\/p>\n<p>Ismet Kallaba<\/p>\n<p><a href=\"tel:%2B382%20%280%2967%20281%20226\" target=\"_blank\">+382 (0)67 281 226<\/a><\/p>\n<p><a href=\"tel:%2B382%20%280%2969%20376%20035\" target=\"_blank\">+382 (0)69 376 035<\/a><\/p>\n<p><a href=\"mailto:ismetkallaba@gmail.com\" target=\"_blank\">ismetkallaba@gmail.com<\/a><\/p>\n<p><a href=\"mailto:ikallaba@yahoo.com\" target=\"_blank\">ikallaba@yahoo.com<\/a><\/p>\n<p><a href=\"mailto:kallaba@t-com.me\" target=\"_blank\">kallaba@t-com.me<\/a><\/p>\n","protected":false},"excerpt":{"rendered":"<p>Shoqata e Artist\u00ebve dhe Intelektual\u00ebve \u201cArt Club\u201d n\u00eb bashk\u00ebpunim me Bibliotek\u00ebn Publike \u201cMarin Barleti\u201d \u2013 Shkod\u00ebr dhe Shoqat\u00ebn e Shkrimtar\u00ebve Shkod\u00ebr do t\u00eb organizojn\u00eb Takimin me shkrimtar\u00ebt shkodran\u00eb. Takimi do t\u00eb mbahet t\u00eb shtun\u00ebn, m\u00eb 15 n\u00ebntor 2014, n\u00eb or\u00ebn 18:00, n\u00eb Galerin\u00eb e Arteve t\u00eb Qendr\u00ebs s\u00eb Kultur\u00ebs &#8211; Ulqin. Ismet Kallaba +382 (0)67 [&hellip;]<\/p>\n","protected":false},"author":1,"featured_media":0,"comment_status":"closed","ping_status":"closed","sticky":false,"template":"","format":"standard","meta":{"spay_email":"","jetpack_publicize_message":"","jetpack_is_tweetstorm":false,"jetpack_publicize_feature_enabled":true},"categories":[6950],"tags":[],"jetpack_publicize_connections":[],"yoast_head":"<!-- This site is optimized with the Yoast SEO plugin v19.1 - https:\/\/yoast.com\/wordpress\/plugins\/seo\/ -->\n<title>Art Club - Takim me shkrimtaret shkodrane - Ftese - Lajme nga Ulqini<\/title>\n<meta name=\"description\" content=\"Shoqata e Artist\u00ebve dhe Intelektual\u00ebve \u201cArt Club\u201d n\u00eb bashk\u00ebpunim me Bibliotek\u00ebn Publike \u201cMarin Barleti\u201d \u2013 Shkod\u00ebr dhe Shoqat\u00ebn e Shkrimtar\u00ebve Shkod\u00ebr do\" \/>\n<meta name=\"robots\" content=\"index, follow, max-snippet:-1, max-image-preview:large, max-video-preview:-1\" \/>\n<link rel=\"canonical\" href=\"https:\/\/www.visit-ulcinj.com\/blog\/2014\/11\/13\/art-club-takim-shkrimtaret-shkodrane-ftese\/\" \/>\n<meta property=\"og:locale\" content=\"en_US\" \/>\n<meta property=\"og:type\" content=\"article\" \/>\n<meta property=\"og:title\" content=\"Art Club - Takim me shkrimtaret shkodrane - Ftese - Lajme nga Ulqini\" \/>\n<meta property=\"og:description\" content=\"Shoqata e Artist\u00ebve dhe Intelektual\u00ebve \u201cArt Club\u201d n\u00eb bashk\u00ebpunim me Bibliotek\u00ebn Publike \u201cMarin Barleti\u201d \u2013 Shkod\u00ebr dhe Shoqat\u00ebn e Shkrimtar\u00ebve Shkod\u00ebr do\" \/>\n<meta property=\"og:url\" content=\"https:\/\/www.visit-ulcinj.com\/blog\/2014\/11\/13\/art-club-takim-shkrimtaret-shkodrane-ftese\/\" \/>\n<meta property=\"og:site_name\" content=\"Lajme nga Ulqini\" \/>\n<meta property=\"article:published_time\" content=\"2014-11-13T17:31:04+00:00\" \/>\n<meta property=\"article:modified_time\" content=\"2014-11-13T17:31:33+00:00\" \/>\n<meta property=\"og:image\" content=\"http:\/\/www.visit-ulcinj.com\/blog\/wp-content\/uploads\/2012\/12\/Shoqata-Art-Club-Ulqin.1.jpg\" \/>\n<meta name=\"twitter:label1\" content=\"Written by\" \/>\n\t<meta name=\"twitter:data1\" content=\"ulqini\" \/>\n<script type=\"application\/ld+json\" class=\"yoast-schema-graph\">{\"@context\":\"https:\/\/schema.org\",\"@graph\":[{\"@type\":\"WebSite\",\"@id\":\"https:\/\/www.visit-ulcinj.com\/blog\/#website\",\"url\":\"https:\/\/www.visit-ulcinj.com\/blog\/\",\"name\":\"Lajme nga Ulqini\",\"description\":\"Lajme,Vijesti,Ulqini,Ulqin,Crna Gora,Mali i Zi\",\"potentialAction\":[{\"@type\":\"SearchAction\",\"target\":{\"@type\":\"EntryPoint\",\"urlTemplate\":\"https:\/\/www.visit-ulcinj.com\/blog\/?s={search_term_string}\"},\"query-input\":\"required name=search_term_string\"}],\"inLanguage\":\"en-US\"},{\"@type\":\"ImageObject\",\"inLanguage\":\"en-US\",\"@id\":\"https:\/\/www.visit-ulcinj.com\/blog\/2014\/11\/13\/art-club-takim-shkrimtaret-shkodrane-ftese\/#primaryimage\",\"url\":\"https:\/\/www.visit-ulcinj.com\/blog\/wp-content\/uploads\/2012\/12\/Shoqata-Art-Club-Ulqin.1.jpg\",\"contentUrl\":\"https:\/\/www.visit-ulcinj.com\/blog\/wp-content\/uploads\/2012\/12\/Shoqata-Art-Club-Ulqin.1.jpg\",\"width\":625,\"height\":138},{\"@type\":\"WebPage\",\"@id\":\"https:\/\/www.visit-ulcinj.com\/blog\/2014\/11\/13\/art-club-takim-shkrimtaret-shkodrane-ftese\/#webpage\",\"url\":\"https:\/\/www.visit-ulcinj.com\/blog\/2014\/11\/13\/art-club-takim-shkrimtaret-shkodrane-ftese\/\",\"name\":\"Art Club - Takim me shkrimtaret shkodrane - Ftese - Lajme nga Ulqini\",\"isPartOf\":{\"@id\":\"https:\/\/www.visit-ulcinj.com\/blog\/#website\"},\"primaryImageOfPage\":{\"@id\":\"https:\/\/www.visit-ulcinj.com\/blog\/2014\/11\/13\/art-club-takim-shkrimtaret-shkodrane-ftese\/#primaryimage\"},\"datePublished\":\"2014-11-13T17:31:04+00:00\",\"dateModified\":\"2014-11-13T17:31:33+00:00\",\"author\":{\"@id\":\"https:\/\/www.visit-ulcinj.com\/blog\/#\/schema\/person\/dcab619c614d3038751c63bc2aadc06d\"},\"description\":\"Shoqata e Artist\u00ebve dhe Intelektual\u00ebve \u201cArt Club\u201d n\u00eb bashk\u00ebpunim me Bibliotek\u00ebn Publike \u201cMarin Barleti\u201d \u2013 Shkod\u00ebr dhe Shoqat\u00ebn e Shkrimtar\u00ebve Shkod\u00ebr do\",\"breadcrumb\":{\"@id\":\"https:\/\/www.visit-ulcinj.com\/blog\/2014\/11\/13\/art-club-takim-shkrimtaret-shkodrane-ftese\/#breadcrumb\"},\"inLanguage\":\"en-US\",\"potentialAction\":[{\"@type\":\"ReadAction\",\"target\":[\"https:\/\/www.visit-ulcinj.com\/blog\/2014\/11\/13\/art-club-takim-shkrimtaret-shkodrane-ftese\/\"]}]},{\"@type\":\"BreadcrumbList\",\"@id\":\"https:\/\/www.visit-ulcinj.com\/blog\/2014\/11\/13\/art-club-takim-shkrimtaret-shkodrane-ftese\/#breadcrumb\",\"itemListElement\":[{\"@type\":\"ListItem\",\"position\":1,\"name\":\"Art Club &#8211; Takim me shkrimtaret shkodrane &#8211; Ftese\"}]},{\"@type\":\"Person\",\"@id\":\"https:\/\/www.visit-ulcinj.com\/blog\/#\/schema\/person\/dcab619c614d3038751c63bc2aadc06d\",\"name\":\"ulqini\",\"sameAs\":[\"http:\/\/www.visit-ulcinj.com\"],\"url\":\"https:\/\/www.visit-ulcinj.com\/blog\/author\/admin\/\"}]}<\/script>\n<!-- \/ Yoast SEO plugin. -->","yoast_head_json":{"title":"Art Club - Takim me shkrimtaret shkodrane - Ftese - Lajme nga Ulqini","description":"Shoqata e Artist\u00ebve dhe Intelektual\u00ebve \u201cArt Club\u201d n\u00eb bashk\u00ebpunim me Bibliotek\u00ebn Publike \u201cMarin Barleti\u201d \u2013 Shkod\u00ebr dhe Shoqat\u00ebn e Shkrimtar\u00ebve Shkod\u00ebr do","robots":{"index":"index","follow":"follow","max-snippet":"max-snippet:-1","max-image-preview":"max-image-preview:large","max-video-preview":"max-video-preview:-1"},"canonical":"https:\/\/www.visit-ulcinj.com\/blog\/2014\/11\/13\/art-club-takim-shkrimtaret-shkodrane-ftese\/","og_locale":"en_US","og_type":"article","og_title":"Art Club - Takim me shkrimtaret shkodrane - Ftese - Lajme nga Ulqini","og_description":"Shoqata e Artist\u00ebve dhe Intelektual\u00ebve \u201cArt Club\u201d n\u00eb bashk\u00ebpunim me Bibliotek\u00ebn Publike \u201cMarin Barleti\u201d \u2013 Shkod\u00ebr dhe Shoqat\u00ebn e Shkrimtar\u00ebve Shkod\u00ebr do","og_url":"https:\/\/www.visit-ulcinj.com\/blog\/2014\/11\/13\/art-club-takim-shkrimtaret-shkodrane-ftese\/","og_site_name":"Lajme nga Ulqini","article_published_time":"2014-11-13T17:31:04+00:00","article_modified_time":"2014-11-13T17:31:33+00:00","og_image":[{"url":"http:\/\/www.visit-ulcinj.com\/blog\/wp-content\/uploads\/2012\/12\/Shoqata-Art-Club-Ulqin.1.jpg"}],"twitter_misc":{"Written by":"ulqini"},"schema":{"@context":"https:\/\/schema.org","@graph":[{"@type":"WebSite","@id":"https:\/\/www.visit-ulcinj.com\/blog\/#website","url":"https:\/\/www.visit-ulcinj.com\/blog\/","name":"Lajme nga Ulqini","description":"Lajme,Vijesti,Ulqini,Ulqin,Crna Gora,Mali i Zi","potentialAction":[{"@type":"SearchAction","target":{"@type":"EntryPoint","urlTemplate":"https:\/\/www.visit-ulcinj.com\/blog\/?s={search_term_string}"},"query-input":"required name=search_term_string"}],"inLanguage":"en-US"},{"@type":"ImageObject","inLanguage":"en-US","@id":"https:\/\/www.visit-ulcinj.com\/blog\/2014\/11\/13\/art-club-takim-shkrimtaret-shkodrane-ftese\/#primaryimage","url":"https:\/\/www.visit-ulcinj.com\/blog\/wp-content\/uploads\/2012\/12\/Shoqata-Art-Club-Ulqin.1.jpg","contentUrl":"https:\/\/www.visit-ulcinj.com\/blog\/wp-content\/uploads\/2012\/12\/Shoqata-Art-Club-Ulqin.1.jpg","width":625,"height":138},{"@type":"WebPage","@id":"https:\/\/www.visit-ulcinj.com\/blog\/2014\/11\/13\/art-club-takim-shkrimtaret-shkodrane-ftese\/#webpage","url":"https:\/\/www.visit-ulcinj.com\/blog\/2014\/11\/13\/art-club-takim-shkrimtaret-shkodrane-ftese\/","name":"Art Club - Takim me shkrimtaret shkodrane - Ftese - Lajme nga Ulqini","isPartOf":{"@id":"https:\/\/www.visit-ulcinj.com\/blog\/#website"},"primaryImageOfPage":{"@id":"https:\/\/www.visit-ulcinj.com\/blog\/2014\/11\/13\/art-club-takim-shkrimtaret-shkodrane-ftese\/#primaryimage"},"datePublished":"2014-11-13T17:31:04+00:00","dateModified":"2014-11-13T17:31:33+00:00","author":{"@id":"https:\/\/www.visit-ulcinj.com\/blog\/#\/schema\/person\/dcab619c614d3038751c63bc2aadc06d"},"description":"Shoqata e Artist\u00ebve dhe Intelektual\u00ebve \u201cArt Club\u201d n\u00eb bashk\u00ebpunim me Bibliotek\u00ebn Publike \u201cMarin Barleti\u201d \u2013 Shkod\u00ebr dhe Shoqat\u00ebn e Shkrimtar\u00ebve Shkod\u00ebr do","breadcrumb":{"@id":"https:\/\/www.visit-ulcinj.com\/blog\/2014\/11\/13\/art-club-takim-shkrimtaret-shkodrane-ftese\/#breadcrumb"},"inLanguage":"en-US","potentialAction":[{"@type":"ReadAction","target":["https:\/\/www.visit-ulcinj.com\/blog\/2014\/11\/13\/art-club-takim-shkrimtaret-shkodrane-ftese\/"]}]},{"@type":"BreadcrumbList","@id":"https:\/\/www.visit-ulcinj.com\/blog\/2014\/11\/13\/art-club-takim-shkrimtaret-shkodrane-ftese\/#breadcrumb","itemListElement":[{"@type":"ListItem","position":1,"name":"Art Club &#8211; Takim me shkrimtaret shkodrane &#8211; Ftese"}]},{"@type":"Person","@id":"https:\/\/www.visit-ulcinj.com\/blog\/#\/schema\/person\/dcab619c614d3038751c63bc2aadc06d","name":"ulqini","sameAs":["http:\/\/www.visit-ulcinj.com"],"url":"https:\/\/www.visit-ulcinj.com\/blog\/author\/admin\/"}]}},"jetpack_featured_media_url":"","jetpack_sharing_enabled":true,"jetpack_shortlink":"https:\/\/wp.me\/pe6lTn-msV","_links":{"self":[{"href":"https:\/\/www.visit-ulcinj.com\/blog\/wp-json\/wp\/v2\/posts\/86361"}],"collection":[{"href":"https:\/\/www.visit-ulcinj.com\/blog\/wp-json\/wp\/v2\/posts"}],"about":[{"href":"https:\/\/www.visit-ulcinj.com\/blog\/wp-json\/wp\/v2\/types\/post"}],"author":[{"embeddable":true,"href":"https:\/\/www.visit-ulcinj.com\/blog\/wp-json\/wp\/v2\/users\/1"}],"replies":[{"embeddable":true,"href":"https:\/\/www.visit-ulcinj.com\/blog\/wp-json\/wp\/v2\/comments?post=86361"}],"version-history":[{"count":1,"href":"https:\/\/www.visit-ulcinj.com\/blog\/wp-json\/wp\/v2\/posts\/86361\/revisions"}],"predecessor-version":[{"id":86362,"href":"https:\/\/www.visit-ulcinj.com\/blog\/wp-json\/wp\/v2\/posts\/86361\/revisions\/86362"}],"wp:attachment":[{"href":"https:\/\/www.visit-ulcinj.com\/blog\/wp-json\/wp\/v2\/media?parent=86361"}],"wp:term":[{"taxonomy":"category","embeddable":true,"href":"https:\/\/www.visit-ulcinj.com\/blog\/wp-json\/wp\/v2\/categories?post=86361"},{"taxonomy":"post_tag","embeddable":true,"href":"https:\/\/www.visit-ulcinj.com\/blog\/wp-json\/wp\/v2\/tags?post=86361"}],"curies":[{"name":"wp","href":"https:\/\/api.w.org\/{rel}","templated":true}]}}