{"id":86363,"date":"2014-11-13T18:51:00","date_gmt":"2014-11-13T17:51:00","guid":{"rendered":"http:\/\/www.visit-ulcinj.com\/blog\/?p=86363"},"modified":"2014-11-13T18:58:03","modified_gmt":"2014-11-13T17:58:03","slug":"likud-ulcinj-bi-mogao-da-postane-magnet-za-izraelske-investicije","status":"publish","type":"post","link":"https:\/\/www.visit-ulcinj.com\/blog\/2014\/11\/13\/likud-ulcinj-bi-mogao-da-postane-magnet-za-izraelske-investicije\/","title":{"rendered":"Likud: Ulcinj bi mogao da postane magnet za izraelske investicije"},"content":{"rendered":"<p><a href=\"http:\/\/www.visit-ulcinj.com\/blog\/wp-content\/uploads\/2014\/11\/Perlinage-juive-Ulcinj-Montenegro.jpg\"><img loading=\"lazy\" class=\"alignleft wp-image-86364\" src=\"http:\/\/www.visit-ulcinj.com\/blog\/wp-content\/uploads\/2014\/11\/Perlinage-juive-Ulcinj-Montenegro.jpg\" alt=\"Perlinage juive-Ulcinj-Montenegro\" width=\"508\" height=\"313\" srcset=\"https:\/\/www.visit-ulcinj.com\/blog\/wp-content\/uploads\/2014\/11\/Perlinage-juive-Ulcinj-Montenegro.jpg 600w, https:\/\/www.visit-ulcinj.com\/blog\/wp-content\/uploads\/2014\/11\/Perlinage-juive-Ulcinj-Montenegro-300x185.jpg 300w\" sizes=\"(max-width: 508px) 100vw, 508px\" \/><\/a>\u010celnik prve jevrejske nevladine organizacije \u201eLikud\u201c u Crnoj Gori, Ratko Cerovi\u0107, rekao je da o\u010dekuje da \u0107e u narednom periodu biti zna\u010dajnih investicija iz Izraela u Ulcinj.<\/p>\n<div class=\"body-text\">\n<p>On je Portalu Ul-info rekao da bi ovaj grad, zbog \u010dinjenice da je \u201etu \u017eivio, umro i sahranjen Sabataj Cevi mogao postati magnet za dva miliona ljudi koji su uvjereni da je on bio mesija\u201c.<br \/>\n<a href=\"http:\/\/www.visit-ulcinj.com\/blog\/wp-content\/uploads\/2014\/11\/Likud-CRNA-GORA.jpg\"><img loading=\"lazy\" class=\"alignleft wp-image-86367\" src=\"http:\/\/www.visit-ulcinj.com\/blog\/wp-content\/uploads\/2014\/11\/Likud-CRNA-GORA.jpg\" alt=\"Likud-CRNA-GORA\" width=\"508\" height=\"490\" srcset=\"https:\/\/www.visit-ulcinj.com\/blog\/wp-content\/uploads\/2014\/11\/Likud-CRNA-GORA.jpg 613w, https:\/\/www.visit-ulcinj.com\/blog\/wp-content\/uploads\/2014\/11\/Likud-CRNA-GORA-300x289.jpg 300w\" sizes=\"(max-width: 508px) 100vw, 508px\" \/><\/a><\/p>\n<p>\u201eBila bi velika dobit za Ulcinj i \u010ditavu Crnu Gori kada bi uspjeli da te ljude dovedemo na poklonjenje Ceviju\u201c, kazao je Cerovi\u0107.<\/p>\n<p>Ina\u010de, sjutra \u0107e u op\u0161tini Ulcinj biti potpisan sporazum o saradnji te NVO i lokalne uprave oko organizacije velikog nau\u010dnog skupa \u201eSabataj Cevi, sabatajanci i sabatajanizam u istoriji i literaturi\u201d, koji \u0107e se narednog ljeta odr\u017eati u ovom gradu.<\/p>\n<\/div>\n","protected":false},"excerpt":{"rendered":"<p>\u010celnik prve jevrejske nevladine organizacije \u201eLikud\u201c u Crnoj Gori, Ratko Cerovi\u0107, rekao je da o\u010dekuje da \u0107e u narednom periodu biti zna\u010dajnih investicija iz Izraela u Ulcinj. On je Portalu Ul-info rekao da bi ovaj grad, zbog \u010dinjenice da je \u201etu \u017eivio, umro i sahranjen Sabataj Cevi mogao postati magnet za dva miliona ljudi koji [&hellip;]<\/p>\n","protected":false},"author":1,"featured_media":0,"comment_status":"closed","ping_status":"closed","sticky":false,"template":"","format":"standard","meta":{"spay_email":"","jetpack_publicize_message":"","jetpack_is_tweetstorm":false,"jetpack_publicize_feature_enabled":true},"categories":[8337],"tags":[],"jetpack_publicize_connections":[],"yoast_head":"<!-- This site is optimized with the Yoast SEO plugin v19.1 - https:\/\/yoast.com\/wordpress\/plugins\/seo\/ -->\n<title>Likud: Ulcinj bi mogao da postane magnet za izraelske investicije - Lajme nga Ulqini<\/title>\n<meta name=\"description\" content=\"\u010celnik prve jevrejske nevladine organizacije \u201eLikud\u201c u Crnoj Gori, Ratko Cerovi\u0107, rekao je da o\u010dekuje da \u0107e u narednom periodu biti zna\u010dajnih investicija\" \/>\n<meta name=\"robots\" content=\"index, follow, max-snippet:-1, max-image-preview:large, max-video-preview:-1\" \/>\n<link rel=\"canonical\" href=\"https:\/\/www.visit-ulcinj.com\/blog\/2014\/11\/13\/likud-ulcinj-bi-mogao-da-postane-magnet-za-izraelske-investicije\/\" \/>\n<meta property=\"og:locale\" content=\"en_US\" \/>\n<meta property=\"og:type\" content=\"article\" \/>\n<meta property=\"og:title\" content=\"Likud: Ulcinj bi mogao da postane magnet za izraelske investicije - Lajme nga Ulqini\" \/>\n<meta property=\"og:description\" content=\"\u010celnik prve jevrejske nevladine organizacije \u201eLikud\u201c u Crnoj Gori, Ratko Cerovi\u0107, rekao je da o\u010dekuje da \u0107e u narednom periodu biti zna\u010dajnih investicija\" \/>\n<meta property=\"og:url\" content=\"https:\/\/www.visit-ulcinj.com\/blog\/2014\/11\/13\/likud-ulcinj-bi-mogao-da-postane-magnet-za-izraelske-investicije\/\" \/>\n<meta property=\"og:site_name\" content=\"Lajme nga Ulqini\" \/>\n<meta property=\"article:published_time\" content=\"2014-11-13T17:51:00+00:00\" \/>\n<meta property=\"article:modified_time\" content=\"2014-11-13T17:58:03+00:00\" \/>\n<meta property=\"og:image\" content=\"http:\/\/www.visit-ulcinj.com\/blog\/wp-content\/uploads\/2014\/11\/Perlinage-juive-Ulcinj-Montenegro.jpg\" \/>\n<meta name=\"twitter:label1\" content=\"Written by\" \/>\n\t<meta name=\"twitter:data1\" content=\"ulqini\" \/>\n\t<meta name=\"twitter:label2\" content=\"Est. reading time\" \/>\n\t<meta name=\"twitter:data2\" content=\"1 minute\" \/>\n<script type=\"application\/ld+json\" class=\"yoast-schema-graph\">{\"@context\":\"https:\/\/schema.org\",\"@graph\":[{\"@type\":\"WebSite\",\"@id\":\"https:\/\/www.visit-ulcinj.com\/blog\/#website\",\"url\":\"https:\/\/www.visit-ulcinj.com\/blog\/\",\"name\":\"Lajme nga Ulqini\",\"description\":\"Lajme,Vijesti,Ulqini,Ulqin,Crna Gora,Mali i Zi\",\"potentialAction\":[{\"@type\":\"SearchAction\",\"target\":{\"@type\":\"EntryPoint\",\"urlTemplate\":\"https:\/\/www.visit-ulcinj.com\/blog\/?s={search_term_string}\"},\"query-input\":\"required name=search_term_string\"}],\"inLanguage\":\"en-US\"},{\"@type\":\"ImageObject\",\"inLanguage\":\"en-US\",\"@id\":\"https:\/\/www.visit-ulcinj.com\/blog\/2014\/11\/13\/likud-ulcinj-bi-mogao-da-postane-magnet-za-izraelske-investicije\/#primaryimage\",\"url\":\"https:\/\/www.visit-ulcinj.com\/blog\/wp-content\/uploads\/2014\/11\/Perlinage-juive-Ulcinj-Montenegro.jpg\",\"contentUrl\":\"https:\/\/www.visit-ulcinj.com\/blog\/wp-content\/uploads\/2014\/11\/Perlinage-juive-Ulcinj-Montenegro.jpg\",\"width\":600,\"height\":370},{\"@type\":\"WebPage\",\"@id\":\"https:\/\/www.visit-ulcinj.com\/blog\/2014\/11\/13\/likud-ulcinj-bi-mogao-da-postane-magnet-za-izraelske-investicije\/#webpage\",\"url\":\"https:\/\/www.visit-ulcinj.com\/blog\/2014\/11\/13\/likud-ulcinj-bi-mogao-da-postane-magnet-za-izraelske-investicije\/\",\"name\":\"Likud: Ulcinj bi mogao da postane magnet za izraelske investicije - Lajme nga Ulqini\",\"isPartOf\":{\"@id\":\"https:\/\/www.visit-ulcinj.com\/blog\/#website\"},\"primaryImageOfPage\":{\"@id\":\"https:\/\/www.visit-ulcinj.com\/blog\/2014\/11\/13\/likud-ulcinj-bi-mogao-da-postane-magnet-za-izraelske-investicije\/#primaryimage\"},\"datePublished\":\"2014-11-13T17:51:00+00:00\",\"dateModified\":\"2014-11-13T17:58:03+00:00\",\"author\":{\"@id\":\"https:\/\/www.visit-ulcinj.com\/blog\/#\/schema\/person\/dcab619c614d3038751c63bc2aadc06d\"},\"description\":\"\u010celnik prve jevrejske nevladine organizacije \u201eLikud\u201c u Crnoj Gori, Ratko Cerovi\u0107, rekao je da o\u010dekuje da \u0107e u narednom periodu biti zna\u010dajnih investicija\",\"breadcrumb\":{\"@id\":\"https:\/\/www.visit-ulcinj.com\/blog\/2014\/11\/13\/likud-ulcinj-bi-mogao-da-postane-magnet-za-izraelske-investicije\/#breadcrumb\"},\"inLanguage\":\"en-US\",\"potentialAction\":[{\"@type\":\"ReadAction\",\"target\":[\"https:\/\/www.visit-ulcinj.com\/blog\/2014\/11\/13\/likud-ulcinj-bi-mogao-da-postane-magnet-za-izraelske-investicije\/\"]}]},{\"@type\":\"BreadcrumbList\",\"@id\":\"https:\/\/www.visit-ulcinj.com\/blog\/2014\/11\/13\/likud-ulcinj-bi-mogao-da-postane-magnet-za-izraelske-investicije\/#breadcrumb\",\"itemListElement\":[{\"@type\":\"ListItem\",\"position\":1,\"name\":\"Likud: Ulcinj bi mogao da postane magnet za izraelske investicije\"}]},{\"@type\":\"Person\",\"@id\":\"https:\/\/www.visit-ulcinj.com\/blog\/#\/schema\/person\/dcab619c614d3038751c63bc2aadc06d\",\"name\":\"ulqini\",\"sameAs\":[\"http:\/\/www.visit-ulcinj.com\"],\"url\":\"https:\/\/www.visit-ulcinj.com\/blog\/author\/admin\/\"}]}<\/script>\n<!-- \/ Yoast SEO plugin. -->","yoast_head_json":{"title":"Likud: Ulcinj bi mogao da postane magnet za izraelske investicije - Lajme nga Ulqini","description":"\u010celnik prve jevrejske nevladine organizacije \u201eLikud\u201c u Crnoj Gori, Ratko Cerovi\u0107, rekao je da o\u010dekuje da \u0107e u narednom periodu biti zna\u010dajnih investicija","robots":{"index":"index","follow":"follow","max-snippet":"max-snippet:-1","max-image-preview":"max-image-preview:large","max-video-preview":"max-video-preview:-1"},"canonical":"https:\/\/www.visit-ulcinj.com\/blog\/2014\/11\/13\/likud-ulcinj-bi-mogao-da-postane-magnet-za-izraelske-investicije\/","og_locale":"en_US","og_type":"article","og_title":"Likud: Ulcinj bi mogao da postane magnet za izraelske investicije - Lajme nga Ulqini","og_description":"\u010celnik prve jevrejske nevladine organizacije \u201eLikud\u201c u Crnoj Gori, Ratko Cerovi\u0107, rekao je da o\u010dekuje da \u0107e u narednom periodu biti zna\u010dajnih investicija","og_url":"https:\/\/www.visit-ulcinj.com\/blog\/2014\/11\/13\/likud-ulcinj-bi-mogao-da-postane-magnet-za-izraelske-investicije\/","og_site_name":"Lajme nga Ulqini","article_published_time":"2014-11-13T17:51:00+00:00","article_modified_time":"2014-11-13T17:58:03+00:00","og_image":[{"url":"http:\/\/www.visit-ulcinj.com\/blog\/wp-content\/uploads\/2014\/11\/Perlinage-juive-Ulcinj-Montenegro.jpg"}],"twitter_misc":{"Written by":"ulqini","Est. reading time":"1 minute"},"schema":{"@context":"https:\/\/schema.org","@graph":[{"@type":"WebSite","@id":"https:\/\/www.visit-ulcinj.com\/blog\/#website","url":"https:\/\/www.visit-ulcinj.com\/blog\/","name":"Lajme nga Ulqini","description":"Lajme,Vijesti,Ulqini,Ulqin,Crna Gora,Mali i Zi","potentialAction":[{"@type":"SearchAction","target":{"@type":"EntryPoint","urlTemplate":"https:\/\/www.visit-ulcinj.com\/blog\/?s={search_term_string}"},"query-input":"required name=search_term_string"}],"inLanguage":"en-US"},{"@type":"ImageObject","inLanguage":"en-US","@id":"https:\/\/www.visit-ulcinj.com\/blog\/2014\/11\/13\/likud-ulcinj-bi-mogao-da-postane-magnet-za-izraelske-investicije\/#primaryimage","url":"https:\/\/www.visit-ulcinj.com\/blog\/wp-content\/uploads\/2014\/11\/Perlinage-juive-Ulcinj-Montenegro.jpg","contentUrl":"https:\/\/www.visit-ulcinj.com\/blog\/wp-content\/uploads\/2014\/11\/Perlinage-juive-Ulcinj-Montenegro.jpg","width":600,"height":370},{"@type":"WebPage","@id":"https:\/\/www.visit-ulcinj.com\/blog\/2014\/11\/13\/likud-ulcinj-bi-mogao-da-postane-magnet-za-izraelske-investicije\/#webpage","url":"https:\/\/www.visit-ulcinj.com\/blog\/2014\/11\/13\/likud-ulcinj-bi-mogao-da-postane-magnet-za-izraelske-investicije\/","name":"Likud: Ulcinj bi mogao da postane magnet za izraelske investicije - Lajme nga Ulqini","isPartOf":{"@id":"https:\/\/www.visit-ulcinj.com\/blog\/#website"},"primaryImageOfPage":{"@id":"https:\/\/www.visit-ulcinj.com\/blog\/2014\/11\/13\/likud-ulcinj-bi-mogao-da-postane-magnet-za-izraelske-investicije\/#primaryimage"},"datePublished":"2014-11-13T17:51:00+00:00","dateModified":"2014-11-13T17:58:03+00:00","author":{"@id":"https:\/\/www.visit-ulcinj.com\/blog\/#\/schema\/person\/dcab619c614d3038751c63bc2aadc06d"},"description":"\u010celnik prve jevrejske nevladine organizacije \u201eLikud\u201c u Crnoj Gori, Ratko Cerovi\u0107, rekao je da o\u010dekuje da \u0107e u narednom periodu biti zna\u010dajnih investicija","breadcrumb":{"@id":"https:\/\/www.visit-ulcinj.com\/blog\/2014\/11\/13\/likud-ulcinj-bi-mogao-da-postane-magnet-za-izraelske-investicije\/#breadcrumb"},"inLanguage":"en-US","potentialAction":[{"@type":"ReadAction","target":["https:\/\/www.visit-ulcinj.com\/blog\/2014\/11\/13\/likud-ulcinj-bi-mogao-da-postane-magnet-za-izraelske-investicije\/"]}]},{"@type":"BreadcrumbList","@id":"https:\/\/www.visit-ulcinj.com\/blog\/2014\/11\/13\/likud-ulcinj-bi-mogao-da-postane-magnet-za-izraelske-investicije\/#breadcrumb","itemListElement":[{"@type":"ListItem","position":1,"name":"Likud: Ulcinj bi mogao da postane magnet za izraelske investicije"}]},{"@type":"Person","@id":"https:\/\/www.visit-ulcinj.com\/blog\/#\/schema\/person\/dcab619c614d3038751c63bc2aadc06d","name":"ulqini","sameAs":["http:\/\/www.visit-ulcinj.com"],"url":"https:\/\/www.visit-ulcinj.com\/blog\/author\/admin\/"}]}},"jetpack_featured_media_url":"","jetpack_sharing_enabled":true,"jetpack_shortlink":"https:\/\/wp.me\/pe6lTn-msX","_links":{"self":[{"href":"https:\/\/www.visit-ulcinj.com\/blog\/wp-json\/wp\/v2\/posts\/86363"}],"collection":[{"href":"https:\/\/www.visit-ulcinj.com\/blog\/wp-json\/wp\/v2\/posts"}],"about":[{"href":"https:\/\/www.visit-ulcinj.com\/blog\/wp-json\/wp\/v2\/types\/post"}],"author":[{"embeddable":true,"href":"https:\/\/www.visit-ulcinj.com\/blog\/wp-json\/wp\/v2\/users\/1"}],"replies":[{"embeddable":true,"href":"https:\/\/www.visit-ulcinj.com\/blog\/wp-json\/wp\/v2\/comments?post=86363"}],"version-history":[{"count":2,"href":"https:\/\/www.visit-ulcinj.com\/blog\/wp-json\/wp\/v2\/posts\/86363\/revisions"}],"predecessor-version":[{"id":86369,"href":"https:\/\/www.visit-ulcinj.com\/blog\/wp-json\/wp\/v2\/posts\/86363\/revisions\/86369"}],"wp:attachment":[{"href":"https:\/\/www.visit-ulcinj.com\/blog\/wp-json\/wp\/v2\/media?parent=86363"}],"wp:term":[{"taxonomy":"category","embeddable":true,"href":"https:\/\/www.visit-ulcinj.com\/blog\/wp-json\/wp\/v2\/categories?post=86363"},{"taxonomy":"post_tag","embeddable":true,"href":"https:\/\/www.visit-ulcinj.com\/blog\/wp-json\/wp\/v2\/tags?post=86363"}],"curies":[{"name":"wp","href":"https:\/\/api.w.org\/{rel}","templated":true}]}}