{"id":86366,"date":"2014-11-13T18:56:07","date_gmt":"2014-11-13T17:56:07","guid":{"rendered":"http:\/\/www.visit-ulcinj.com\/blog\/?p=86366"},"modified":"2014-11-16T15:27:28","modified_gmt":"2014-11-16T14:27:28","slug":"likud-ne-mal-te-zi-investime-te-rendesishme-nga-izraeli-ne-ulqin","status":"publish","type":"post","link":"https:\/\/www.visit-ulcinj.com\/blog\/2014\/11\/13\/likud-ne-mal-te-zi-investime-te-rendesishme-nga-izraeli-ne-ulqin\/","title":{"rendered":"\u201cLikud\u201d n\u00eb Mal t\u00eb Zi: Investime t\u00eb r\u00ebnd\u00ebsishme nga Izraeli n\u00eb Ulqin"},"content":{"rendered":"<p><a href=\"http:\/\/www.visit-ulcinj.com\/blog\/wp-content\/uploads\/2014\/11\/Likud-CRNA-GORA.jpg\"><img loading=\"lazy\" class=\"alignleft wp-image-86367\" src=\"http:\/\/www.visit-ulcinj.com\/blog\/wp-content\/uploads\/2014\/11\/Likud-CRNA-GORA.jpg\" alt=\"Likud-CRNA-GORA\" width=\"508\" height=\"490\" srcset=\"https:\/\/www.visit-ulcinj.com\/blog\/wp-content\/uploads\/2014\/11\/Likud-CRNA-GORA.jpg 613w, https:\/\/www.visit-ulcinj.com\/blog\/wp-content\/uploads\/2014\/11\/Likud-CRNA-GORA-300x289.jpg 300w\" sizes=\"(max-width: 508px) 100vw, 508px\" \/><\/a>Drejtuesi i organizat\u00ebs s\u00eb par\u00eb joqeveritare hebreje \u201cLikud\u201d n\u00eb Mal t\u00eb Zi, Ratko Ceroviq, ka th\u00ebn\u00eb se pret q\u00eb n\u00eb periudh\u00ebn e ardhshme t\u00eb ket\u00eb investime t\u00eb r\u00ebnd\u00ebsishme nga Izraeli n\u00eb Ulqin, njofton portali Ul.info.<\/p>\n<p>Ai p\u00ebr Portalin UL-info tha se ky qytet, p\u00ebr shkak t\u00eb faktit se k\u00ebtu \u201cka jetuar, vdiq dhe u varros Sabataj Cevi mund t\u00eb b\u00ebhet magnet p\u00ebr dy milion njer\u00ebz q\u00eb jan\u00eb t\u00eb bindur se ai ishte mesi\u201d.<\/p>\n<p><a href=\"http:\/\/www.visit-ulcinj.com\/blog\/wp-content\/uploads\/2014\/11\/Perlinage-juive-Ulcinj-Montenegro.jpg\"><img loading=\"lazy\" class=\"alignleft wp-image-86364\" src=\"http:\/\/www.visit-ulcinj.com\/blog\/wp-content\/uploads\/2014\/11\/Perlinage-juive-Ulcinj-Montenegro.jpg\" alt=\"Perlinage juive-Ulcinj-Montenegro\" width=\"508\" height=\"313\" srcset=\"https:\/\/www.visit-ulcinj.com\/blog\/wp-content\/uploads\/2014\/11\/Perlinage-juive-Ulcinj-Montenegro.jpg 600w, https:\/\/www.visit-ulcinj.com\/blog\/wp-content\/uploads\/2014\/11\/Perlinage-juive-Ulcinj-Montenegro-300x185.jpg 300w\" sizes=\"(max-width: 508px) 100vw, 508px\" \/><\/a><\/p>\n<p>\u201cDo t\u00eb ishte ky nj\u00eb fitim i madh p\u00ebr Ulqin dhe t\u00ebr\u00eb Malin e Zi sikur t\u00eb arrijm\u00eb ti sjellim k\u00ebto njer\u00ebz n\u00eb pelegrinazh Cevit\u201d, tha Ceroviq.<\/p>\n<p>P\u00ebrndryshe, nes\u00ebr n\u00eb komun\u00eb t\u00eb Ulqinit do t\u00eb n\u00ebnshkruhet marr\u00ebveshja p\u00ebr bashk\u00ebpunim e k\u00ebsaj OJQ dhe t\u00eb administrat\u00ebs lokale rreth organizimit t\u00eb tubimit t\u00eb madh shkencor \u201cSabataj Cevi, sabatajan\u00ebt dhe sabatajizmi n\u00eb histori dhe literatur\u00eb\u201d, i cili ver\u00ebn e ardhshme do t\u00eb mbahet n\u00eb Ulqin.<\/p>\n<!--YouTube Error: bad URL entered-->\n","protected":false},"excerpt":{"rendered":"<p>Drejtuesi i organizat\u00ebs s\u00eb par\u00eb joqeveritare hebreje \u201cLikud\u201d n\u00eb Mal t\u00eb Zi, Ratko Ceroviq, ka th\u00ebn\u00eb se pret q\u00eb n\u00eb periudh\u00ebn e ardhshme t\u00eb ket\u00eb investime t\u00eb r\u00ebnd\u00ebsishme nga Izraeli n\u00eb Ulqin, njofton portali Ul.info. Ai p\u00ebr Portalin UL-info tha se ky qytet, p\u00ebr shkak t\u00eb faktit se k\u00ebtu \u201cka jetuar, vdiq dhe u varros [&hellip;]<\/p>\n","protected":false},"author":1,"featured_media":0,"comment_status":"closed","ping_status":"closed","sticky":false,"template":"","format":"standard","meta":{"spay_email":"","jetpack_publicize_message":"","jetpack_is_tweetstorm":false,"jetpack_publicize_feature_enabled":true},"categories":[15],"tags":[],"jetpack_publicize_connections":[],"yoast_head":"<!-- This site is optimized with the Yoast SEO plugin v19.1 - https:\/\/yoast.com\/wordpress\/plugins\/seo\/ -->\n<title>\u201cLikud\u201d n\u00eb Mal t\u00eb Zi: Investime t\u00eb r\u00ebnd\u00ebsishme nga Izraeli n\u00eb Ulqin - Lajme nga Ulqini<\/title>\n<meta name=\"description\" content=\"Drejtuesi i organizat\u00ebs s\u00eb par\u00eb joqeveritare hebreje \u201cLikud\u201d n\u00eb Mal t\u00eb Zi, Ratko Ceroviq, ka th\u00ebn\u00eb se pret q\u00eb n\u00eb periudh\u00ebn e ardhshme t\u00eb ket\u00eb investime t\u00eb\" \/>\n<meta name=\"robots\" content=\"index, follow, max-snippet:-1, max-image-preview:large, max-video-preview:-1\" \/>\n<link rel=\"canonical\" href=\"https:\/\/www.visit-ulcinj.com\/blog\/2014\/11\/13\/likud-ne-mal-te-zi-investime-te-rendesishme-nga-izraeli-ne-ulqin\/\" \/>\n<meta property=\"og:locale\" content=\"en_US\" \/>\n<meta property=\"og:type\" content=\"article\" \/>\n<meta property=\"og:title\" content=\"\u201cLikud\u201d n\u00eb Mal t\u00eb Zi: Investime t\u00eb r\u00ebnd\u00ebsishme nga Izraeli n\u00eb Ulqin - Lajme nga Ulqini\" \/>\n<meta property=\"og:description\" content=\"Drejtuesi i organizat\u00ebs s\u00eb par\u00eb joqeveritare hebreje \u201cLikud\u201d n\u00eb Mal t\u00eb Zi, Ratko Ceroviq, ka th\u00ebn\u00eb se pret q\u00eb n\u00eb periudh\u00ebn e ardhshme t\u00eb ket\u00eb investime t\u00eb\" \/>\n<meta property=\"og:url\" content=\"https:\/\/www.visit-ulcinj.com\/blog\/2014\/11\/13\/likud-ne-mal-te-zi-investime-te-rendesishme-nga-izraeli-ne-ulqin\/\" \/>\n<meta property=\"og:site_name\" content=\"Lajme nga Ulqini\" \/>\n<meta property=\"article:published_time\" content=\"2014-11-13T17:56:07+00:00\" \/>\n<meta property=\"article:modified_time\" content=\"2014-11-16T14:27:28+00:00\" \/>\n<meta property=\"og:image\" content=\"http:\/\/www.visit-ulcinj.com\/blog\/wp-content\/uploads\/2014\/11\/Likud-CRNA-GORA.jpg\" \/>\n<meta name=\"twitter:label1\" content=\"Written by\" \/>\n\t<meta name=\"twitter:data1\" content=\"ulqini\" \/>\n\t<meta name=\"twitter:label2\" content=\"Est. reading time\" \/>\n\t<meta name=\"twitter:data2\" content=\"1 minute\" \/>\n<script type=\"application\/ld+json\" class=\"yoast-schema-graph\">{\"@context\":\"https:\/\/schema.org\",\"@graph\":[{\"@type\":\"WebSite\",\"@id\":\"https:\/\/www.visit-ulcinj.com\/blog\/#website\",\"url\":\"https:\/\/www.visit-ulcinj.com\/blog\/\",\"name\":\"Lajme nga Ulqini\",\"description\":\"Lajme,Vijesti,Ulqini,Ulqin,Crna Gora,Mali i Zi\",\"potentialAction\":[{\"@type\":\"SearchAction\",\"target\":{\"@type\":\"EntryPoint\",\"urlTemplate\":\"https:\/\/www.visit-ulcinj.com\/blog\/?s={search_term_string}\"},\"query-input\":\"required name=search_term_string\"}],\"inLanguage\":\"en-US\"},{\"@type\":\"ImageObject\",\"inLanguage\":\"en-US\",\"@id\":\"https:\/\/www.visit-ulcinj.com\/blog\/2014\/11\/13\/likud-ne-mal-te-zi-investime-te-rendesishme-nga-izraeli-ne-ulqin\/#primaryimage\",\"url\":\"https:\/\/www.visit-ulcinj.com\/blog\/wp-content\/uploads\/2014\/11\/Likud-CRNA-GORA.jpg\",\"contentUrl\":\"https:\/\/www.visit-ulcinj.com\/blog\/wp-content\/uploads\/2014\/11\/Likud-CRNA-GORA.jpg\",\"width\":613,\"height\":591},{\"@type\":\"WebPage\",\"@id\":\"https:\/\/www.visit-ulcinj.com\/blog\/2014\/11\/13\/likud-ne-mal-te-zi-investime-te-rendesishme-nga-izraeli-ne-ulqin\/#webpage\",\"url\":\"https:\/\/www.visit-ulcinj.com\/blog\/2014\/11\/13\/likud-ne-mal-te-zi-investime-te-rendesishme-nga-izraeli-ne-ulqin\/\",\"name\":\"\u201cLikud\u201d n\u00eb Mal t\u00eb Zi: Investime t\u00eb r\u00ebnd\u00ebsishme nga Izraeli n\u00eb Ulqin - Lajme nga Ulqini\",\"isPartOf\":{\"@id\":\"https:\/\/www.visit-ulcinj.com\/blog\/#website\"},\"primaryImageOfPage\":{\"@id\":\"https:\/\/www.visit-ulcinj.com\/blog\/2014\/11\/13\/likud-ne-mal-te-zi-investime-te-rendesishme-nga-izraeli-ne-ulqin\/#primaryimage\"},\"datePublished\":\"2014-11-13T17:56:07+00:00\",\"dateModified\":\"2014-11-16T14:27:28+00:00\",\"author\":{\"@id\":\"https:\/\/www.visit-ulcinj.com\/blog\/#\/schema\/person\/dcab619c614d3038751c63bc2aadc06d\"},\"description\":\"Drejtuesi i organizat\u00ebs s\u00eb par\u00eb joqeveritare hebreje \u201cLikud\u201d n\u00eb Mal t\u00eb Zi, Ratko Ceroviq, ka th\u00ebn\u00eb se pret q\u00eb n\u00eb periudh\u00ebn e ardhshme t\u00eb ket\u00eb investime t\u00eb\",\"breadcrumb\":{\"@id\":\"https:\/\/www.visit-ulcinj.com\/blog\/2014\/11\/13\/likud-ne-mal-te-zi-investime-te-rendesishme-nga-izraeli-ne-ulqin\/#breadcrumb\"},\"inLanguage\":\"en-US\",\"potentialAction\":[{\"@type\":\"ReadAction\",\"target\":[\"https:\/\/www.visit-ulcinj.com\/blog\/2014\/11\/13\/likud-ne-mal-te-zi-investime-te-rendesishme-nga-izraeli-ne-ulqin\/\"]}]},{\"@type\":\"BreadcrumbList\",\"@id\":\"https:\/\/www.visit-ulcinj.com\/blog\/2014\/11\/13\/likud-ne-mal-te-zi-investime-te-rendesishme-nga-izraeli-ne-ulqin\/#breadcrumb\",\"itemListElement\":[{\"@type\":\"ListItem\",\"position\":1,\"name\":\"\u201cLikud\u201d n\u00eb Mal t\u00eb Zi: Investime t\u00eb r\u00ebnd\u00ebsishme nga Izraeli n\u00eb Ulqin\"}]},{\"@type\":\"Person\",\"@id\":\"https:\/\/www.visit-ulcinj.com\/blog\/#\/schema\/person\/dcab619c614d3038751c63bc2aadc06d\",\"name\":\"ulqini\",\"sameAs\":[\"http:\/\/www.visit-ulcinj.com\"],\"url\":\"https:\/\/www.visit-ulcinj.com\/blog\/author\/admin\/\"}]}<\/script>\n<!-- \/ Yoast SEO plugin. -->","yoast_head_json":{"title":"\u201cLikud\u201d n\u00eb Mal t\u00eb Zi: Investime t\u00eb r\u00ebnd\u00ebsishme nga Izraeli n\u00eb Ulqin - Lajme nga Ulqini","description":"Drejtuesi i organizat\u00ebs s\u00eb par\u00eb joqeveritare hebreje \u201cLikud\u201d n\u00eb Mal t\u00eb Zi, Ratko Ceroviq, ka th\u00ebn\u00eb se pret q\u00eb n\u00eb periudh\u00ebn e ardhshme t\u00eb ket\u00eb investime t\u00eb","robots":{"index":"index","follow":"follow","max-snippet":"max-snippet:-1","max-image-preview":"max-image-preview:large","max-video-preview":"max-video-preview:-1"},"canonical":"https:\/\/www.visit-ulcinj.com\/blog\/2014\/11\/13\/likud-ne-mal-te-zi-investime-te-rendesishme-nga-izraeli-ne-ulqin\/","og_locale":"en_US","og_type":"article","og_title":"\u201cLikud\u201d n\u00eb Mal t\u00eb Zi: Investime t\u00eb r\u00ebnd\u00ebsishme nga Izraeli n\u00eb Ulqin - Lajme nga Ulqini","og_description":"Drejtuesi i organizat\u00ebs s\u00eb par\u00eb joqeveritare hebreje \u201cLikud\u201d n\u00eb Mal t\u00eb Zi, Ratko Ceroviq, ka th\u00ebn\u00eb se pret q\u00eb n\u00eb periudh\u00ebn e ardhshme t\u00eb ket\u00eb investime t\u00eb","og_url":"https:\/\/www.visit-ulcinj.com\/blog\/2014\/11\/13\/likud-ne-mal-te-zi-investime-te-rendesishme-nga-izraeli-ne-ulqin\/","og_site_name":"Lajme nga Ulqini","article_published_time":"2014-11-13T17:56:07+00:00","article_modified_time":"2014-11-16T14:27:28+00:00","og_image":[{"url":"http:\/\/www.visit-ulcinj.com\/blog\/wp-content\/uploads\/2014\/11\/Likud-CRNA-GORA.jpg"}],"twitter_misc":{"Written by":"ulqini","Est. reading time":"1 minute"},"schema":{"@context":"https:\/\/schema.org","@graph":[{"@type":"WebSite","@id":"https:\/\/www.visit-ulcinj.com\/blog\/#website","url":"https:\/\/www.visit-ulcinj.com\/blog\/","name":"Lajme nga Ulqini","description":"Lajme,Vijesti,Ulqini,Ulqin,Crna Gora,Mali i Zi","potentialAction":[{"@type":"SearchAction","target":{"@type":"EntryPoint","urlTemplate":"https:\/\/www.visit-ulcinj.com\/blog\/?s={search_term_string}"},"query-input":"required name=search_term_string"}],"inLanguage":"en-US"},{"@type":"ImageObject","inLanguage":"en-US","@id":"https:\/\/www.visit-ulcinj.com\/blog\/2014\/11\/13\/likud-ne-mal-te-zi-investime-te-rendesishme-nga-izraeli-ne-ulqin\/#primaryimage","url":"https:\/\/www.visit-ulcinj.com\/blog\/wp-content\/uploads\/2014\/11\/Likud-CRNA-GORA.jpg","contentUrl":"https:\/\/www.visit-ulcinj.com\/blog\/wp-content\/uploads\/2014\/11\/Likud-CRNA-GORA.jpg","width":613,"height":591},{"@type":"WebPage","@id":"https:\/\/www.visit-ulcinj.com\/blog\/2014\/11\/13\/likud-ne-mal-te-zi-investime-te-rendesishme-nga-izraeli-ne-ulqin\/#webpage","url":"https:\/\/www.visit-ulcinj.com\/blog\/2014\/11\/13\/likud-ne-mal-te-zi-investime-te-rendesishme-nga-izraeli-ne-ulqin\/","name":"\u201cLikud\u201d n\u00eb Mal t\u00eb Zi: Investime t\u00eb r\u00ebnd\u00ebsishme nga Izraeli n\u00eb Ulqin - Lajme nga Ulqini","isPartOf":{"@id":"https:\/\/www.visit-ulcinj.com\/blog\/#website"},"primaryImageOfPage":{"@id":"https:\/\/www.visit-ulcinj.com\/blog\/2014\/11\/13\/likud-ne-mal-te-zi-investime-te-rendesishme-nga-izraeli-ne-ulqin\/#primaryimage"},"datePublished":"2014-11-13T17:56:07+00:00","dateModified":"2014-11-16T14:27:28+00:00","author":{"@id":"https:\/\/www.visit-ulcinj.com\/blog\/#\/schema\/person\/dcab619c614d3038751c63bc2aadc06d"},"description":"Drejtuesi i organizat\u00ebs s\u00eb par\u00eb joqeveritare hebreje \u201cLikud\u201d n\u00eb Mal t\u00eb Zi, Ratko Ceroviq, ka th\u00ebn\u00eb se pret q\u00eb n\u00eb periudh\u00ebn e ardhshme t\u00eb ket\u00eb investime t\u00eb","breadcrumb":{"@id":"https:\/\/www.visit-ulcinj.com\/blog\/2014\/11\/13\/likud-ne-mal-te-zi-investime-te-rendesishme-nga-izraeli-ne-ulqin\/#breadcrumb"},"inLanguage":"en-US","potentialAction":[{"@type":"ReadAction","target":["https:\/\/www.visit-ulcinj.com\/blog\/2014\/11\/13\/likud-ne-mal-te-zi-investime-te-rendesishme-nga-izraeli-ne-ulqin\/"]}]},{"@type":"BreadcrumbList","@id":"https:\/\/www.visit-ulcinj.com\/blog\/2014\/11\/13\/likud-ne-mal-te-zi-investime-te-rendesishme-nga-izraeli-ne-ulqin\/#breadcrumb","itemListElement":[{"@type":"ListItem","position":1,"name":"\u201cLikud\u201d n\u00eb Mal t\u00eb Zi: Investime t\u00eb r\u00ebnd\u00ebsishme nga Izraeli n\u00eb Ulqin"}]},{"@type":"Person","@id":"https:\/\/www.visit-ulcinj.com\/blog\/#\/schema\/person\/dcab619c614d3038751c63bc2aadc06d","name":"ulqini","sameAs":["http:\/\/www.visit-ulcinj.com"],"url":"https:\/\/www.visit-ulcinj.com\/blog\/author\/admin\/"}]}},"jetpack_featured_media_url":"","jetpack_sharing_enabled":true,"jetpack_shortlink":"https:\/\/wp.me\/pe6lTn-mt0","_links":{"self":[{"href":"https:\/\/www.visit-ulcinj.com\/blog\/wp-json\/wp\/v2\/posts\/86366"}],"collection":[{"href":"https:\/\/www.visit-ulcinj.com\/blog\/wp-json\/wp\/v2\/posts"}],"about":[{"href":"https:\/\/www.visit-ulcinj.com\/blog\/wp-json\/wp\/v2\/types\/post"}],"author":[{"embeddable":true,"href":"https:\/\/www.visit-ulcinj.com\/blog\/wp-json\/wp\/v2\/users\/1"}],"replies":[{"embeddable":true,"href":"https:\/\/www.visit-ulcinj.com\/blog\/wp-json\/wp\/v2\/comments?post=86366"}],"version-history":[{"count":2,"href":"https:\/\/www.visit-ulcinj.com\/blog\/wp-json\/wp\/v2\/posts\/86366\/revisions"}],"predecessor-version":[{"id":86425,"href":"https:\/\/www.visit-ulcinj.com\/blog\/wp-json\/wp\/v2\/posts\/86366\/revisions\/86425"}],"wp:attachment":[{"href":"https:\/\/www.visit-ulcinj.com\/blog\/wp-json\/wp\/v2\/media?parent=86366"}],"wp:term":[{"taxonomy":"category","embeddable":true,"href":"https:\/\/www.visit-ulcinj.com\/blog\/wp-json\/wp\/v2\/categories?post=86366"},{"taxonomy":"post_tag","embeddable":true,"href":"https:\/\/www.visit-ulcinj.com\/blog\/wp-json\/wp\/v2\/tags?post=86366"}],"curies":[{"name":"wp","href":"https:\/\/api.w.org\/{rel}","templated":true}]}}