{"id":86370,"date":"2014-11-13T19:26:01","date_gmt":"2014-11-13T18:26:01","guid":{"rendered":"http:\/\/www.visit-ulcinj.com\/blog\/?p=86370"},"modified":"2014-11-13T19:27:16","modified_gmt":"2014-11-13T18:27:16","slug":"ja-ku-vjen-dhe-imi-nimanbegu-kenge-te-re","status":"publish","type":"post","link":"https:\/\/www.visit-ulcinj.com\/blog\/2014\/11\/13\/ja-ku-vjen-dhe-imi-nimanbegu-kenge-te-re\/","title":{"rendered":"All of Me: Ja ku vjen dhe Imi Nimanbegu me kenge me te re !&#8230;Video"},"content":{"rendered":"<p><a href=\"http:\/\/www.visit-ulcinj.com\/blog\/wp-content\/uploads\/2014\/11\/Imi-Nimanbegu-Ulqin.jpg\"><img loading=\"lazy\" class=\"alignleft wp-image-86372\" src=\"http:\/\/www.visit-ulcinj.com\/blog\/wp-content\/uploads\/2014\/11\/Imi-Nimanbegu-Ulqin.jpg\" alt=\"Imi-Nimanbegu-Ulqin\" width=\"508\" height=\"283\" srcset=\"https:\/\/www.visit-ulcinj.com\/blog\/wp-content\/uploads\/2014\/11\/Imi-Nimanbegu-Ulqin.jpg 695w, https:\/\/www.visit-ulcinj.com\/blog\/wp-content\/uploads\/2014\/11\/Imi-Nimanbegu-Ulqin-300x167.jpg 300w\" sizes=\"(max-width: 508px) 100vw, 508px\" \/><\/a>Imi Nimanbegu ka bere te ditur se kenga e rradhes ka perfunduar se regjistruari dhe titullohet &#8220;All of Me &#8220;. Kenga me tekst te shkruar nga vete John Legend dhe u publikua ne shum versione.<\/p>\n<p>Kengetari Imi Nimanbegu sot ka publikuar n\u00eb You Tube keng\u00ebn titullohet &#8220;All of Me &#8220;, duke lozur dhe ba prova se si po del kjo keng m\u00eb n\u00eb fund.<\/p>\n<p>Fotoja qe shihni me siper, esht\u00eb shkrepur gjate xhirimeve te videos se re t\u00eb Imi Nimanbegut.<\/p>\n<!--YouTube Error: bad URL entered-->\n","protected":false},"excerpt":{"rendered":"<p>Imi Nimanbegu ka bere te ditur se kenga e rradhes ka perfunduar se regjistruari dhe titullohet &#8220;All of Me &#8220;. Kenga me tekst te shkruar nga vete John Legend dhe u publikua ne shum versione. Kengetari Imi Nimanbegu sot ka publikuar n\u00eb You Tube keng\u00ebn titullohet &#8220;All of Me &#8220;, duke lozur dhe ba prova [&hellip;]<\/p>\n","protected":false},"author":1,"featured_media":0,"comment_status":"closed","ping_status":"closed","sticky":false,"template":"","format":"standard","meta":{"spay_email":"","jetpack_publicize_message":"","jetpack_is_tweetstorm":false,"jetpack_publicize_feature_enabled":true},"categories":[1],"tags":[],"jetpack_publicize_connections":[],"yoast_head":"<!-- This site is optimized with the Yoast SEO plugin v19.1 - https:\/\/yoast.com\/wordpress\/plugins\/seo\/ -->\n<title>All of Me: Ja ku vjen dhe Imi Nimanbegu me kenge me te re !...Video - Lajme nga Ulqini<\/title>\n<meta name=\"description\" content=\"Imi Nimanbegu ka bere te ditur se kenga e rradhes ka perfunduar se regjistruari dhe titullohet &quot;All of Me &quot;. Kenga me tekst te shkruar nga vete John\" \/>\n<meta name=\"robots\" content=\"index, follow, max-snippet:-1, max-image-preview:large, max-video-preview:-1\" \/>\n<link rel=\"canonical\" href=\"https:\/\/www.visit-ulcinj.com\/blog\/2014\/11\/13\/ja-ku-vjen-dhe-imi-nimanbegu-kenge-te-re\/\" \/>\n<meta property=\"og:locale\" content=\"en_US\" \/>\n<meta property=\"og:type\" content=\"article\" \/>\n<meta property=\"og:title\" content=\"All of Me: Ja ku vjen dhe Imi Nimanbegu me kenge me te re !...Video - Lajme nga Ulqini\" \/>\n<meta property=\"og:description\" content=\"Imi Nimanbegu ka bere te ditur se kenga e rradhes ka perfunduar se regjistruari dhe titullohet &quot;All of Me &quot;. Kenga me tekst te shkruar nga vete John\" \/>\n<meta property=\"og:url\" content=\"https:\/\/www.visit-ulcinj.com\/blog\/2014\/11\/13\/ja-ku-vjen-dhe-imi-nimanbegu-kenge-te-re\/\" \/>\n<meta property=\"og:site_name\" content=\"Lajme nga Ulqini\" \/>\n<meta property=\"article:published_time\" content=\"2014-11-13T18:26:01+00:00\" \/>\n<meta property=\"article:modified_time\" content=\"2014-11-13T18:27:16+00:00\" \/>\n<meta property=\"og:image\" content=\"http:\/\/www.visit-ulcinj.com\/blog\/wp-content\/uploads\/2014\/11\/Imi-Nimanbegu-Ulqin.jpg\" \/>\n<meta name=\"twitter:label1\" content=\"Written by\" \/>\n\t<meta name=\"twitter:data1\" content=\"ulqini\" \/>\n<script type=\"application\/ld+json\" class=\"yoast-schema-graph\">{\"@context\":\"https:\/\/schema.org\",\"@graph\":[{\"@type\":\"WebSite\",\"@id\":\"https:\/\/www.visit-ulcinj.com\/blog\/#website\",\"url\":\"https:\/\/www.visit-ulcinj.com\/blog\/\",\"name\":\"Lajme nga Ulqini\",\"description\":\"Lajme,Vijesti,Ulqini,Ulqin,Crna Gora,Mali i Zi\",\"potentialAction\":[{\"@type\":\"SearchAction\",\"target\":{\"@type\":\"EntryPoint\",\"urlTemplate\":\"https:\/\/www.visit-ulcinj.com\/blog\/?s={search_term_string}\"},\"query-input\":\"required name=search_term_string\"}],\"inLanguage\":\"en-US\"},{\"@type\":\"ImageObject\",\"inLanguage\":\"en-US\",\"@id\":\"https:\/\/www.visit-ulcinj.com\/blog\/2014\/11\/13\/ja-ku-vjen-dhe-imi-nimanbegu-kenge-te-re\/#primaryimage\",\"url\":\"https:\/\/www.visit-ulcinj.com\/blog\/wp-content\/uploads\/2014\/11\/Imi-Nimanbegu-Ulqin.jpg\",\"contentUrl\":\"https:\/\/www.visit-ulcinj.com\/blog\/wp-content\/uploads\/2014\/11\/Imi-Nimanbegu-Ulqin.jpg\",\"width\":695,\"height\":387},{\"@type\":\"WebPage\",\"@id\":\"https:\/\/www.visit-ulcinj.com\/blog\/2014\/11\/13\/ja-ku-vjen-dhe-imi-nimanbegu-kenge-te-re\/#webpage\",\"url\":\"https:\/\/www.visit-ulcinj.com\/blog\/2014\/11\/13\/ja-ku-vjen-dhe-imi-nimanbegu-kenge-te-re\/\",\"name\":\"All of Me: Ja ku vjen dhe Imi Nimanbegu me kenge me te re !...Video - Lajme nga Ulqini\",\"isPartOf\":{\"@id\":\"https:\/\/www.visit-ulcinj.com\/blog\/#website\"},\"primaryImageOfPage\":{\"@id\":\"https:\/\/www.visit-ulcinj.com\/blog\/2014\/11\/13\/ja-ku-vjen-dhe-imi-nimanbegu-kenge-te-re\/#primaryimage\"},\"datePublished\":\"2014-11-13T18:26:01+00:00\",\"dateModified\":\"2014-11-13T18:27:16+00:00\",\"author\":{\"@id\":\"https:\/\/www.visit-ulcinj.com\/blog\/#\/schema\/person\/dcab619c614d3038751c63bc2aadc06d\"},\"description\":\"Imi Nimanbegu ka bere te ditur se kenga e rradhes ka perfunduar se regjistruari dhe titullohet \\\"All of Me \\\". Kenga me tekst te shkruar nga vete John\",\"breadcrumb\":{\"@id\":\"https:\/\/www.visit-ulcinj.com\/blog\/2014\/11\/13\/ja-ku-vjen-dhe-imi-nimanbegu-kenge-te-re\/#breadcrumb\"},\"inLanguage\":\"en-US\",\"potentialAction\":[{\"@type\":\"ReadAction\",\"target\":[\"https:\/\/www.visit-ulcinj.com\/blog\/2014\/11\/13\/ja-ku-vjen-dhe-imi-nimanbegu-kenge-te-re\/\"]}]},{\"@type\":\"BreadcrumbList\",\"@id\":\"https:\/\/www.visit-ulcinj.com\/blog\/2014\/11\/13\/ja-ku-vjen-dhe-imi-nimanbegu-kenge-te-re\/#breadcrumb\",\"itemListElement\":[{\"@type\":\"ListItem\",\"position\":1,\"name\":\"All of Me: Ja ku vjen dhe Imi Nimanbegu me kenge me te re !&#8230;Video\"}]},{\"@type\":\"Person\",\"@id\":\"https:\/\/www.visit-ulcinj.com\/blog\/#\/schema\/person\/dcab619c614d3038751c63bc2aadc06d\",\"name\":\"ulqini\",\"sameAs\":[\"http:\/\/www.visit-ulcinj.com\"],\"url\":\"https:\/\/www.visit-ulcinj.com\/blog\/author\/admin\/\"}]}<\/script>\n<!-- \/ Yoast SEO plugin. -->","yoast_head_json":{"title":"All of Me: Ja ku vjen dhe Imi Nimanbegu me kenge me te re !...Video - Lajme nga Ulqini","description":"Imi Nimanbegu ka bere te ditur se kenga e rradhes ka perfunduar se regjistruari dhe titullohet \"All of Me \". Kenga me tekst te shkruar nga vete John","robots":{"index":"index","follow":"follow","max-snippet":"max-snippet:-1","max-image-preview":"max-image-preview:large","max-video-preview":"max-video-preview:-1"},"canonical":"https:\/\/www.visit-ulcinj.com\/blog\/2014\/11\/13\/ja-ku-vjen-dhe-imi-nimanbegu-kenge-te-re\/","og_locale":"en_US","og_type":"article","og_title":"All of Me: Ja ku vjen dhe Imi Nimanbegu me kenge me te re !...Video - Lajme nga Ulqini","og_description":"Imi Nimanbegu ka bere te ditur se kenga e rradhes ka perfunduar se regjistruari dhe titullohet \"All of Me \". Kenga me tekst te shkruar nga vete John","og_url":"https:\/\/www.visit-ulcinj.com\/blog\/2014\/11\/13\/ja-ku-vjen-dhe-imi-nimanbegu-kenge-te-re\/","og_site_name":"Lajme nga Ulqini","article_published_time":"2014-11-13T18:26:01+00:00","article_modified_time":"2014-11-13T18:27:16+00:00","og_image":[{"url":"http:\/\/www.visit-ulcinj.com\/blog\/wp-content\/uploads\/2014\/11\/Imi-Nimanbegu-Ulqin.jpg"}],"twitter_misc":{"Written by":"ulqini"},"schema":{"@context":"https:\/\/schema.org","@graph":[{"@type":"WebSite","@id":"https:\/\/www.visit-ulcinj.com\/blog\/#website","url":"https:\/\/www.visit-ulcinj.com\/blog\/","name":"Lajme nga Ulqini","description":"Lajme,Vijesti,Ulqini,Ulqin,Crna Gora,Mali i Zi","potentialAction":[{"@type":"SearchAction","target":{"@type":"EntryPoint","urlTemplate":"https:\/\/www.visit-ulcinj.com\/blog\/?s={search_term_string}"},"query-input":"required name=search_term_string"}],"inLanguage":"en-US"},{"@type":"ImageObject","inLanguage":"en-US","@id":"https:\/\/www.visit-ulcinj.com\/blog\/2014\/11\/13\/ja-ku-vjen-dhe-imi-nimanbegu-kenge-te-re\/#primaryimage","url":"https:\/\/www.visit-ulcinj.com\/blog\/wp-content\/uploads\/2014\/11\/Imi-Nimanbegu-Ulqin.jpg","contentUrl":"https:\/\/www.visit-ulcinj.com\/blog\/wp-content\/uploads\/2014\/11\/Imi-Nimanbegu-Ulqin.jpg","width":695,"height":387},{"@type":"WebPage","@id":"https:\/\/www.visit-ulcinj.com\/blog\/2014\/11\/13\/ja-ku-vjen-dhe-imi-nimanbegu-kenge-te-re\/#webpage","url":"https:\/\/www.visit-ulcinj.com\/blog\/2014\/11\/13\/ja-ku-vjen-dhe-imi-nimanbegu-kenge-te-re\/","name":"All of Me: Ja ku vjen dhe Imi Nimanbegu me kenge me te re !...Video - Lajme nga Ulqini","isPartOf":{"@id":"https:\/\/www.visit-ulcinj.com\/blog\/#website"},"primaryImageOfPage":{"@id":"https:\/\/www.visit-ulcinj.com\/blog\/2014\/11\/13\/ja-ku-vjen-dhe-imi-nimanbegu-kenge-te-re\/#primaryimage"},"datePublished":"2014-11-13T18:26:01+00:00","dateModified":"2014-11-13T18:27:16+00:00","author":{"@id":"https:\/\/www.visit-ulcinj.com\/blog\/#\/schema\/person\/dcab619c614d3038751c63bc2aadc06d"},"description":"Imi Nimanbegu ka bere te ditur se kenga e rradhes ka perfunduar se regjistruari dhe titullohet \"All of Me \". Kenga me tekst te shkruar nga vete John","breadcrumb":{"@id":"https:\/\/www.visit-ulcinj.com\/blog\/2014\/11\/13\/ja-ku-vjen-dhe-imi-nimanbegu-kenge-te-re\/#breadcrumb"},"inLanguage":"en-US","potentialAction":[{"@type":"ReadAction","target":["https:\/\/www.visit-ulcinj.com\/blog\/2014\/11\/13\/ja-ku-vjen-dhe-imi-nimanbegu-kenge-te-re\/"]}]},{"@type":"BreadcrumbList","@id":"https:\/\/www.visit-ulcinj.com\/blog\/2014\/11\/13\/ja-ku-vjen-dhe-imi-nimanbegu-kenge-te-re\/#breadcrumb","itemListElement":[{"@type":"ListItem","position":1,"name":"All of Me: Ja ku vjen dhe Imi Nimanbegu me kenge me te re !&#8230;Video"}]},{"@type":"Person","@id":"https:\/\/www.visit-ulcinj.com\/blog\/#\/schema\/person\/dcab619c614d3038751c63bc2aadc06d","name":"ulqini","sameAs":["http:\/\/www.visit-ulcinj.com"],"url":"https:\/\/www.visit-ulcinj.com\/blog\/author\/admin\/"}]}},"jetpack_featured_media_url":"","jetpack_sharing_enabled":true,"jetpack_shortlink":"https:\/\/wp.me\/pe6lTn-mt4","_links":{"self":[{"href":"https:\/\/www.visit-ulcinj.com\/blog\/wp-json\/wp\/v2\/posts\/86370"}],"collection":[{"href":"https:\/\/www.visit-ulcinj.com\/blog\/wp-json\/wp\/v2\/posts"}],"about":[{"href":"https:\/\/www.visit-ulcinj.com\/blog\/wp-json\/wp\/v2\/types\/post"}],"author":[{"embeddable":true,"href":"https:\/\/www.visit-ulcinj.com\/blog\/wp-json\/wp\/v2\/users\/1"}],"replies":[{"embeddable":true,"href":"https:\/\/www.visit-ulcinj.com\/blog\/wp-json\/wp\/v2\/comments?post=86370"}],"version-history":[{"count":2,"href":"https:\/\/www.visit-ulcinj.com\/blog\/wp-json\/wp\/v2\/posts\/86370\/revisions"}],"predecessor-version":[{"id":86374,"href":"https:\/\/www.visit-ulcinj.com\/blog\/wp-json\/wp\/v2\/posts\/86370\/revisions\/86374"}],"wp:attachment":[{"href":"https:\/\/www.visit-ulcinj.com\/blog\/wp-json\/wp\/v2\/media?parent=86370"}],"wp:term":[{"taxonomy":"category","embeddable":true,"href":"https:\/\/www.visit-ulcinj.com\/blog\/wp-json\/wp\/v2\/categories?post=86370"},{"taxonomy":"post_tag","embeddable":true,"href":"https:\/\/www.visit-ulcinj.com\/blog\/wp-json\/wp\/v2\/tags?post=86370"}],"curies":[{"name":"wp","href":"https:\/\/api.w.org\/{rel}","templated":true}]}}