{"id":86380,"date":"2014-11-14T16:21:31","date_gmt":"2014-11-14T15:21:31","guid":{"rendered":"http:\/\/www.visit-ulcinj.com\/blog\/?p=86380"},"modified":"2014-11-14T16:21:31","modified_gmt":"2014-11-14T15:21:31","slug":"kostanjijada-ove-subote-u-ostros","status":"publish","type":"post","link":"https:\/\/www.visit-ulcinj.com\/blog\/2014\/11\/14\/kostanjijada-ove-subote-u-ostros\/","title":{"rendered":"Ko\u0161tanjijada ove subote u Ostros"},"content":{"rendered":"<p><strong><a href=\"http:\/\/www.visit-ulcinj.com\/blog\/wp-content\/uploads\/2013\/11\/Festa-e-Geshtenjave-ne-Kraje-5.jpg\"><img loading=\"lazy\" class=\"alignleft wp-image-76302\" src=\"http:\/\/www.visit-ulcinj.com\/blog\/wp-content\/uploads\/2013\/11\/Festa-e-Geshtenjave-ne-Kraje-5.jpg\" alt=\"Festa e Geshtenjave ne Kraje-5\" width=\"508\" height=\"339\" srcset=\"https:\/\/www.visit-ulcinj.com\/blog\/wp-content\/uploads\/2013\/11\/Festa-e-Geshtenjave-ne-Kraje-5.jpg 960w, https:\/\/www.visit-ulcinj.com\/blog\/wp-content\/uploads\/2013\/11\/Festa-e-Geshtenjave-ne-Kraje-5-300x200.jpg 300w\" sizes=\"(max-width: 508px) 100vw, 508px\" \/><\/a>Osma Ko\u0161tanjijada, manifestacija posve\u0107ena kestenima i specijalitetima ploda ovog drveta, bi\u0107e odr\u017eana u subotu, 15. novembra u 10:00.<\/strong><\/p>\n<p>Tradicionalna poljoprivredno-turisti\u010dka manifestacija odr\u017eava se pod pokroviteljstvom Op\u0161tine Bar i TO Bar, a organizator je MZ Ostros.<\/p>\n<p>Uz Maslinijadu i Festival vina i ukljeve, Ko\u0161tanjijada je prilika da Bar poka\u017ee ljepote i ovog dijela op\u0161tine i raznoliko bogatstvo kojim ga je priroda obdarila.<\/p>\n<p>Prema rije\u010dima predsjednika MZ Ostros Emra Durakovi\u0107a, na \u0161etali\u0161tu \u0107e biti postavljeno petnaestak \u0161tandova na kojima \u0107e posjetioci mo\u0107i da probaju pe\u010dene i kuvane kestene, torte i kola\u010de od kestena, ali i kupe druge poljoprivredne proizvode iz Krajine.<\/p>\n<p>Zbog nedostatka novca, ove godine izosta\u0107e umjetni\u010dko-zabavni program, ali organizatori uprkos tome o\u010dekuju veliki broj posjetilaca i dobar provod uz prigodnu muziku.<\/p>\n<p><strong>Izvor: barinfo<\/strong><\/p>\n","protected":false},"excerpt":{"rendered":"<p>Osma Ko\u0161tanjijada, manifestacija posve\u0107ena kestenima i specijalitetima ploda ovog drveta, bi\u0107e odr\u017eana u subotu, 15. novembra u 10:00. Tradicionalna poljoprivredno-turisti\u010dka manifestacija odr\u017eava se pod pokroviteljstvom Op\u0161tine Bar i TO Bar, a organizator je MZ Ostros. Uz Maslinijadu i Festival vina i ukljeve, Ko\u0161tanjijada je prilika da Bar poka\u017ee ljepote i ovog dijela op\u0161tine i raznoliko [&hellip;]<\/p>\n","protected":false},"author":1,"featured_media":0,"comment_status":"closed","ping_status":"closed","sticky":false,"template":"","format":"standard","meta":{"spay_email":"","jetpack_publicize_message":"","jetpack_is_tweetstorm":false,"jetpack_publicize_feature_enabled":true},"categories":[8337],"tags":[],"jetpack_publicize_connections":[],"yoast_head":"<!-- This site is optimized with the Yoast SEO plugin v19.1 - https:\/\/yoast.com\/wordpress\/plugins\/seo\/ -->\n<title>Ko\u0161tanjijada ove subote u Ostros - Lajme nga Ulqini<\/title>\n<meta name=\"description\" content=\"Osma Ko\u0161tanjijada, manifestacija posve\u0107ena kestenima i specijalitetima ploda ovog drveta, bi\u0107e odr\u017eana u subotu, 15. novembra u 10:00. Tradicionalna\" \/>\n<meta name=\"robots\" content=\"index, follow, max-snippet:-1, max-image-preview:large, max-video-preview:-1\" \/>\n<link rel=\"canonical\" href=\"https:\/\/www.visit-ulcinj.com\/blog\/2014\/11\/14\/kostanjijada-ove-subote-u-ostros\/\" \/>\n<meta property=\"og:locale\" content=\"en_US\" \/>\n<meta property=\"og:type\" content=\"article\" \/>\n<meta property=\"og:title\" content=\"Ko\u0161tanjijada ove subote u Ostros - Lajme nga Ulqini\" \/>\n<meta property=\"og:description\" content=\"Osma Ko\u0161tanjijada, manifestacija posve\u0107ena kestenima i specijalitetima ploda ovog drveta, bi\u0107e odr\u017eana u subotu, 15. novembra u 10:00. Tradicionalna\" \/>\n<meta property=\"og:url\" content=\"https:\/\/www.visit-ulcinj.com\/blog\/2014\/11\/14\/kostanjijada-ove-subote-u-ostros\/\" \/>\n<meta property=\"og:site_name\" content=\"Lajme nga Ulqini\" \/>\n<meta property=\"article:published_time\" content=\"2014-11-14T15:21:31+00:00\" \/>\n<meta property=\"og:image\" content=\"http:\/\/www.visit-ulcinj.com\/blog\/wp-content\/uploads\/2013\/11\/Festa-e-Geshtenjave-ne-Kraje-5.jpg\" \/>\n<meta name=\"twitter:label1\" content=\"Written by\" \/>\n\t<meta name=\"twitter:data1\" content=\"ulqini\" \/>\n\t<meta name=\"twitter:label2\" content=\"Est. reading time\" \/>\n\t<meta name=\"twitter:data2\" content=\"1 minute\" \/>\n<script type=\"application\/ld+json\" class=\"yoast-schema-graph\">{\"@context\":\"https:\/\/schema.org\",\"@graph\":[{\"@type\":\"WebSite\",\"@id\":\"https:\/\/www.visit-ulcinj.com\/blog\/#website\",\"url\":\"https:\/\/www.visit-ulcinj.com\/blog\/\",\"name\":\"Lajme nga Ulqini\",\"description\":\"Lajme,Vijesti,Ulqini,Ulqin,Crna Gora,Mali i Zi\",\"potentialAction\":[{\"@type\":\"SearchAction\",\"target\":{\"@type\":\"EntryPoint\",\"urlTemplate\":\"https:\/\/www.visit-ulcinj.com\/blog\/?s={search_term_string}\"},\"query-input\":\"required name=search_term_string\"}],\"inLanguage\":\"en-US\"},{\"@type\":\"ImageObject\",\"inLanguage\":\"en-US\",\"@id\":\"https:\/\/www.visit-ulcinj.com\/blog\/2014\/11\/14\/kostanjijada-ove-subote-u-ostros\/#primaryimage\",\"url\":\"https:\/\/www.visit-ulcinj.com\/blog\/wp-content\/uploads\/2013\/11\/Festa-e-Geshtenjave-ne-Kraje-5.jpg\",\"contentUrl\":\"https:\/\/www.visit-ulcinj.com\/blog\/wp-content\/uploads\/2013\/11\/Festa-e-Geshtenjave-ne-Kraje-5.jpg\",\"width\":960,\"height\":640},{\"@type\":\"WebPage\",\"@id\":\"https:\/\/www.visit-ulcinj.com\/blog\/2014\/11\/14\/kostanjijada-ove-subote-u-ostros\/#webpage\",\"url\":\"https:\/\/www.visit-ulcinj.com\/blog\/2014\/11\/14\/kostanjijada-ove-subote-u-ostros\/\",\"name\":\"Ko\u0161tanjijada ove subote u Ostros - Lajme nga Ulqini\",\"isPartOf\":{\"@id\":\"https:\/\/www.visit-ulcinj.com\/blog\/#website\"},\"primaryImageOfPage\":{\"@id\":\"https:\/\/www.visit-ulcinj.com\/blog\/2014\/11\/14\/kostanjijada-ove-subote-u-ostros\/#primaryimage\"},\"datePublished\":\"2014-11-14T15:21:31+00:00\",\"dateModified\":\"2014-11-14T15:21:31+00:00\",\"author\":{\"@id\":\"https:\/\/www.visit-ulcinj.com\/blog\/#\/schema\/person\/dcab619c614d3038751c63bc2aadc06d\"},\"description\":\"Osma Ko\u0161tanjijada, manifestacija posve\u0107ena kestenima i specijalitetima ploda ovog drveta, bi\u0107e odr\u017eana u subotu, 15. novembra u 10:00. Tradicionalna\",\"breadcrumb\":{\"@id\":\"https:\/\/www.visit-ulcinj.com\/blog\/2014\/11\/14\/kostanjijada-ove-subote-u-ostros\/#breadcrumb\"},\"inLanguage\":\"en-US\",\"potentialAction\":[{\"@type\":\"ReadAction\",\"target\":[\"https:\/\/www.visit-ulcinj.com\/blog\/2014\/11\/14\/kostanjijada-ove-subote-u-ostros\/\"]}]},{\"@type\":\"BreadcrumbList\",\"@id\":\"https:\/\/www.visit-ulcinj.com\/blog\/2014\/11\/14\/kostanjijada-ove-subote-u-ostros\/#breadcrumb\",\"itemListElement\":[{\"@type\":\"ListItem\",\"position\":1,\"name\":\"Ko\u0161tanjijada ove subote u Ostros\"}]},{\"@type\":\"Person\",\"@id\":\"https:\/\/www.visit-ulcinj.com\/blog\/#\/schema\/person\/dcab619c614d3038751c63bc2aadc06d\",\"name\":\"ulqini\",\"sameAs\":[\"http:\/\/www.visit-ulcinj.com\"],\"url\":\"https:\/\/www.visit-ulcinj.com\/blog\/author\/admin\/\"}]}<\/script>\n<!-- \/ Yoast SEO plugin. -->","yoast_head_json":{"title":"Ko\u0161tanjijada ove subote u Ostros - Lajme nga Ulqini","description":"Osma Ko\u0161tanjijada, manifestacija posve\u0107ena kestenima i specijalitetima ploda ovog drveta, bi\u0107e odr\u017eana u subotu, 15. novembra u 10:00. Tradicionalna","robots":{"index":"index","follow":"follow","max-snippet":"max-snippet:-1","max-image-preview":"max-image-preview:large","max-video-preview":"max-video-preview:-1"},"canonical":"https:\/\/www.visit-ulcinj.com\/blog\/2014\/11\/14\/kostanjijada-ove-subote-u-ostros\/","og_locale":"en_US","og_type":"article","og_title":"Ko\u0161tanjijada ove subote u Ostros - Lajme nga Ulqini","og_description":"Osma Ko\u0161tanjijada, manifestacija posve\u0107ena kestenima i specijalitetima ploda ovog drveta, bi\u0107e odr\u017eana u subotu, 15. novembra u 10:00. Tradicionalna","og_url":"https:\/\/www.visit-ulcinj.com\/blog\/2014\/11\/14\/kostanjijada-ove-subote-u-ostros\/","og_site_name":"Lajme nga Ulqini","article_published_time":"2014-11-14T15:21:31+00:00","og_image":[{"url":"http:\/\/www.visit-ulcinj.com\/blog\/wp-content\/uploads\/2013\/11\/Festa-e-Geshtenjave-ne-Kraje-5.jpg"}],"twitter_misc":{"Written by":"ulqini","Est. reading time":"1 minute"},"schema":{"@context":"https:\/\/schema.org","@graph":[{"@type":"WebSite","@id":"https:\/\/www.visit-ulcinj.com\/blog\/#website","url":"https:\/\/www.visit-ulcinj.com\/blog\/","name":"Lajme nga Ulqini","description":"Lajme,Vijesti,Ulqini,Ulqin,Crna Gora,Mali i Zi","potentialAction":[{"@type":"SearchAction","target":{"@type":"EntryPoint","urlTemplate":"https:\/\/www.visit-ulcinj.com\/blog\/?s={search_term_string}"},"query-input":"required name=search_term_string"}],"inLanguage":"en-US"},{"@type":"ImageObject","inLanguage":"en-US","@id":"https:\/\/www.visit-ulcinj.com\/blog\/2014\/11\/14\/kostanjijada-ove-subote-u-ostros\/#primaryimage","url":"https:\/\/www.visit-ulcinj.com\/blog\/wp-content\/uploads\/2013\/11\/Festa-e-Geshtenjave-ne-Kraje-5.jpg","contentUrl":"https:\/\/www.visit-ulcinj.com\/blog\/wp-content\/uploads\/2013\/11\/Festa-e-Geshtenjave-ne-Kraje-5.jpg","width":960,"height":640},{"@type":"WebPage","@id":"https:\/\/www.visit-ulcinj.com\/blog\/2014\/11\/14\/kostanjijada-ove-subote-u-ostros\/#webpage","url":"https:\/\/www.visit-ulcinj.com\/blog\/2014\/11\/14\/kostanjijada-ove-subote-u-ostros\/","name":"Ko\u0161tanjijada ove subote u Ostros - Lajme nga Ulqini","isPartOf":{"@id":"https:\/\/www.visit-ulcinj.com\/blog\/#website"},"primaryImageOfPage":{"@id":"https:\/\/www.visit-ulcinj.com\/blog\/2014\/11\/14\/kostanjijada-ove-subote-u-ostros\/#primaryimage"},"datePublished":"2014-11-14T15:21:31+00:00","dateModified":"2014-11-14T15:21:31+00:00","author":{"@id":"https:\/\/www.visit-ulcinj.com\/blog\/#\/schema\/person\/dcab619c614d3038751c63bc2aadc06d"},"description":"Osma Ko\u0161tanjijada, manifestacija posve\u0107ena kestenima i specijalitetima ploda ovog drveta, bi\u0107e odr\u017eana u subotu, 15. novembra u 10:00. Tradicionalna","breadcrumb":{"@id":"https:\/\/www.visit-ulcinj.com\/blog\/2014\/11\/14\/kostanjijada-ove-subote-u-ostros\/#breadcrumb"},"inLanguage":"en-US","potentialAction":[{"@type":"ReadAction","target":["https:\/\/www.visit-ulcinj.com\/blog\/2014\/11\/14\/kostanjijada-ove-subote-u-ostros\/"]}]},{"@type":"BreadcrumbList","@id":"https:\/\/www.visit-ulcinj.com\/blog\/2014\/11\/14\/kostanjijada-ove-subote-u-ostros\/#breadcrumb","itemListElement":[{"@type":"ListItem","position":1,"name":"Ko\u0161tanjijada ove subote u Ostros"}]},{"@type":"Person","@id":"https:\/\/www.visit-ulcinj.com\/blog\/#\/schema\/person\/dcab619c614d3038751c63bc2aadc06d","name":"ulqini","sameAs":["http:\/\/www.visit-ulcinj.com"],"url":"https:\/\/www.visit-ulcinj.com\/blog\/author\/admin\/"}]}},"jetpack_featured_media_url":"","jetpack_sharing_enabled":true,"jetpack_shortlink":"https:\/\/wp.me\/pe6lTn-mte","_links":{"self":[{"href":"https:\/\/www.visit-ulcinj.com\/blog\/wp-json\/wp\/v2\/posts\/86380"}],"collection":[{"href":"https:\/\/www.visit-ulcinj.com\/blog\/wp-json\/wp\/v2\/posts"}],"about":[{"href":"https:\/\/www.visit-ulcinj.com\/blog\/wp-json\/wp\/v2\/types\/post"}],"author":[{"embeddable":true,"href":"https:\/\/www.visit-ulcinj.com\/blog\/wp-json\/wp\/v2\/users\/1"}],"replies":[{"embeddable":true,"href":"https:\/\/www.visit-ulcinj.com\/blog\/wp-json\/wp\/v2\/comments?post=86380"}],"version-history":[{"count":1,"href":"https:\/\/www.visit-ulcinj.com\/blog\/wp-json\/wp\/v2\/posts\/86380\/revisions"}],"predecessor-version":[{"id":86381,"href":"https:\/\/www.visit-ulcinj.com\/blog\/wp-json\/wp\/v2\/posts\/86380\/revisions\/86381"}],"wp:attachment":[{"href":"https:\/\/www.visit-ulcinj.com\/blog\/wp-json\/wp\/v2\/media?parent=86380"}],"wp:term":[{"taxonomy":"category","embeddable":true,"href":"https:\/\/www.visit-ulcinj.com\/blog\/wp-json\/wp\/v2\/categories?post=86380"},{"taxonomy":"post_tag","embeddable":true,"href":"https:\/\/www.visit-ulcinj.com\/blog\/wp-json\/wp\/v2\/tags?post=86380"}],"curies":[{"name":"wp","href":"https:\/\/api.w.org\/{rel}","templated":true}]}}