{"id":86382,"date":"2014-11-14T16:35:18","date_gmt":"2014-11-14T15:35:18","guid":{"rendered":"http:\/\/www.visit-ulcinj.com\/blog\/?p=86382"},"modified":"2014-11-14T16:37:10","modified_gmt":"2014-11-14T15:37:10","slug":"festa-e-geshtenjave-15-nentor-2014","status":"publish","type":"post","link":"https:\/\/www.visit-ulcinj.com\/blog\/2014\/11\/14\/festa-e-geshtenjave-15-nentor-2014\/","title":{"rendered":"Festa e g\u00ebshtenjave me 15 n\u00ebntor 2014"},"content":{"rendered":"<p><a href=\"http:\/\/www.visit-ulcinj.com\/blog\/wp-content\/uploads\/2013\/11\/Festa-e-geshtenjave-Kraje-2013.jpg\"><img loading=\"lazy\" class=\"alignleft wp-image-76285\" src=\"http:\/\/www.visit-ulcinj.com\/blog\/wp-content\/uploads\/2013\/11\/Festa-e-geshtenjave-Kraje-2013.jpg\" alt=\"Festa-e-geshtenjave-Kraje-2013\" width=\"508\" height=\"338\" srcset=\"https:\/\/www.visit-ulcinj.com\/blog\/wp-content\/uploads\/2013\/11\/Festa-e-geshtenjave-Kraje-2013.jpg 960w, https:\/\/www.visit-ulcinj.com\/blog\/wp-content\/uploads\/2013\/11\/Festa-e-geshtenjave-Kraje-2013-300x199.jpg 300w\" sizes=\"(max-width: 508px) 100vw, 508px\" \/><\/a>N\u00eb Ostros k\u00ebt\u00eb t\u00eb shtun\u00eb, me p\u00ebrkrahjen e komun\u00ebs s\u00eb Tivarit, mbahet \u201cFesta e g\u00ebshtenjave \u2013 Ostros 2014\u201d.<\/p>\n<p>N\u00eb programin e pasur kulturo-artistik do t\u00eb marrin pjes\u00eb nj\u00eb sere artist\u00ebsh t\u00eb njohur, derisa vizituesit do t\u00eb ken\u00eb mund\u00ebsin\u00eb q\u00eb p\u00ebrve\u00e7 g\u00ebshtenjave t\u00eb provojn\u00eb dhe specijaitete tjera nga Kraja.<\/p>\n<p>\u201cP\u00ebr mysafir\u00eb jan\u00eb siguruar 500 kilogram g\u00ebshtenja t\u00eb pjekura dhe t\u00eb ziera\u201d, tha kryetari i Bashk\u00ebsis\u00eb lokale t\u00eb Ostrosit Emro Duraku.<\/p>\n<p>Ai shtoi q\u00eb q\u00ebllimi i manifestimit \u00ebsht\u00eb t\u00eb paraqes kultur\u00ebn, historin\u00eb dhe potencialet turistike t\u00eb k\u00ebsaj zone.<\/p>\n","protected":false},"excerpt":{"rendered":"<p>N\u00eb Ostros k\u00ebt\u00eb t\u00eb shtun\u00eb, me p\u00ebrkrahjen e komun\u00ebs s\u00eb Tivarit, mbahet \u201cFesta e g\u00ebshtenjave \u2013 Ostros 2014\u201d. N\u00eb programin e pasur kulturo-artistik do t\u00eb marrin pjes\u00eb nj\u00eb sere artist\u00ebsh t\u00eb njohur, derisa vizituesit do t\u00eb ken\u00eb mund\u00ebsin\u00eb q\u00eb p\u00ebrve\u00e7 g\u00ebshtenjave t\u00eb provojn\u00eb dhe specijaitete tjera nga Kraja. \u201cP\u00ebr mysafir\u00eb jan\u00eb siguruar 500 kilogram g\u00ebshtenja [&hellip;]<\/p>\n","protected":false},"author":1,"featured_media":0,"comment_status":"closed","ping_status":"closed","sticky":false,"template":"","format":"standard","meta":{"spay_email":"","jetpack_publicize_message":"","jetpack_is_tweetstorm":false,"jetpack_publicize_feature_enabled":true},"categories":[14],"tags":[],"jetpack_publicize_connections":[],"yoast_head":"<!-- This site is optimized with the Yoast SEO plugin v19.1 - https:\/\/yoast.com\/wordpress\/plugins\/seo\/ -->\n<title>Festa e g\u00ebshtenjave me 15 n\u00ebntor 2014 - Lajme nga Ulqini<\/title>\n<meta name=\"description\" content=\"N\u00eb Ostros k\u00ebt\u00eb t\u00eb shtun\u00eb, me p\u00ebrkrahjen e komun\u00ebs s\u00eb Tivarit, mbahet \u201cFesta e g\u00ebshtenjave \u2013 Ostros 2014\u201d. N\u00eb programin e pasur kulturo-artistik do t\u00eb\" \/>\n<meta name=\"robots\" content=\"index, follow, max-snippet:-1, max-image-preview:large, max-video-preview:-1\" \/>\n<link rel=\"canonical\" href=\"https:\/\/www.visit-ulcinj.com\/blog\/2014\/11\/14\/festa-e-geshtenjave-15-nentor-2014\/\" \/>\n<meta property=\"og:locale\" content=\"en_US\" \/>\n<meta property=\"og:type\" content=\"article\" \/>\n<meta property=\"og:title\" content=\"Festa e g\u00ebshtenjave me 15 n\u00ebntor 2014 - Lajme nga Ulqini\" \/>\n<meta property=\"og:description\" content=\"N\u00eb Ostros k\u00ebt\u00eb t\u00eb shtun\u00eb, me p\u00ebrkrahjen e komun\u00ebs s\u00eb Tivarit, mbahet \u201cFesta e g\u00ebshtenjave \u2013 Ostros 2014\u201d. N\u00eb programin e pasur kulturo-artistik do t\u00eb\" \/>\n<meta property=\"og:url\" content=\"https:\/\/www.visit-ulcinj.com\/blog\/2014\/11\/14\/festa-e-geshtenjave-15-nentor-2014\/\" \/>\n<meta property=\"og:site_name\" content=\"Lajme nga Ulqini\" \/>\n<meta property=\"article:published_time\" content=\"2014-11-14T15:35:18+00:00\" \/>\n<meta property=\"article:modified_time\" content=\"2014-11-14T15:37:10+00:00\" \/>\n<meta property=\"og:image\" content=\"http:\/\/www.visit-ulcinj.com\/blog\/wp-content\/uploads\/2013\/11\/Festa-e-geshtenjave-Kraje-2013.jpg\" \/>\n<meta name=\"twitter:label1\" content=\"Written by\" \/>\n\t<meta name=\"twitter:data1\" content=\"ulqini\" \/>\n<script type=\"application\/ld+json\" class=\"yoast-schema-graph\">{\"@context\":\"https:\/\/schema.org\",\"@graph\":[{\"@type\":\"WebSite\",\"@id\":\"https:\/\/www.visit-ulcinj.com\/blog\/#website\",\"url\":\"https:\/\/www.visit-ulcinj.com\/blog\/\",\"name\":\"Lajme nga Ulqini\",\"description\":\"Lajme,Vijesti,Ulqini,Ulqin,Crna Gora,Mali i Zi\",\"potentialAction\":[{\"@type\":\"SearchAction\",\"target\":{\"@type\":\"EntryPoint\",\"urlTemplate\":\"https:\/\/www.visit-ulcinj.com\/blog\/?s={search_term_string}\"},\"query-input\":\"required name=search_term_string\"}],\"inLanguage\":\"en-US\"},{\"@type\":\"ImageObject\",\"inLanguage\":\"en-US\",\"@id\":\"https:\/\/www.visit-ulcinj.com\/blog\/2014\/11\/14\/festa-e-geshtenjave-15-nentor-2014\/#primaryimage\",\"url\":\"https:\/\/www.visit-ulcinj.com\/blog\/wp-content\/uploads\/2013\/11\/Festa-e-geshtenjave-Kraje-2013.jpg\",\"contentUrl\":\"https:\/\/www.visit-ulcinj.com\/blog\/wp-content\/uploads\/2013\/11\/Festa-e-geshtenjave-Kraje-2013.jpg\",\"width\":960,\"height\":638},{\"@type\":\"WebPage\",\"@id\":\"https:\/\/www.visit-ulcinj.com\/blog\/2014\/11\/14\/festa-e-geshtenjave-15-nentor-2014\/#webpage\",\"url\":\"https:\/\/www.visit-ulcinj.com\/blog\/2014\/11\/14\/festa-e-geshtenjave-15-nentor-2014\/\",\"name\":\"Festa e g\u00ebshtenjave me 15 n\u00ebntor 2014 - Lajme nga Ulqini\",\"isPartOf\":{\"@id\":\"https:\/\/www.visit-ulcinj.com\/blog\/#website\"},\"primaryImageOfPage\":{\"@id\":\"https:\/\/www.visit-ulcinj.com\/blog\/2014\/11\/14\/festa-e-geshtenjave-15-nentor-2014\/#primaryimage\"},\"datePublished\":\"2014-11-14T15:35:18+00:00\",\"dateModified\":\"2014-11-14T15:37:10+00:00\",\"author\":{\"@id\":\"https:\/\/www.visit-ulcinj.com\/blog\/#\/schema\/person\/dcab619c614d3038751c63bc2aadc06d\"},\"description\":\"N\u00eb Ostros k\u00ebt\u00eb t\u00eb shtun\u00eb, me p\u00ebrkrahjen e komun\u00ebs s\u00eb Tivarit, mbahet \u201cFesta e g\u00ebshtenjave \u2013 Ostros 2014\u201d. N\u00eb programin e pasur kulturo-artistik do t\u00eb\",\"breadcrumb\":{\"@id\":\"https:\/\/www.visit-ulcinj.com\/blog\/2014\/11\/14\/festa-e-geshtenjave-15-nentor-2014\/#breadcrumb\"},\"inLanguage\":\"en-US\",\"potentialAction\":[{\"@type\":\"ReadAction\",\"target\":[\"https:\/\/www.visit-ulcinj.com\/blog\/2014\/11\/14\/festa-e-geshtenjave-15-nentor-2014\/\"]}]},{\"@type\":\"BreadcrumbList\",\"@id\":\"https:\/\/www.visit-ulcinj.com\/blog\/2014\/11\/14\/festa-e-geshtenjave-15-nentor-2014\/#breadcrumb\",\"itemListElement\":[{\"@type\":\"ListItem\",\"position\":1,\"name\":\"Festa e g\u00ebshtenjave me 15 n\u00ebntor 2014\"}]},{\"@type\":\"Person\",\"@id\":\"https:\/\/www.visit-ulcinj.com\/blog\/#\/schema\/person\/dcab619c614d3038751c63bc2aadc06d\",\"name\":\"ulqini\",\"sameAs\":[\"http:\/\/www.visit-ulcinj.com\"],\"url\":\"https:\/\/www.visit-ulcinj.com\/blog\/author\/admin\/\"}]}<\/script>\n<!-- \/ Yoast SEO plugin. -->","yoast_head_json":{"title":"Festa e g\u00ebshtenjave me 15 n\u00ebntor 2014 - Lajme nga Ulqini","description":"N\u00eb Ostros k\u00ebt\u00eb t\u00eb shtun\u00eb, me p\u00ebrkrahjen e komun\u00ebs s\u00eb Tivarit, mbahet \u201cFesta e g\u00ebshtenjave \u2013 Ostros 2014\u201d. N\u00eb programin e pasur kulturo-artistik do t\u00eb","robots":{"index":"index","follow":"follow","max-snippet":"max-snippet:-1","max-image-preview":"max-image-preview:large","max-video-preview":"max-video-preview:-1"},"canonical":"https:\/\/www.visit-ulcinj.com\/blog\/2014\/11\/14\/festa-e-geshtenjave-15-nentor-2014\/","og_locale":"en_US","og_type":"article","og_title":"Festa e g\u00ebshtenjave me 15 n\u00ebntor 2014 - Lajme nga Ulqini","og_description":"N\u00eb Ostros k\u00ebt\u00eb t\u00eb shtun\u00eb, me p\u00ebrkrahjen e komun\u00ebs s\u00eb Tivarit, mbahet \u201cFesta e g\u00ebshtenjave \u2013 Ostros 2014\u201d. N\u00eb programin e pasur kulturo-artistik do t\u00eb","og_url":"https:\/\/www.visit-ulcinj.com\/blog\/2014\/11\/14\/festa-e-geshtenjave-15-nentor-2014\/","og_site_name":"Lajme nga Ulqini","article_published_time":"2014-11-14T15:35:18+00:00","article_modified_time":"2014-11-14T15:37:10+00:00","og_image":[{"url":"http:\/\/www.visit-ulcinj.com\/blog\/wp-content\/uploads\/2013\/11\/Festa-e-geshtenjave-Kraje-2013.jpg"}],"twitter_misc":{"Written by":"ulqini"},"schema":{"@context":"https:\/\/schema.org","@graph":[{"@type":"WebSite","@id":"https:\/\/www.visit-ulcinj.com\/blog\/#website","url":"https:\/\/www.visit-ulcinj.com\/blog\/","name":"Lajme nga Ulqini","description":"Lajme,Vijesti,Ulqini,Ulqin,Crna Gora,Mali i Zi","potentialAction":[{"@type":"SearchAction","target":{"@type":"EntryPoint","urlTemplate":"https:\/\/www.visit-ulcinj.com\/blog\/?s={search_term_string}"},"query-input":"required name=search_term_string"}],"inLanguage":"en-US"},{"@type":"ImageObject","inLanguage":"en-US","@id":"https:\/\/www.visit-ulcinj.com\/blog\/2014\/11\/14\/festa-e-geshtenjave-15-nentor-2014\/#primaryimage","url":"https:\/\/www.visit-ulcinj.com\/blog\/wp-content\/uploads\/2013\/11\/Festa-e-geshtenjave-Kraje-2013.jpg","contentUrl":"https:\/\/www.visit-ulcinj.com\/blog\/wp-content\/uploads\/2013\/11\/Festa-e-geshtenjave-Kraje-2013.jpg","width":960,"height":638},{"@type":"WebPage","@id":"https:\/\/www.visit-ulcinj.com\/blog\/2014\/11\/14\/festa-e-geshtenjave-15-nentor-2014\/#webpage","url":"https:\/\/www.visit-ulcinj.com\/blog\/2014\/11\/14\/festa-e-geshtenjave-15-nentor-2014\/","name":"Festa e g\u00ebshtenjave me 15 n\u00ebntor 2014 - Lajme nga Ulqini","isPartOf":{"@id":"https:\/\/www.visit-ulcinj.com\/blog\/#website"},"primaryImageOfPage":{"@id":"https:\/\/www.visit-ulcinj.com\/blog\/2014\/11\/14\/festa-e-geshtenjave-15-nentor-2014\/#primaryimage"},"datePublished":"2014-11-14T15:35:18+00:00","dateModified":"2014-11-14T15:37:10+00:00","author":{"@id":"https:\/\/www.visit-ulcinj.com\/blog\/#\/schema\/person\/dcab619c614d3038751c63bc2aadc06d"},"description":"N\u00eb Ostros k\u00ebt\u00eb t\u00eb shtun\u00eb, me p\u00ebrkrahjen e komun\u00ebs s\u00eb Tivarit, mbahet \u201cFesta e g\u00ebshtenjave \u2013 Ostros 2014\u201d. N\u00eb programin e pasur kulturo-artistik do t\u00eb","breadcrumb":{"@id":"https:\/\/www.visit-ulcinj.com\/blog\/2014\/11\/14\/festa-e-geshtenjave-15-nentor-2014\/#breadcrumb"},"inLanguage":"en-US","potentialAction":[{"@type":"ReadAction","target":["https:\/\/www.visit-ulcinj.com\/blog\/2014\/11\/14\/festa-e-geshtenjave-15-nentor-2014\/"]}]},{"@type":"BreadcrumbList","@id":"https:\/\/www.visit-ulcinj.com\/blog\/2014\/11\/14\/festa-e-geshtenjave-15-nentor-2014\/#breadcrumb","itemListElement":[{"@type":"ListItem","position":1,"name":"Festa e g\u00ebshtenjave me 15 n\u00ebntor 2014"}]},{"@type":"Person","@id":"https:\/\/www.visit-ulcinj.com\/blog\/#\/schema\/person\/dcab619c614d3038751c63bc2aadc06d","name":"ulqini","sameAs":["http:\/\/www.visit-ulcinj.com"],"url":"https:\/\/www.visit-ulcinj.com\/blog\/author\/admin\/"}]}},"jetpack_featured_media_url":"","jetpack_sharing_enabled":true,"jetpack_shortlink":"https:\/\/wp.me\/pe6lTn-mtg","_links":{"self":[{"href":"https:\/\/www.visit-ulcinj.com\/blog\/wp-json\/wp\/v2\/posts\/86382"}],"collection":[{"href":"https:\/\/www.visit-ulcinj.com\/blog\/wp-json\/wp\/v2\/posts"}],"about":[{"href":"https:\/\/www.visit-ulcinj.com\/blog\/wp-json\/wp\/v2\/types\/post"}],"author":[{"embeddable":true,"href":"https:\/\/www.visit-ulcinj.com\/blog\/wp-json\/wp\/v2\/users\/1"}],"replies":[{"embeddable":true,"href":"https:\/\/www.visit-ulcinj.com\/blog\/wp-json\/wp\/v2\/comments?post=86382"}],"version-history":[{"count":2,"href":"https:\/\/www.visit-ulcinj.com\/blog\/wp-json\/wp\/v2\/posts\/86382\/revisions"}],"predecessor-version":[{"id":86384,"href":"https:\/\/www.visit-ulcinj.com\/blog\/wp-json\/wp\/v2\/posts\/86382\/revisions\/86384"}],"wp:attachment":[{"href":"https:\/\/www.visit-ulcinj.com\/blog\/wp-json\/wp\/v2\/media?parent=86382"}],"wp:term":[{"taxonomy":"category","embeddable":true,"href":"https:\/\/www.visit-ulcinj.com\/blog\/wp-json\/wp\/v2\/categories?post=86382"},{"taxonomy":"post_tag","embeddable":true,"href":"https:\/\/www.visit-ulcinj.com\/blog\/wp-json\/wp\/v2\/tags?post=86382"}],"curies":[{"name":"wp","href":"https:\/\/api.w.org\/{rel}","templated":true}]}}