{"id":86385,"date":"2014-11-14T16:56:04","date_gmt":"2014-11-14T15:56:04","guid":{"rendered":"http:\/\/www.visit-ulcinj.com\/blog\/?p=86385"},"modified":"2014-11-14T17:14:14","modified_gmt":"2014-11-14T16:14:14","slug":"albanci-u-ulcinju-protestuju-zbog-diskriminacije-u-obrazovanja","status":"publish","type":"post","link":"https:\/\/www.visit-ulcinj.com\/blog\/2014\/11\/14\/albanci-u-ulcinju-protestuju-zbog-diskriminacije-u-obrazovanja\/","title":{"rendered":"Albanci u Ulcinju protestuju zbog diskriminacije u obrazovanja &#8211; Video"},"content":{"rendered":"<p><a href=\"http:\/\/www.visit-ulcinj.com\/blog\/wp-content\/uploads\/2014\/11\/Albanci-u-Ulcinju-protestuju-zbog-diskriminacije-u-obrazovanja-.jpg\"><img loading=\"lazy\" class=\"alignleft wp-image-86386\" src=\"http:\/\/www.visit-ulcinj.com\/blog\/wp-content\/uploads\/2014\/11\/Albanci-u-Ulcinju-protestuju-zbog-diskriminacije-u-obrazovanja-.jpg\" alt=\"Albanci u Ulcinju protestuju zbog diskriminacije u obrazovanja-\" width=\"508\" height=\"406\" srcset=\"https:\/\/www.visit-ulcinj.com\/blog\/wp-content\/uploads\/2014\/11\/Albanci-u-Ulcinju-protestuju-zbog-diskriminacije-u-obrazovanja-.jpg 574w, https:\/\/www.visit-ulcinj.com\/blog\/wp-content\/uploads\/2014\/11\/Albanci-u-Ulcinju-protestuju-zbog-diskriminacije-u-obrazovanja--300x239.jpg 300w\" sizes=\"(max-width: 508px) 100vw, 508px\" \/><\/a>Vi\u0161e od 100 Albanaca okupilo se danas ispred zgrade op\u0161tine Ulcinj na protestu &#8220;Stop diskriminaciji&#8221;, izra\u017eavaju\u0107i nezadovoljstvo sadr\u017eajem ud\u017ebenika na albanskom jeziku.<\/p>\n<p>Inicijator okupljanja, nekada\u0161nji novinar Gzim Ibro\u010di rekao je da su roditelji nezadovoljni sadr\u017eajem ud\u017ebenika na albanskom jeziku, jer njihova djeca iz njih te\u0161ko mogu ne\u0161to da nau\u010de o istoriji i tradiciji autohtonog albanskog naroda u Crnoj Gori.<\/p>\n<p>&#8220;Recimo, od 130 stranica istorije za \u0161esti ili sedmi razred, samo jedna je posve\u0107ena Albancima. Neka u\u010de na\u0161a djeca i o istoriji Crne Gore ili ju\u017enih Slovena, ali ho\u0107emo da ne\u0161to znaju i o svojoj istoriji&#8221;, rekao je Ibro\u010di.<\/p>\n<p>On tvrdi da skoro nijedan ud\u017ebenik nije uskla\u0111en, niti adekvatan stvarnom obrazovanju na albanskom jeziku.Peticiju protiv diskriminacije do podneva je potpisalo vi\u0161e od 350 mje\u0161tana.Ibro\u010di je najavio da \u0107e peticiju uputiti resornom ministarstvu, Nacionalnom savjetu Albanaca i nacionalnim partijama.<\/p>\n<p>Protestu su, izme\u0111u ostalih, prisustvovali predsjednik op\u0161tine Ulcinj Fatmir \u0110eka sa saradnicima, poslanik Dritan Abazovi\u0107 i lider Demokratskog saveza Mehmet Bardhi.<\/p>\n<p><strong>Izvor: Rtvbn<\/strong><br \/>\n<iframe loading=\"lazy\" frameborder=\"0\" width=\"508\" height=\"315\" src=\"\/\/www.dailymotion.com\/embed\/video\/x2a6rnd?autoPlay=1\" allowfullscreen><\/iframe><\/p>\n","protected":false},"excerpt":{"rendered":"<p>Vi\u0161e od 100 Albanaca okupilo se danas ispred zgrade op\u0161tine Ulcinj na protestu &#8220;Stop diskriminaciji&#8221;, izra\u017eavaju\u0107i nezadovoljstvo sadr\u017eajem ud\u017ebenika na albanskom jeziku. Inicijator okupljanja, nekada\u0161nji novinar Gzim Ibro\u010di rekao je da su roditelji nezadovoljni sadr\u017eajem ud\u017ebenika na albanskom jeziku, jer njihova djeca iz njih te\u0161ko mogu ne\u0161to da nau\u010de o istoriji i tradiciji autohtonog albanskog [&hellip;]<\/p>\n","protected":false},"author":1,"featured_media":0,"comment_status":"closed","ping_status":"closed","sticky":false,"template":"","format":"standard","meta":{"spay_email":"","jetpack_publicize_message":"","jetpack_is_tweetstorm":false,"jetpack_publicize_feature_enabled":true},"categories":[8337],"tags":[],"jetpack_publicize_connections":[],"yoast_head":"<!-- This site is optimized with the Yoast SEO plugin v19.1 - https:\/\/yoast.com\/wordpress\/plugins\/seo\/ -->\n<title>Albanci u Ulcinju protestuju zbog diskriminacije u obrazovanja - Video - Lajme nga Ulqini<\/title>\n<meta name=\"description\" content=\"Vi\u0161e od 100 Albanaca okupilo se danas ispred zgrade op\u0161tine Ulcinj na protestu &quot;Stop diskriminaciji&quot;, izra\u017eavaju\u0107i nezadovoljstvo sadr\u017eajem ud\u017ebenika na\" \/>\n<meta name=\"robots\" content=\"index, follow, max-snippet:-1, max-image-preview:large, max-video-preview:-1\" \/>\n<link rel=\"canonical\" href=\"https:\/\/www.visit-ulcinj.com\/blog\/2014\/11\/14\/albanci-u-ulcinju-protestuju-zbog-diskriminacije-u-obrazovanja\/\" \/>\n<meta property=\"og:locale\" content=\"en_US\" \/>\n<meta property=\"og:type\" content=\"article\" \/>\n<meta property=\"og:title\" content=\"Albanci u Ulcinju protestuju zbog diskriminacije u obrazovanja - Video - Lajme nga Ulqini\" \/>\n<meta property=\"og:description\" content=\"Vi\u0161e od 100 Albanaca okupilo se danas ispred zgrade op\u0161tine Ulcinj na protestu &quot;Stop diskriminaciji&quot;, izra\u017eavaju\u0107i nezadovoljstvo sadr\u017eajem ud\u017ebenika na\" \/>\n<meta property=\"og:url\" content=\"https:\/\/www.visit-ulcinj.com\/blog\/2014\/11\/14\/albanci-u-ulcinju-protestuju-zbog-diskriminacije-u-obrazovanja\/\" \/>\n<meta property=\"og:site_name\" content=\"Lajme nga Ulqini\" \/>\n<meta property=\"article:published_time\" content=\"2014-11-14T15:56:04+00:00\" \/>\n<meta property=\"article:modified_time\" content=\"2014-11-14T16:14:14+00:00\" \/>\n<meta property=\"og:image\" content=\"http:\/\/www.visit-ulcinj.com\/blog\/wp-content\/uploads\/2014\/11\/Albanci-u-Ulcinju-protestuju-zbog-diskriminacije-u-obrazovanja-.jpg\" \/>\n<meta name=\"twitter:label1\" content=\"Written by\" \/>\n\t<meta name=\"twitter:data1\" content=\"ulqini\" \/>\n\t<meta name=\"twitter:label2\" content=\"Est. reading time\" \/>\n\t<meta name=\"twitter:data2\" content=\"1 minute\" \/>\n<script type=\"application\/ld+json\" class=\"yoast-schema-graph\">{\"@context\":\"https:\/\/schema.org\",\"@graph\":[{\"@type\":\"WebSite\",\"@id\":\"https:\/\/www.visit-ulcinj.com\/blog\/#website\",\"url\":\"https:\/\/www.visit-ulcinj.com\/blog\/\",\"name\":\"Lajme nga Ulqini\",\"description\":\"Lajme,Vijesti,Ulqini,Ulqin,Crna Gora,Mali i Zi\",\"potentialAction\":[{\"@type\":\"SearchAction\",\"target\":{\"@type\":\"EntryPoint\",\"urlTemplate\":\"https:\/\/www.visit-ulcinj.com\/blog\/?s={search_term_string}\"},\"query-input\":\"required name=search_term_string\"}],\"inLanguage\":\"en-US\"},{\"@type\":\"ImageObject\",\"inLanguage\":\"en-US\",\"@id\":\"https:\/\/www.visit-ulcinj.com\/blog\/2014\/11\/14\/albanci-u-ulcinju-protestuju-zbog-diskriminacije-u-obrazovanja\/#primaryimage\",\"url\":\"https:\/\/www.visit-ulcinj.com\/blog\/wp-content\/uploads\/2014\/11\/Albanci-u-Ulcinju-protestuju-zbog-diskriminacije-u-obrazovanja-.jpg\",\"contentUrl\":\"https:\/\/www.visit-ulcinj.com\/blog\/wp-content\/uploads\/2014\/11\/Albanci-u-Ulcinju-protestuju-zbog-diskriminacije-u-obrazovanja-.jpg\",\"width\":574,\"height\":459},{\"@type\":\"WebPage\",\"@id\":\"https:\/\/www.visit-ulcinj.com\/blog\/2014\/11\/14\/albanci-u-ulcinju-protestuju-zbog-diskriminacije-u-obrazovanja\/#webpage\",\"url\":\"https:\/\/www.visit-ulcinj.com\/blog\/2014\/11\/14\/albanci-u-ulcinju-protestuju-zbog-diskriminacije-u-obrazovanja\/\",\"name\":\"Albanci u Ulcinju protestuju zbog diskriminacije u obrazovanja - Video - Lajme nga Ulqini\",\"isPartOf\":{\"@id\":\"https:\/\/www.visit-ulcinj.com\/blog\/#website\"},\"primaryImageOfPage\":{\"@id\":\"https:\/\/www.visit-ulcinj.com\/blog\/2014\/11\/14\/albanci-u-ulcinju-protestuju-zbog-diskriminacije-u-obrazovanja\/#primaryimage\"},\"datePublished\":\"2014-11-14T15:56:04+00:00\",\"dateModified\":\"2014-11-14T16:14:14+00:00\",\"author\":{\"@id\":\"https:\/\/www.visit-ulcinj.com\/blog\/#\/schema\/person\/dcab619c614d3038751c63bc2aadc06d\"},\"description\":\"Vi\u0161e od 100 Albanaca okupilo se danas ispred zgrade op\u0161tine Ulcinj na protestu \\\"Stop diskriminaciji\\\", izra\u017eavaju\u0107i nezadovoljstvo sadr\u017eajem ud\u017ebenika na\",\"breadcrumb\":{\"@id\":\"https:\/\/www.visit-ulcinj.com\/blog\/2014\/11\/14\/albanci-u-ulcinju-protestuju-zbog-diskriminacije-u-obrazovanja\/#breadcrumb\"},\"inLanguage\":\"en-US\",\"potentialAction\":[{\"@type\":\"ReadAction\",\"target\":[\"https:\/\/www.visit-ulcinj.com\/blog\/2014\/11\/14\/albanci-u-ulcinju-protestuju-zbog-diskriminacije-u-obrazovanja\/\"]}]},{\"@type\":\"BreadcrumbList\",\"@id\":\"https:\/\/www.visit-ulcinj.com\/blog\/2014\/11\/14\/albanci-u-ulcinju-protestuju-zbog-diskriminacije-u-obrazovanja\/#breadcrumb\",\"itemListElement\":[{\"@type\":\"ListItem\",\"position\":1,\"name\":\"Albanci u Ulcinju protestuju zbog diskriminacije u obrazovanja &#8211; Video\"}]},{\"@type\":\"Person\",\"@id\":\"https:\/\/www.visit-ulcinj.com\/blog\/#\/schema\/person\/dcab619c614d3038751c63bc2aadc06d\",\"name\":\"ulqini\",\"sameAs\":[\"http:\/\/www.visit-ulcinj.com\"],\"url\":\"https:\/\/www.visit-ulcinj.com\/blog\/author\/admin\/\"}]}<\/script>\n<!-- \/ Yoast SEO plugin. -->","yoast_head_json":{"title":"Albanci u Ulcinju protestuju zbog diskriminacije u obrazovanja - Video - Lajme nga Ulqini","description":"Vi\u0161e od 100 Albanaca okupilo se danas ispred zgrade op\u0161tine Ulcinj na protestu \"Stop diskriminaciji\", izra\u017eavaju\u0107i nezadovoljstvo sadr\u017eajem ud\u017ebenika na","robots":{"index":"index","follow":"follow","max-snippet":"max-snippet:-1","max-image-preview":"max-image-preview:large","max-video-preview":"max-video-preview:-1"},"canonical":"https:\/\/www.visit-ulcinj.com\/blog\/2014\/11\/14\/albanci-u-ulcinju-protestuju-zbog-diskriminacije-u-obrazovanja\/","og_locale":"en_US","og_type":"article","og_title":"Albanci u Ulcinju protestuju zbog diskriminacije u obrazovanja - Video - Lajme nga Ulqini","og_description":"Vi\u0161e od 100 Albanaca okupilo se danas ispred zgrade op\u0161tine Ulcinj na protestu \"Stop diskriminaciji\", izra\u017eavaju\u0107i nezadovoljstvo sadr\u017eajem ud\u017ebenika na","og_url":"https:\/\/www.visit-ulcinj.com\/blog\/2014\/11\/14\/albanci-u-ulcinju-protestuju-zbog-diskriminacije-u-obrazovanja\/","og_site_name":"Lajme nga Ulqini","article_published_time":"2014-11-14T15:56:04+00:00","article_modified_time":"2014-11-14T16:14:14+00:00","og_image":[{"url":"http:\/\/www.visit-ulcinj.com\/blog\/wp-content\/uploads\/2014\/11\/Albanci-u-Ulcinju-protestuju-zbog-diskriminacije-u-obrazovanja-.jpg"}],"twitter_misc":{"Written by":"ulqini","Est. reading time":"1 minute"},"schema":{"@context":"https:\/\/schema.org","@graph":[{"@type":"WebSite","@id":"https:\/\/www.visit-ulcinj.com\/blog\/#website","url":"https:\/\/www.visit-ulcinj.com\/blog\/","name":"Lajme nga Ulqini","description":"Lajme,Vijesti,Ulqini,Ulqin,Crna Gora,Mali i Zi","potentialAction":[{"@type":"SearchAction","target":{"@type":"EntryPoint","urlTemplate":"https:\/\/www.visit-ulcinj.com\/blog\/?s={search_term_string}"},"query-input":"required name=search_term_string"}],"inLanguage":"en-US"},{"@type":"ImageObject","inLanguage":"en-US","@id":"https:\/\/www.visit-ulcinj.com\/blog\/2014\/11\/14\/albanci-u-ulcinju-protestuju-zbog-diskriminacije-u-obrazovanja\/#primaryimage","url":"https:\/\/www.visit-ulcinj.com\/blog\/wp-content\/uploads\/2014\/11\/Albanci-u-Ulcinju-protestuju-zbog-diskriminacije-u-obrazovanja-.jpg","contentUrl":"https:\/\/www.visit-ulcinj.com\/blog\/wp-content\/uploads\/2014\/11\/Albanci-u-Ulcinju-protestuju-zbog-diskriminacije-u-obrazovanja-.jpg","width":574,"height":459},{"@type":"WebPage","@id":"https:\/\/www.visit-ulcinj.com\/blog\/2014\/11\/14\/albanci-u-ulcinju-protestuju-zbog-diskriminacije-u-obrazovanja\/#webpage","url":"https:\/\/www.visit-ulcinj.com\/blog\/2014\/11\/14\/albanci-u-ulcinju-protestuju-zbog-diskriminacije-u-obrazovanja\/","name":"Albanci u Ulcinju protestuju zbog diskriminacije u obrazovanja - Video - Lajme nga Ulqini","isPartOf":{"@id":"https:\/\/www.visit-ulcinj.com\/blog\/#website"},"primaryImageOfPage":{"@id":"https:\/\/www.visit-ulcinj.com\/blog\/2014\/11\/14\/albanci-u-ulcinju-protestuju-zbog-diskriminacije-u-obrazovanja\/#primaryimage"},"datePublished":"2014-11-14T15:56:04+00:00","dateModified":"2014-11-14T16:14:14+00:00","author":{"@id":"https:\/\/www.visit-ulcinj.com\/blog\/#\/schema\/person\/dcab619c614d3038751c63bc2aadc06d"},"description":"Vi\u0161e od 100 Albanaca okupilo se danas ispred zgrade op\u0161tine Ulcinj na protestu \"Stop diskriminaciji\", izra\u017eavaju\u0107i nezadovoljstvo sadr\u017eajem ud\u017ebenika na","breadcrumb":{"@id":"https:\/\/www.visit-ulcinj.com\/blog\/2014\/11\/14\/albanci-u-ulcinju-protestuju-zbog-diskriminacije-u-obrazovanja\/#breadcrumb"},"inLanguage":"en-US","potentialAction":[{"@type":"ReadAction","target":["https:\/\/www.visit-ulcinj.com\/blog\/2014\/11\/14\/albanci-u-ulcinju-protestuju-zbog-diskriminacije-u-obrazovanja\/"]}]},{"@type":"BreadcrumbList","@id":"https:\/\/www.visit-ulcinj.com\/blog\/2014\/11\/14\/albanci-u-ulcinju-protestuju-zbog-diskriminacije-u-obrazovanja\/#breadcrumb","itemListElement":[{"@type":"ListItem","position":1,"name":"Albanci u Ulcinju protestuju zbog diskriminacije u obrazovanja &#8211; Video"}]},{"@type":"Person","@id":"https:\/\/www.visit-ulcinj.com\/blog\/#\/schema\/person\/dcab619c614d3038751c63bc2aadc06d","name":"ulqini","sameAs":["http:\/\/www.visit-ulcinj.com"],"url":"https:\/\/www.visit-ulcinj.com\/blog\/author\/admin\/"}]}},"jetpack_featured_media_url":"","jetpack_sharing_enabled":true,"jetpack_shortlink":"https:\/\/wp.me\/pe6lTn-mtj","_links":{"self":[{"href":"https:\/\/www.visit-ulcinj.com\/blog\/wp-json\/wp\/v2\/posts\/86385"}],"collection":[{"href":"https:\/\/www.visit-ulcinj.com\/blog\/wp-json\/wp\/v2\/posts"}],"about":[{"href":"https:\/\/www.visit-ulcinj.com\/blog\/wp-json\/wp\/v2\/types\/post"}],"author":[{"embeddable":true,"href":"https:\/\/www.visit-ulcinj.com\/blog\/wp-json\/wp\/v2\/users\/1"}],"replies":[{"embeddable":true,"href":"https:\/\/www.visit-ulcinj.com\/blog\/wp-json\/wp\/v2\/comments?post=86385"}],"version-history":[{"count":2,"href":"https:\/\/www.visit-ulcinj.com\/blog\/wp-json\/wp\/v2\/posts\/86385\/revisions"}],"predecessor-version":[{"id":86390,"href":"https:\/\/www.visit-ulcinj.com\/blog\/wp-json\/wp\/v2\/posts\/86385\/revisions\/86390"}],"wp:attachment":[{"href":"https:\/\/www.visit-ulcinj.com\/blog\/wp-json\/wp\/v2\/media?parent=86385"}],"wp:term":[{"taxonomy":"category","embeddable":true,"href":"https:\/\/www.visit-ulcinj.com\/blog\/wp-json\/wp\/v2\/categories?post=86385"},{"taxonomy":"post_tag","embeddable":true,"href":"https:\/\/www.visit-ulcinj.com\/blog\/wp-json\/wp\/v2\/tags?post=86385"}],"curies":[{"name":"wp","href":"https:\/\/api.w.org\/{rel}","templated":true}]}}