{"id":86398,"date":"2014-11-14T17:46:11","date_gmt":"2014-11-14T16:46:11","guid":{"rendered":"http:\/\/www.visit-ulcinj.com\/blog\/?p=86398"},"modified":"2014-11-14T17:46:11","modified_gmt":"2014-11-14T16:46:11","slug":"nimanbegu-ne-debat-te-ashper-per-propozim-ligjin-e-ri-per-mediat","status":"publish","type":"post","link":"https:\/\/www.visit-ulcinj.com\/blog\/2014\/11\/14\/nimanbegu-ne-debat-te-ashper-per-propozim-ligjin-e-ri-per-mediat\/","title":{"rendered":"Nimanbegu n\u00eb debat t\u00eb ashp\u00ebr p\u00ebr  propozim ligjin e ri p\u00ebr mediat"},"content":{"rendered":"<p><a href=\"http:\/\/www.visit-ulcinj.com\/blog\/wp-content\/uploads\/2014\/11\/nimanbegu.jpg\"><img loading=\"lazy\" class=\"alignleft wp-image-86399\" src=\"http:\/\/www.visit-ulcinj.com\/blog\/wp-content\/uploads\/2014\/11\/nimanbegu.jpg\" alt=\"nimanbegu\" width=\"508\" height=\"309\" srcset=\"https:\/\/www.visit-ulcinj.com\/blog\/wp-content\/uploads\/2014\/11\/nimanbegu.jpg 519w, https:\/\/www.visit-ulcinj.com\/blog\/wp-content\/uploads\/2014\/11\/nimanbegu-300x182.jpg 300w\" sizes=\"(max-width: 508px) 100vw, 508px\" \/><\/a>N\u00eb Kuvendin e Malit t\u00eb Zi ka filluar debati mbi propozimin e ndryshimit t\u00eb ligjeve p\u00ebr media me t\u00eb cilat \u00ebsht\u00eb parapar\u00eb ndalimi i distribuimit t\u00eb medias i cili do t\u00eb shkel ndalimin gjyq\u00ebsor t\u00eb p\u00ebrmbajtjeve kontestuese . Kund\u00ebr zgjidhjes s\u00eb till\u00eb jan\u00eb vet\u00ebm deputet\u00ebt e PDS t\u00eb cil\u00ebt theksojn\u00eb se me ndryshimet e propozuara do t\u00eb futej\u00a0 cenzur dhe se ekziston rreziku p\u00ebr shuarjen e medias.<\/p>\n<p>Deputeti i PDS Millutin Simoviq ka theksuar se p\u00ebr\u00a0 sjelljen e k\u00ebtij ligji \u00ebsht\u00eb zgjedhur rrug\u00eb e gabuar. Ai konsideron se fillimisht duhet t\u00eb shihet se \u00e7ka p\u00ebr k\u00ebt\u00eb tem\u00eb theksojn\u00eb bashk\u00ebsia mediatike rregullator\u00ebt dhe partner\u00ebt evropian\u00eb.<\/p>\n<p>Deputeti i Froc\u00ebs, Genci Nimanbegu , ka theksuar se p\u00ebrmbajtjen e medias nuk do ta ndaloj\u00eb prokurori por gjykat\u00ebsi. Ai ka theksuar, po ashtu, q\u00eb ndryshimet e k\u00ebtij ligji jan\u00eb t\u00eb domosdoshme sepse shteti disa her\u00eb ka treguar se \u00ebsht\u00eb\u00a0 i pa fuqish\u00ebm.<\/p>\n<p>Partia social demokratike do t\u00eb votoj\u00eb p\u00ebr ndryshimet e ligjit dhe deputeti i saj, Rifat Rastoder, ka theksuar se ndryshimet e ligjit nuk fusin arbitrim politik\u00eb. Edhe lideri i Partis\u00eb liberale ,Andria Popoviq, ka theksuar se do ti p\u00ebrkrah ndryshimet e propozuara t\u00eb ligjit me t\u00eb cilat si\u00e7 ka theksuar nuk futet censurim dhe as nuk do t\u00eb pengohet puna e mediave. Propozues t\u00eb ndryshimeve t\u00eb ligjit jan\u00eb p\u00ebrfaq\u00ebsuesit e t\u00eb gjitha partiva parlamentare me p\u00ebrjashtim t\u00eb PDS.<\/p>\n<p>T\u00eb theksojm\u00eb se K\u00ebshilli p\u00ebr sistemin politik\u00eb, legjislatur\u00eb dhe administrat\u00eb e ka\u00a0 p\u00ebrkrah dje k\u00ebt\u00eb akt ligjor.<\/p>\n","protected":false},"excerpt":{"rendered":"<p>N\u00eb Kuvendin e Malit t\u00eb Zi ka filluar debati mbi propozimin e ndryshimit t\u00eb ligjeve p\u00ebr media me t\u00eb cilat \u00ebsht\u00eb parapar\u00eb ndalimi i distribuimit t\u00eb medias i cili do t\u00eb shkel ndalimin gjyq\u00ebsor t\u00eb p\u00ebrmbajtjeve kontestuese . Kund\u00ebr zgjidhjes s\u00eb till\u00eb jan\u00eb vet\u00ebm deputet\u00ebt e PDS t\u00eb cil\u00ebt theksojn\u00eb se me ndryshimet e propozuara [&hellip;]<\/p>\n","protected":false},"author":1,"featured_media":0,"comment_status":"closed","ping_status":"closed","sticky":false,"template":"","format":"standard","meta":{"spay_email":"","jetpack_publicize_message":"","jetpack_is_tweetstorm":false,"jetpack_publicize_feature_enabled":true},"categories":[6],"tags":[],"jetpack_publicize_connections":[],"yoast_head":"<!-- This site is optimized with the Yoast SEO plugin v19.1 - https:\/\/yoast.com\/wordpress\/plugins\/seo\/ -->\n<title>Nimanbegu n\u00eb debat t\u00eb ashp\u00ebr p\u00ebr propozim ligjin e ri p\u00ebr mediat - Lajme nga Ulqini<\/title>\n<meta name=\"description\" content=\"N\u00eb Kuvendin e Malit t\u00eb Zi ka filluar debati mbi propozimin e ndryshimit t\u00eb ligjeve p\u00ebr media me t\u00eb cilat \u00ebsht\u00eb parapar\u00eb ndalimi i distribuimit t\u00eb medias i\" \/>\n<meta name=\"robots\" content=\"index, follow, max-snippet:-1, max-image-preview:large, max-video-preview:-1\" \/>\n<link rel=\"canonical\" href=\"https:\/\/www.visit-ulcinj.com\/blog\/2014\/11\/14\/nimanbegu-ne-debat-te-ashper-per-propozim-ligjin-e-ri-per-mediat\/\" \/>\n<meta property=\"og:locale\" content=\"en_US\" \/>\n<meta property=\"og:type\" content=\"article\" \/>\n<meta property=\"og:title\" content=\"Nimanbegu n\u00eb debat t\u00eb ashp\u00ebr p\u00ebr propozim ligjin e ri p\u00ebr mediat - Lajme nga Ulqini\" \/>\n<meta property=\"og:description\" content=\"N\u00eb Kuvendin e Malit t\u00eb Zi ka filluar debati mbi propozimin e ndryshimit t\u00eb ligjeve p\u00ebr media me t\u00eb cilat \u00ebsht\u00eb parapar\u00eb ndalimi i distribuimit t\u00eb medias i\" \/>\n<meta property=\"og:url\" content=\"https:\/\/www.visit-ulcinj.com\/blog\/2014\/11\/14\/nimanbegu-ne-debat-te-ashper-per-propozim-ligjin-e-ri-per-mediat\/\" \/>\n<meta property=\"og:site_name\" content=\"Lajme nga Ulqini\" \/>\n<meta property=\"article:published_time\" content=\"2014-11-14T16:46:11+00:00\" \/>\n<meta property=\"og:image\" content=\"http:\/\/www.visit-ulcinj.com\/blog\/wp-content\/uploads\/2014\/11\/nimanbegu.jpg\" \/>\n<meta name=\"twitter:label1\" content=\"Written by\" \/>\n\t<meta name=\"twitter:data1\" content=\"ulqini\" \/>\n\t<meta name=\"twitter:label2\" content=\"Est. reading time\" \/>\n\t<meta name=\"twitter:data2\" content=\"1 minute\" \/>\n<script type=\"application\/ld+json\" class=\"yoast-schema-graph\">{\"@context\":\"https:\/\/schema.org\",\"@graph\":[{\"@type\":\"WebSite\",\"@id\":\"https:\/\/www.visit-ulcinj.com\/blog\/#website\",\"url\":\"https:\/\/www.visit-ulcinj.com\/blog\/\",\"name\":\"Lajme nga Ulqini\",\"description\":\"Lajme,Vijesti,Ulqini,Ulqin,Crna Gora,Mali i Zi\",\"potentialAction\":[{\"@type\":\"SearchAction\",\"target\":{\"@type\":\"EntryPoint\",\"urlTemplate\":\"https:\/\/www.visit-ulcinj.com\/blog\/?s={search_term_string}\"},\"query-input\":\"required name=search_term_string\"}],\"inLanguage\":\"en-US\"},{\"@type\":\"ImageObject\",\"inLanguage\":\"en-US\",\"@id\":\"https:\/\/www.visit-ulcinj.com\/blog\/2014\/11\/14\/nimanbegu-ne-debat-te-ashper-per-propozim-ligjin-e-ri-per-mediat\/#primaryimage\",\"url\":\"https:\/\/www.visit-ulcinj.com\/blog\/wp-content\/uploads\/2014\/11\/nimanbegu.jpg\",\"contentUrl\":\"https:\/\/www.visit-ulcinj.com\/blog\/wp-content\/uploads\/2014\/11\/nimanbegu.jpg\",\"width\":519,\"height\":316},{\"@type\":\"WebPage\",\"@id\":\"https:\/\/www.visit-ulcinj.com\/blog\/2014\/11\/14\/nimanbegu-ne-debat-te-ashper-per-propozim-ligjin-e-ri-per-mediat\/#webpage\",\"url\":\"https:\/\/www.visit-ulcinj.com\/blog\/2014\/11\/14\/nimanbegu-ne-debat-te-ashper-per-propozim-ligjin-e-ri-per-mediat\/\",\"name\":\"Nimanbegu n\u00eb debat t\u00eb ashp\u00ebr p\u00ebr propozim ligjin e ri p\u00ebr mediat - Lajme nga Ulqini\",\"isPartOf\":{\"@id\":\"https:\/\/www.visit-ulcinj.com\/blog\/#website\"},\"primaryImageOfPage\":{\"@id\":\"https:\/\/www.visit-ulcinj.com\/blog\/2014\/11\/14\/nimanbegu-ne-debat-te-ashper-per-propozim-ligjin-e-ri-per-mediat\/#primaryimage\"},\"datePublished\":\"2014-11-14T16:46:11+00:00\",\"dateModified\":\"2014-11-14T16:46:11+00:00\",\"author\":{\"@id\":\"https:\/\/www.visit-ulcinj.com\/blog\/#\/schema\/person\/dcab619c614d3038751c63bc2aadc06d\"},\"description\":\"N\u00eb Kuvendin e Malit t\u00eb Zi ka filluar debati mbi propozimin e ndryshimit t\u00eb ligjeve p\u00ebr media me t\u00eb cilat \u00ebsht\u00eb parapar\u00eb ndalimi i distribuimit t\u00eb medias i\",\"breadcrumb\":{\"@id\":\"https:\/\/www.visit-ulcinj.com\/blog\/2014\/11\/14\/nimanbegu-ne-debat-te-ashper-per-propozim-ligjin-e-ri-per-mediat\/#breadcrumb\"},\"inLanguage\":\"en-US\",\"potentialAction\":[{\"@type\":\"ReadAction\",\"target\":[\"https:\/\/www.visit-ulcinj.com\/blog\/2014\/11\/14\/nimanbegu-ne-debat-te-ashper-per-propozim-ligjin-e-ri-per-mediat\/\"]}]},{\"@type\":\"BreadcrumbList\",\"@id\":\"https:\/\/www.visit-ulcinj.com\/blog\/2014\/11\/14\/nimanbegu-ne-debat-te-ashper-per-propozim-ligjin-e-ri-per-mediat\/#breadcrumb\",\"itemListElement\":[{\"@type\":\"ListItem\",\"position\":1,\"name\":\"Nimanbegu n\u00eb debat t\u00eb ashp\u00ebr p\u00ebr propozim ligjin e ri p\u00ebr mediat\"}]},{\"@type\":\"Person\",\"@id\":\"https:\/\/www.visit-ulcinj.com\/blog\/#\/schema\/person\/dcab619c614d3038751c63bc2aadc06d\",\"name\":\"ulqini\",\"sameAs\":[\"http:\/\/www.visit-ulcinj.com\"],\"url\":\"https:\/\/www.visit-ulcinj.com\/blog\/author\/admin\/\"}]}<\/script>\n<!-- \/ Yoast SEO plugin. -->","yoast_head_json":{"title":"Nimanbegu n\u00eb debat t\u00eb ashp\u00ebr p\u00ebr propozim ligjin e ri p\u00ebr mediat - Lajme nga Ulqini","description":"N\u00eb Kuvendin e Malit t\u00eb Zi ka filluar debati mbi propozimin e ndryshimit t\u00eb ligjeve p\u00ebr media me t\u00eb cilat \u00ebsht\u00eb parapar\u00eb ndalimi i distribuimit t\u00eb medias i","robots":{"index":"index","follow":"follow","max-snippet":"max-snippet:-1","max-image-preview":"max-image-preview:large","max-video-preview":"max-video-preview:-1"},"canonical":"https:\/\/www.visit-ulcinj.com\/blog\/2014\/11\/14\/nimanbegu-ne-debat-te-ashper-per-propozim-ligjin-e-ri-per-mediat\/","og_locale":"en_US","og_type":"article","og_title":"Nimanbegu n\u00eb debat t\u00eb ashp\u00ebr p\u00ebr propozim ligjin e ri p\u00ebr mediat - Lajme nga Ulqini","og_description":"N\u00eb Kuvendin e Malit t\u00eb Zi ka filluar debati mbi propozimin e ndryshimit t\u00eb ligjeve p\u00ebr media me t\u00eb cilat \u00ebsht\u00eb parapar\u00eb ndalimi i distribuimit t\u00eb medias i","og_url":"https:\/\/www.visit-ulcinj.com\/blog\/2014\/11\/14\/nimanbegu-ne-debat-te-ashper-per-propozim-ligjin-e-ri-per-mediat\/","og_site_name":"Lajme nga Ulqini","article_published_time":"2014-11-14T16:46:11+00:00","og_image":[{"url":"http:\/\/www.visit-ulcinj.com\/blog\/wp-content\/uploads\/2014\/11\/nimanbegu.jpg"}],"twitter_misc":{"Written by":"ulqini","Est. reading time":"1 minute"},"schema":{"@context":"https:\/\/schema.org","@graph":[{"@type":"WebSite","@id":"https:\/\/www.visit-ulcinj.com\/blog\/#website","url":"https:\/\/www.visit-ulcinj.com\/blog\/","name":"Lajme nga Ulqini","description":"Lajme,Vijesti,Ulqini,Ulqin,Crna Gora,Mali i Zi","potentialAction":[{"@type":"SearchAction","target":{"@type":"EntryPoint","urlTemplate":"https:\/\/www.visit-ulcinj.com\/blog\/?s={search_term_string}"},"query-input":"required name=search_term_string"}],"inLanguage":"en-US"},{"@type":"ImageObject","inLanguage":"en-US","@id":"https:\/\/www.visit-ulcinj.com\/blog\/2014\/11\/14\/nimanbegu-ne-debat-te-ashper-per-propozim-ligjin-e-ri-per-mediat\/#primaryimage","url":"https:\/\/www.visit-ulcinj.com\/blog\/wp-content\/uploads\/2014\/11\/nimanbegu.jpg","contentUrl":"https:\/\/www.visit-ulcinj.com\/blog\/wp-content\/uploads\/2014\/11\/nimanbegu.jpg","width":519,"height":316},{"@type":"WebPage","@id":"https:\/\/www.visit-ulcinj.com\/blog\/2014\/11\/14\/nimanbegu-ne-debat-te-ashper-per-propozim-ligjin-e-ri-per-mediat\/#webpage","url":"https:\/\/www.visit-ulcinj.com\/blog\/2014\/11\/14\/nimanbegu-ne-debat-te-ashper-per-propozim-ligjin-e-ri-per-mediat\/","name":"Nimanbegu n\u00eb debat t\u00eb ashp\u00ebr p\u00ebr propozim ligjin e ri p\u00ebr mediat - Lajme nga Ulqini","isPartOf":{"@id":"https:\/\/www.visit-ulcinj.com\/blog\/#website"},"primaryImageOfPage":{"@id":"https:\/\/www.visit-ulcinj.com\/blog\/2014\/11\/14\/nimanbegu-ne-debat-te-ashper-per-propozim-ligjin-e-ri-per-mediat\/#primaryimage"},"datePublished":"2014-11-14T16:46:11+00:00","dateModified":"2014-11-14T16:46:11+00:00","author":{"@id":"https:\/\/www.visit-ulcinj.com\/blog\/#\/schema\/person\/dcab619c614d3038751c63bc2aadc06d"},"description":"N\u00eb Kuvendin e Malit t\u00eb Zi ka filluar debati mbi propozimin e ndryshimit t\u00eb ligjeve p\u00ebr media me t\u00eb cilat \u00ebsht\u00eb parapar\u00eb ndalimi i distribuimit t\u00eb medias i","breadcrumb":{"@id":"https:\/\/www.visit-ulcinj.com\/blog\/2014\/11\/14\/nimanbegu-ne-debat-te-ashper-per-propozim-ligjin-e-ri-per-mediat\/#breadcrumb"},"inLanguage":"en-US","potentialAction":[{"@type":"ReadAction","target":["https:\/\/www.visit-ulcinj.com\/blog\/2014\/11\/14\/nimanbegu-ne-debat-te-ashper-per-propozim-ligjin-e-ri-per-mediat\/"]}]},{"@type":"BreadcrumbList","@id":"https:\/\/www.visit-ulcinj.com\/blog\/2014\/11\/14\/nimanbegu-ne-debat-te-ashper-per-propozim-ligjin-e-ri-per-mediat\/#breadcrumb","itemListElement":[{"@type":"ListItem","position":1,"name":"Nimanbegu n\u00eb debat t\u00eb ashp\u00ebr p\u00ebr propozim ligjin e ri p\u00ebr mediat"}]},{"@type":"Person","@id":"https:\/\/www.visit-ulcinj.com\/blog\/#\/schema\/person\/dcab619c614d3038751c63bc2aadc06d","name":"ulqini","sameAs":["http:\/\/www.visit-ulcinj.com"],"url":"https:\/\/www.visit-ulcinj.com\/blog\/author\/admin\/"}]}},"jetpack_featured_media_url":"","jetpack_sharing_enabled":true,"jetpack_shortlink":"https:\/\/wp.me\/pe6lTn-mtw","_links":{"self":[{"href":"https:\/\/www.visit-ulcinj.com\/blog\/wp-json\/wp\/v2\/posts\/86398"}],"collection":[{"href":"https:\/\/www.visit-ulcinj.com\/blog\/wp-json\/wp\/v2\/posts"}],"about":[{"href":"https:\/\/www.visit-ulcinj.com\/blog\/wp-json\/wp\/v2\/types\/post"}],"author":[{"embeddable":true,"href":"https:\/\/www.visit-ulcinj.com\/blog\/wp-json\/wp\/v2\/users\/1"}],"replies":[{"embeddable":true,"href":"https:\/\/www.visit-ulcinj.com\/blog\/wp-json\/wp\/v2\/comments?post=86398"}],"version-history":[{"count":1,"href":"https:\/\/www.visit-ulcinj.com\/blog\/wp-json\/wp\/v2\/posts\/86398\/revisions"}],"predecessor-version":[{"id":86400,"href":"https:\/\/www.visit-ulcinj.com\/blog\/wp-json\/wp\/v2\/posts\/86398\/revisions\/86400"}],"wp:attachment":[{"href":"https:\/\/www.visit-ulcinj.com\/blog\/wp-json\/wp\/v2\/media?parent=86398"}],"wp:term":[{"taxonomy":"category","embeddable":true,"href":"https:\/\/www.visit-ulcinj.com\/blog\/wp-json\/wp\/v2\/categories?post=86398"},{"taxonomy":"post_tag","embeddable":true,"href":"https:\/\/www.visit-ulcinj.com\/blog\/wp-json\/wp\/v2\/tags?post=86398"}],"curies":[{"name":"wp","href":"https:\/\/api.w.org\/{rel}","templated":true}]}}