{"id":8640,"date":"2009-01-11T20:35:19","date_gmt":"2009-01-11T19:35:19","guid":{"rendered":"http:\/\/www.visit-ulcinj.com\/blog\/?p=8640"},"modified":"2009-01-11T20:35:23","modified_gmt":"2009-01-11T19:35:23","slug":"varzat-shkodrane-nuse-ne-serbi","status":"publish","type":"post","link":"https:\/\/www.visit-ulcinj.com\/blog\/2009\/01\/11\/varzat-shkodrane-nuse-ne-serbi\/","title":{"rendered":"Varzat Shkodrane, nuse n\u00eb Serbi"},"content":{"rendered":"<p><strong><a rel=\"attachment wp-att-8641\" href=\"http:\/\/www.visit-ulcinj.com\/blog\/2009\/01\/11\/varzat-shkodrane-nuse-ne-serbi\/vera-cardaku_darko-stjepanovic\/\"><img loading=\"lazy\" class=\"alignleft size-full wp-image-8641\" title=\"vera-cardaku_darko-stjepanovic\" src=\"http:\/\/www.visit-ulcinj.com\/blog\/wp-content\/uploads\/2009\/01\/vera-cardaku_darko-stjepanovic.jpg\" alt=\"vera-cardaku_darko-stjepanovic\" width=\"390\" height=\"334\" srcset=\"https:\/\/www.visit-ulcinj.com\/blog\/wp-content\/uploads\/2009\/01\/vera-cardaku_darko-stjepanovic.jpg 650w, https:\/\/www.visit-ulcinj.com\/blog\/wp-content\/uploads\/2009\/01\/vera-cardaku_darko-stjepanovic-300x256.jpg 300w\" sizes=\"(max-width: 390px) 100vw, 390px\" \/><\/a>P\u00ebr shkak t\u00eb munges\u00ebs s\u00eb nuseve, meshkujt nga rrethi i Visegradit t\u00eb Serbis\u00eb udh\u00ebtojn\u00eb bashk\u00eb me p\u00ebrkthyes dhe familjar\u00eb p\u00ebr t\u00eb k\u00ebrkuar nuse n\u00eb Shqip\u00ebri. E japin pastaj bes\u00ebn dhe pason fejesa. Puthja e par\u00eb vjen tek pas martes\u00ebs.<\/strong><br \/>\nNuset e reja nga Shqip\u00ebria kan\u00eb nisur t\u00eb vijn\u00eb n\u00eb rrethin e lumit Drina. E para erdhi n\u00eb fund t\u00eb vitit 2008, n\u00eb fshatin Paocici, rreth pes\u00ebmb\u00ebdhjet\u00eb kilometra larg Visegradit.<br \/>\n\u00cbsht\u00eb Vera \u00c7ardaku (31), nga rrethi i Shkodr\u00ebs, ajo q\u00eb ishte martuar me Darko Stjepanovic (30).<\/p>\n<p>Pa dasm\u00ebs sipas zakoneve tradicionale shqiptare, e pastaj edhe sipas atyre ortodokse, dy t\u00eb sapomartuarit jetojn\u00eb n\u00eb nj\u00eb pron\u00eb familjare n\u00eb fshatin Paocici, bashk\u00eb me prind\u00ebrit e Darko\u2019s. Banor\u00ebt e pak\u00ebt, dhe kryesisht t\u00eb moshuar, t\u00eb fshatit pajtohen n\u00eb nj\u00eb gj\u00eb \u2013 se Vera p\u00ebr nj\u00eb koh\u00eb t\u00eb shkurt\u00ebt arriti q\u00eb ta rilindte sht\u00ebpin\u00eb e Stjepanovic\u00ebve. N\u00eb sht\u00ebpi dhe p\u00ebrreth saj gjith\u00e7ka \u00ebsht\u00eb n\u00eb vend. Fqinj\u00ebt thon\u00eb se nusja e Darko\u2019s \u00ebsht\u00eb adaptuar shum\u00eb mir\u00eb n\u00eb Paocici, si t\u00eb ishte lindur atje.<\/p>\n<p>\u201cNj\u00eb nuse e till\u00eb mund vet\u00ebm t\u00eb d\u00ebshirohet\u201d, e lavd\u00ebrojn\u00eb t\u00eb gjith\u00eb, ndon\u00ebse as dh\u00ebnd\u00ebri darko nuk e fsheh\u00eb k\u00ebnaq\u00ebsin\u00eb. Si\u00e7 thot\u00eb, p\u00ebr shkak t\u00eb dashuris\u00eb q\u00eb ishte kismet dhe t\u00eb nj\u00eb jete m\u00eb t\u00eb mir\u00eb, Vera vendosi q\u00eb t\u00eb shkonte larg vendlindjes, nd\u00ebrsa n\u00eb rrethin e Visegradit, gjegj\u00ebsisht n\u00eb fshatin Paocici, ku edhe ndodhet prona e Stjepanovic\u00ebve, ajo \u00ebsht\u00eb pritur shum\u00eb bukur. Aq m\u00eb tep\u00ebr dihet se ka koh\u00eb q\u00eb vajzat pa shum\u00eb d\u00ebshir\u00eb marrohen me meshkujt nga k\u00ebto fshatra.<\/p>\n<p>\u201cKa ardhur nj\u00eb koh\u00eb e \u00e7uditshme. Vajzat sapo ta ndjejn\u00eb asfaltin n\u00ebn k\u00ebmb\u00eb nuk don\u00eb t\u00eb kthehen m\u00eb n\u00eb fshat, ku ka prona, mjaft kafsh\u00eb sht\u00ebpiake, dhe gjith\u00e7ka q\u00eb na duhet p\u00ebr nj\u00eb jet\u00eb t\u00eb mir\u00eb. Prandaj edhe vendosa q\u00eb t\u00eb merrja rrug\u00eb drejt Shqip\u00ebris\u00eb, t\u00eb gjej nj\u00eb nuse p\u00ebr vete, p\u00ebr nj\u00eb jet\u00eb t\u00eb lumtur n\u00eb fshatin tim Paocici\u201d, tregon Darko.<\/p>\n<p>Thot\u00eb se nj\u00eb shok i tij nga Ivanjica, i cili po ashtu \u00ebsht\u00eb martuar me nj\u00eb shqiptare, e k\u00ebshilloi q\u00eb ta b\u00ebnte k\u00ebt\u00eb gj\u00eb, por edhe ku ta kalonte kufirin dhe n\u00eb cil\u00ebn pjes\u00eb t\u00eb Shqip\u00ebris\u00eb t\u00eb shkonte p\u00ebr nuse. Pasi gjeti nj\u00eb p\u00ebrkthyes, Darko, bashk\u00eb me edhe dy kush\u00ebrinj nga Visegradi, u nis me vetur\u00eb p\u00ebr Shkod\u00ebr p\u00ebrmes Malit t\u00eb Zi, n\u00eb fillim t\u00eb vitit 2008.<\/p>\n<p>\u201cKur arrit\u00ebm n\u00eb rrethin e Shkodr\u00ebs, i vizituam 15 sht\u00ebpi, t\u00eb cilat kishin vajza p\u00ebr martes\u00eb. Mund t\u00eb zgjidhja, filluar nga ato t\u00eb mosh\u00ebs 16 e deri te ato t\u00eb mosh\u00ebs 40-vje\u00e7are, por ja q\u00eb un\u00eb e zgjodha vera \u00c7ardakun, vajz\u00ebn e Nocit dhe Zhelin\u00ebs, t\u00eb cil\u00ebt i kan\u00eb edhe tet\u00eb f\u00ebmij\u00eb\u201d, tregon Darko.<\/p>\n<p>\u201cSipas zakoneve t\u00eb atjeshme, p\u00ebr fejes\u00eb m\u00eb \u00ebsht\u00eb dashur q\u00eb me vete t\u00eb merrja nj\u00eb zinxhir\u00eb ari, me nj\u00eb var\u00ebse me shkronj\u00ebn e par\u00eb t\u00eb emrit tim ose me nj\u00eb kryq, nj\u00eb unaz\u00eb, nj\u00eb byzylyk dhe nj\u00eb pal\u00eb vath\u00eb. Po t\u00eb kishte munguar cilado nga k\u00ebto, un\u00eb s\u2019do t\u00eb kisha mundur ta k\u00ebrkoja. Dhe, edhe di\u00e7ka, Ver\u00ebs s\u2019do t\u00eb mund t\u2019i propozoja martes\u00eb i vet\u00ebm, k\u00ebshtu q\u00eb bashk\u00eb me mua duheshin t\u00eb ishin s\u00eb paku edhe shtat\u00eb familjar\u00eb\u201d. Her\u00ebn e par\u00eb vet\u00ebm e kishte par\u00eb, derisa ajo po parakalonte para tij, si n\u00eb ndonj\u00eb pasarel\u00eb mode.<\/p>\n<p>\u201cHer\u00ebn e dyt\u00eb e dhash\u00eb bes\u00ebn, e her\u00ebn e tret\u00eb e fejova. Vet\u00ebm pas k\u00ebsaj guxoja ta p\u00ebrqafoja. Her\u00ebn e kat\u00ebr shkova p\u00ebr t\u2019u marr\u00eb vesh rreth dasm\u00ebs me prind\u00ebrit e saj, kurse tek her\u00ebn e pest\u00eb munda q\u00eb ta nxirrja jasht\u00eb sht\u00ebpis\u00eb\u201d, vazhdon Darko rr\u00ebfimin e ti interesant.<\/p>\n<p>Tregon edhe p\u00ebr at\u00eb se si krushqit \u00ebsht\u00eb dashur q\u00eb t\u00eb shkonin para or\u00ebs 12, sepse po t\u00eb vonoheshin nga dasma s\u2019do t\u00eb kishte gj\u00eb. \u201cTek pas p\u00ebrfundimit t\u00eb martes\u00ebs n\u00eb sht\u00ebpin\u00eb e saj, p\u00ebr her\u00eb t\u00eb par\u00eb e p\u00ebrqafova dhe putha n\u00eb vetur\u00eb, pasi e kaluam kufirin me Malin e Zi. N\u00eb Paocici na priti i gjith\u00eb fshati dhe familja, q\u00eb kishte ardhur enkas p\u00ebr k\u00ebt\u00eb rast. T\u00eb gjith\u00eb donin ta shihnin nusen nga Shqip\u00ebria. Vera ua puthi t\u00eb gjith\u00ebve duart, duke u p\u00ebrkulur para secilit prej tyre, posa\u00e7\u00ebrisht para n\u00ebn\u00ebs dhe bab\u00ebs tim. Ishte ky momenti kur isha njeriu m\u00eb i lumtur n\u00eb bot\u00eb\u201d tregon Darko.<\/p>\n<p>Vera \u00c7ardaku tash tre muaj jeton n\u00eb Paocici, me burrin dhe prind\u00ebrit e tij. Gjuh\u00ebn serbe e flet dob\u00ebt por, si\u00e7 thot\u00eb, kupton mjaft fjal\u00eb. Prandaj \u00e7ifti dhe familjar\u00ebt e shfryt\u00ebzojn\u00eb fjalorin e madh \u2018Serbisht-Shqip\u2019. N\u00eb pyetjet e shumta Vera zakonisht p\u00ebrgjigjet me: \u201csuper\u201d. \u201cSuper Darko, super n\u00ebna dhe super baba, super fshati\u201d, jan\u00eb p\u00ebrgjigjet dhe komentet e saj m\u00eb t\u00eb shpesht\u00eb n\u00eb pyetjet e kureshtar\u00ebve.<\/p>\n<p>Darko thot\u00eb se kalojn\u00eb shum\u00eb mir\u00eb mes vete dhe se i p\u00eblqen sesi Vera i ka pranuar prind\u00ebrit e tij dhe obligimet e shumta n\u00eb sht\u00ebpi dhe n\u00eb fush\u00eb. \u201cDuhet t\u00eb pranoj se nuk isha m\u00ebsuar me k\u00ebt\u00eb rit\u00ebm t\u00eb pun\u00ebs. Por, p\u00ebr nj\u00eb koh\u00eb t\u00eb shkurt\u00ebr sa jemi t\u00eb martuar, Vera ka ndikuar shum\u00eb n\u00eb mua. Ajo insiston n\u00eb kryerjen e p\u00ebrditshme t\u00eb t\u00eb gjitha pun\u00ebve, q\u00eb n\u00eb fshat ka sa t\u00eb duash\u201d sqaron Darko.<\/p>\n<p>P\u00ebr shkak t\u00eb migrimeve n\u00ebp\u00ebr fshatrat e rrethit t\u00eb Visegradit, p\u00ebrreth lumit Drina dhe drejt Bajina Basta, nj\u00eb num\u00ebr i madh meshkujsh mbesin t\u00eb pamartuar. Por, edhe ata tani po mendohen q\u00eb t\u00eb shkojn\u00eb gjurm\u00ebve t\u00eb Darko\u2019s dhe t\u00eb krijojn\u00eb familjet e tyre me koh\u00eb.<br \/>\n<strong>(Politika)<br \/>\nGazeta Express<\/strong><\/p>\n","protected":false},"excerpt":{"rendered":"<p>P\u00ebr shkak t\u00eb munges\u00ebs s\u00eb nuseve, meshkujt nga rrethi i Visegradit t\u00eb Serbis\u00eb udh\u00ebtojn\u00eb bashk\u00eb me p\u00ebrkthyes dhe familjar\u00eb p\u00ebr t\u00eb k\u00ebrkuar nuse n\u00eb Shqip\u00ebri. E japin pastaj bes\u00ebn dhe pason fejesa. Puthja e par\u00eb vjen tek pas martes\u00ebs. Nuset e reja nga Shqip\u00ebria kan\u00eb nisur t\u00eb vijn\u00eb n\u00eb rrethin e lumit Drina. E para [&hellip;]<\/p>\n","protected":false},"author":1,"featured_media":0,"comment_status":"open","ping_status":"closed","sticky":false,"template":"","format":"standard","meta":{"spay_email":"","jetpack_publicize_message":"","jetpack_is_tweetstorm":false,"jetpack_publicize_feature_enabled":true},"categories":[14],"tags":[5697,5698,3617,5694,5695,5696,5699],"jetpack_publicize_connections":[],"yoast_head":"<!-- This site is optimized with the Yoast SEO plugin v19.1 - https:\/\/yoast.com\/wordpress\/plugins\/seo\/ -->\n<title>Varzat Shkodrane, nuse n\u00eb Serbi - Lajme nga Ulqini<\/title>\n<meta name=\"description\" content=\"P\u00ebr shkak t\u00eb munges\u00ebs s\u00eb nuseve, meshkujt nga rrethi i Visegradit t\u00eb Serbis\u00eb udh\u00ebtojn\u00eb bashk\u00eb me p\u00ebrkthyes dhe familjar\u00eb p\u00ebr t\u00eb k\u00ebrkuar nuse n\u00eb Shqip\u00ebri.\" \/>\n<meta name=\"robots\" content=\"index, follow, max-snippet:-1, max-image-preview:large, max-video-preview:-1\" \/>\n<link rel=\"canonical\" href=\"https:\/\/www.visit-ulcinj.com\/blog\/2009\/01\/11\/varzat-shkodrane-nuse-ne-serbi\/\" \/>\n<meta property=\"og:locale\" content=\"en_US\" \/>\n<meta property=\"og:type\" content=\"article\" \/>\n<meta property=\"og:title\" content=\"Varzat Shkodrane, nuse n\u00eb Serbi - Lajme nga Ulqini\" \/>\n<meta property=\"og:description\" content=\"P\u00ebr shkak t\u00eb munges\u00ebs s\u00eb nuseve, meshkujt nga rrethi i Visegradit t\u00eb Serbis\u00eb udh\u00ebtojn\u00eb bashk\u00eb me p\u00ebrkthyes dhe familjar\u00eb p\u00ebr t\u00eb k\u00ebrkuar nuse n\u00eb Shqip\u00ebri.\" \/>\n<meta property=\"og:url\" content=\"https:\/\/www.visit-ulcinj.com\/blog\/2009\/01\/11\/varzat-shkodrane-nuse-ne-serbi\/\" \/>\n<meta property=\"og:site_name\" content=\"Lajme nga Ulqini\" \/>\n<meta property=\"article:published_time\" content=\"2009-01-11T19:35:19+00:00\" \/>\n<meta property=\"article:modified_time\" content=\"2009-01-11T19:35:23+00:00\" \/>\n<meta property=\"og:image\" content=\"http:\/\/www.visit-ulcinj.com\/blog\/wp-content\/uploads\/2009\/01\/vera-cardaku_darko-stjepanovic.jpg\" \/>\n<meta name=\"twitter:label1\" content=\"Written by\" \/>\n\t<meta name=\"twitter:data1\" content=\"ulqini\" \/>\n\t<meta name=\"twitter:label2\" content=\"Est. reading time\" \/>\n\t<meta name=\"twitter:data2\" content=\"5 minutes\" \/>\n<script type=\"application\/ld+json\" class=\"yoast-schema-graph\">{\"@context\":\"https:\/\/schema.org\",\"@graph\":[{\"@type\":\"WebSite\",\"@id\":\"https:\/\/www.visit-ulcinj.com\/blog\/#website\",\"url\":\"https:\/\/www.visit-ulcinj.com\/blog\/\",\"name\":\"Lajme nga Ulqini\",\"description\":\"Lajme,Vijesti,Ulqini,Ulqin,Crna Gora,Mali i Zi\",\"potentialAction\":[{\"@type\":\"SearchAction\",\"target\":{\"@type\":\"EntryPoint\",\"urlTemplate\":\"https:\/\/www.visit-ulcinj.com\/blog\/?s={search_term_string}\"},\"query-input\":\"required name=search_term_string\"}],\"inLanguage\":\"en-US\"},{\"@type\":\"ImageObject\",\"inLanguage\":\"en-US\",\"@id\":\"https:\/\/www.visit-ulcinj.com\/blog\/2009\/01\/11\/varzat-shkodrane-nuse-ne-serbi\/#primaryimage\",\"url\":\"https:\/\/www.visit-ulcinj.com\/blog\/wp-content\/uploads\/2009\/01\/vera-cardaku_darko-stjepanovic.jpg\",\"contentUrl\":\"https:\/\/www.visit-ulcinj.com\/blog\/wp-content\/uploads\/2009\/01\/vera-cardaku_darko-stjepanovic.jpg\",\"width\":\"650\",\"height\":\"556\"},{\"@type\":\"WebPage\",\"@id\":\"https:\/\/www.visit-ulcinj.com\/blog\/2009\/01\/11\/varzat-shkodrane-nuse-ne-serbi\/#webpage\",\"url\":\"https:\/\/www.visit-ulcinj.com\/blog\/2009\/01\/11\/varzat-shkodrane-nuse-ne-serbi\/\",\"name\":\"Varzat Shkodrane, nuse n\u00eb Serbi - Lajme nga Ulqini\",\"isPartOf\":{\"@id\":\"https:\/\/www.visit-ulcinj.com\/blog\/#website\"},\"primaryImageOfPage\":{\"@id\":\"https:\/\/www.visit-ulcinj.com\/blog\/2009\/01\/11\/varzat-shkodrane-nuse-ne-serbi\/#primaryimage\"},\"datePublished\":\"2009-01-11T19:35:19+00:00\",\"dateModified\":\"2009-01-11T19:35:23+00:00\",\"author\":{\"@id\":\"https:\/\/www.visit-ulcinj.com\/blog\/#\/schema\/person\/dcab619c614d3038751c63bc2aadc06d\"},\"description\":\"P\u00ebr shkak t\u00eb munges\u00ebs s\u00eb nuseve, meshkujt nga rrethi i Visegradit t\u00eb Serbis\u00eb udh\u00ebtojn\u00eb bashk\u00eb me p\u00ebrkthyes dhe familjar\u00eb p\u00ebr t\u00eb k\u00ebrkuar nuse n\u00eb Shqip\u00ebri.\",\"breadcrumb\":{\"@id\":\"https:\/\/www.visit-ulcinj.com\/blog\/2009\/01\/11\/varzat-shkodrane-nuse-ne-serbi\/#breadcrumb\"},\"inLanguage\":\"en-US\",\"potentialAction\":[{\"@type\":\"ReadAction\",\"target\":[\"https:\/\/www.visit-ulcinj.com\/blog\/2009\/01\/11\/varzat-shkodrane-nuse-ne-serbi\/\"]}]},{\"@type\":\"BreadcrumbList\",\"@id\":\"https:\/\/www.visit-ulcinj.com\/blog\/2009\/01\/11\/varzat-shkodrane-nuse-ne-serbi\/#breadcrumb\",\"itemListElement\":[{\"@type\":\"ListItem\",\"position\":1,\"name\":\"Varzat Shkodrane, nuse n\u00eb Serbi\"}]},{\"@type\":\"Person\",\"@id\":\"https:\/\/www.visit-ulcinj.com\/blog\/#\/schema\/person\/dcab619c614d3038751c63bc2aadc06d\",\"name\":\"ulqini\",\"sameAs\":[\"http:\/\/www.visit-ulcinj.com\"],\"url\":\"https:\/\/www.visit-ulcinj.com\/blog\/author\/admin\/\"}]}<\/script>\n<!-- \/ Yoast SEO plugin. -->","yoast_head_json":{"title":"Varzat Shkodrane, nuse n\u00eb Serbi - Lajme nga Ulqini","description":"P\u00ebr shkak t\u00eb munges\u00ebs s\u00eb nuseve, meshkujt nga rrethi i Visegradit t\u00eb Serbis\u00eb udh\u00ebtojn\u00eb bashk\u00eb me p\u00ebrkthyes dhe familjar\u00eb p\u00ebr t\u00eb k\u00ebrkuar nuse n\u00eb Shqip\u00ebri.","robots":{"index":"index","follow":"follow","max-snippet":"max-snippet:-1","max-image-preview":"max-image-preview:large","max-video-preview":"max-video-preview:-1"},"canonical":"https:\/\/www.visit-ulcinj.com\/blog\/2009\/01\/11\/varzat-shkodrane-nuse-ne-serbi\/","og_locale":"en_US","og_type":"article","og_title":"Varzat Shkodrane, nuse n\u00eb Serbi - Lajme nga Ulqini","og_description":"P\u00ebr shkak t\u00eb munges\u00ebs s\u00eb nuseve, meshkujt nga rrethi i Visegradit t\u00eb Serbis\u00eb udh\u00ebtojn\u00eb bashk\u00eb me p\u00ebrkthyes dhe familjar\u00eb p\u00ebr t\u00eb k\u00ebrkuar nuse n\u00eb Shqip\u00ebri.","og_url":"https:\/\/www.visit-ulcinj.com\/blog\/2009\/01\/11\/varzat-shkodrane-nuse-ne-serbi\/","og_site_name":"Lajme nga Ulqini","article_published_time":"2009-01-11T19:35:19+00:00","article_modified_time":"2009-01-11T19:35:23+00:00","og_image":[{"url":"http:\/\/www.visit-ulcinj.com\/blog\/wp-content\/uploads\/2009\/01\/vera-cardaku_darko-stjepanovic.jpg"}],"twitter_misc":{"Written by":"ulqini","Est. reading time":"5 minutes"},"schema":{"@context":"https:\/\/schema.org","@graph":[{"@type":"WebSite","@id":"https:\/\/www.visit-ulcinj.com\/blog\/#website","url":"https:\/\/www.visit-ulcinj.com\/blog\/","name":"Lajme nga Ulqini","description":"Lajme,Vijesti,Ulqini,Ulqin,Crna Gora,Mali i Zi","potentialAction":[{"@type":"SearchAction","target":{"@type":"EntryPoint","urlTemplate":"https:\/\/www.visit-ulcinj.com\/blog\/?s={search_term_string}"},"query-input":"required name=search_term_string"}],"inLanguage":"en-US"},{"@type":"ImageObject","inLanguage":"en-US","@id":"https:\/\/www.visit-ulcinj.com\/blog\/2009\/01\/11\/varzat-shkodrane-nuse-ne-serbi\/#primaryimage","url":"https:\/\/www.visit-ulcinj.com\/blog\/wp-content\/uploads\/2009\/01\/vera-cardaku_darko-stjepanovic.jpg","contentUrl":"https:\/\/www.visit-ulcinj.com\/blog\/wp-content\/uploads\/2009\/01\/vera-cardaku_darko-stjepanovic.jpg","width":"650","height":"556"},{"@type":"WebPage","@id":"https:\/\/www.visit-ulcinj.com\/blog\/2009\/01\/11\/varzat-shkodrane-nuse-ne-serbi\/#webpage","url":"https:\/\/www.visit-ulcinj.com\/blog\/2009\/01\/11\/varzat-shkodrane-nuse-ne-serbi\/","name":"Varzat Shkodrane, nuse n\u00eb Serbi - Lajme nga Ulqini","isPartOf":{"@id":"https:\/\/www.visit-ulcinj.com\/blog\/#website"},"primaryImageOfPage":{"@id":"https:\/\/www.visit-ulcinj.com\/blog\/2009\/01\/11\/varzat-shkodrane-nuse-ne-serbi\/#primaryimage"},"datePublished":"2009-01-11T19:35:19+00:00","dateModified":"2009-01-11T19:35:23+00:00","author":{"@id":"https:\/\/www.visit-ulcinj.com\/blog\/#\/schema\/person\/dcab619c614d3038751c63bc2aadc06d"},"description":"P\u00ebr shkak t\u00eb munges\u00ebs s\u00eb nuseve, meshkujt nga rrethi i Visegradit t\u00eb Serbis\u00eb udh\u00ebtojn\u00eb bashk\u00eb me p\u00ebrkthyes dhe familjar\u00eb p\u00ebr t\u00eb k\u00ebrkuar nuse n\u00eb Shqip\u00ebri.","breadcrumb":{"@id":"https:\/\/www.visit-ulcinj.com\/blog\/2009\/01\/11\/varzat-shkodrane-nuse-ne-serbi\/#breadcrumb"},"inLanguage":"en-US","potentialAction":[{"@type":"ReadAction","target":["https:\/\/www.visit-ulcinj.com\/blog\/2009\/01\/11\/varzat-shkodrane-nuse-ne-serbi\/"]}]},{"@type":"BreadcrumbList","@id":"https:\/\/www.visit-ulcinj.com\/blog\/2009\/01\/11\/varzat-shkodrane-nuse-ne-serbi\/#breadcrumb","itemListElement":[{"@type":"ListItem","position":1,"name":"Varzat Shkodrane, nuse n\u00eb Serbi"}]},{"@type":"Person","@id":"https:\/\/www.visit-ulcinj.com\/blog\/#\/schema\/person\/dcab619c614d3038751c63bc2aadc06d","name":"ulqini","sameAs":["http:\/\/www.visit-ulcinj.com"],"url":"https:\/\/www.visit-ulcinj.com\/blog\/author\/admin\/"}]}},"jetpack_featured_media_url":"","jetpack_sharing_enabled":true,"jetpack_shortlink":"https:\/\/wp.me\/pe6lTn-2fm","_links":{"self":[{"href":"https:\/\/www.visit-ulcinj.com\/blog\/wp-json\/wp\/v2\/posts\/8640"}],"collection":[{"href":"https:\/\/www.visit-ulcinj.com\/blog\/wp-json\/wp\/v2\/posts"}],"about":[{"href":"https:\/\/www.visit-ulcinj.com\/blog\/wp-json\/wp\/v2\/types\/post"}],"author":[{"embeddable":true,"href":"https:\/\/www.visit-ulcinj.com\/blog\/wp-json\/wp\/v2\/users\/1"}],"replies":[{"embeddable":true,"href":"https:\/\/www.visit-ulcinj.com\/blog\/wp-json\/wp\/v2\/comments?post=8640"}],"version-history":[{"count":0,"href":"https:\/\/www.visit-ulcinj.com\/blog\/wp-json\/wp\/v2\/posts\/8640\/revisions"}],"wp:attachment":[{"href":"https:\/\/www.visit-ulcinj.com\/blog\/wp-json\/wp\/v2\/media?parent=8640"}],"wp:term":[{"taxonomy":"category","embeddable":true,"href":"https:\/\/www.visit-ulcinj.com\/blog\/wp-json\/wp\/v2\/categories?post=8640"},{"taxonomy":"post_tag","embeddable":true,"href":"https:\/\/www.visit-ulcinj.com\/blog\/wp-json\/wp\/v2\/tags?post=8640"}],"curies":[{"name":"wp","href":"https:\/\/api.w.org\/{rel}","templated":true}]}}