{"id":86404,"date":"2014-11-14T19:34:54","date_gmt":"2014-11-14T18:34:54","guid":{"rendered":"http:\/\/www.visit-ulcinj.com\/blog\/?p=86404"},"modified":"2014-11-16T15:26:12","modified_gmt":"2014-11-16T14:26:12","slug":"nenshkruhet-marreveshja-e-pare-midis-komunes-se-ulqinit-dhe-ojq-se-likud-montenegro","status":"publish","type":"post","link":"https:\/\/www.visit-ulcinj.com\/blog\/2014\/11\/14\/nenshkruhet-marreveshja-e-pare-midis-komunes-se-ulqinit-dhe-ojq-se-likud-montenegro\/","title":{"rendered":"N\u00ebnshkruhet marr\u00ebveshja e par\u00eb midis Komun\u00ebs s\u00eb Ulqinit dhe OJQ-s\u00eb  \u201cLikud\u201d Montenegro"},"content":{"rendered":"<p><a href=\"http:\/\/www.visit-ulcinj.com\/blog\/wp-content\/uploads\/2014\/11\/Sporazum-o-saradnji-Opstine-Ulcinj-sa-Likud-Crna-Gora.jpg\"><img loading=\"lazy\" class=\"alignleft wp-image-86402\" src=\"http:\/\/www.visit-ulcinj.com\/blog\/wp-content\/uploads\/2014\/11\/Sporazum-o-saradnji-Opstine-Ulcinj-sa-Likud-Crna-Gora.jpg\" alt=\"Sporazum o saradnji Opstine-Ulcinj- sa Likud Crna Gora\" width=\"508\" height=\"381\" srcset=\"https:\/\/www.visit-ulcinj.com\/blog\/wp-content\/uploads\/2014\/11\/Sporazum-o-saradnji-Opstine-Ulcinj-sa-Likud-Crna-Gora.jpg 640w, https:\/\/www.visit-ulcinj.com\/blog\/wp-content\/uploads\/2014\/11\/Sporazum-o-saradnji-Opstine-Ulcinj-sa-Likud-Crna-Gora-300x225.jpg 300w\" sizes=\"(max-width: 508px) 100vw, 508px\" \/><\/a>Kryetari i Komun\u00ebs s\u00eb Ulqinit Z.Fatmir Gjeka n\u00ebnshroi mar\u00ebveshtjen e bash\u00ebpunimit me organizat\u00ebn joqeveritare &#8220;Likud Montenegro&#8221;, Mar\u00ebveshtja parasheh bashk\u00ebpunim t\u00eb nd\u00ebrsjellt\u00eb n\u00eb l\u00ebmin e kultur\u00ebs, historis\u00eb, letersis\u00eb por dhe bashk\u00ebpunim n\u00eb aspektin dhe afirmimin nd\u00ebretnik dhe nderfetar\u00eb.<br \/>\nKryetari i Organizat\u00ebs jo qeveritare &#8220;Likud Montenegro&#8221; Ratko Ceroviq tha se organizata q\u00eb ai drejton, parasheh q\u00eb n\u00eb ver\u00ebn e vitit t\u00eb ardheshe\u00ebm t\u00eb organizoj\u00eb n\u00eb qytetin ton\u00eb Kongresin nd\u00ebrkomb\u00ebtar dedikuar Mesis\u00eb Zabataj Zvi , personalitet i r\u00ebnd\u00ebsish\u00ebm i cili jetoi n\u00eb qytetin ton\u00eb n\u00eb shekullin 17.<\/p>\n<p>Kongresi u tha q\u00eb do t\u00eb tuboj\u00eb nj\u00eb numer te madh te eksperteve dhe studiuesve t\u00eb fushave t\u00eb ndryshme nga SHBA dhe vende te tjera njoh\u00ebs t\u00eb jet\u00ebs dhe vepr\u00ebs s\u00eb Zabata Zvi , p\u00ebr t\u00eb cilin thuhet se ishte themelues i l\u00ebvizjes masovike t\u00eb hebrenjve n\u00eb Turqi dhe ishte nxit\u00ebs i reform\u00ebs s\u00eb Talmudit hebreik.<br \/>\nKryetari Gjeka pas n\u00ebnshkrimit t\u00eb mar\u00ebveshtjes tha se Komuna e Ulqinit , perkrah cdo nis\u00ebm q\u00eb \u00ebsht\u00eb n\u00eb sh\u00ebrbim dhe dobi t\u00eb turizmit kulturor\u00eb. Un\u00eb dhe bashk\u00ebpunetoret e mij nenvizoi Gjeka jemi t\u00eb hapur per bashkepunim me sejcilen organizate joqeveritare dhe do t\u00eb percjellim me vem\u00ebndje organizimin e aktivitetit ne fjal\u00eb me q\u00ebllim q\u00eb realizimi i tij t\u00eb jape frytet e d\u00ebshiruara.<\/p>\n<!--YouTube Error: bad URL entered-->\n<p>&nbsp;<\/p>\n","protected":false},"excerpt":{"rendered":"<p>Kryetari i Komun\u00ebs s\u00eb Ulqinit Z.Fatmir Gjeka n\u00ebnshroi mar\u00ebveshtjen e bash\u00ebpunimit me organizat\u00ebn joqeveritare &#8220;Likud Montenegro&#8221;, Mar\u00ebveshtja parasheh bashk\u00ebpunim t\u00eb nd\u00ebrsjellt\u00eb n\u00eb l\u00ebmin e kultur\u00ebs, historis\u00eb, letersis\u00eb por dhe bashk\u00ebpunim n\u00eb aspektin dhe afirmimin nd\u00ebretnik dhe nderfetar\u00eb. Kryetari i Organizat\u00ebs jo qeveritare &#8220;Likud Montenegro&#8221; Ratko Ceroviq tha se organizata q\u00eb ai drejton, parasheh q\u00eb n\u00eb [&hellip;]<\/p>\n","protected":false},"author":1,"featured_media":0,"comment_status":"closed","ping_status":"closed","sticky":false,"template":"","format":"standard","meta":{"spay_email":"","jetpack_publicize_message":"","jetpack_is_tweetstorm":false,"jetpack_publicize_feature_enabled":true},"categories":[2451],"tags":[],"jetpack_publicize_connections":[],"yoast_head":"<!-- This site is optimized with the Yoast SEO plugin v19.1 - https:\/\/yoast.com\/wordpress\/plugins\/seo\/ -->\n<title>N\u00ebnshkruhet marr\u00ebveshja e par\u00eb midis Komun\u00ebs s\u00eb Ulqinit dhe OJQ-s\u00eb \u201cLikud\u201d Montenegro - Lajme nga Ulqini<\/title>\n<meta name=\"description\" content=\"Kryetari i Komun\u00ebs s\u00eb Ulqinit Z.Fatmir Gjeka n\u00ebnshroi mar\u00ebveshtjen e bash\u00ebpunimit me organizat\u00ebn joqeveritare &quot;Likud Montenegro&quot;, Mar\u00ebveshtja parasheh\" \/>\n<meta name=\"robots\" content=\"index, follow, max-snippet:-1, max-image-preview:large, max-video-preview:-1\" \/>\n<link rel=\"canonical\" href=\"https:\/\/www.visit-ulcinj.com\/blog\/2014\/11\/14\/nenshkruhet-marreveshja-e-pare-midis-komunes-se-ulqinit-dhe-ojq-se-likud-montenegro\/\" \/>\n<meta property=\"og:locale\" content=\"en_US\" \/>\n<meta property=\"og:type\" content=\"article\" \/>\n<meta property=\"og:title\" content=\"N\u00ebnshkruhet marr\u00ebveshja e par\u00eb midis Komun\u00ebs s\u00eb Ulqinit dhe OJQ-s\u00eb \u201cLikud\u201d Montenegro - Lajme nga Ulqini\" \/>\n<meta property=\"og:description\" content=\"Kryetari i Komun\u00ebs s\u00eb Ulqinit Z.Fatmir Gjeka n\u00ebnshroi mar\u00ebveshtjen e bash\u00ebpunimit me organizat\u00ebn joqeveritare &quot;Likud Montenegro&quot;, Mar\u00ebveshtja parasheh\" \/>\n<meta property=\"og:url\" content=\"https:\/\/www.visit-ulcinj.com\/blog\/2014\/11\/14\/nenshkruhet-marreveshja-e-pare-midis-komunes-se-ulqinit-dhe-ojq-se-likud-montenegro\/\" \/>\n<meta property=\"og:site_name\" content=\"Lajme nga Ulqini\" \/>\n<meta property=\"article:published_time\" content=\"2014-11-14T18:34:54+00:00\" \/>\n<meta property=\"article:modified_time\" content=\"2014-11-16T14:26:12+00:00\" \/>\n<meta property=\"og:image\" content=\"http:\/\/www.visit-ulcinj.com\/blog\/wp-content\/uploads\/2014\/11\/Sporazum-o-saradnji-Opstine-Ulcinj-sa-Likud-Crna-Gora.jpg\" \/>\n<meta name=\"twitter:label1\" content=\"Written by\" \/>\n\t<meta name=\"twitter:data1\" content=\"ulqini\" \/>\n\t<meta name=\"twitter:label2\" content=\"Est. reading time\" \/>\n\t<meta name=\"twitter:data2\" content=\"1 minute\" \/>\n<script type=\"application\/ld+json\" class=\"yoast-schema-graph\">{\"@context\":\"https:\/\/schema.org\",\"@graph\":[{\"@type\":\"WebSite\",\"@id\":\"https:\/\/www.visit-ulcinj.com\/blog\/#website\",\"url\":\"https:\/\/www.visit-ulcinj.com\/blog\/\",\"name\":\"Lajme nga Ulqini\",\"description\":\"Lajme,Vijesti,Ulqini,Ulqin,Crna Gora,Mali i Zi\",\"potentialAction\":[{\"@type\":\"SearchAction\",\"target\":{\"@type\":\"EntryPoint\",\"urlTemplate\":\"https:\/\/www.visit-ulcinj.com\/blog\/?s={search_term_string}\"},\"query-input\":\"required name=search_term_string\"}],\"inLanguage\":\"en-US\"},{\"@type\":\"ImageObject\",\"inLanguage\":\"en-US\",\"@id\":\"https:\/\/www.visit-ulcinj.com\/blog\/2014\/11\/14\/nenshkruhet-marreveshja-e-pare-midis-komunes-se-ulqinit-dhe-ojq-se-likud-montenegro\/#primaryimage\",\"url\":\"https:\/\/www.visit-ulcinj.com\/blog\/wp-content\/uploads\/2014\/11\/Sporazum-o-saradnji-Opstine-Ulcinj-sa-Likud-Crna-Gora.jpg\",\"contentUrl\":\"https:\/\/www.visit-ulcinj.com\/blog\/wp-content\/uploads\/2014\/11\/Sporazum-o-saradnji-Opstine-Ulcinj-sa-Likud-Crna-Gora.jpg\",\"width\":640,\"height\":480},{\"@type\":\"WebPage\",\"@id\":\"https:\/\/www.visit-ulcinj.com\/blog\/2014\/11\/14\/nenshkruhet-marreveshja-e-pare-midis-komunes-se-ulqinit-dhe-ojq-se-likud-montenegro\/#webpage\",\"url\":\"https:\/\/www.visit-ulcinj.com\/blog\/2014\/11\/14\/nenshkruhet-marreveshja-e-pare-midis-komunes-se-ulqinit-dhe-ojq-se-likud-montenegro\/\",\"name\":\"N\u00ebnshkruhet marr\u00ebveshja e par\u00eb midis Komun\u00ebs s\u00eb Ulqinit dhe OJQ-s\u00eb \u201cLikud\u201d Montenegro - Lajme nga Ulqini\",\"isPartOf\":{\"@id\":\"https:\/\/www.visit-ulcinj.com\/blog\/#website\"},\"primaryImageOfPage\":{\"@id\":\"https:\/\/www.visit-ulcinj.com\/blog\/2014\/11\/14\/nenshkruhet-marreveshja-e-pare-midis-komunes-se-ulqinit-dhe-ojq-se-likud-montenegro\/#primaryimage\"},\"datePublished\":\"2014-11-14T18:34:54+00:00\",\"dateModified\":\"2014-11-16T14:26:12+00:00\",\"author\":{\"@id\":\"https:\/\/www.visit-ulcinj.com\/blog\/#\/schema\/person\/dcab619c614d3038751c63bc2aadc06d\"},\"description\":\"Kryetari i Komun\u00ebs s\u00eb Ulqinit Z.Fatmir Gjeka n\u00ebnshroi mar\u00ebveshtjen e bash\u00ebpunimit me organizat\u00ebn joqeveritare \\\"Likud Montenegro\\\", Mar\u00ebveshtja parasheh\",\"breadcrumb\":{\"@id\":\"https:\/\/www.visit-ulcinj.com\/blog\/2014\/11\/14\/nenshkruhet-marreveshja-e-pare-midis-komunes-se-ulqinit-dhe-ojq-se-likud-montenegro\/#breadcrumb\"},\"inLanguage\":\"en-US\",\"potentialAction\":[{\"@type\":\"ReadAction\",\"target\":[\"https:\/\/www.visit-ulcinj.com\/blog\/2014\/11\/14\/nenshkruhet-marreveshja-e-pare-midis-komunes-se-ulqinit-dhe-ojq-se-likud-montenegro\/\"]}]},{\"@type\":\"BreadcrumbList\",\"@id\":\"https:\/\/www.visit-ulcinj.com\/blog\/2014\/11\/14\/nenshkruhet-marreveshja-e-pare-midis-komunes-se-ulqinit-dhe-ojq-se-likud-montenegro\/#breadcrumb\",\"itemListElement\":[{\"@type\":\"ListItem\",\"position\":1,\"name\":\"N\u00ebnshkruhet marr\u00ebveshja e par\u00eb midis Komun\u00ebs s\u00eb Ulqinit dhe OJQ-s\u00eb \u201cLikud\u201d Montenegro\"}]},{\"@type\":\"Person\",\"@id\":\"https:\/\/www.visit-ulcinj.com\/blog\/#\/schema\/person\/dcab619c614d3038751c63bc2aadc06d\",\"name\":\"ulqini\",\"sameAs\":[\"http:\/\/www.visit-ulcinj.com\"],\"url\":\"https:\/\/www.visit-ulcinj.com\/blog\/author\/admin\/\"}]}<\/script>\n<!-- \/ Yoast SEO plugin. -->","yoast_head_json":{"title":"N\u00ebnshkruhet marr\u00ebveshja e par\u00eb midis Komun\u00ebs s\u00eb Ulqinit dhe OJQ-s\u00eb \u201cLikud\u201d Montenegro - Lajme nga Ulqini","description":"Kryetari i Komun\u00ebs s\u00eb Ulqinit Z.Fatmir Gjeka n\u00ebnshroi mar\u00ebveshtjen e bash\u00ebpunimit me organizat\u00ebn joqeveritare \"Likud Montenegro\", Mar\u00ebveshtja parasheh","robots":{"index":"index","follow":"follow","max-snippet":"max-snippet:-1","max-image-preview":"max-image-preview:large","max-video-preview":"max-video-preview:-1"},"canonical":"https:\/\/www.visit-ulcinj.com\/blog\/2014\/11\/14\/nenshkruhet-marreveshja-e-pare-midis-komunes-se-ulqinit-dhe-ojq-se-likud-montenegro\/","og_locale":"en_US","og_type":"article","og_title":"N\u00ebnshkruhet marr\u00ebveshja e par\u00eb midis Komun\u00ebs s\u00eb Ulqinit dhe OJQ-s\u00eb \u201cLikud\u201d Montenegro - Lajme nga Ulqini","og_description":"Kryetari i Komun\u00ebs s\u00eb Ulqinit Z.Fatmir Gjeka n\u00ebnshroi mar\u00ebveshtjen e bash\u00ebpunimit me organizat\u00ebn joqeveritare \"Likud Montenegro\", Mar\u00ebveshtja parasheh","og_url":"https:\/\/www.visit-ulcinj.com\/blog\/2014\/11\/14\/nenshkruhet-marreveshja-e-pare-midis-komunes-se-ulqinit-dhe-ojq-se-likud-montenegro\/","og_site_name":"Lajme nga Ulqini","article_published_time":"2014-11-14T18:34:54+00:00","article_modified_time":"2014-11-16T14:26:12+00:00","og_image":[{"url":"http:\/\/www.visit-ulcinj.com\/blog\/wp-content\/uploads\/2014\/11\/Sporazum-o-saradnji-Opstine-Ulcinj-sa-Likud-Crna-Gora.jpg"}],"twitter_misc":{"Written by":"ulqini","Est. reading time":"1 minute"},"schema":{"@context":"https:\/\/schema.org","@graph":[{"@type":"WebSite","@id":"https:\/\/www.visit-ulcinj.com\/blog\/#website","url":"https:\/\/www.visit-ulcinj.com\/blog\/","name":"Lajme nga Ulqini","description":"Lajme,Vijesti,Ulqini,Ulqin,Crna Gora,Mali i Zi","potentialAction":[{"@type":"SearchAction","target":{"@type":"EntryPoint","urlTemplate":"https:\/\/www.visit-ulcinj.com\/blog\/?s={search_term_string}"},"query-input":"required name=search_term_string"}],"inLanguage":"en-US"},{"@type":"ImageObject","inLanguage":"en-US","@id":"https:\/\/www.visit-ulcinj.com\/blog\/2014\/11\/14\/nenshkruhet-marreveshja-e-pare-midis-komunes-se-ulqinit-dhe-ojq-se-likud-montenegro\/#primaryimage","url":"https:\/\/www.visit-ulcinj.com\/blog\/wp-content\/uploads\/2014\/11\/Sporazum-o-saradnji-Opstine-Ulcinj-sa-Likud-Crna-Gora.jpg","contentUrl":"https:\/\/www.visit-ulcinj.com\/blog\/wp-content\/uploads\/2014\/11\/Sporazum-o-saradnji-Opstine-Ulcinj-sa-Likud-Crna-Gora.jpg","width":640,"height":480},{"@type":"WebPage","@id":"https:\/\/www.visit-ulcinj.com\/blog\/2014\/11\/14\/nenshkruhet-marreveshja-e-pare-midis-komunes-se-ulqinit-dhe-ojq-se-likud-montenegro\/#webpage","url":"https:\/\/www.visit-ulcinj.com\/blog\/2014\/11\/14\/nenshkruhet-marreveshja-e-pare-midis-komunes-se-ulqinit-dhe-ojq-se-likud-montenegro\/","name":"N\u00ebnshkruhet marr\u00ebveshja e par\u00eb midis Komun\u00ebs s\u00eb Ulqinit dhe OJQ-s\u00eb \u201cLikud\u201d Montenegro - Lajme nga Ulqini","isPartOf":{"@id":"https:\/\/www.visit-ulcinj.com\/blog\/#website"},"primaryImageOfPage":{"@id":"https:\/\/www.visit-ulcinj.com\/blog\/2014\/11\/14\/nenshkruhet-marreveshja-e-pare-midis-komunes-se-ulqinit-dhe-ojq-se-likud-montenegro\/#primaryimage"},"datePublished":"2014-11-14T18:34:54+00:00","dateModified":"2014-11-16T14:26:12+00:00","author":{"@id":"https:\/\/www.visit-ulcinj.com\/blog\/#\/schema\/person\/dcab619c614d3038751c63bc2aadc06d"},"description":"Kryetari i Komun\u00ebs s\u00eb Ulqinit Z.Fatmir Gjeka n\u00ebnshroi mar\u00ebveshtjen e bash\u00ebpunimit me organizat\u00ebn joqeveritare \"Likud Montenegro\", Mar\u00ebveshtja parasheh","breadcrumb":{"@id":"https:\/\/www.visit-ulcinj.com\/blog\/2014\/11\/14\/nenshkruhet-marreveshja-e-pare-midis-komunes-se-ulqinit-dhe-ojq-se-likud-montenegro\/#breadcrumb"},"inLanguage":"en-US","potentialAction":[{"@type":"ReadAction","target":["https:\/\/www.visit-ulcinj.com\/blog\/2014\/11\/14\/nenshkruhet-marreveshja-e-pare-midis-komunes-se-ulqinit-dhe-ojq-se-likud-montenegro\/"]}]},{"@type":"BreadcrumbList","@id":"https:\/\/www.visit-ulcinj.com\/blog\/2014\/11\/14\/nenshkruhet-marreveshja-e-pare-midis-komunes-se-ulqinit-dhe-ojq-se-likud-montenegro\/#breadcrumb","itemListElement":[{"@type":"ListItem","position":1,"name":"N\u00ebnshkruhet marr\u00ebveshja e par\u00eb midis Komun\u00ebs s\u00eb Ulqinit dhe OJQ-s\u00eb \u201cLikud\u201d Montenegro"}]},{"@type":"Person","@id":"https:\/\/www.visit-ulcinj.com\/blog\/#\/schema\/person\/dcab619c614d3038751c63bc2aadc06d","name":"ulqini","sameAs":["http:\/\/www.visit-ulcinj.com"],"url":"https:\/\/www.visit-ulcinj.com\/blog\/author\/admin\/"}]}},"jetpack_featured_media_url":"","jetpack_sharing_enabled":true,"jetpack_shortlink":"https:\/\/wp.me\/pe6lTn-mtC","_links":{"self":[{"href":"https:\/\/www.visit-ulcinj.com\/blog\/wp-json\/wp\/v2\/posts\/86404"}],"collection":[{"href":"https:\/\/www.visit-ulcinj.com\/blog\/wp-json\/wp\/v2\/posts"}],"about":[{"href":"https:\/\/www.visit-ulcinj.com\/blog\/wp-json\/wp\/v2\/types\/post"}],"author":[{"embeddable":true,"href":"https:\/\/www.visit-ulcinj.com\/blog\/wp-json\/wp\/v2\/users\/1"}],"replies":[{"embeddable":true,"href":"https:\/\/www.visit-ulcinj.com\/blog\/wp-json\/wp\/v2\/comments?post=86404"}],"version-history":[{"count":2,"href":"https:\/\/www.visit-ulcinj.com\/blog\/wp-json\/wp\/v2\/posts\/86404\/revisions"}],"predecessor-version":[{"id":86423,"href":"https:\/\/www.visit-ulcinj.com\/blog\/wp-json\/wp\/v2\/posts\/86404\/revisions\/86423"}],"wp:attachment":[{"href":"https:\/\/www.visit-ulcinj.com\/blog\/wp-json\/wp\/v2\/media?parent=86404"}],"wp:term":[{"taxonomy":"category","embeddable":true,"href":"https:\/\/www.visit-ulcinj.com\/blog\/wp-json\/wp\/v2\/categories?post=86404"},{"taxonomy":"post_tag","embeddable":true,"href":"https:\/\/www.visit-ulcinj.com\/blog\/wp-json\/wp\/v2\/tags?post=86404"}],"curies":[{"name":"wp","href":"https:\/\/api.w.org\/{rel}","templated":true}]}}