{"id":86450,"date":"2014-11-19T15:52:02","date_gmt":"2014-11-19T14:52:02","guid":{"rendered":"http:\/\/www.visit-ulcinj.com\/blog\/?p=86450"},"modified":"2014-11-20T11:39:42","modified_gmt":"2014-11-20T10:39:42","slug":"nika-njeti-dhe-marifeti-protestes-ne-ulqin-kunder-diskriminimit-ne-arsim-2","status":"publish","type":"post","link":"https:\/\/www.visit-ulcinj.com\/blog\/2014\/11\/19\/nika-njeti-dhe-marifeti-protestes-ne-ulqin-kunder-diskriminimit-ne-arsim-2\/","title":{"rendered":"Nika: Njeti dhe marifeti i i protest\u00ebs n\u00eb Ulqin \u2013 Kund\u00ebr diskriminimit n\u00eb arsim (2)"},"content":{"rendered":"<p><strong><em><a href=\"http:\/\/www.visit-ulcinj.com\/blog\/wp-content\/uploads\/2014\/11\/Kund\u00ebr-diskriminimit-n\u00eb-arsim-Ulqin.jpg\"><img loading=\"lazy\" class=\"alignleft wp-image-86451\" src=\"http:\/\/www.visit-ulcinj.com\/blog\/wp-content\/uploads\/2014\/11\/Kund\u00ebr-diskriminimit-n\u00eb-arsim-Ulqin.jpg\" alt=\"Kund\u00ebr diskriminimit n\u00eb arsim Ulqin\" width=\"508\" height=\"324\" srcset=\"https:\/\/www.visit-ulcinj.com\/blog\/wp-content\/uploads\/2014\/11\/Kund\u00ebr-diskriminimit-n\u00eb-arsim-Ulqin.jpg 628w, https:\/\/www.visit-ulcinj.com\/blog\/wp-content\/uploads\/2014\/11\/Kund\u00ebr-diskriminimit-n\u00eb-arsim-Ulqin-300x191.jpg 300w\" sizes=\"(max-width: 508px) 100vw, 508px\" \/><\/a><\/em><\/strong>(<strong><em>Njeti dhe marifeti n\u00eb fotografi&#8230;?!! &#8211; A thua se edhe k\u00ebta , kan\u00eb d\u00ebgjuar di\u00e7 p\u00ebr m\u00ebditjet e marra q\u00eb p\u00ebrmend Lika dhe po (p\u00ebr)qeshin&#8230;,mos<\/em><\/strong><strong><em> ?!!!)<\/em><\/strong><\/p>\n<p>&nbsp;<\/p>\n<p><strong><em>Shkruan : Muhamet Nika,<\/em><\/strong><\/p>\n<p><strong><em>\u00a0<\/em><\/strong><\/p>\n<p><strong><em>NJETI DHE MARIFETI I PROTEST\u00cbS N\u00cb ULQIN KUND\u00cbR DISKRIMINIMIT N\u00cb ARSIM (2)<\/em><\/strong><\/p>\n<h1><em>\u00a0<\/em><\/h1>\n<p>\u201c <strong><em>Ta kall\u00ebzoj me gisht- nuk e din \u00e7ka isht.\u201d- K\u00ebshtu quhej dikur nj\u00eb loj\u00eb f\u00ebmij\u00ebsh?!!!<\/em><\/strong><\/p>\n<p>Sa p\u00ebr pun\u00ebn e tubimit protestues p\u00ebr arsim shqip, t\u00eb organizuar n\u00eb Ulqin, duhet ve\u00e7uar se kjo pun\u00eb tash m\u00eb trajtohet kapitulli i mbyllur p\u00ebr komisionin e bisedimeve rreth integrimeve evropiane p\u00ebr shtetin e Malit t\u00eb Zi. Politika bashk\u00eb me ne edhe k\u00ebsaj radhe u vonua dhe protesta e till\u00eb aktualisht mund t\u00eb sh\u00ebrbej\u00eb n\u00eb t\u00eb ardhmen p\u00ebr marketing politik\u00eb t\u00eb atyre q\u00eb mund t\u00eb d\u00ebshirojn\u00eb t\u00eb ken\u00eb alibi, p\u00ebr formimin e ndonj\u00eb partie t\u00eb re(si mund t\u00eb jet\u00eb n\u00eb rastin konkret&#8230;),, ose t\u00eb cil\u00ebt d\u00ebshirojn\u00eb q\u00eb me k\u00ebt\u00eb t\u00eb p\u00ebrmir\u00ebsojn\u00eb rejtingun e r\u00ebn\u00eb politik- rasti, Bardhi, Abazoviq etj.<\/p>\n<p>M\u00ebsohet se nga 33 kapitujt q\u00eb duhej t\u00eb plot\u00ebsoj\u00eb Mali i Zi, n\u00eb kuad\u00ebr t\u00eb bisedimeve p\u00ebr integrime evropiane, komisioni p\u00ebrkat\u00ebs tha se Mali i Zi , e ka rregulluar sipas standardeve evropiane \u00e7\u00ebshtjen e arsimit, duke e dh\u00ebn\u00eb provimin?! E kjo do t\u00eb thot\u00eb se ai neve si shtet n\u00eb k\u00ebt\u00eb l\u00ebmi , nuk na ka m\u00eb kurr\u00eb far\u00eb borxhi&#8230;?!!!<\/p>\n<p>P\u00ebr \u00e7udi gjat\u00eb miratimit t\u00eb k\u00ebtij kapitulli nga komisioni p\u00ebrkat\u00ebs, nuk u v\u00ebrtetua q\u00eb atyre tu jet\u00eb d\u00ebrguar ndonj\u00eb shkres\u00eb (let\u00ebr me v\u00ebrejtjet)e Bardhit, i cili deklaroi rreth protest\u00ebs, se \u201c LD n\u00eb MZ, p\u00ebr sa i p\u00ebrket arsimit tash 17 vjet i ka k\u00ebrkesat e qarta&#8230;?! Me siguri k\u00ebshtu si po i shkon puna k\u00ebtij subjekti , do t\u00eb na duhen m\u00eb s\u00eb paku edhe nja 17 vjet tjera pritje&#8230;.?!! Gjithashtu m\u00ebsuam, se komisionit p\u00ebrkat\u00ebs , nuk pam\u00eb t\u2019i kish arritur edhe shkresa e K\u00ebshillit Nacional p\u00ebr t\u00eb cil\u00ebn kryetari Nimanbegu, cekte n\u00eb letr\u00ebn e vet t\u00eb lexuar n\u00eb protest\u00eb , \u201cse e kish nisur n\u00eb t\u00eb gjith\u00eb adresat&#8230;\u201d ?!!!<em>!<\/em><\/p>\n<p><strong><em>Edhe dy fjal\u00eb p\u00ebr \u201dnjetin\u201ddhe \u201cmarifetin\u201d e pal\u00ebve n\u00eb protest\u00eb \u2013 t\u00eb atyre q\u00eb ishin dhe atyre q\u00eb nuk ishin pjes\u00eb marr\u00ebs t\u00eb saj<\/em><\/strong><\/p>\n<p>Pasi tubimi i ra t\u00eb organizohej t\u00eb premten -pak para dreke , pas p\u00ebrfundimit t\u00eb tij( u tha me sukses)?! K\u00ebmb\u00ebt disi m\u00eb \u00e7uan n\u00eb nj\u00eb\u00a0\u00a0 tubim tjet\u00ebr, at\u00eb t\u00eb besimtar\u00ebve q\u00eb tubohen n\u00eb faltore , p\u00ebr t\u2019i b\u00ebr\u00eb rixha Zotit, n\u00eb m\u00ebnyr\u00eb q\u00eb ai , t\u2019iu plot\u00ebsoj\u00eb d\u00ebshirat n\u00eb jet\u00eb dhe n\u00eb familje..?!!! Gj\u00ebja e par\u00eb q\u00eb m\u00eb ra n\u00eb sy, ishte masiviteti dhe struktura e t\u00eb rinjve prezent\u00eb n\u00eb tubimin javor t\u00eb s\u00eb premtes p\u00ebr dallim nga i pari. Por edhe k\u00ebtu nuk prezantonin t\u00eb gjith\u00eb, ashtu si n\u00eb t\u00eb parin, ku nj\u00eb krah i politik\u00ebs nuk prezantoi fare. Fjala n\u00eb tubimin e dyt\u00eb \u00ebsht\u00eb p\u00ebr sektin e sufive(dervish\u00ebve)?!<\/p>\n<p>Mbase k\u00ebto t\u00eb politik\u00ebs q\u00eb nuk kishin ardhur n\u00eb protest\u00eb , mu si sekti i p\u00ebrmendur flet p\u00ebr ndarjen q\u00eb n\u00eb fe njihet si puna e \u201c notit\u201d dhe \u201cmarifetit\u201d.Kuptohet kur \u00ebsht\u00eb n\u00eb pyetje riti dhe m\u00ebnyra e lutjes . Dhe k\u00ebshtu ngjash\u00ebm mund ti bie q\u00eb derisa hoxha m\u00ebson se p\u00ebr nj\u00eb lutje tek Zoti, mjafton vet\u00ebm \u201c njeti\u201d, dervish\u00ebt shtojn\u00eb se p\u00ebr tu pranuar lutja duhet edhe \u201c marifeti\u201d \u2013ve\u00e7antia e metod\u00ebs s\u00eb lutjes&#8230;?!!Mir\u00ebpo edhe populli, mbi baz\u00ebn e praktik\u00ebs e thot\u00eb k\u00ebt\u00eb, q\u00eb :\u201dNuk mjafton vet\u00ebm\u201d njeti\u201d, por duhet edhe \u201cmarifeti&#8230;\u201d?!!!<\/p>\n<p>P\u00ebr vete pasi mu kujtuan t\u00eb gjitha k\u00ebto\u201d n\u00eb nj\u00eb sekond\u00eb\u201d, luta zotin, q\u00eb organizator\u00ebt e protest\u00ebs t\u00eb mos jen\u00eb vet\u00ebm me\u201d njetin\u201d e Bardhit,Ibro\u00e7it etj, por t\u00eb ken\u00eb edhe marifetin i cili shihet se na mungoi n\u00eb k\u00ebt\u00eb pun\u00eb( ku t\u2019i dihet)?!!! Njeriu \u00ebsht\u00eb i kufizuar n\u00eb raport me dijen dhe mund\u00ebsin\u00eb hyjnore t\u00eb pranimit t\u00eb lutjes!!!. Nuk b\u00ebn\u00eb ta hedhim posht\u00eb , as at\u00eb t\u00eb Gencit, q\u00eb ceku se ish i z\u00ebn\u00eb me do obligime tjera n\u00eb Podgoric\u00eb. Dhe ajo , q\u00eb \u00ebsht\u00eb m\u00eb kryesorja, po duket q\u00eb edhe Bardhi na qenk\u00ebsh i k\u00ebnaqur , pasi u bind se ka l\u00ebn\u00eb, si\u00e7 tha, trash\u00ebgimtar\u00eb t\u00eb denj\u00eb&#8230;?! Inshalla nd\u00ebrron moti e zbutet edhe me Nik\u00eb Gjeloshin si trash\u00ebgimtar i tij n\u00eb parlament duke ia l\u00ebshuar mandatin e deputetit&#8230;?!!!<\/p>\n<p><strong><em><a href=\"http:\/\/www.visit-ulcinj.com\/blog\/wp-content\/uploads\/2014\/11\/Basri-Lika.jpg\"><img loading=\"lazy\" class=\"alignleft size-full wp-image-86452\" src=\"http:\/\/www.visit-ulcinj.com\/blog\/wp-content\/uploads\/2014\/11\/Basri-Lika.jpg\" alt=\"Basri-Lika\" width=\"211\" height=\"137\" \/><\/a>Ku gabojn\u00eb politikan\u00ebt dhe a ia q\u00eblloi Basri Lika&#8230;?!!!<\/em><\/strong><\/p>\n<p>Pasi trajtimi i gjendjes n\u00eb arsim dhe kultur\u00eb, n\u00eb raportin e komisionit t\u00eb integrimeve evropiane t\u00eb Malit t\u00eb Zi, si\u00e7 u tha, \u00ebsht\u00eb me status t\u00eb \u00e7\u00ebshtjes s\u00eb mbyllur- kapitullit 26, n\u00eb se k\u00ebto q\u00eb protestuan dhe m\u00eb pas u prononcuan, n\u00eb se nuk kan\u00eb ndonj\u00eb\u201d njet\u201ddhe\u201d marifet\u201d tjet\u00ebr, at\u00ebher\u00eb t\u00eb mos adresojn\u00eb akuzat vet\u00ebm n\u00eb qeveri.., por t\u2019i drejtohen edhe komisionit evropian n\u00eb kuad\u00ebr t\u00eb kapitujve 23 dhe 24 q\u00eb priten t\u00eb hapen s\u00eb shpejti. Fjala \u00ebsht\u00eb p\u00ebr kapitujt q\u00eb kan\u00eb t\u00eb b\u00ebjn\u00eb me sundimin e t\u00eb drejt\u00ebs, themelet e shtetit ligjor- drejt\u00ebsi,liri e siguri&#8230;?!!!<\/p>\n<p><strong><em>Shkurt p\u00ebr Bardhin Vlen p\u00ebr Bardhin<\/em><\/strong>, a thua se , si e shpjegon \u00e7\u00ebshtjen e Lugin\u00ebs s\u00eb Preshev\u00ebs, e cila u internacionalizua tej mase , duke pritur madje edhe vet\u00eb kryeministrin e Shqip\u00ebris\u00eb p\u00ebr tu ndihmuar n\u00eb zgjidhjen e problemeve n\u00eb raport me shtet- pra edhe n\u00eb arsim?! A thua se si ia arrit\u00ebn ta dramatizojn\u00eb \u00e7\u00ebshtjen e vet , kur dihet q\u00eb nuk ishin pal\u00eb n\u00eb konflikt dhe as q\u00eb mor\u00ebn pjes\u00eb n\u00eb kuad\u00ebr t\u00eb Konferenc\u00ebs s\u00eb Paqjes p\u00ebr Is-Jugosllavin\u00eb , n\u00eb Lond\u00ebr, p\u00ebr dallim prej Jush,q\u00eb mor\u00ebt pjes\u00eb si p\u00ebrfaq\u00ebsues i shqiptar\u00ebve n\u00eb Mal t\u00eb Zi, bile edhe me delegacion&#8230;?!!A thua se \u00e7far\u00eb mandati ka Medojeviqi- para jush, kur na kujton se jemi \u00e7\u00ebshtje e hapur dhe t\u00eb nisim bisedimet- <strong><em>por jo n\u00eb prezenc\u00ebn e t\u00eb huajve?!<\/em><\/strong> P\u00ebrse k\u00ebrkoni ndihm\u00eb nga Shqip\u00ebria dhe Kosova , kur m\u00eb her\u00ebt , i keni refuzuar thirrjet p\u00ebr bashk\u00ebpunim t\u00eb b\u00ebra nga ministria e jashtme shqiptare, duke th\u00ebn\u00eb q\u00eb \u201c ata t\u00eb rregullojn\u00eb pun\u00ebt e veta, e pastaj t\u00eb k\u00ebrkojn\u00eb llogari prej nesh&#8230;\u201d?!!! P\u00ebrse zgjedh si mjet komunikimi me koalicionin shqiptar , p\u00ebr pun\u00eb t\u00eb mandatit t\u00eb deputetit me Nik\u00eb Gjeloshin, gazet\u00ebn \u201cDan&#8230;\u201d?!!! Athua me k\u00ebt\u00eb fyeni informimin shqip&#8230;?!!! Por nejse, p\u00ebr t p\u00ebrfunduar me nj\u00eb relaks.<\/p>\n<p>Shikojeni edhe nj\u00eb her\u00eb k\u00ebt\u00eb fotografi t\u00eb protest\u00ebs, q\u00eb fitoi edhe komente n\u00eb fejsbuk se ndoshta edhe juve , si mua, u kujtohet ajo e Basri Lik\u00ebs , kur tha: <strong>\u201dGjat\u00eb formimit t\u00eb komisionit p\u00ebr arsim dhe kultur\u00eb, kan\u00eb qen\u00eb edhe shqiptar\u00ebt t\u00eb cil\u00ebt kan\u00eb arritur t\u00eb marrin m\u00ebditjet e tyre dhe nuk e kan\u00eb kund\u00ebrshtuar, do t\u00eb thot\u00eb nuk kan\u00eb bojkotuar k\u00ebt\u00eb projekt t\u00eb cilin p\u00ebr ne sot \u00ebsht\u00eb diskriminim<\/strong>\u201d- Andaj zor se situata mund t\u00eb nd\u00ebrrohet. Njeti dhe marifeti, nga nj\u00eb her\u00eb nuk \u00ebsht\u00eb e th\u00ebn\u00eb se duhet t\u00eb shkojn\u00eb bashk\u00eb, besoj m\u00eb kuptoni se \u00e7far\u00eb dua t\u00eb them&#8230;?!!! K\u00ebto t\u00eb qeshura si m\u00eb\u00a0posht\u00eb mua m\u00eb shtyjn\u00eb t\u00eb dyshoj.<\/p>\n","protected":false},"excerpt":{"rendered":"<p>(Njeti dhe marifeti n\u00eb fotografi&#8230;?!! &#8211; A thua se edhe k\u00ebta , kan\u00eb d\u00ebgjuar di\u00e7 p\u00ebr m\u00ebditjet e marra q\u00eb p\u00ebrmend Lika dhe po (p\u00ebr)qeshin&#8230;,mos ?!!!) &nbsp; Shkruan : Muhamet Nika, \u00a0 NJETI DHE MARIFETI I PROTEST\u00cbS N\u00cb ULQIN KUND\u00cbR DISKRIMINIMIT N\u00cb ARSIM (2) \u00a0 \u201c Ta kall\u00ebzoj me gisht- nuk e din \u00e7ka isht.\u201d- [&hellip;]<\/p>\n","protected":false},"author":1,"featured_media":0,"comment_status":"closed","ping_status":"closed","sticky":false,"template":"","format":"standard","meta":{"spay_email":"","jetpack_publicize_message":"","jetpack_is_tweetstorm":false,"jetpack_publicize_feature_enabled":true},"categories":[1,14249],"tags":[],"jetpack_publicize_connections":[],"yoast_head":"<!-- This site is optimized with the Yoast SEO plugin v19.1 - https:\/\/yoast.com\/wordpress\/plugins\/seo\/ -->\n<title>Nika: Njeti dhe marifeti i i protest\u00ebs n\u00eb Ulqin \u2013 Kund\u00ebr diskriminimit n\u00eb arsim (2) - Lajme nga Ulqini<\/title>\n<meta name=\"description\" content=\"(Njeti dhe marifeti n\u00eb fotografi...?!! - A thua se edhe k\u00ebta , kan\u00eb d\u00ebgjuar di\u00e7 p\u00ebr m\u00ebditjet e marra q\u00eb p\u00ebrmend Lika dhe po (p\u00ebr)qeshin...,mos ?!!!)\" \/>\n<meta name=\"robots\" content=\"index, follow, max-snippet:-1, max-image-preview:large, max-video-preview:-1\" \/>\n<link rel=\"canonical\" href=\"https:\/\/www.visit-ulcinj.com\/blog\/2014\/11\/19\/nika-njeti-dhe-marifeti-protestes-ne-ulqin-kunder-diskriminimit-ne-arsim-2\/\" \/>\n<meta property=\"og:locale\" content=\"en_US\" \/>\n<meta property=\"og:type\" content=\"article\" \/>\n<meta property=\"og:title\" content=\"Nika: Njeti dhe marifeti i i protest\u00ebs n\u00eb Ulqin \u2013 Kund\u00ebr diskriminimit n\u00eb arsim (2) - Lajme nga Ulqini\" \/>\n<meta property=\"og:description\" content=\"(Njeti dhe marifeti n\u00eb fotografi...?!! - A thua se edhe k\u00ebta , kan\u00eb d\u00ebgjuar di\u00e7 p\u00ebr m\u00ebditjet e marra q\u00eb p\u00ebrmend Lika dhe po (p\u00ebr)qeshin...,mos ?!!!)\" \/>\n<meta property=\"og:url\" content=\"https:\/\/www.visit-ulcinj.com\/blog\/2014\/11\/19\/nika-njeti-dhe-marifeti-protestes-ne-ulqin-kunder-diskriminimit-ne-arsim-2\/\" \/>\n<meta property=\"og:site_name\" content=\"Lajme nga Ulqini\" \/>\n<meta property=\"article:published_time\" content=\"2014-11-19T14:52:02+00:00\" \/>\n<meta property=\"article:modified_time\" content=\"2014-11-20T10:39:42+00:00\" \/>\n<meta property=\"og:image\" content=\"http:\/\/www.visit-ulcinj.com\/blog\/wp-content\/uploads\/2014\/11\/Basri-Lika.jpg\" \/>\n<meta name=\"twitter:label1\" content=\"Written by\" \/>\n\t<meta name=\"twitter:data1\" content=\"ulqini\" \/>\n\t<meta name=\"twitter:label2\" content=\"Est. reading time\" \/>\n\t<meta name=\"twitter:data2\" content=\"6 minutes\" \/>\n<script type=\"application\/ld+json\" class=\"yoast-schema-graph\">{\"@context\":\"https:\/\/schema.org\",\"@graph\":[{\"@type\":\"WebSite\",\"@id\":\"https:\/\/www.visit-ulcinj.com\/blog\/#website\",\"url\":\"https:\/\/www.visit-ulcinj.com\/blog\/\",\"name\":\"Lajme nga Ulqini\",\"description\":\"Lajme,Vijesti,Ulqini,Ulqin,Crna Gora,Mali i Zi\",\"potentialAction\":[{\"@type\":\"SearchAction\",\"target\":{\"@type\":\"EntryPoint\",\"urlTemplate\":\"https:\/\/www.visit-ulcinj.com\/blog\/?s={search_term_string}\"},\"query-input\":\"required name=search_term_string\"}],\"inLanguage\":\"en-US\"},{\"@type\":\"ImageObject\",\"inLanguage\":\"en-US\",\"@id\":\"https:\/\/www.visit-ulcinj.com\/blog\/2014\/11\/19\/nika-njeti-dhe-marifeti-protestes-ne-ulqin-kunder-diskriminimit-ne-arsim-2\/#primaryimage\",\"url\":\"https:\/\/www.visit-ulcinj.com\/blog\/wp-content\/uploads\/2014\/11\/Basri-Lika.jpg\",\"contentUrl\":\"https:\/\/www.visit-ulcinj.com\/blog\/wp-content\/uploads\/2014\/11\/Basri-Lika.jpg\",\"width\":211,\"height\":137},{\"@type\":\"WebPage\",\"@id\":\"https:\/\/www.visit-ulcinj.com\/blog\/2014\/11\/19\/nika-njeti-dhe-marifeti-protestes-ne-ulqin-kunder-diskriminimit-ne-arsim-2\/#webpage\",\"url\":\"https:\/\/www.visit-ulcinj.com\/blog\/2014\/11\/19\/nika-njeti-dhe-marifeti-protestes-ne-ulqin-kunder-diskriminimit-ne-arsim-2\/\",\"name\":\"Nika: Njeti dhe marifeti i i protest\u00ebs n\u00eb Ulqin \u2013 Kund\u00ebr diskriminimit n\u00eb arsim (2) - Lajme nga Ulqini\",\"isPartOf\":{\"@id\":\"https:\/\/www.visit-ulcinj.com\/blog\/#website\"},\"primaryImageOfPage\":{\"@id\":\"https:\/\/www.visit-ulcinj.com\/blog\/2014\/11\/19\/nika-njeti-dhe-marifeti-protestes-ne-ulqin-kunder-diskriminimit-ne-arsim-2\/#primaryimage\"},\"datePublished\":\"2014-11-19T14:52:02+00:00\",\"dateModified\":\"2014-11-20T10:39:42+00:00\",\"author\":{\"@id\":\"https:\/\/www.visit-ulcinj.com\/blog\/#\/schema\/person\/dcab619c614d3038751c63bc2aadc06d\"},\"description\":\"(Njeti dhe marifeti n\u00eb fotografi...?!! - A thua se edhe k\u00ebta , kan\u00eb d\u00ebgjuar di\u00e7 p\u00ebr m\u00ebditjet e marra q\u00eb p\u00ebrmend Lika dhe po (p\u00ebr)qeshin...,mos ?!!!)\",\"breadcrumb\":{\"@id\":\"https:\/\/www.visit-ulcinj.com\/blog\/2014\/11\/19\/nika-njeti-dhe-marifeti-protestes-ne-ulqin-kunder-diskriminimit-ne-arsim-2\/#breadcrumb\"},\"inLanguage\":\"en-US\",\"potentialAction\":[{\"@type\":\"ReadAction\",\"target\":[\"https:\/\/www.visit-ulcinj.com\/blog\/2014\/11\/19\/nika-njeti-dhe-marifeti-protestes-ne-ulqin-kunder-diskriminimit-ne-arsim-2\/\"]}]},{\"@type\":\"BreadcrumbList\",\"@id\":\"https:\/\/www.visit-ulcinj.com\/blog\/2014\/11\/19\/nika-njeti-dhe-marifeti-protestes-ne-ulqin-kunder-diskriminimit-ne-arsim-2\/#breadcrumb\",\"itemListElement\":[{\"@type\":\"ListItem\",\"position\":1,\"name\":\"Nika: Njeti dhe marifeti i i protest\u00ebs n\u00eb Ulqin \u2013 Kund\u00ebr diskriminimit n\u00eb arsim (2)\"}]},{\"@type\":\"Person\",\"@id\":\"https:\/\/www.visit-ulcinj.com\/blog\/#\/schema\/person\/dcab619c614d3038751c63bc2aadc06d\",\"name\":\"ulqini\",\"sameAs\":[\"http:\/\/www.visit-ulcinj.com\"],\"url\":\"https:\/\/www.visit-ulcinj.com\/blog\/author\/admin\/\"}]}<\/script>\n<!-- \/ Yoast SEO plugin. -->","yoast_head_json":{"title":"Nika: Njeti dhe marifeti i i protest\u00ebs n\u00eb Ulqin \u2013 Kund\u00ebr diskriminimit n\u00eb arsim (2) - Lajme nga Ulqini","description":"(Njeti dhe marifeti n\u00eb fotografi...?!! - A thua se edhe k\u00ebta , kan\u00eb d\u00ebgjuar di\u00e7 p\u00ebr m\u00ebditjet e marra q\u00eb p\u00ebrmend Lika dhe po (p\u00ebr)qeshin...,mos ?!!!)","robots":{"index":"index","follow":"follow","max-snippet":"max-snippet:-1","max-image-preview":"max-image-preview:large","max-video-preview":"max-video-preview:-1"},"canonical":"https:\/\/www.visit-ulcinj.com\/blog\/2014\/11\/19\/nika-njeti-dhe-marifeti-protestes-ne-ulqin-kunder-diskriminimit-ne-arsim-2\/","og_locale":"en_US","og_type":"article","og_title":"Nika: Njeti dhe marifeti i i protest\u00ebs n\u00eb Ulqin \u2013 Kund\u00ebr diskriminimit n\u00eb arsim (2) - Lajme nga Ulqini","og_description":"(Njeti dhe marifeti n\u00eb fotografi...?!! - A thua se edhe k\u00ebta , kan\u00eb d\u00ebgjuar di\u00e7 p\u00ebr m\u00ebditjet e marra q\u00eb p\u00ebrmend Lika dhe po (p\u00ebr)qeshin...,mos ?!!!)","og_url":"https:\/\/www.visit-ulcinj.com\/blog\/2014\/11\/19\/nika-njeti-dhe-marifeti-protestes-ne-ulqin-kunder-diskriminimit-ne-arsim-2\/","og_site_name":"Lajme nga Ulqini","article_published_time":"2014-11-19T14:52:02+00:00","article_modified_time":"2014-11-20T10:39:42+00:00","og_image":[{"url":"http:\/\/www.visit-ulcinj.com\/blog\/wp-content\/uploads\/2014\/11\/Basri-Lika.jpg"}],"twitter_misc":{"Written by":"ulqini","Est. reading time":"6 minutes"},"schema":{"@context":"https:\/\/schema.org","@graph":[{"@type":"WebSite","@id":"https:\/\/www.visit-ulcinj.com\/blog\/#website","url":"https:\/\/www.visit-ulcinj.com\/blog\/","name":"Lajme nga Ulqini","description":"Lajme,Vijesti,Ulqini,Ulqin,Crna Gora,Mali i Zi","potentialAction":[{"@type":"SearchAction","target":{"@type":"EntryPoint","urlTemplate":"https:\/\/www.visit-ulcinj.com\/blog\/?s={search_term_string}"},"query-input":"required name=search_term_string"}],"inLanguage":"en-US"},{"@type":"ImageObject","inLanguage":"en-US","@id":"https:\/\/www.visit-ulcinj.com\/blog\/2014\/11\/19\/nika-njeti-dhe-marifeti-protestes-ne-ulqin-kunder-diskriminimit-ne-arsim-2\/#primaryimage","url":"https:\/\/www.visit-ulcinj.com\/blog\/wp-content\/uploads\/2014\/11\/Basri-Lika.jpg","contentUrl":"https:\/\/www.visit-ulcinj.com\/blog\/wp-content\/uploads\/2014\/11\/Basri-Lika.jpg","width":211,"height":137},{"@type":"WebPage","@id":"https:\/\/www.visit-ulcinj.com\/blog\/2014\/11\/19\/nika-njeti-dhe-marifeti-protestes-ne-ulqin-kunder-diskriminimit-ne-arsim-2\/#webpage","url":"https:\/\/www.visit-ulcinj.com\/blog\/2014\/11\/19\/nika-njeti-dhe-marifeti-protestes-ne-ulqin-kunder-diskriminimit-ne-arsim-2\/","name":"Nika: Njeti dhe marifeti i i protest\u00ebs n\u00eb Ulqin \u2013 Kund\u00ebr diskriminimit n\u00eb arsim (2) - Lajme nga Ulqini","isPartOf":{"@id":"https:\/\/www.visit-ulcinj.com\/blog\/#website"},"primaryImageOfPage":{"@id":"https:\/\/www.visit-ulcinj.com\/blog\/2014\/11\/19\/nika-njeti-dhe-marifeti-protestes-ne-ulqin-kunder-diskriminimit-ne-arsim-2\/#primaryimage"},"datePublished":"2014-11-19T14:52:02+00:00","dateModified":"2014-11-20T10:39:42+00:00","author":{"@id":"https:\/\/www.visit-ulcinj.com\/blog\/#\/schema\/person\/dcab619c614d3038751c63bc2aadc06d"},"description":"(Njeti dhe marifeti n\u00eb fotografi...?!! - A thua se edhe k\u00ebta , kan\u00eb d\u00ebgjuar di\u00e7 p\u00ebr m\u00ebditjet e marra q\u00eb p\u00ebrmend Lika dhe po (p\u00ebr)qeshin...,mos ?!!!)","breadcrumb":{"@id":"https:\/\/www.visit-ulcinj.com\/blog\/2014\/11\/19\/nika-njeti-dhe-marifeti-protestes-ne-ulqin-kunder-diskriminimit-ne-arsim-2\/#breadcrumb"},"inLanguage":"en-US","potentialAction":[{"@type":"ReadAction","target":["https:\/\/www.visit-ulcinj.com\/blog\/2014\/11\/19\/nika-njeti-dhe-marifeti-protestes-ne-ulqin-kunder-diskriminimit-ne-arsim-2\/"]}]},{"@type":"BreadcrumbList","@id":"https:\/\/www.visit-ulcinj.com\/blog\/2014\/11\/19\/nika-njeti-dhe-marifeti-protestes-ne-ulqin-kunder-diskriminimit-ne-arsim-2\/#breadcrumb","itemListElement":[{"@type":"ListItem","position":1,"name":"Nika: Njeti dhe marifeti i i protest\u00ebs n\u00eb Ulqin \u2013 Kund\u00ebr diskriminimit n\u00eb arsim (2)"}]},{"@type":"Person","@id":"https:\/\/www.visit-ulcinj.com\/blog\/#\/schema\/person\/dcab619c614d3038751c63bc2aadc06d","name":"ulqini","sameAs":["http:\/\/www.visit-ulcinj.com"],"url":"https:\/\/www.visit-ulcinj.com\/blog\/author\/admin\/"}]}},"jetpack_featured_media_url":"","jetpack_sharing_enabled":true,"jetpack_shortlink":"https:\/\/wp.me\/pe6lTn-mum","_links":{"self":[{"href":"https:\/\/www.visit-ulcinj.com\/blog\/wp-json\/wp\/v2\/posts\/86450"}],"collection":[{"href":"https:\/\/www.visit-ulcinj.com\/blog\/wp-json\/wp\/v2\/posts"}],"about":[{"href":"https:\/\/www.visit-ulcinj.com\/blog\/wp-json\/wp\/v2\/types\/post"}],"author":[{"embeddable":true,"href":"https:\/\/www.visit-ulcinj.com\/blog\/wp-json\/wp\/v2\/users\/1"}],"replies":[{"embeddable":true,"href":"https:\/\/www.visit-ulcinj.com\/blog\/wp-json\/wp\/v2\/comments?post=86450"}],"version-history":[{"count":1,"href":"https:\/\/www.visit-ulcinj.com\/blog\/wp-json\/wp\/v2\/posts\/86450\/revisions"}],"predecessor-version":[{"id":86453,"href":"https:\/\/www.visit-ulcinj.com\/blog\/wp-json\/wp\/v2\/posts\/86450\/revisions\/86453"}],"wp:attachment":[{"href":"https:\/\/www.visit-ulcinj.com\/blog\/wp-json\/wp\/v2\/media?parent=86450"}],"wp:term":[{"taxonomy":"category","embeddable":true,"href":"https:\/\/www.visit-ulcinj.com\/blog\/wp-json\/wp\/v2\/categories?post=86450"},{"taxonomy":"post_tag","embeddable":true,"href":"https:\/\/www.visit-ulcinj.com\/blog\/wp-json\/wp\/v2\/tags?post=86450"}],"curies":[{"name":"wp","href":"https:\/\/api.w.org\/{rel}","templated":true}]}}