{"id":86457,"date":"2014-11-19T16:14:44","date_gmt":"2014-11-19T15:14:44","guid":{"rendered":"http:\/\/www.visit-ulcinj.com\/blog\/?p=86457"},"modified":"2014-11-19T16:14:44","modified_gmt":"2014-11-19T15:14:44","slug":"ministri-malazez-shendetesise-miodrag-radunoviq-dha-doreheqje","status":"publish","type":"post","link":"https:\/\/www.visit-ulcinj.com\/blog\/2014\/11\/19\/ministri-malazez-shendetesise-miodrag-radunoviq-dha-doreheqje\/","title":{"rendered":"Ministri malazez i Sh\u00ebndet\u00ebsis\u00eb, Miodrag Radunoviq dha dor\u00ebheqje"},"content":{"rendered":"<p><a href=\"http:\/\/www.visit-ulcinj.com\/blog\/wp-content\/uploads\/2014\/11\/Miodrag-Radunovic.jpg\"><img loading=\"lazy\" class=\"alignleft wp-image-86458\" src=\"http:\/\/www.visit-ulcinj.com\/blog\/wp-content\/uploads\/2014\/11\/Miodrag-Radunovic.jpg\" alt=\"Miodrag-Radunovic\" width=\"508\" height=\"286\" srcset=\"https:\/\/www.visit-ulcinj.com\/blog\/wp-content\/uploads\/2014\/11\/Miodrag-Radunovic.jpg 640w, https:\/\/www.visit-ulcinj.com\/blog\/wp-content\/uploads\/2014\/11\/Miodrag-Radunovic-300x168.jpg 300w\" sizes=\"(max-width: 508px) 100vw, 508px\" \/><\/a>Ministri malazez i Sh\u00ebndet\u00ebsis\u00eb, Miodrag Radunoviq dha dor\u00ebheqje p\u00ebr shkak t\u00eb paraqitjes s\u00eb infeksionit n\u00eb repartin e gjinekologjis\u00eb n\u00eb Spitalin e p\u00ebrgjithsh\u00ebm n\u00eb Bijello Polje, nga i cili vdiq nj\u00eb foshnje e sapolindur.<\/p>\n<p>Duke marr\u00eb pjes\u00eb n\u00eb ditarin e mbr\u00ebmsh\u00ebm n\u00eb Radio televizionin e Malit t\u00eb Zi, Radunoviq kumtoi se kryeminsitri malazez Millo Gjukanoviq e ka pranuar dor\u00ebheqjen e tij.<\/p>\n<p>Radunoviq theksoi se ai si minist\u00ebr \u00ebsht\u00eb &#8220;m\u00eb pak i r\u00ebnd\u00ebsish\u00ebm&#8221; n\u00eb gjendjen kur jan\u00eb infektuar pes\u00eb foshnje t\u00eb sapolindura, nj\u00eb prej t\u00eb cilave vdiq, dhe se tani m\u00eb me r\u00ebnd\u00ebsi \u00ebsht\u00eb t\u00eb shihen gabimet dhe t\u00eb konfirmohet p\u00ebrgjegj\u00ebsia.<\/p>\n<p>&#8220;Besoj se \u00ebsht\u00eb e qart\u00eb q\u00eb nuk mund t\u00eb ket\u00eb p\u00ebrgjegj\u00ebsi t\u00eb drejtp\u00ebrdrejt\u00eb p\u00ebr dik\u00eb q\u00eb nuk ka qen\u00eb i informuar p\u00ebr ngjarjet n\u00eb Spitalin e p\u00ebrgjithsh\u00ebm n\u00eb Bijello Polje. Por, gjithashtu \u00ebsht\u00eb e qart\u00eb se jam objektivisht p\u00ebrgjegj\u00ebs sepse jam n\u00eb krye t\u00eb zinxhirit sh\u00ebndet\u00ebsor i cili tregoi dob\u00ebsi&#8221;, theksoi Radunoviq.<\/p>\n<p>Pes\u00eb foshnjet ishin infektuar gjat\u00eb lindjes s\u00eb tyre n\u00eb spitalin n\u00eb Bijello Polje gjat\u00eb lindjes s\u00eb tyre n\u00eb spital. Kat\u00ebr nga foshnjet e infekuara p\u00ebr momentin ndodhen p\u00ebr mjekim n\u00eb Qendr\u00ebn e neonatologjis\u00eb pran\u00eb Institutit p\u00ebr s\u00ebmundje t\u00eb f\u00eb,ij\u00ebve n\u00eb Qendr\u00ebn klinike n\u00eb Podgoric\u00eb.<\/p>\n<p>Gjendja e tre foshnjeve \u00ebsht\u00eb stabile, p\u00ebrderisa foshnja e kat\u00ebrt ende \u00ebsht\u00eb n\u00eb rrezik p\u00ebr jet\u00eb. Tek nj\u00eb nga foshnjet \u00ebsht\u00eb konstatuar meningiti, tek tjetra sepsa, nd\u00ebrsa rezultatet nga kampionet e dy foshnjeve t\u00eb tjera ende jan\u00eb n\u00eb pritje.<\/p>\n<p>MIA<\/p>\n","protected":false},"excerpt":{"rendered":"<p>Ministri malazez i Sh\u00ebndet\u00ebsis\u00eb, Miodrag Radunoviq dha dor\u00ebheqje p\u00ebr shkak t\u00eb paraqitjes s\u00eb infeksionit n\u00eb repartin e gjinekologjis\u00eb n\u00eb Spitalin e p\u00ebrgjithsh\u00ebm n\u00eb Bijello Polje, nga i cili vdiq nj\u00eb foshnje e sapolindur. Duke marr\u00eb pjes\u00eb n\u00eb ditarin e mbr\u00ebmsh\u00ebm n\u00eb Radio televizionin e Malit t\u00eb Zi, Radunoviq kumtoi se kryeminsitri malazez Millo Gjukanoviq e [&hellip;]<\/p>\n","protected":false},"author":1,"featured_media":0,"comment_status":"closed","ping_status":"closed","sticky":false,"template":"","format":"standard","meta":{"spay_email":"","jetpack_publicize_message":"","jetpack_is_tweetstorm":false,"jetpack_publicize_feature_enabled":true},"categories":[12],"tags":[],"jetpack_publicize_connections":[],"yoast_head":"<!-- This site is optimized with the Yoast SEO plugin v19.1 - https:\/\/yoast.com\/wordpress\/plugins\/seo\/ -->\n<title>Ministri malazez i Sh\u00ebndet\u00ebsis\u00eb, Miodrag Radunoviq dha dor\u00ebheqje - Lajme nga Ulqini<\/title>\n<meta name=\"description\" content=\"Ministri malazez i Sh\u00ebndet\u00ebsis\u00eb, Miodrag Radunoviq dha dor\u00ebheqje p\u00ebr shkak t\u00eb paraqitjes s\u00eb infeksionit n\u00eb repartin e gjinekologjis\u00eb n\u00eb Spitalin e\" \/>\n<meta name=\"robots\" content=\"index, follow, max-snippet:-1, max-image-preview:large, max-video-preview:-1\" \/>\n<link rel=\"canonical\" href=\"https:\/\/www.visit-ulcinj.com\/blog\/2014\/11\/19\/ministri-malazez-shendetesise-miodrag-radunoviq-dha-doreheqje\/\" \/>\n<meta property=\"og:locale\" content=\"en_US\" \/>\n<meta property=\"og:type\" content=\"article\" \/>\n<meta property=\"og:title\" content=\"Ministri malazez i Sh\u00ebndet\u00ebsis\u00eb, Miodrag Radunoviq dha dor\u00ebheqje - Lajme nga Ulqini\" \/>\n<meta property=\"og:description\" content=\"Ministri malazez i Sh\u00ebndet\u00ebsis\u00eb, Miodrag Radunoviq dha dor\u00ebheqje p\u00ebr shkak t\u00eb paraqitjes s\u00eb infeksionit n\u00eb repartin e gjinekologjis\u00eb n\u00eb Spitalin e\" \/>\n<meta property=\"og:url\" content=\"https:\/\/www.visit-ulcinj.com\/blog\/2014\/11\/19\/ministri-malazez-shendetesise-miodrag-radunoviq-dha-doreheqje\/\" \/>\n<meta property=\"og:site_name\" content=\"Lajme nga Ulqini\" \/>\n<meta property=\"article:published_time\" content=\"2014-11-19T15:14:44+00:00\" \/>\n<meta property=\"og:image\" content=\"http:\/\/www.visit-ulcinj.com\/blog\/wp-content\/uploads\/2014\/11\/Miodrag-Radunovic.jpg\" \/>\n<meta name=\"twitter:label1\" content=\"Written by\" \/>\n\t<meta name=\"twitter:data1\" content=\"ulqini\" \/>\n\t<meta name=\"twitter:label2\" content=\"Est. reading time\" \/>\n\t<meta name=\"twitter:data2\" content=\"1 minute\" \/>\n<script type=\"application\/ld+json\" class=\"yoast-schema-graph\">{\"@context\":\"https:\/\/schema.org\",\"@graph\":[{\"@type\":\"WebSite\",\"@id\":\"https:\/\/www.visit-ulcinj.com\/blog\/#website\",\"url\":\"https:\/\/www.visit-ulcinj.com\/blog\/\",\"name\":\"Lajme nga Ulqini\",\"description\":\"Lajme,Vijesti,Ulqini,Ulqin,Crna Gora,Mali i Zi\",\"potentialAction\":[{\"@type\":\"SearchAction\",\"target\":{\"@type\":\"EntryPoint\",\"urlTemplate\":\"https:\/\/www.visit-ulcinj.com\/blog\/?s={search_term_string}\"},\"query-input\":\"required name=search_term_string\"}],\"inLanguage\":\"en-US\"},{\"@type\":\"ImageObject\",\"inLanguage\":\"en-US\",\"@id\":\"https:\/\/www.visit-ulcinj.com\/blog\/2014\/11\/19\/ministri-malazez-shendetesise-miodrag-radunoviq-dha-doreheqje\/#primaryimage\",\"url\":\"https:\/\/www.visit-ulcinj.com\/blog\/wp-content\/uploads\/2014\/11\/Miodrag-Radunovic.jpg\",\"contentUrl\":\"https:\/\/www.visit-ulcinj.com\/blog\/wp-content\/uploads\/2014\/11\/Miodrag-Radunovic.jpg\",\"width\":640,\"height\":360},{\"@type\":\"WebPage\",\"@id\":\"https:\/\/www.visit-ulcinj.com\/blog\/2014\/11\/19\/ministri-malazez-shendetesise-miodrag-radunoviq-dha-doreheqje\/#webpage\",\"url\":\"https:\/\/www.visit-ulcinj.com\/blog\/2014\/11\/19\/ministri-malazez-shendetesise-miodrag-radunoviq-dha-doreheqje\/\",\"name\":\"Ministri malazez i Sh\u00ebndet\u00ebsis\u00eb, Miodrag Radunoviq dha dor\u00ebheqje - Lajme nga Ulqini\",\"isPartOf\":{\"@id\":\"https:\/\/www.visit-ulcinj.com\/blog\/#website\"},\"primaryImageOfPage\":{\"@id\":\"https:\/\/www.visit-ulcinj.com\/blog\/2014\/11\/19\/ministri-malazez-shendetesise-miodrag-radunoviq-dha-doreheqje\/#primaryimage\"},\"datePublished\":\"2014-11-19T15:14:44+00:00\",\"dateModified\":\"2014-11-19T15:14:44+00:00\",\"author\":{\"@id\":\"https:\/\/www.visit-ulcinj.com\/blog\/#\/schema\/person\/dcab619c614d3038751c63bc2aadc06d\"},\"description\":\"Ministri malazez i Sh\u00ebndet\u00ebsis\u00eb, Miodrag Radunoviq dha dor\u00ebheqje p\u00ebr shkak t\u00eb paraqitjes s\u00eb infeksionit n\u00eb repartin e gjinekologjis\u00eb n\u00eb Spitalin e\",\"breadcrumb\":{\"@id\":\"https:\/\/www.visit-ulcinj.com\/blog\/2014\/11\/19\/ministri-malazez-shendetesise-miodrag-radunoviq-dha-doreheqje\/#breadcrumb\"},\"inLanguage\":\"en-US\",\"potentialAction\":[{\"@type\":\"ReadAction\",\"target\":[\"https:\/\/www.visit-ulcinj.com\/blog\/2014\/11\/19\/ministri-malazez-shendetesise-miodrag-radunoviq-dha-doreheqje\/\"]}]},{\"@type\":\"BreadcrumbList\",\"@id\":\"https:\/\/www.visit-ulcinj.com\/blog\/2014\/11\/19\/ministri-malazez-shendetesise-miodrag-radunoviq-dha-doreheqje\/#breadcrumb\",\"itemListElement\":[{\"@type\":\"ListItem\",\"position\":1,\"name\":\"Ministri malazez i Sh\u00ebndet\u00ebsis\u00eb, Miodrag Radunoviq dha dor\u00ebheqje\"}]},{\"@type\":\"Person\",\"@id\":\"https:\/\/www.visit-ulcinj.com\/blog\/#\/schema\/person\/dcab619c614d3038751c63bc2aadc06d\",\"name\":\"ulqini\",\"sameAs\":[\"http:\/\/www.visit-ulcinj.com\"],\"url\":\"https:\/\/www.visit-ulcinj.com\/blog\/author\/admin\/\"}]}<\/script>\n<!-- \/ Yoast SEO plugin. -->","yoast_head_json":{"title":"Ministri malazez i Sh\u00ebndet\u00ebsis\u00eb, Miodrag Radunoviq dha dor\u00ebheqje - Lajme nga Ulqini","description":"Ministri malazez i Sh\u00ebndet\u00ebsis\u00eb, Miodrag Radunoviq dha dor\u00ebheqje p\u00ebr shkak t\u00eb paraqitjes s\u00eb infeksionit n\u00eb repartin e gjinekologjis\u00eb n\u00eb Spitalin e","robots":{"index":"index","follow":"follow","max-snippet":"max-snippet:-1","max-image-preview":"max-image-preview:large","max-video-preview":"max-video-preview:-1"},"canonical":"https:\/\/www.visit-ulcinj.com\/blog\/2014\/11\/19\/ministri-malazez-shendetesise-miodrag-radunoviq-dha-doreheqje\/","og_locale":"en_US","og_type":"article","og_title":"Ministri malazez i Sh\u00ebndet\u00ebsis\u00eb, Miodrag Radunoviq dha dor\u00ebheqje - Lajme nga Ulqini","og_description":"Ministri malazez i Sh\u00ebndet\u00ebsis\u00eb, Miodrag Radunoviq dha dor\u00ebheqje p\u00ebr shkak t\u00eb paraqitjes s\u00eb infeksionit n\u00eb repartin e gjinekologjis\u00eb n\u00eb Spitalin e","og_url":"https:\/\/www.visit-ulcinj.com\/blog\/2014\/11\/19\/ministri-malazez-shendetesise-miodrag-radunoviq-dha-doreheqje\/","og_site_name":"Lajme nga Ulqini","article_published_time":"2014-11-19T15:14:44+00:00","og_image":[{"url":"http:\/\/www.visit-ulcinj.com\/blog\/wp-content\/uploads\/2014\/11\/Miodrag-Radunovic.jpg"}],"twitter_misc":{"Written by":"ulqini","Est. reading time":"1 minute"},"schema":{"@context":"https:\/\/schema.org","@graph":[{"@type":"WebSite","@id":"https:\/\/www.visit-ulcinj.com\/blog\/#website","url":"https:\/\/www.visit-ulcinj.com\/blog\/","name":"Lajme nga Ulqini","description":"Lajme,Vijesti,Ulqini,Ulqin,Crna Gora,Mali i Zi","potentialAction":[{"@type":"SearchAction","target":{"@type":"EntryPoint","urlTemplate":"https:\/\/www.visit-ulcinj.com\/blog\/?s={search_term_string}"},"query-input":"required name=search_term_string"}],"inLanguage":"en-US"},{"@type":"ImageObject","inLanguage":"en-US","@id":"https:\/\/www.visit-ulcinj.com\/blog\/2014\/11\/19\/ministri-malazez-shendetesise-miodrag-radunoviq-dha-doreheqje\/#primaryimage","url":"https:\/\/www.visit-ulcinj.com\/blog\/wp-content\/uploads\/2014\/11\/Miodrag-Radunovic.jpg","contentUrl":"https:\/\/www.visit-ulcinj.com\/blog\/wp-content\/uploads\/2014\/11\/Miodrag-Radunovic.jpg","width":640,"height":360},{"@type":"WebPage","@id":"https:\/\/www.visit-ulcinj.com\/blog\/2014\/11\/19\/ministri-malazez-shendetesise-miodrag-radunoviq-dha-doreheqje\/#webpage","url":"https:\/\/www.visit-ulcinj.com\/blog\/2014\/11\/19\/ministri-malazez-shendetesise-miodrag-radunoviq-dha-doreheqje\/","name":"Ministri malazez i Sh\u00ebndet\u00ebsis\u00eb, Miodrag Radunoviq dha dor\u00ebheqje - Lajme nga Ulqini","isPartOf":{"@id":"https:\/\/www.visit-ulcinj.com\/blog\/#website"},"primaryImageOfPage":{"@id":"https:\/\/www.visit-ulcinj.com\/blog\/2014\/11\/19\/ministri-malazez-shendetesise-miodrag-radunoviq-dha-doreheqje\/#primaryimage"},"datePublished":"2014-11-19T15:14:44+00:00","dateModified":"2014-11-19T15:14:44+00:00","author":{"@id":"https:\/\/www.visit-ulcinj.com\/blog\/#\/schema\/person\/dcab619c614d3038751c63bc2aadc06d"},"description":"Ministri malazez i Sh\u00ebndet\u00ebsis\u00eb, Miodrag Radunoviq dha dor\u00ebheqje p\u00ebr shkak t\u00eb paraqitjes s\u00eb infeksionit n\u00eb repartin e gjinekologjis\u00eb n\u00eb Spitalin e","breadcrumb":{"@id":"https:\/\/www.visit-ulcinj.com\/blog\/2014\/11\/19\/ministri-malazez-shendetesise-miodrag-radunoviq-dha-doreheqje\/#breadcrumb"},"inLanguage":"en-US","potentialAction":[{"@type":"ReadAction","target":["https:\/\/www.visit-ulcinj.com\/blog\/2014\/11\/19\/ministri-malazez-shendetesise-miodrag-radunoviq-dha-doreheqje\/"]}]},{"@type":"BreadcrumbList","@id":"https:\/\/www.visit-ulcinj.com\/blog\/2014\/11\/19\/ministri-malazez-shendetesise-miodrag-radunoviq-dha-doreheqje\/#breadcrumb","itemListElement":[{"@type":"ListItem","position":1,"name":"Ministri malazez i Sh\u00ebndet\u00ebsis\u00eb, Miodrag Radunoviq dha dor\u00ebheqje"}]},{"@type":"Person","@id":"https:\/\/www.visit-ulcinj.com\/blog\/#\/schema\/person\/dcab619c614d3038751c63bc2aadc06d","name":"ulqini","sameAs":["http:\/\/www.visit-ulcinj.com"],"url":"https:\/\/www.visit-ulcinj.com\/blog\/author\/admin\/"}]}},"jetpack_featured_media_url":"","jetpack_sharing_enabled":true,"jetpack_shortlink":"https:\/\/wp.me\/pe6lTn-mut","_links":{"self":[{"href":"https:\/\/www.visit-ulcinj.com\/blog\/wp-json\/wp\/v2\/posts\/86457"}],"collection":[{"href":"https:\/\/www.visit-ulcinj.com\/blog\/wp-json\/wp\/v2\/posts"}],"about":[{"href":"https:\/\/www.visit-ulcinj.com\/blog\/wp-json\/wp\/v2\/types\/post"}],"author":[{"embeddable":true,"href":"https:\/\/www.visit-ulcinj.com\/blog\/wp-json\/wp\/v2\/users\/1"}],"replies":[{"embeddable":true,"href":"https:\/\/www.visit-ulcinj.com\/blog\/wp-json\/wp\/v2\/comments?post=86457"}],"version-history":[{"count":1,"href":"https:\/\/www.visit-ulcinj.com\/blog\/wp-json\/wp\/v2\/posts\/86457\/revisions"}],"predecessor-version":[{"id":86459,"href":"https:\/\/www.visit-ulcinj.com\/blog\/wp-json\/wp\/v2\/posts\/86457\/revisions\/86459"}],"wp:attachment":[{"href":"https:\/\/www.visit-ulcinj.com\/blog\/wp-json\/wp\/v2\/media?parent=86457"}],"wp:term":[{"taxonomy":"category","embeddable":true,"href":"https:\/\/www.visit-ulcinj.com\/blog\/wp-json\/wp\/v2\/categories?post=86457"},{"taxonomy":"post_tag","embeddable":true,"href":"https:\/\/www.visit-ulcinj.com\/blog\/wp-json\/wp\/v2\/tags?post=86457"}],"curies":[{"name":"wp","href":"https:\/\/api.w.org\/{rel}","templated":true}]}}