{"id":86467,"date":"2014-11-20T08:38:43","date_gmt":"2014-11-20T07:38:43","guid":{"rendered":"http:\/\/www.visit-ulcinj.com\/blog\/?p=86467"},"modified":"2014-11-20T08:38:43","modified_gmt":"2014-11-20T07:38:43","slug":"gjonaj-trieshin-e-ka-kapluar-heshtja","status":"publish","type":"post","link":"https:\/\/www.visit-ulcinj.com\/blog\/2014\/11\/20\/gjonaj-trieshin-e-ka-kapluar-heshtja\/","title":{"rendered":"Gjonaj: Trieshin e ka kapluar  heshtja"},"content":{"rendered":"<p><strong><a href=\"http:\/\/www.visit-ulcinj.com\/blog\/wp-content\/uploads\/2014\/11\/Trieshi.jpg\"><img loading=\"lazy\" class=\"alignleft wp-image-86468\" src=\"http:\/\/www.visit-ulcinj.com\/blog\/wp-content\/uploads\/2014\/11\/Trieshi.jpg\" alt=\"Trieshi\" width=\"508\" height=\"313\" srcset=\"https:\/\/www.visit-ulcinj.com\/blog\/wp-content\/uploads\/2014\/11\/Trieshi.jpg 529w, https:\/\/www.visit-ulcinj.com\/blog\/wp-content\/uploads\/2014\/11\/Trieshi-300x184.jpg 300w\" sizes=\"(max-width: 508px) 100vw, 508px\" \/><\/a>Gjek\u00eb Gjonaj<\/strong><\/p>\n<p>E shtuna e par\u00eb e muajit tetor p\u00ebr trieshjan\u00ebt \u00ebsht\u00eb fest\u00eb e madhe. Trieshi at\u00eb mbr\u00ebmje kremton fest\u00ebn e tradicionale Zoj\u00ebn e Trieshit. Pik\u00ebrisht t\u00eb nes\u00ebrmen, dit\u00ebn e Zoj\u00ebs i premtova mikut tim Kol\u00eb Zagred\u00ebs nga fshati Re\u00e7 i komun\u00ebs s\u00eb Ulqinit, q\u00eb jeton n\u00eb Nju-Jork, se do t\u00eb vizitojm\u00eb vendlindjen time &#8211; Trieshin, vendbanim i hersh\u00ebm me popullat\u00eb shqiptare, 18 kilometra larg kryeqytetit t\u00eb Malit t\u00eb Zi. Pik\u00ebtakimi yn\u00eb i par\u00eb at\u00eb m\u00ebngjes me diell ishte restoranti \u201c Ponte\u201d n\u00eb Ulqin. Aty u takuam n\u00eb ora 8,oo . Pim\u00eb nga nj\u00eb kafe dhe u nis\u00ebm p\u00ebr n\u00eb Triesh me vetur\u00ebn e tij. Kur arrit\u00ebm n\u00eb qytez\u00ebn e Mal\u00ebsis\u00eb, n\u00eb Tuz b\u00ebm\u00eb nj\u00eb pushim 40 minutash n\u00eb restorantin e njohur \u201c Troja\u201d. Mbasi h\u00ebngr\u00ebm m\u00ebngjesin vazhduam n\u00eb drejtim t\u00eb Trieshit, me q\u00ebllim q\u00eb s\u00eb pari t\u00eb shohim mesh\u00eb n\u00eb Kish\u00ebn e Zoj\u00ebs Rruxare, e cila,si\u00e7 m\u00eb kishte njoftuar nj\u00eb nat\u00eb p\u00ebrpara pat\u00ebr Pashku Goj\u00e7aj , ishte caktuar t\u00eb mbahej n\u00eb ora 11,00.<\/p>\n<p>N\u00eb kilometrin e shtat\u00eb nga Podgorica v\u00ebrejm\u00eb tabel\u00ebn me mbishkrim sllav, ku shkruan \u201c Zatrijeba\u010d\u201d. Ajo sh\u00ebrben p\u00ebr t\u00eb orientuar shofer\u00ebt se djathtas vazhdon rruga p\u00ebr n\u00eb Triesh. Shoq\u00ebruesi im, duke mos e kuptuar dometh\u00ebnien e tabel\u00ebs n\u00eb sllavisht m\u00eb pyeti me kurreshtje t\u2019ia p\u00ebrkthej n\u00eb shqip. \u2013 Zatrijeba\u010d n\u00eb shqip do t\u00eb thot\u00eb Triesh. \u00cbsht\u00eb toponim sllav. K\u00ebshtu serbomalazez\u00ebt e quajn\u00eb Trieshin, i thash\u00eb un\u00eb. Dhe vazhduam rrug\u00ebn djathtas. Pas pak minutash mb\u00ebrrit\u00ebm n\u00eb Fundna \u00a0e n\u00eb Luhar. Filloj t\u2019i tregoj\u00a0\u00a0 shkurt shoq\u00ebruesit tim p\u00ebr historikun e shkurt\u00ebr t\u00eb k\u00ebtyre vendbanimeve me popullat\u00eb multinacionale , dikur me shum\u00eb banor\u00eb e sot m\u00eb pak sish. T\u00ebr\u00eb koh\u00ebn, rrug\u00ebs gjarp\u00ebruese, t\u00eb ngusht\u00eb, t\u00eb rrezikshme , me nj\u00eb shtres\u00eb asfalti tashm\u00eb t\u00eb amortizuar , vazhdoj t\u2019i jap atij sa m\u00eb shum\u00eb informacione nga e kaluara dhe e sotmja e fshatrave p\u00ebrgjat\u00eb rrug\u00ebs, kurse ai,\u00a0\u00a0 v\u00ebrej se, k\u00ebnaqet sa me informacionet \u00a0aq edhe me bukurit\u00eb e k\u00ebtyre trevave mbres\u00ebl\u00ebn\u00ebse, pothuaj t\u00eb boshatisura.<\/p>\n<p><strong>Vetmi molis\u00ebse<\/strong><\/p>\n<p>Kur dol\u00ebm ne Qaf\u00eb te Rozdecit u perball\u00ebm me nj\u00eb pamje t\u00eb mrrekullueshme, me nj\u00eb frym\u00ebzim q\u00eb erdhi nga panorama e bukur e Trieshit, e cila n\u00eb historin\u00eb e egzistenc\u00ebs s\u00eb tij ka ditur vet\u00ebm p\u00ebr dhimbje dhe vuajtje p\u00ebr \u00e7do banor\u00eb te trev\u00ebs. Zbresim n\u00eb fshatin e par\u00eb n\u00eb Rudin\u00eb. Hieshin e tij ia shton Kisha e re t\u00eb cil\u00ebn me mjete t\u00eb veta e ka nd\u00ebrtuar bashk\u00ebfshatari im n\u00eb m\u00ebrgim, Nju-Jork, Kol\u00eb Cacaj. Kalimtar\u00ebt e rastit me t\u00eb drejt\u00eb e quajn\u00eb bukuroshja e fshatit. Rrug\u00ebs \u00a0nuk takojm\u00eb dhe as nuk shohim njeri. Mb\u00ebrrijm\u00eb n\u00eb fshatin e dyt\u00eb po ashtu t\u00eb vetmuar n\u00eb Nikmarash. N\u00eb varrezat e k\u00ebtushme familjare ndalemi p\u00ebr nj\u00eb \u00e7ast p\u00ebr t\u2019u b\u00ebr\u00eb homazh prind\u00ebrve dhe vajz\u00ebs sime. Nj\u00ebsoj edhe fshati i radh\u00ebs Bud\u00ebza, vuan nga numri i banor\u00ebve. T\u00eb tri k\u00ebto fshatra l\u00ebngojn\u00eb nga vetmia. Njerezit e par\u00eb i takojm\u00eb n\u00eb fshatin Stjepoh, ku ndodhet shkolla tet\u00ebvjecare e cila me krenari mban emrin e heroit ton\u00eb komb\u00ebtar Gjergj Kastriotit- Sk\u00ebnderbeut, shitorja dhe sht\u00ebpia e kultur\u00ebs. Shtegtimi yn\u00eb p\u00ebrfundoi n\u00eb fshatin Delaj, ku s\u00eb pari t\u00eb bie n\u00eb sy nj\u00eb kryq i bardh\u00eb, shtat\u00eblart\u00eb, disa metra i gjat\u00eb, pastaj dy-tri sht\u00ebpi t\u00eb rregulluara p\u00ebr bukuri, dhe nj\u00eb tabel\u00eb n\u00eb gjuh\u00ebn agleze. Por ajo q\u00eb t\u00eb josh m\u00eb s\u00eb shumti k\u00ebtu gjith\u00ebsesi \u00ebsht\u00eb kanjoni i lumit Cem<strong>,<\/strong> dhe leqet e Rapsh\u00ebs. Por as n\u00eb k\u00ebt\u00eb fshat nuk arrit\u00ebm t\u00eb p\u00ebrsh\u00ebndetemi me ask\u00ebnd.Nuk pam\u00eb njeri t\u00eb gjall\u00eb.<\/p>\n<p><strong>\u00a0<\/strong><\/p>\n<p><strong>Kisha me pak besimtar\u00eb<\/strong><\/p>\n<p>Megjith\u00eb d\u00ebshir\u00ebn ton\u00eb t\u00eb madhe q\u00eb t\u00eb mb\u00ebrrijm\u00eb me koh\u00eb n\u00eb mesh\u00ebn shenjte nuk arrit\u00ebm. Vonuam 35 minuta dhe mesha kishte p\u00ebrfunduar.Me t\u00eb ndalur para kish\u00ebs s\u00eb Trieshit, n\u00eb oborr v\u00ebrejm\u00eb famullitarin Pat\u00ebr Mirash Marinaj, i cili n\u00eb muajin gusht t\u00eb vitit t\u00eb kaluar organizoi 250 vjetorin e themelimit t\u00eb k\u00ebsaj famullie katolike, dhe nj\u00eb num\u00ebr jasht\u00ebzakonisht t\u00eb vog\u00ebl besimtar\u00ebsh. N\u00eb takimin e par\u00eb me ta urojm\u00eb nj\u00ebri-tjetrin, g\u00ebzuar p\u00ebr shum\u00eb mot dhe me zem\u00ebr t\u00eb mir\u00eb fest\u00ebn e Zoj\u00ebs! Habitem sa pak besimtar\u00eb kan\u00eb ardhur at\u00eb dit\u00eb t\u00eb diele p\u00ebr t\u00eb par\u00eb mesh\u00eb. M\u00eb kujtohen vitet kur ky oborr Dit\u00ebn e Zoj\u00ebs ishte p\u00ebrplot\u00eb i mbushur me besimtar\u00eb, kurse kisha ishte e vog\u00ebl p\u00ebr t\u2019i pranuar t\u00eb gjith\u00eb. Po ashtu m\u2019u kujtua si foshnje kur k\u00ebtu d\u00ebgjova p\u00ebr her\u00eb t\u00eb par\u00eb Formul\u00ebn e Pag\u00ebzimit t\u00eb Pal Engjellit \u201c T\u00eb pag\u00ebzoj n\u00eb \u00ebm\u00ebn t\u00eb Atit e t\u00eb Birit dhe t\u00eb Shpirtit Sh\u00ebnjt\u00eb\u201d dhe m\u00eb von\u00eb si i ri dhe i rritur gjith\u00eb ata burra t\u00eb dheut, gra sojnike e rini t\u00eb bukur trieshjane e shqiptare, por edhe logje e panagjyre. E sot. Ndjehem i zhg\u00ebnjyer. Por mundohem ta inkuraroj veten.\u00a0\u00a0 Prej at\u00ebher\u00eb kan\u00eb kaluar shum\u00eb vite. Koh\u00ebt kan\u00eb ndrushuar. Bashk\u00eb me to edhe Trieshi. Banor\u00ebt e tij tashm\u00eb ndodhen larg vendlindjes.Kush m\u00eb af\u00ebr e kush m\u00eb larg. Kan\u00eb migruar dhe emigruar brenda dhe jasht\u00eb shtetit,p\u00ebr nj\u00eb jet\u00eb m\u00eb t\u00eb mir\u00eb e m\u00eb t\u00eb rehatshme se ajo q\u00eb kishin jetuar baballar\u00ebt e tyre.<\/p>\n<p>&nbsp;<\/p>\n<p><strong>N\u00eb konakun e Dod\u00eb Smajlit Gjeloshaj \u00a0<\/strong><\/p>\n<p>N\u00eb kthim u ndal\u00ebm n\u00eb fshatin Nikmarash, ku dikur frymonin 50 familje, kurse sot i kan\u00eb mbetur besnik atij vet\u00ebm dy prej tyre. Kryefamiljari Mark Noshi Gjeloshaj, moshatar imi dhe shok i shkoll\u00ebs p\u00ebr tet\u00eb vite radhazi, na d\u00ebshiron mir\u00ebseardhje. Sepse n\u00eb mend\u00ebsin\u00eb e trieshjanit miku e nderon sht\u00ebpin\u00eb. Ky vajtor (britm\u00ebtar) i njohur n\u00eb Mal\u00ebsi rrjedh nga nj\u00eb familje e madhe fisnike dhe patriotike, g\u00ebzohet p\u00ebr vizit\u00ebn. Sisomos at\u00eb dit\u00eb, kur feston fest\u00ebn e madhe t\u00eb Zoj\u00ebs s\u00eb Trieshit. I m\u00ebsuar me tradit\u00ebn e bujaris\u00eb dhe mikpritjes, karaketristike p\u00ebr Trieshin dhe trevat tjera t\u00eb Mal\u00ebsise, nuk na lejon pa hyr\u00eb n\u00eb sht\u00ebpine e tij, dikur konaku i njohur i Dod\u00eb Smajlit i cili u vra nga UDB-a n\u00eb sht\u00ebpin\u00eb e vet n\u00eb vitin 1951 bashk\u00eb me mikun e tij komandantin e Aviacionit t\u00eb Beogradit Radomir Mirasheviq, t\u00eb cilit ia dha bes\u00ebn se do ta p\u00ebrcjell\u00eb p\u00ebr n\u00eb Shqip\u00ebri. Ai, duke na gostitur me t\u00eb gjitha t\u00eb mirat q\u00eb i kishte shtruar n\u00eb sof\u00ebr, me gjak\u00ebftoht\u00ebsi e modesti na tregon p\u00ebr historin\u00eb tragjike t\u00eb familjes s\u00eb tij dhe p\u00ebr kalvarin e gjat\u00eb t\u00eb vuajtjeve\u00a0\u00a0 q\u00eb p\u00ebrjetuan ata n\u00ebn regjimin komunist, arrestime, burgosje, tortura, internime e tjera.<\/p>\n<p><strong> Trishtim i brendsh\u00ebm <\/strong><\/p>\n<p>Pasi u k\u00ebnaq\u00ebm me mik\u00ebpritjen e Mark Gjeloshajt vazhduam rrug\u00ebn p\u00ebr n\u00eb fshatin tim \u2013 Rudin\u00eb. U ndal\u00ebm tek sht\u00ebpia ime e lindjes. Aty ku kam par\u00eb s\u00eb pari her\u00eb lindjen e diellit dhe ndri\u00e7imin e h\u00ebn\u00ebs. Aty ku i kalova vitet m\u00eb t\u00eb bukura t\u00eb jet\u00ebs sime n\u00ebn p\u00ebrkujdesjen e ngroht\u00eb t\u00eb prind\u00ebrve t\u00eb mi t\u00eb dashur,tashm\u00eb t\u00eb ndjer\u00eb. Pushofshin n\u00eb paqe! \u00a0Kur iu afrova sht\u00ebpis\u00eb\u00a0\u00a0 me mori vaji . Jo, pse me kujtoheshin cop\u00ebza jete t\u00eb f\u00ebmij\u00ebris\u00eb e rinis\u00eb sime, por nga pamjet rr\u00ebnqeth\u00ebse t\u00eb sht\u00ebpis\u00eb, e cila ishte \u00a0g\u00ebrmadh\u00eb, pa kulm, pa dyer e pa dritare. Rrethina e sht\u00ebpis\u00eb m\u00eb la p\u00ebrshtypjen e nj\u00eb bukurie te braktisur. E nj\u00eb bukurie q\u00eb m\u00eb pik\u00ebllon kur e shoh. Sht\u00ebpia ngrehin\u00eb m\u00eb rikujtoi at\u00eb bukuroshen e cila nuk ka mundur ta mbaj\u00eb pran\u00eb vetes t\u00eb dashurin e vet , sespe i dashuri i saj s \u2018ka pasur tjet\u00ebr zgjidhje p\u00ebrve\u00e7se ta braktis\u00eb nga trishtimi i brendsh\u00ebm shpirt\u00ebror.<\/p>\n<p><strong>Te kush\u00ebriri p\u00ebr mjesdit\u00eb<\/strong><\/p>\n<p>Ashtu i p\u00ebrlotur vazhdojm\u00eb rrug\u00ebn\u00a0\u00a0 teposht\u00eb dhe menj\u00ebher\u00eb arrit\u00ebm n\u00eb oborrin e sht\u00ebpis\u00eb s\u00eb kush\u00ebririt, Gjok\u00ebs. Ai dhe familja e tij, bashk\u00ebshortja Marja, djali Lubi dhe vajza Violeta kur mor\u00ebn vesh p\u00ebr vizit\u00ebn ton\u00eb na prit\u00ebn zem\u00ebrhapur e buzagaz. Vertet\u00eb u k\u00ebnaq\u00ebm s\u00eb bashku, duke biseduar, duke h\u00ebng\u00ebr mish f\u00ebrliku n\u00eb hell\u00eb (specialiteti kryesor tradicional i trieshjan\u00ebve-mal\u00ebsor\u00ebve)\u00a0\u00a0 e duke pir\u00eb k\u00ebt\u00eb dit\u00eb feste t\u00eb madhe. I zoti i sht\u00ebpis\u00eb Gjoka na rikujton koh\u00ebn kur ai Dit\u00ebn e Zoj\u00ebs s\u00eb Trieshit n\u00eb k\u00ebt\u00eb sht\u00ebpi, derisa jetonim se bashku 30 an\u00ebtar\u00eb t\u00eb familjes, i ka num\u00ebruar 64 miq si\u00e7 i quajm\u00eb ne mysafir\u00ebt, duke mos llogaritur grat\u00eb e femij\u00ebt e tyre. Kaq miq sot, shton Gjoka, nuk besoj se i ka gjysma e Trieshit.<\/p>\n<p><strong>Kthimi n\u00eb Ulqin<\/strong><\/p>\n<p>Rreth or\u00ebs 16,oo u nis\u00ebm p\u00ebr n\u00eb Ulqin. Stacioni yn\u00eb i fundit ishte familja e Martin Cacaj, nd\u00ebr t\u00eb rrall\u00ebt trieshjan\u00eb, bashk\u00eb me kush\u00ebririn tim Lubin , t\u00eb cil\u00ebt i jan\u00eb p\u00ebrkushtuar vendit t\u00eb origjin\u00ebs. Ai jeton n\u00eb Podgoric\u00eb, por n\u00eb Triesh ka nd\u00ebrtuar nj\u00eb sht\u00ebpi t\u00eb re, ku e kalon koh\u00ebn \u00e7do uikend me familje. Edhe Martini edhe Lubi v\u00ebrejm\u00eb se kan\u00eb investuar mjaft n\u00eb vendlindje dhe se jan\u00eb adhurues t\u00eb trash\u00ebgimis\u00eb son\u00eb kulturore, t\u00eb orendive\u00a0\u00a0 e sendeve tona t\u00eb vjetra. \u00a0Shoq\u00ebruesi im Kola n\u00eb kthim p\u00ebr n\u00eb Ulqin m\u00eb thot\u00eb se i p\u00eblqen shum\u00eb kjo zon\u00eb, se ndjen nj\u00eb dashuri t\u00eb ve\u00e7ant\u00eb edhe p\u00ebr njer\u00ebzit q\u00eb jetojn\u00eb k\u00ebtu, por , si\u00e7 pohoi ai, ka munges\u00eb t\u00eb kujdesit dhe ndodhet shum\u00eb larg zhvillimit ekonomik p\u00ebr \u00e7ka bashk\u00ebrisht ndjejm\u00eb keqardhje t\u00eb madhe.<\/p>\n<p><strong>Shpresa vdes e fundit<\/strong><\/p>\n<p>Te gjitha fshatrat e Trieshit , sot sikur banohen vec prej heshtjes. Ajo heshtje i ng\u00ebrthen\u00eb n\u00eb vete lot\u00ebt m\u00ebrgimtar t\u00eb n\u00ebnave trieshjane t\u00eb p\u00ebrmalluara p\u00ebr f\u00ebmij\u00ebt e tyre, shumica e te cil\u00ebve kan\u00eb shtegtuar matan\u00eb oqeaneve, q\u00eb shijuan kurbetin duke marr\u00eb rrug\u00ebn pa kthim, n\u00eb Amerik\u00eb, Australi, Gjermani, Zvic\u00ebr\u2026 Shkuan aq larg, thuajse donin t\u00eb arrinin atje ku nuk shkohet m\u00eb tej, n\u00eb fund t\u00eb bot\u00ebs,prej nga e kan\u00eb t\u00eb v\u00ebshtir\u00eb t\u00eb kthehen, edhe p\u00ebrkund\u00ebr\u00a0\u00a0 mallit q\u00eb ndiejn\u00eb q\u00eb edhe nj\u00eb her\u00eb t\u00eb prekin me k\u00ebmb\u00eb pragjet e sht\u00ebpive ku kan\u00eb lindur. Kam bindjen se heshtja e jo gur\u00ebt shk\u00ebmbor t\u00eb k\u00ebsaj zone malore i mban n\u00eb k\u00ebmb\u00eb ato pak sht\u00ebpi t\u00eb vjetra dhe ato t\u00eb meremetuara. Kjo vetmi q\u00eb dhemb nuk \u00ebsht\u00eb asgj\u00eb tjet\u00ebr p\u00ebrve\u00e7se nj\u00eb rr\u00ebfim i trishtuesh\u00ebm p\u00ebr t\u00eb par\u00ebt tan\u00eb q\u00eb jetuan n\u00eb k\u00ebt\u00eb trev\u00eb t\u00eb thepisur. Nd\u00ebrkoh\u00eb q\u00eb trieshjan\u00ebt e pakt\u00eb q\u00eb mbeten n\u00eb vendlindje po i ruajn\u00eb sht\u00ebpit\u00eb dhe truallin e t\u00eb par\u00ebve, sikurse edhe kujtimet p\u00ebr t\u00eb kaluar\u00ebn e Trieshit.<\/p>\n<p>Urojm\u00eb t\u00eb mos shuhet shpresa e tyre se e ardhmja do t\u00eb jet\u00eb ajo q\u00eb kishin \u00ebnd\u00ebrruar t\u00eb par\u00ebt e tyre: q\u00eb trieshjan\u00ebt t\u00eb b\u00ebjn\u00eb \u00e7mos p\u00ebr t\u00eb mos u shuar vatra n\u00eb sht\u00ebpit\u00eb e tyre. Bashk\u00ebvendas trieshjan\u00eb n\u00eb vendlindje mos e humbisni shpres\u00ebn. Ajo vdes e fundit.<\/p>\n","protected":false},"excerpt":{"rendered":"<p>Gjek\u00eb Gjonaj E shtuna e par\u00eb e muajit tetor p\u00ebr trieshjan\u00ebt \u00ebsht\u00eb fest\u00eb e madhe. Trieshi at\u00eb mbr\u00ebmje kremton fest\u00ebn e tradicionale Zoj\u00ebn e Trieshit. Pik\u00ebrisht t\u00eb nes\u00ebrmen, dit\u00ebn e Zoj\u00ebs i premtova mikut tim Kol\u00eb Zagred\u00ebs nga fshati Re\u00e7 i komun\u00ebs s\u00eb Ulqinit, q\u00eb jeton n\u00eb Nju-Jork, se do t\u00eb vizitojm\u00eb vendlindjen time &#8211; [&hellip;]<\/p>\n","protected":false},"author":1,"featured_media":0,"comment_status":"closed","ping_status":"closed","sticky":false,"template":"","format":"standard","meta":{"spay_email":"","jetpack_publicize_message":"","jetpack_is_tweetstorm":false,"jetpack_publicize_feature_enabled":true},"categories":[13],"tags":[],"jetpack_publicize_connections":[],"yoast_head":"<!-- This site is optimized with the Yoast SEO plugin v19.1 - https:\/\/yoast.com\/wordpress\/plugins\/seo\/ -->\n<title>Gjonaj: Trieshin e ka kapluar heshtja - Lajme nga Ulqini<\/title>\n<meta name=\"description\" content=\"Gjek\u00eb Gjonaj E shtuna e par\u00eb e muajit tetor p\u00ebr trieshjan\u00ebt \u00ebsht\u00eb fest\u00eb e madhe. Trieshi at\u00eb mbr\u00ebmje kremton fest\u00ebn e tradicionale Zoj\u00ebn e Trieshit.\" \/>\n<meta name=\"robots\" content=\"index, follow, max-snippet:-1, max-image-preview:large, max-video-preview:-1\" \/>\n<link rel=\"canonical\" href=\"https:\/\/www.visit-ulcinj.com\/blog\/2014\/11\/20\/gjonaj-trieshin-e-ka-kapluar-heshtja\/\" \/>\n<meta property=\"og:locale\" content=\"en_US\" \/>\n<meta property=\"og:type\" content=\"article\" \/>\n<meta property=\"og:title\" content=\"Gjonaj: Trieshin e ka kapluar heshtja - Lajme nga Ulqini\" \/>\n<meta property=\"og:description\" content=\"Gjek\u00eb Gjonaj E shtuna e par\u00eb e muajit tetor p\u00ebr trieshjan\u00ebt \u00ebsht\u00eb fest\u00eb e madhe. Trieshi at\u00eb mbr\u00ebmje kremton fest\u00ebn e tradicionale Zoj\u00ebn e Trieshit.\" \/>\n<meta property=\"og:url\" content=\"https:\/\/www.visit-ulcinj.com\/blog\/2014\/11\/20\/gjonaj-trieshin-e-ka-kapluar-heshtja\/\" \/>\n<meta property=\"og:site_name\" content=\"Lajme nga Ulqini\" \/>\n<meta property=\"article:published_time\" content=\"2014-11-20T07:38:43+00:00\" \/>\n<meta property=\"og:image\" content=\"http:\/\/www.visit-ulcinj.com\/blog\/wp-content\/uploads\/2014\/11\/Trieshi.jpg\" \/>\n<meta name=\"twitter:label1\" content=\"Written by\" \/>\n\t<meta name=\"twitter:data1\" content=\"ulqini\" \/>\n\t<meta name=\"twitter:label2\" content=\"Est. reading time\" \/>\n\t<meta name=\"twitter:data2\" content=\"10 minutes\" \/>\n<script type=\"application\/ld+json\" class=\"yoast-schema-graph\">{\"@context\":\"https:\/\/schema.org\",\"@graph\":[{\"@type\":\"WebSite\",\"@id\":\"https:\/\/www.visit-ulcinj.com\/blog\/#website\",\"url\":\"https:\/\/www.visit-ulcinj.com\/blog\/\",\"name\":\"Lajme nga Ulqini\",\"description\":\"Lajme,Vijesti,Ulqini,Ulqin,Crna Gora,Mali i Zi\",\"potentialAction\":[{\"@type\":\"SearchAction\",\"target\":{\"@type\":\"EntryPoint\",\"urlTemplate\":\"https:\/\/www.visit-ulcinj.com\/blog\/?s={search_term_string}\"},\"query-input\":\"required name=search_term_string\"}],\"inLanguage\":\"en-US\"},{\"@type\":\"ImageObject\",\"inLanguage\":\"en-US\",\"@id\":\"https:\/\/www.visit-ulcinj.com\/blog\/2014\/11\/20\/gjonaj-trieshin-e-ka-kapluar-heshtja\/#primaryimage\",\"url\":\"https:\/\/www.visit-ulcinj.com\/blog\/wp-content\/uploads\/2014\/11\/Trieshi.jpg\",\"contentUrl\":\"https:\/\/www.visit-ulcinj.com\/blog\/wp-content\/uploads\/2014\/11\/Trieshi.jpg\",\"width\":529,\"height\":326},{\"@type\":\"WebPage\",\"@id\":\"https:\/\/www.visit-ulcinj.com\/blog\/2014\/11\/20\/gjonaj-trieshin-e-ka-kapluar-heshtja\/#webpage\",\"url\":\"https:\/\/www.visit-ulcinj.com\/blog\/2014\/11\/20\/gjonaj-trieshin-e-ka-kapluar-heshtja\/\",\"name\":\"Gjonaj: Trieshin e ka kapluar heshtja - Lajme nga Ulqini\",\"isPartOf\":{\"@id\":\"https:\/\/www.visit-ulcinj.com\/blog\/#website\"},\"primaryImageOfPage\":{\"@id\":\"https:\/\/www.visit-ulcinj.com\/blog\/2014\/11\/20\/gjonaj-trieshin-e-ka-kapluar-heshtja\/#primaryimage\"},\"datePublished\":\"2014-11-20T07:38:43+00:00\",\"dateModified\":\"2014-11-20T07:38:43+00:00\",\"author\":{\"@id\":\"https:\/\/www.visit-ulcinj.com\/blog\/#\/schema\/person\/dcab619c614d3038751c63bc2aadc06d\"},\"description\":\"Gjek\u00eb Gjonaj E shtuna e par\u00eb e muajit tetor p\u00ebr trieshjan\u00ebt \u00ebsht\u00eb fest\u00eb e madhe. Trieshi at\u00eb mbr\u00ebmje kremton fest\u00ebn e tradicionale Zoj\u00ebn e Trieshit.\",\"breadcrumb\":{\"@id\":\"https:\/\/www.visit-ulcinj.com\/blog\/2014\/11\/20\/gjonaj-trieshin-e-ka-kapluar-heshtja\/#breadcrumb\"},\"inLanguage\":\"en-US\",\"potentialAction\":[{\"@type\":\"ReadAction\",\"target\":[\"https:\/\/www.visit-ulcinj.com\/blog\/2014\/11\/20\/gjonaj-trieshin-e-ka-kapluar-heshtja\/\"]}]},{\"@type\":\"BreadcrumbList\",\"@id\":\"https:\/\/www.visit-ulcinj.com\/blog\/2014\/11\/20\/gjonaj-trieshin-e-ka-kapluar-heshtja\/#breadcrumb\",\"itemListElement\":[{\"@type\":\"ListItem\",\"position\":1,\"name\":\"Gjonaj: Trieshin e ka kapluar heshtja\"}]},{\"@type\":\"Person\",\"@id\":\"https:\/\/www.visit-ulcinj.com\/blog\/#\/schema\/person\/dcab619c614d3038751c63bc2aadc06d\",\"name\":\"ulqini\",\"sameAs\":[\"http:\/\/www.visit-ulcinj.com\"],\"url\":\"https:\/\/www.visit-ulcinj.com\/blog\/author\/admin\/\"}]}<\/script>\n<!-- \/ Yoast SEO plugin. -->","yoast_head_json":{"title":"Gjonaj: Trieshin e ka kapluar heshtja - Lajme nga Ulqini","description":"Gjek\u00eb Gjonaj E shtuna e par\u00eb e muajit tetor p\u00ebr trieshjan\u00ebt \u00ebsht\u00eb fest\u00eb e madhe. Trieshi at\u00eb mbr\u00ebmje kremton fest\u00ebn e tradicionale Zoj\u00ebn e Trieshit.","robots":{"index":"index","follow":"follow","max-snippet":"max-snippet:-1","max-image-preview":"max-image-preview:large","max-video-preview":"max-video-preview:-1"},"canonical":"https:\/\/www.visit-ulcinj.com\/blog\/2014\/11\/20\/gjonaj-trieshin-e-ka-kapluar-heshtja\/","og_locale":"en_US","og_type":"article","og_title":"Gjonaj: Trieshin e ka kapluar heshtja - Lajme nga Ulqini","og_description":"Gjek\u00eb Gjonaj E shtuna e par\u00eb e muajit tetor p\u00ebr trieshjan\u00ebt \u00ebsht\u00eb fest\u00eb e madhe. Trieshi at\u00eb mbr\u00ebmje kremton fest\u00ebn e tradicionale Zoj\u00ebn e Trieshit.","og_url":"https:\/\/www.visit-ulcinj.com\/blog\/2014\/11\/20\/gjonaj-trieshin-e-ka-kapluar-heshtja\/","og_site_name":"Lajme nga Ulqini","article_published_time":"2014-11-20T07:38:43+00:00","og_image":[{"url":"http:\/\/www.visit-ulcinj.com\/blog\/wp-content\/uploads\/2014\/11\/Trieshi.jpg"}],"twitter_misc":{"Written by":"ulqini","Est. reading time":"10 minutes"},"schema":{"@context":"https:\/\/schema.org","@graph":[{"@type":"WebSite","@id":"https:\/\/www.visit-ulcinj.com\/blog\/#website","url":"https:\/\/www.visit-ulcinj.com\/blog\/","name":"Lajme nga Ulqini","description":"Lajme,Vijesti,Ulqini,Ulqin,Crna Gora,Mali i Zi","potentialAction":[{"@type":"SearchAction","target":{"@type":"EntryPoint","urlTemplate":"https:\/\/www.visit-ulcinj.com\/blog\/?s={search_term_string}"},"query-input":"required name=search_term_string"}],"inLanguage":"en-US"},{"@type":"ImageObject","inLanguage":"en-US","@id":"https:\/\/www.visit-ulcinj.com\/blog\/2014\/11\/20\/gjonaj-trieshin-e-ka-kapluar-heshtja\/#primaryimage","url":"https:\/\/www.visit-ulcinj.com\/blog\/wp-content\/uploads\/2014\/11\/Trieshi.jpg","contentUrl":"https:\/\/www.visit-ulcinj.com\/blog\/wp-content\/uploads\/2014\/11\/Trieshi.jpg","width":529,"height":326},{"@type":"WebPage","@id":"https:\/\/www.visit-ulcinj.com\/blog\/2014\/11\/20\/gjonaj-trieshin-e-ka-kapluar-heshtja\/#webpage","url":"https:\/\/www.visit-ulcinj.com\/blog\/2014\/11\/20\/gjonaj-trieshin-e-ka-kapluar-heshtja\/","name":"Gjonaj: Trieshin e ka kapluar heshtja - Lajme nga Ulqini","isPartOf":{"@id":"https:\/\/www.visit-ulcinj.com\/blog\/#website"},"primaryImageOfPage":{"@id":"https:\/\/www.visit-ulcinj.com\/blog\/2014\/11\/20\/gjonaj-trieshin-e-ka-kapluar-heshtja\/#primaryimage"},"datePublished":"2014-11-20T07:38:43+00:00","dateModified":"2014-11-20T07:38:43+00:00","author":{"@id":"https:\/\/www.visit-ulcinj.com\/blog\/#\/schema\/person\/dcab619c614d3038751c63bc2aadc06d"},"description":"Gjek\u00eb Gjonaj E shtuna e par\u00eb e muajit tetor p\u00ebr trieshjan\u00ebt \u00ebsht\u00eb fest\u00eb e madhe. Trieshi at\u00eb mbr\u00ebmje kremton fest\u00ebn e tradicionale Zoj\u00ebn e Trieshit.","breadcrumb":{"@id":"https:\/\/www.visit-ulcinj.com\/blog\/2014\/11\/20\/gjonaj-trieshin-e-ka-kapluar-heshtja\/#breadcrumb"},"inLanguage":"en-US","potentialAction":[{"@type":"ReadAction","target":["https:\/\/www.visit-ulcinj.com\/blog\/2014\/11\/20\/gjonaj-trieshin-e-ka-kapluar-heshtja\/"]}]},{"@type":"BreadcrumbList","@id":"https:\/\/www.visit-ulcinj.com\/blog\/2014\/11\/20\/gjonaj-trieshin-e-ka-kapluar-heshtja\/#breadcrumb","itemListElement":[{"@type":"ListItem","position":1,"name":"Gjonaj: Trieshin e ka kapluar heshtja"}]},{"@type":"Person","@id":"https:\/\/www.visit-ulcinj.com\/blog\/#\/schema\/person\/dcab619c614d3038751c63bc2aadc06d","name":"ulqini","sameAs":["http:\/\/www.visit-ulcinj.com"],"url":"https:\/\/www.visit-ulcinj.com\/blog\/author\/admin\/"}]}},"jetpack_featured_media_url":"","jetpack_sharing_enabled":true,"jetpack_shortlink":"https:\/\/wp.me\/pe6lTn-muD","_links":{"self":[{"href":"https:\/\/www.visit-ulcinj.com\/blog\/wp-json\/wp\/v2\/posts\/86467"}],"collection":[{"href":"https:\/\/www.visit-ulcinj.com\/blog\/wp-json\/wp\/v2\/posts"}],"about":[{"href":"https:\/\/www.visit-ulcinj.com\/blog\/wp-json\/wp\/v2\/types\/post"}],"author":[{"embeddable":true,"href":"https:\/\/www.visit-ulcinj.com\/blog\/wp-json\/wp\/v2\/users\/1"}],"replies":[{"embeddable":true,"href":"https:\/\/www.visit-ulcinj.com\/blog\/wp-json\/wp\/v2\/comments?post=86467"}],"version-history":[{"count":1,"href":"https:\/\/www.visit-ulcinj.com\/blog\/wp-json\/wp\/v2\/posts\/86467\/revisions"}],"predecessor-version":[{"id":86469,"href":"https:\/\/www.visit-ulcinj.com\/blog\/wp-json\/wp\/v2\/posts\/86467\/revisions\/86469"}],"wp:attachment":[{"href":"https:\/\/www.visit-ulcinj.com\/blog\/wp-json\/wp\/v2\/media?parent=86467"}],"wp:term":[{"taxonomy":"category","embeddable":true,"href":"https:\/\/www.visit-ulcinj.com\/blog\/wp-json\/wp\/v2\/categories?post=86467"},{"taxonomy":"post_tag","embeddable":true,"href":"https:\/\/www.visit-ulcinj.com\/blog\/wp-json\/wp\/v2\/tags?post=86467"}],"curies":[{"name":"wp","href":"https:\/\/api.w.org\/{rel}","templated":true}]}}