{"id":86474,"date":"2014-11-20T11:53:23","date_gmt":"2014-11-20T10:53:23","guid":{"rendered":"http:\/\/www.visit-ulcinj.com\/blog\/?p=86474"},"modified":"2014-11-20T11:53:23","modified_gmt":"2014-11-20T10:53:23","slug":"miruju-mlinovi-maslinara-u-ulcinju","status":"publish","type":"post","link":"https:\/\/www.visit-ulcinj.com\/blog\/2014\/11\/20\/miruju-mlinovi-maslinara-u-ulcinju\/","title":{"rendered":"Miruju mlinovi maslinara u Ulcinju"},"content":{"rendered":"<p>Predsjednik Udru\u017eenja maslinara &#8220;Valdanos&#8221; D\u017eaudet \u0106akuli, potvrdio je &#8220;Vijestima&#8221; da je ove godine rod bio izuzetno lo\u0161<\/p>\n<p>Masline u Ulcinju i ove godine rodile su slabo pa je ve\u0107ina mlinara drugu godinu bez posla. Tako najpoznatiji ulcinjski mlinari, familije Kolari i Katana, koje su i kom\u0161ije u Novoj mahali, u i\u0161\u010dekivanju berbe naredne godine, prodaju ulje iz 2012, koja je bila rekordna po rodu i proizvodnji. Ulje je, kako tvrde, vrhunskog kvaliteta, kakvo je bilo i u proizvodnji zahvaljuju\u0107i i adekvatnoj opremi za skladi\u0161tenje.<\/p>\n<p><a href=\"http:\/\/www.visit-ulcinj.com\/blog\/wp-content\/uploads\/2014\/11\/Skender-Katana-.jpg\"><img loading=\"lazy\" class=\"alignleft wp-image-86476\" src=\"http:\/\/www.visit-ulcinj.com\/blog\/wp-content\/uploads\/2014\/11\/Skender-Katana-.jpg\" alt=\"Skender-Katana-\" width=\"508\" height=\"677\" srcset=\"https:\/\/www.visit-ulcinj.com\/blog\/wp-content\/uploads\/2014\/11\/Skender-Katana-.jpg 700w, https:\/\/www.visit-ulcinj.com\/blog\/wp-content\/uploads\/2014\/11\/Skender-Katana--225x300.jpg 225w\" sizes=\"(max-width: 508px) 100vw, 508px\" \/><\/a><\/p>\n<p>Skender Katana radio je malo i ove godine, a izuzetno lo\u0161a berba morala se reflektovati i na proizvodnju.<\/p>\n<p>&#8220;Na 100 kg maslina, proizvodili smo od 10 do 11 litara ulja, a kvalitetnije zrno davalo je i do 15 litara&#8221;, ka\u017ee Katana u razgovoru za &#8220;Vijesti&#8221;.<\/p>\n<p>Na pitanje da napravali paralelu sa pro\u0161lom i pretpro\u0161lom godinom, ka\u017ee da je lanjska berba bila ne\u0161to bolja.<\/p>\n<p>&#8220;Pretpro\u0161la godina rijetko \u0107e se ponoviti jer smo na 100 kg maslina proizvodili i do 30 litara visokokvalitetnog ulja. Tada su nam masline bukvalno vagonima stizale u mlin, \u010dekalo se u red. Pro\u0161le godine imali smo tek jednu tonu svaki drugi dan, a ove tonu svaki \u010detvrti dan&#8221;, pri\u010da Katana.<\/p>\n<p>Kao razlog lo\u0161eg roda, on navodi vrijeme.<\/p>\n<p>&#8220;Bilo je dosta ki\u0161e i juga \u0161to ne odgovara plodu. Suvo vrijeme i sjeverni vjetar pri\u017eeljkuju svi maslinari&#8221;, ka\u017ee on.<\/p>\n<p>Njegov mlin opremljen je najsavremenijim aparatima za centrifugu, ali su tu i ogromni kota\u010di za stari na\u010din proizvodnje. I ove kao i svih pro\u0161lih godina, Katana je proizvodio na oba na\u010dina.<\/p>\n<p>&#8220;To isklju\u010divo zavisi od onoga ko donese masline&#8221;, ka\u017ee on.<\/p>\n<p>Ulje kod njega, u zavisnosti od kvaliteta, kre\u0107e se od 8 do 10 eura.<\/p>\n<p>Predsjednik Udru\u017eenja maslinara &#8220;Valdanos&#8221; D\u017eaudet \u0106akuli, potvrdio je &#8220;Vijestima&#8221;\u00a0da je ove godine rod bio izuzetno lo\u0161.<\/p>\n<p>&#8220;Mo\u017eda nekoliko desetina tona na vi\u0161e od sto hiljada korijena koliko maslina ima na teritoriji op\u0161tine, vi\u0161e su nego mr\u0161av rod. To je \u010dak ne\u0161to i gore od lanjske berbe za koju smo konstatovali da je katastrofalna&#8221;, kazao je \u0106akuli isti\u010du\u0107i da je gotovo nemogu\u0107e porediti berbe od ove i pro\u0161le godine sa pretpro\u0161lom.<\/p>\n<p>U starom jezgru, koje po\u010dinje od Nove mahale ima 70 hiljada korijena dok je u Valdanosu &#8220;zato\u010deno&#8221;\u00a0blizu 18 hiljada stabala, od kojih su neka vjekovima stara. Osim u Valdanosu, me\u0111u kvalitetnijim maslinama je i ona u Ba\u0161buljuku.<\/p>\n<p><a href=\"http:\/\/www.visit-ulcinj.com\/blog\/wp-content\/uploads\/2014\/11\/Ruzhdo-Kollari-.jpg\"><img loading=\"lazy\" class=\"alignleft wp-image-86478\" src=\"http:\/\/www.visit-ulcinj.com\/blog\/wp-content\/uploads\/2014\/11\/Ruzhdo-Kollari-.jpg\" alt=\"Ruzhdo-Kollari-\" width=\"508\" height=\"710\" srcset=\"https:\/\/www.visit-ulcinj.com\/blog\/wp-content\/uploads\/2014\/11\/Ruzhdo-Kollari-.jpg 700w, https:\/\/www.visit-ulcinj.com\/blog\/wp-content\/uploads\/2014\/11\/Ruzhdo-Kollari--214x300.jpg 214w\" sizes=\"(max-width: 508px) 100vw, 508px\" \/><\/a><\/p>\n<p>Vlasnik mlina Ru\u017edo Kolari ove godine nije imao mnogo posla.<\/p>\n<p>&#8220;Kako kad smo cijelu pro\u0161lu zimu bili samo u d\u017eemperu&#8221;, pita se Kolari aludiraju\u0107i na toplo vrijeme. Kao i njegov kom\u0161ija Katana tvrdi da \u0107e berbe naredne godine biti ako ova zima bude hladna. On ne vjeruje da sa postoje\u0107im zalihama ulja mo\u017ee do\u010dekati novu proizvodnju.<\/p>\n<p>&#8220;I prodaja je ove godine i\u0161la dobro samo u avgustu&#8221;\u00a0ka\u017ee Kolari kod koga je ulje 8 eura, kantarionovo za lijek devet, kilogram maslina \u010detiri, a doma\u0107i sapun jedan euro. I on u prodaji ima ulje od dvije godine, koje kako tvrdi, nije promijenilo kvalitet.<\/p>\n<p>&#8220;Isto je kao u proizvodnji ako ne i bolje&#8221;, tvrdi on. Kolari praktikuje isklju\u010divo stari na\u010din proizvodnje ulja pomo\u0107u kamenih to\u010dkova.<\/p>\n<p><span class=\"credits__photo\"><strong>Foto &#8211; Text: Samir Adrovi\u0107 <\/strong><\/span><\/p>\n<p><strong>Vijesti Online<\/strong><\/p>\n","protected":false},"excerpt":{"rendered":"<p>Predsjednik Udru\u017eenja maslinara &#8220;Valdanos&#8221; D\u017eaudet \u0106akuli, potvrdio je &#8220;Vijestima&#8221; da je ove godine rod bio izuzetno lo\u0161 Masline u Ulcinju i ove godine rodile su slabo pa je ve\u0107ina mlinara drugu godinu bez posla. Tako najpoznatiji ulcinjski mlinari, familije Kolari i Katana, koje su i kom\u0161ije u Novoj mahali, u i\u0161\u010dekivanju berbe naredne godine, prodaju [&hellip;]<\/p>\n","protected":false},"author":1,"featured_media":0,"comment_status":"closed","ping_status":"closed","sticky":false,"template":"","format":"standard","meta":{"spay_email":"","jetpack_publicize_message":"","jetpack_is_tweetstorm":false,"jetpack_publicize_feature_enabled":true},"categories":[8337],"tags":[],"jetpack_publicize_connections":[],"yoast_head":"<!-- This site is optimized with the Yoast SEO plugin v19.1 - https:\/\/yoast.com\/wordpress\/plugins\/seo\/ -->\n<title>Miruju mlinovi maslinara u Ulcinju - Lajme nga Ulqini<\/title>\n<meta name=\"description\" content=\"Predsjednik Udru\u017eenja maslinara &quot;Valdanos&quot; D\u017eaudet \u0106akuli, potvrdio je &quot;Vijestima&quot; da je ove godine rod bio izuzetno lo\u0161 Masline u Ulcinju i ove godine\" \/>\n<meta name=\"robots\" content=\"index, follow, max-snippet:-1, max-image-preview:large, max-video-preview:-1\" \/>\n<link rel=\"canonical\" href=\"https:\/\/www.visit-ulcinj.com\/blog\/2014\/11\/20\/miruju-mlinovi-maslinara-u-ulcinju\/\" \/>\n<meta property=\"og:locale\" content=\"en_US\" \/>\n<meta property=\"og:type\" content=\"article\" \/>\n<meta property=\"og:title\" content=\"Miruju mlinovi maslinara u Ulcinju - Lajme nga Ulqini\" \/>\n<meta property=\"og:description\" content=\"Predsjednik Udru\u017eenja maslinara &quot;Valdanos&quot; D\u017eaudet \u0106akuli, potvrdio je &quot;Vijestima&quot; da je ove godine rod bio izuzetno lo\u0161 Masline u Ulcinju i ove godine\" \/>\n<meta property=\"og:url\" content=\"https:\/\/www.visit-ulcinj.com\/blog\/2014\/11\/20\/miruju-mlinovi-maslinara-u-ulcinju\/\" \/>\n<meta property=\"og:site_name\" content=\"Lajme nga Ulqini\" \/>\n<meta property=\"article:published_time\" content=\"2014-11-20T10:53:23+00:00\" \/>\n<meta property=\"og:image\" content=\"http:\/\/www.visit-ulcinj.com\/blog\/wp-content\/uploads\/2014\/11\/Skender-Katana-.jpg\" \/>\n<meta name=\"twitter:label1\" content=\"Written by\" \/>\n\t<meta name=\"twitter:data1\" content=\"ulqini\" \/>\n\t<meta name=\"twitter:label2\" content=\"Est. reading time\" \/>\n\t<meta name=\"twitter:data2\" content=\"3 minutes\" \/>\n<script type=\"application\/ld+json\" class=\"yoast-schema-graph\">{\"@context\":\"https:\/\/schema.org\",\"@graph\":[{\"@type\":\"WebSite\",\"@id\":\"https:\/\/www.visit-ulcinj.com\/blog\/#website\",\"url\":\"https:\/\/www.visit-ulcinj.com\/blog\/\",\"name\":\"Lajme nga Ulqini\",\"description\":\"Lajme,Vijesti,Ulqini,Ulqin,Crna Gora,Mali i Zi\",\"potentialAction\":[{\"@type\":\"SearchAction\",\"target\":{\"@type\":\"EntryPoint\",\"urlTemplate\":\"https:\/\/www.visit-ulcinj.com\/blog\/?s={search_term_string}\"},\"query-input\":\"required name=search_term_string\"}],\"inLanguage\":\"en-US\"},{\"@type\":\"ImageObject\",\"inLanguage\":\"en-US\",\"@id\":\"https:\/\/www.visit-ulcinj.com\/blog\/2014\/11\/20\/miruju-mlinovi-maslinara-u-ulcinju\/#primaryimage\",\"url\":\"https:\/\/www.visit-ulcinj.com\/blog\/wp-content\/uploads\/2014\/11\/Skender-Katana-.jpg\",\"contentUrl\":\"https:\/\/www.visit-ulcinj.com\/blog\/wp-content\/uploads\/2014\/11\/Skender-Katana-.jpg\",\"width\":700,\"height\":933},{\"@type\":\"WebPage\",\"@id\":\"https:\/\/www.visit-ulcinj.com\/blog\/2014\/11\/20\/miruju-mlinovi-maslinara-u-ulcinju\/#webpage\",\"url\":\"https:\/\/www.visit-ulcinj.com\/blog\/2014\/11\/20\/miruju-mlinovi-maslinara-u-ulcinju\/\",\"name\":\"Miruju mlinovi maslinara u Ulcinju - Lajme nga Ulqini\",\"isPartOf\":{\"@id\":\"https:\/\/www.visit-ulcinj.com\/blog\/#website\"},\"primaryImageOfPage\":{\"@id\":\"https:\/\/www.visit-ulcinj.com\/blog\/2014\/11\/20\/miruju-mlinovi-maslinara-u-ulcinju\/#primaryimage\"},\"datePublished\":\"2014-11-20T10:53:23+00:00\",\"dateModified\":\"2014-11-20T10:53:23+00:00\",\"author\":{\"@id\":\"https:\/\/www.visit-ulcinj.com\/blog\/#\/schema\/person\/dcab619c614d3038751c63bc2aadc06d\"},\"description\":\"Predsjednik Udru\u017eenja maslinara \\\"Valdanos\\\" D\u017eaudet \u0106akuli, potvrdio je \\\"Vijestima\\\" da je ove godine rod bio izuzetno lo\u0161 Masline u Ulcinju i ove godine\",\"breadcrumb\":{\"@id\":\"https:\/\/www.visit-ulcinj.com\/blog\/2014\/11\/20\/miruju-mlinovi-maslinara-u-ulcinju\/#breadcrumb\"},\"inLanguage\":\"en-US\",\"potentialAction\":[{\"@type\":\"ReadAction\",\"target\":[\"https:\/\/www.visit-ulcinj.com\/blog\/2014\/11\/20\/miruju-mlinovi-maslinara-u-ulcinju\/\"]}]},{\"@type\":\"BreadcrumbList\",\"@id\":\"https:\/\/www.visit-ulcinj.com\/blog\/2014\/11\/20\/miruju-mlinovi-maslinara-u-ulcinju\/#breadcrumb\",\"itemListElement\":[{\"@type\":\"ListItem\",\"position\":1,\"name\":\"Miruju mlinovi maslinara u Ulcinju\"}]},{\"@type\":\"Person\",\"@id\":\"https:\/\/www.visit-ulcinj.com\/blog\/#\/schema\/person\/dcab619c614d3038751c63bc2aadc06d\",\"name\":\"ulqini\",\"sameAs\":[\"http:\/\/www.visit-ulcinj.com\"],\"url\":\"https:\/\/www.visit-ulcinj.com\/blog\/author\/admin\/\"}]}<\/script>\n<!-- \/ Yoast SEO plugin. -->","yoast_head_json":{"title":"Miruju mlinovi maslinara u Ulcinju - Lajme nga Ulqini","description":"Predsjednik Udru\u017eenja maslinara \"Valdanos\" D\u017eaudet \u0106akuli, potvrdio je \"Vijestima\" da je ove godine rod bio izuzetno lo\u0161 Masline u Ulcinju i ove godine","robots":{"index":"index","follow":"follow","max-snippet":"max-snippet:-1","max-image-preview":"max-image-preview:large","max-video-preview":"max-video-preview:-1"},"canonical":"https:\/\/www.visit-ulcinj.com\/blog\/2014\/11\/20\/miruju-mlinovi-maslinara-u-ulcinju\/","og_locale":"en_US","og_type":"article","og_title":"Miruju mlinovi maslinara u Ulcinju - Lajme nga Ulqini","og_description":"Predsjednik Udru\u017eenja maslinara \"Valdanos\" D\u017eaudet \u0106akuli, potvrdio je \"Vijestima\" da je ove godine rod bio izuzetno lo\u0161 Masline u Ulcinju i ove godine","og_url":"https:\/\/www.visit-ulcinj.com\/blog\/2014\/11\/20\/miruju-mlinovi-maslinara-u-ulcinju\/","og_site_name":"Lajme nga Ulqini","article_published_time":"2014-11-20T10:53:23+00:00","og_image":[{"url":"http:\/\/www.visit-ulcinj.com\/blog\/wp-content\/uploads\/2014\/11\/Skender-Katana-.jpg"}],"twitter_misc":{"Written by":"ulqini","Est. reading time":"3 minutes"},"schema":{"@context":"https:\/\/schema.org","@graph":[{"@type":"WebSite","@id":"https:\/\/www.visit-ulcinj.com\/blog\/#website","url":"https:\/\/www.visit-ulcinj.com\/blog\/","name":"Lajme nga Ulqini","description":"Lajme,Vijesti,Ulqini,Ulqin,Crna Gora,Mali i Zi","potentialAction":[{"@type":"SearchAction","target":{"@type":"EntryPoint","urlTemplate":"https:\/\/www.visit-ulcinj.com\/blog\/?s={search_term_string}"},"query-input":"required name=search_term_string"}],"inLanguage":"en-US"},{"@type":"ImageObject","inLanguage":"en-US","@id":"https:\/\/www.visit-ulcinj.com\/blog\/2014\/11\/20\/miruju-mlinovi-maslinara-u-ulcinju\/#primaryimage","url":"https:\/\/www.visit-ulcinj.com\/blog\/wp-content\/uploads\/2014\/11\/Skender-Katana-.jpg","contentUrl":"https:\/\/www.visit-ulcinj.com\/blog\/wp-content\/uploads\/2014\/11\/Skender-Katana-.jpg","width":700,"height":933},{"@type":"WebPage","@id":"https:\/\/www.visit-ulcinj.com\/blog\/2014\/11\/20\/miruju-mlinovi-maslinara-u-ulcinju\/#webpage","url":"https:\/\/www.visit-ulcinj.com\/blog\/2014\/11\/20\/miruju-mlinovi-maslinara-u-ulcinju\/","name":"Miruju mlinovi maslinara u Ulcinju - Lajme nga Ulqini","isPartOf":{"@id":"https:\/\/www.visit-ulcinj.com\/blog\/#website"},"primaryImageOfPage":{"@id":"https:\/\/www.visit-ulcinj.com\/blog\/2014\/11\/20\/miruju-mlinovi-maslinara-u-ulcinju\/#primaryimage"},"datePublished":"2014-11-20T10:53:23+00:00","dateModified":"2014-11-20T10:53:23+00:00","author":{"@id":"https:\/\/www.visit-ulcinj.com\/blog\/#\/schema\/person\/dcab619c614d3038751c63bc2aadc06d"},"description":"Predsjednik Udru\u017eenja maslinara \"Valdanos\" D\u017eaudet \u0106akuli, potvrdio je \"Vijestima\" da je ove godine rod bio izuzetno lo\u0161 Masline u Ulcinju i ove godine","breadcrumb":{"@id":"https:\/\/www.visit-ulcinj.com\/blog\/2014\/11\/20\/miruju-mlinovi-maslinara-u-ulcinju\/#breadcrumb"},"inLanguage":"en-US","potentialAction":[{"@type":"ReadAction","target":["https:\/\/www.visit-ulcinj.com\/blog\/2014\/11\/20\/miruju-mlinovi-maslinara-u-ulcinju\/"]}]},{"@type":"BreadcrumbList","@id":"https:\/\/www.visit-ulcinj.com\/blog\/2014\/11\/20\/miruju-mlinovi-maslinara-u-ulcinju\/#breadcrumb","itemListElement":[{"@type":"ListItem","position":1,"name":"Miruju mlinovi maslinara u Ulcinju"}]},{"@type":"Person","@id":"https:\/\/www.visit-ulcinj.com\/blog\/#\/schema\/person\/dcab619c614d3038751c63bc2aadc06d","name":"ulqini","sameAs":["http:\/\/www.visit-ulcinj.com"],"url":"https:\/\/www.visit-ulcinj.com\/blog\/author\/admin\/"}]}},"jetpack_featured_media_url":"","jetpack_sharing_enabled":true,"jetpack_shortlink":"https:\/\/wp.me\/pe6lTn-muK","_links":{"self":[{"href":"https:\/\/www.visit-ulcinj.com\/blog\/wp-json\/wp\/v2\/posts\/86474"}],"collection":[{"href":"https:\/\/www.visit-ulcinj.com\/blog\/wp-json\/wp\/v2\/posts"}],"about":[{"href":"https:\/\/www.visit-ulcinj.com\/blog\/wp-json\/wp\/v2\/types\/post"}],"author":[{"embeddable":true,"href":"https:\/\/www.visit-ulcinj.com\/blog\/wp-json\/wp\/v2\/users\/1"}],"replies":[{"embeddable":true,"href":"https:\/\/www.visit-ulcinj.com\/blog\/wp-json\/wp\/v2\/comments?post=86474"}],"version-history":[{"count":1,"href":"https:\/\/www.visit-ulcinj.com\/blog\/wp-json\/wp\/v2\/posts\/86474\/revisions"}],"predecessor-version":[{"id":86479,"href":"https:\/\/www.visit-ulcinj.com\/blog\/wp-json\/wp\/v2\/posts\/86474\/revisions\/86479"}],"wp:attachment":[{"href":"https:\/\/www.visit-ulcinj.com\/blog\/wp-json\/wp\/v2\/media?parent=86474"}],"wp:term":[{"taxonomy":"category","embeddable":true,"href":"https:\/\/www.visit-ulcinj.com\/blog\/wp-json\/wp\/v2\/categories?post=86474"},{"taxonomy":"post_tag","embeddable":true,"href":"https:\/\/www.visit-ulcinj.com\/blog\/wp-json\/wp\/v2\/tags?post=86474"}],"curies":[{"name":"wp","href":"https:\/\/api.w.org\/{rel}","templated":true}]}}