{"id":86487,"date":"2014-11-20T13:01:14","date_gmt":"2014-11-20T12:01:14","guid":{"rendered":"http:\/\/www.visit-ulcinj.com\/blog\/?p=86487"},"modified":"2014-11-20T13:01:14","modified_gmt":"2014-11-20T12:01:14","slug":"ojq-horizonti-ri-ulqini-qytet-per-te-rinj","status":"publish","type":"post","link":"https:\/\/www.visit-ulcinj.com\/blog\/2014\/11\/20\/ojq-horizonti-ri-ulqini-qytet-per-te-rinj\/","title":{"rendered":"OJQ \u201cHorizonti i Ri\u201d: ULQINI QYTET PER TE RINJ"},"content":{"rendered":"<p><a href=\"http:\/\/www.visit-ulcinj.com\/blog\/wp-content\/uploads\/2014\/11\/OJQ-Horizonti-i-Ri-ULQINI-QYTET-PER-TE-RINJ.jpg\"><img loading=\"lazy\" class=\"alignleft wp-image-86488\" src=\"http:\/\/www.visit-ulcinj.com\/blog\/wp-content\/uploads\/2014\/11\/OJQ-Horizonti-i-Ri-ULQINI-QYTET-PER-TE-RINJ.jpg\" alt=\"OJQ -Horizonti i Ri-ULQINI QYTET PER TE RINJ\" width=\"508\" height=\"345\" srcset=\"https:\/\/www.visit-ulcinj.com\/blog\/wp-content\/uploads\/2014\/11\/OJQ-Horizonti-i-Ri-ULQINI-QYTET-PER-TE-RINJ.jpg 960w, https:\/\/www.visit-ulcinj.com\/blog\/wp-content\/uploads\/2014\/11\/OJQ-Horizonti-i-Ri-ULQINI-QYTET-PER-TE-RINJ-300x203.jpg 300w\" sizes=\"(max-width: 508px) 100vw, 508px\" \/><\/a>Organizata e shoq\u00ebris\u00eb civile HORIZONTI I RI organizon ekspozite te punimeve figurative dhe te fotografise, te cilet te rinjt e Ulqinit i kane derguar ne konkursin me temen \u201cULQINI QYTET PER TE RINJ\u201d.<br \/>\nKy aktivitet zhvillohet ne kuader te projektit POLITIKA PER TE RINJ NE ULQIN, i cili ka per qellim hartimin e Planit te Veprimit per te rinj, dokumnetit te pare strategjik qe iu dedikohet te rinjve ne komunen e Ulqinit.<\/p>\n<p>Hapja e ekspozites do te behet dit\u00ebn e shtun\u00eb, me 22 n\u00ebntor 2014, n\u00eb ora 18.00, n\u00eb Galerin\u00eb e Qendr\u00ebs Kulturore &#8211; Ulqin<\/p>\n<p>Tre punimet me te mira te kesaj ekspozite do te shperblehen me dhurata te vecanta, te cilat per kete rat i ka siguruar Komuna e Ulqinit, ndersa te gjithe pjesemarresit e Konkursit do te marrin mirenjohje per participim ne kete projekt.<\/p>\n<p>Ju ftojm\u00eb q\u00eb t\u00eb k\u00ebt\u00eb aktivitet ta p\u00ebrcillni n\u00eb m\u00ebnyr\u00eb aktive dhe k\u00ebshtu t\u00eb kontribuoni n\u00eb informimin cil\u00ebsor t\u00eb publikut, p\u00ebr nevojat e t\u00eb rinjve dhe idet\u00eb e tyre p\u00ebr hartimin e politikave rinore n\u00eb nivelin lokal.<\/p>\n<p>Ju fal\u00ebnderojm\u00eb paraprakisht p\u00ebr pjes\u00ebmarrjen tuaj!<\/p>\n<p><strong>OJQ \u201cHorizonti i Ri\u201d &#8211; Ulqin<\/strong><\/p>\n<!--YouTube Error: bad URL entered-->\n","protected":false},"excerpt":{"rendered":"<p>Organizata e shoq\u00ebris\u00eb civile HORIZONTI I RI organizon ekspozite te punimeve figurative dhe te fotografise, te cilet te rinjt e Ulqinit i kane derguar ne konkursin me temen \u201cULQINI QYTET PER TE RINJ\u201d. Ky aktivitet zhvillohet ne kuader te projektit POLITIKA PER TE RINJ NE ULQIN, i cili ka per qellim hartimin e Planit te [&hellip;]<\/p>\n","protected":false},"author":1,"featured_media":0,"comment_status":"closed","ping_status":"closed","sticky":false,"template":"","format":"standard","meta":{"spay_email":"","jetpack_publicize_message":"","jetpack_is_tweetstorm":false,"jetpack_publicize_feature_enabled":true},"categories":[2451],"tags":[],"jetpack_publicize_connections":[],"yoast_head":"<!-- This site is optimized with the Yoast SEO plugin v19.1 - https:\/\/yoast.com\/wordpress\/plugins\/seo\/ -->\n<title>OJQ \u201cHorizonti i Ri\u201d: ULQINI QYTET PER TE RINJ - Lajme nga Ulqini<\/title>\n<meta name=\"description\" content=\"Organizata e shoq\u00ebris\u00eb civile HORIZONTI I RI organizon ekspozite te punimeve figurative dhe te fotografise, te cilet te rinjt e Ulqinit i kane derguar ne\" \/>\n<meta name=\"robots\" content=\"index, follow, max-snippet:-1, max-image-preview:large, max-video-preview:-1\" \/>\n<link rel=\"canonical\" href=\"https:\/\/www.visit-ulcinj.com\/blog\/2014\/11\/20\/ojq-horizonti-ri-ulqini-qytet-per-te-rinj\/\" \/>\n<meta property=\"og:locale\" content=\"en_US\" \/>\n<meta property=\"og:type\" content=\"article\" \/>\n<meta property=\"og:title\" content=\"OJQ \u201cHorizonti i Ri\u201d: ULQINI QYTET PER TE RINJ - Lajme nga Ulqini\" \/>\n<meta property=\"og:description\" content=\"Organizata e shoq\u00ebris\u00eb civile HORIZONTI I RI organizon ekspozite te punimeve figurative dhe te fotografise, te cilet te rinjt e Ulqinit i kane derguar ne\" \/>\n<meta property=\"og:url\" content=\"https:\/\/www.visit-ulcinj.com\/blog\/2014\/11\/20\/ojq-horizonti-ri-ulqini-qytet-per-te-rinj\/\" \/>\n<meta property=\"og:site_name\" content=\"Lajme nga Ulqini\" \/>\n<meta property=\"article:published_time\" content=\"2014-11-20T12:01:14+00:00\" \/>\n<meta property=\"og:image\" content=\"http:\/\/www.visit-ulcinj.com\/blog\/wp-content\/uploads\/2014\/11\/OJQ-Horizonti-i-Ri-ULQINI-QYTET-PER-TE-RINJ.jpg\" \/>\n<meta name=\"twitter:label1\" content=\"Written by\" \/>\n\t<meta name=\"twitter:data1\" content=\"ulqini\" \/>\n\t<meta name=\"twitter:label2\" content=\"Est. reading time\" \/>\n\t<meta name=\"twitter:data2\" content=\"1 minute\" \/>\n<script type=\"application\/ld+json\" class=\"yoast-schema-graph\">{\"@context\":\"https:\/\/schema.org\",\"@graph\":[{\"@type\":\"WebSite\",\"@id\":\"https:\/\/www.visit-ulcinj.com\/blog\/#website\",\"url\":\"https:\/\/www.visit-ulcinj.com\/blog\/\",\"name\":\"Lajme nga Ulqini\",\"description\":\"Lajme,Vijesti,Ulqini,Ulqin,Crna Gora,Mali i Zi\",\"potentialAction\":[{\"@type\":\"SearchAction\",\"target\":{\"@type\":\"EntryPoint\",\"urlTemplate\":\"https:\/\/www.visit-ulcinj.com\/blog\/?s={search_term_string}\"},\"query-input\":\"required name=search_term_string\"}],\"inLanguage\":\"en-US\"},{\"@type\":\"ImageObject\",\"inLanguage\":\"en-US\",\"@id\":\"https:\/\/www.visit-ulcinj.com\/blog\/2014\/11\/20\/ojq-horizonti-ri-ulqini-qytet-per-te-rinj\/#primaryimage\",\"url\":\"https:\/\/www.visit-ulcinj.com\/blog\/wp-content\/uploads\/2014\/11\/OJQ-Horizonti-i-Ri-ULQINI-QYTET-PER-TE-RINJ.jpg\",\"contentUrl\":\"https:\/\/www.visit-ulcinj.com\/blog\/wp-content\/uploads\/2014\/11\/OJQ-Horizonti-i-Ri-ULQINI-QYTET-PER-TE-RINJ.jpg\",\"width\":960,\"height\":652},{\"@type\":\"WebPage\",\"@id\":\"https:\/\/www.visit-ulcinj.com\/blog\/2014\/11\/20\/ojq-horizonti-ri-ulqini-qytet-per-te-rinj\/#webpage\",\"url\":\"https:\/\/www.visit-ulcinj.com\/blog\/2014\/11\/20\/ojq-horizonti-ri-ulqini-qytet-per-te-rinj\/\",\"name\":\"OJQ \u201cHorizonti i Ri\u201d: ULQINI QYTET PER TE RINJ - Lajme nga Ulqini\",\"isPartOf\":{\"@id\":\"https:\/\/www.visit-ulcinj.com\/blog\/#website\"},\"primaryImageOfPage\":{\"@id\":\"https:\/\/www.visit-ulcinj.com\/blog\/2014\/11\/20\/ojq-horizonti-ri-ulqini-qytet-per-te-rinj\/#primaryimage\"},\"datePublished\":\"2014-11-20T12:01:14+00:00\",\"dateModified\":\"2014-11-20T12:01:14+00:00\",\"author\":{\"@id\":\"https:\/\/www.visit-ulcinj.com\/blog\/#\/schema\/person\/dcab619c614d3038751c63bc2aadc06d\"},\"description\":\"Organizata e shoq\u00ebris\u00eb civile HORIZONTI I RI organizon ekspozite te punimeve figurative dhe te fotografise, te cilet te rinjt e Ulqinit i kane derguar ne\",\"breadcrumb\":{\"@id\":\"https:\/\/www.visit-ulcinj.com\/blog\/2014\/11\/20\/ojq-horizonti-ri-ulqini-qytet-per-te-rinj\/#breadcrumb\"},\"inLanguage\":\"en-US\",\"potentialAction\":[{\"@type\":\"ReadAction\",\"target\":[\"https:\/\/www.visit-ulcinj.com\/blog\/2014\/11\/20\/ojq-horizonti-ri-ulqini-qytet-per-te-rinj\/\"]}]},{\"@type\":\"BreadcrumbList\",\"@id\":\"https:\/\/www.visit-ulcinj.com\/blog\/2014\/11\/20\/ojq-horizonti-ri-ulqini-qytet-per-te-rinj\/#breadcrumb\",\"itemListElement\":[{\"@type\":\"ListItem\",\"position\":1,\"name\":\"OJQ \u201cHorizonti i Ri\u201d: ULQINI QYTET PER TE RINJ\"}]},{\"@type\":\"Person\",\"@id\":\"https:\/\/www.visit-ulcinj.com\/blog\/#\/schema\/person\/dcab619c614d3038751c63bc2aadc06d\",\"name\":\"ulqini\",\"sameAs\":[\"http:\/\/www.visit-ulcinj.com\"],\"url\":\"https:\/\/www.visit-ulcinj.com\/blog\/author\/admin\/\"}]}<\/script>\n<!-- \/ Yoast SEO plugin. -->","yoast_head_json":{"title":"OJQ \u201cHorizonti i Ri\u201d: ULQINI QYTET PER TE RINJ - Lajme nga Ulqini","description":"Organizata e shoq\u00ebris\u00eb civile HORIZONTI I RI organizon ekspozite te punimeve figurative dhe te fotografise, te cilet te rinjt e Ulqinit i kane derguar ne","robots":{"index":"index","follow":"follow","max-snippet":"max-snippet:-1","max-image-preview":"max-image-preview:large","max-video-preview":"max-video-preview:-1"},"canonical":"https:\/\/www.visit-ulcinj.com\/blog\/2014\/11\/20\/ojq-horizonti-ri-ulqini-qytet-per-te-rinj\/","og_locale":"en_US","og_type":"article","og_title":"OJQ \u201cHorizonti i Ri\u201d: ULQINI QYTET PER TE RINJ - Lajme nga Ulqini","og_description":"Organizata e shoq\u00ebris\u00eb civile HORIZONTI I RI organizon ekspozite te punimeve figurative dhe te fotografise, te cilet te rinjt e Ulqinit i kane derguar ne","og_url":"https:\/\/www.visit-ulcinj.com\/blog\/2014\/11\/20\/ojq-horizonti-ri-ulqini-qytet-per-te-rinj\/","og_site_name":"Lajme nga Ulqini","article_published_time":"2014-11-20T12:01:14+00:00","og_image":[{"url":"http:\/\/www.visit-ulcinj.com\/blog\/wp-content\/uploads\/2014\/11\/OJQ-Horizonti-i-Ri-ULQINI-QYTET-PER-TE-RINJ.jpg"}],"twitter_misc":{"Written by":"ulqini","Est. reading time":"1 minute"},"schema":{"@context":"https:\/\/schema.org","@graph":[{"@type":"WebSite","@id":"https:\/\/www.visit-ulcinj.com\/blog\/#website","url":"https:\/\/www.visit-ulcinj.com\/blog\/","name":"Lajme nga Ulqini","description":"Lajme,Vijesti,Ulqini,Ulqin,Crna Gora,Mali i Zi","potentialAction":[{"@type":"SearchAction","target":{"@type":"EntryPoint","urlTemplate":"https:\/\/www.visit-ulcinj.com\/blog\/?s={search_term_string}"},"query-input":"required name=search_term_string"}],"inLanguage":"en-US"},{"@type":"ImageObject","inLanguage":"en-US","@id":"https:\/\/www.visit-ulcinj.com\/blog\/2014\/11\/20\/ojq-horizonti-ri-ulqini-qytet-per-te-rinj\/#primaryimage","url":"https:\/\/www.visit-ulcinj.com\/blog\/wp-content\/uploads\/2014\/11\/OJQ-Horizonti-i-Ri-ULQINI-QYTET-PER-TE-RINJ.jpg","contentUrl":"https:\/\/www.visit-ulcinj.com\/blog\/wp-content\/uploads\/2014\/11\/OJQ-Horizonti-i-Ri-ULQINI-QYTET-PER-TE-RINJ.jpg","width":960,"height":652},{"@type":"WebPage","@id":"https:\/\/www.visit-ulcinj.com\/blog\/2014\/11\/20\/ojq-horizonti-ri-ulqini-qytet-per-te-rinj\/#webpage","url":"https:\/\/www.visit-ulcinj.com\/blog\/2014\/11\/20\/ojq-horizonti-ri-ulqini-qytet-per-te-rinj\/","name":"OJQ \u201cHorizonti i Ri\u201d: ULQINI QYTET PER TE RINJ - Lajme nga Ulqini","isPartOf":{"@id":"https:\/\/www.visit-ulcinj.com\/blog\/#website"},"primaryImageOfPage":{"@id":"https:\/\/www.visit-ulcinj.com\/blog\/2014\/11\/20\/ojq-horizonti-ri-ulqini-qytet-per-te-rinj\/#primaryimage"},"datePublished":"2014-11-20T12:01:14+00:00","dateModified":"2014-11-20T12:01:14+00:00","author":{"@id":"https:\/\/www.visit-ulcinj.com\/blog\/#\/schema\/person\/dcab619c614d3038751c63bc2aadc06d"},"description":"Organizata e shoq\u00ebris\u00eb civile HORIZONTI I RI organizon ekspozite te punimeve figurative dhe te fotografise, te cilet te rinjt e Ulqinit i kane derguar ne","breadcrumb":{"@id":"https:\/\/www.visit-ulcinj.com\/blog\/2014\/11\/20\/ojq-horizonti-ri-ulqini-qytet-per-te-rinj\/#breadcrumb"},"inLanguage":"en-US","potentialAction":[{"@type":"ReadAction","target":["https:\/\/www.visit-ulcinj.com\/blog\/2014\/11\/20\/ojq-horizonti-ri-ulqini-qytet-per-te-rinj\/"]}]},{"@type":"BreadcrumbList","@id":"https:\/\/www.visit-ulcinj.com\/blog\/2014\/11\/20\/ojq-horizonti-ri-ulqini-qytet-per-te-rinj\/#breadcrumb","itemListElement":[{"@type":"ListItem","position":1,"name":"OJQ \u201cHorizonti i Ri\u201d: ULQINI QYTET PER TE RINJ"}]},{"@type":"Person","@id":"https:\/\/www.visit-ulcinj.com\/blog\/#\/schema\/person\/dcab619c614d3038751c63bc2aadc06d","name":"ulqini","sameAs":["http:\/\/www.visit-ulcinj.com"],"url":"https:\/\/www.visit-ulcinj.com\/blog\/author\/admin\/"}]}},"jetpack_featured_media_url":"","jetpack_sharing_enabled":true,"jetpack_shortlink":"https:\/\/wp.me\/pe6lTn-muX","_links":{"self":[{"href":"https:\/\/www.visit-ulcinj.com\/blog\/wp-json\/wp\/v2\/posts\/86487"}],"collection":[{"href":"https:\/\/www.visit-ulcinj.com\/blog\/wp-json\/wp\/v2\/posts"}],"about":[{"href":"https:\/\/www.visit-ulcinj.com\/blog\/wp-json\/wp\/v2\/types\/post"}],"author":[{"embeddable":true,"href":"https:\/\/www.visit-ulcinj.com\/blog\/wp-json\/wp\/v2\/users\/1"}],"replies":[{"embeddable":true,"href":"https:\/\/www.visit-ulcinj.com\/blog\/wp-json\/wp\/v2\/comments?post=86487"}],"version-history":[{"count":1,"href":"https:\/\/www.visit-ulcinj.com\/blog\/wp-json\/wp\/v2\/posts\/86487\/revisions"}],"predecessor-version":[{"id":86489,"href":"https:\/\/www.visit-ulcinj.com\/blog\/wp-json\/wp\/v2\/posts\/86487\/revisions\/86489"}],"wp:attachment":[{"href":"https:\/\/www.visit-ulcinj.com\/blog\/wp-json\/wp\/v2\/media?parent=86487"}],"wp:term":[{"taxonomy":"category","embeddable":true,"href":"https:\/\/www.visit-ulcinj.com\/blog\/wp-json\/wp\/v2\/categories?post=86487"},{"taxonomy":"post_tag","embeddable":true,"href":"https:\/\/www.visit-ulcinj.com\/blog\/wp-json\/wp\/v2\/tags?post=86487"}],"curies":[{"name":"wp","href":"https:\/\/api.w.org\/{rel}","templated":true}]}}