{"id":86511,"date":"2014-11-22T08:06:03","date_gmt":"2014-11-22T07:06:03","guid":{"rendered":"http:\/\/www.visit-ulcinj.com\/blog\/?p=86511"},"modified":"2014-11-24T15:52:10","modified_gmt":"2014-11-24T14:52:10","slug":"22-nentor-1880-atehere-kur-ulqini-u-mbrojt-lufte","status":"publish","type":"post","link":"https:\/\/www.visit-ulcinj.com\/blog\/2014\/11\/22\/22-nentor-1880-atehere-kur-ulqini-u-mbrojt-lufte\/","title":{"rendered":"22 N\u00cbNTOR 1880- AT\u00cbHER\u00cb KUR ULQINI U MBROJT ME LUFT\u00cb"},"content":{"rendered":"<div><b><a href=\"http:\/\/www.visit-ulcinj.com\/blog\/wp-content\/uploads\/2014\/11\/Isuf-sokoli.jpg\"><img loading=\"lazy\" class=\"alignleft wp-image-86512 size-full\" src=\"http:\/\/www.visit-ulcinj.com\/blog\/wp-content\/uploads\/2014\/11\/Isuf-sokoli.jpg\" alt=\"Isuf-sokoli\" width=\"269\" height=\"398\" srcset=\"https:\/\/www.visit-ulcinj.com\/blog\/wp-content\/uploads\/2014\/11\/Isuf-sokoli.jpg 269w, https:\/\/www.visit-ulcinj.com\/blog\/wp-content\/uploads\/2014\/11\/Isuf-sokoli-202x300.jpg 202w\" sizes=\"(max-width: 269px) 100vw, 269px\" \/><\/a>( Me rastin e p\u00ebrvjetorit t\u00eb betej\u00ebs n\u00eb An\u00eb t\u00eb Malit )<\/b><\/div>\n<div><\/div>\n<div>\n<div>\u00a0 \u00a0 \u00a0 \u00a0 Ana e Malit ( Komuna e Ulqinit), ashtu si edhe shum\u00eb vendbanime t\u00eb tjera shqiptare,me vendimet e Kongresit t\u00eb Berlinit (1878), Konferenc\u00ebs s\u00eb Ambasador\u00ebve n\u00eb Lond\u00ebr (1913) si dhe asaj t\u00eb Parisit (1919) u ndan\u00eb padrejt\u00ebsisht nga trungu i shtetit t\u00eb tyre am\u00eb-Shqip\u00ebris\u00eb dhe iu bashkangjiten Malit t\u00eb Zi.<\/div>\n<div>\u00a0 \u00a0 \u00a0 \u00a0Q\u00eb nga viti 1880 kur Ulqini iu bashkangjit Malit t\u00eb Zi,kund\u00ebr vullnetit dhe d\u00ebshir\u00ebs s\u00eb popullit t\u00eb tij,jan\u00eb b\u00ebr\u00eb p\u00ebrpjekje t\u00eb shumta , duke p\u00ebrfshir\u00eb edhe rezistenc\u00eb t\u00eb armatosur, nga ana e popullit shqiptar p\u00ebr ndalimin e aneksimit t\u00eb k\u00ebtij territori shqiptar nga ana e Malit t\u00eb Zi, aneksim ky i cili do t\u00eb realizohet m\u00eb von\u00eb me ndihm\u00ebn e Fuqive t\u00eb M\u00ebdha t\u00eb koh\u00ebs dhe t\u00eb perandoris\u00eb s\u00eb at\u00ebhershme osmane.<\/div>\n<div>\u00a0 \u00a0 \u00a0 \u00a0Moment vendimtar dhe i r\u00ebnd\u00ebsish\u00ebm \u00a0historik q\u00eb pat p\u00ebr \u00a0q\u00ebllim ruajtjen e integritetit territorial t\u00eb vendbanimeve shqiptare dhe ,padyshim q\u00eb ishte themelimi i Lidhjes Shqiptare t\u00eb Prizrenit , me 10 \u00a0Qershor 1878. Lidhja e Prizrenit ,p\u00ebrmes deg\u00ebve dhe komiteteve t\u00eb veta ishte shtrir\u00eb n\u00eb shum\u00eb qendra shqiptare t\u00eb koh\u00ebs.Lidhja, gjithashtu n\u00eb p\u00ebrb\u00ebrjen e vet kishte edhe forcat e armatosura t\u00eb p\u00ebrb\u00ebr\u00eb nga luft\u00ebtar\u00eb vullnetar\u00eb shqiptar nga t\u00eb gjitha trevat etnike t\u00eb cil\u00ebt ishin t\u00eb gatsh\u00ebm q\u00eb t\u00eb mbrojn\u00eb edhe me gjak vendin e t\u00eb par\u00ebve t\u00eb tyre,pra tok\u00ebn shqiptare.<\/div>\n<div>\u00a0 \u00a0 \u00a0 \u00a0 Nj\u00eb nd\u00ebr k\u00ebto komitete ishte edhe Komiteti Nd\u00ebrkrahinor i Shkodr\u00ebs i cili muar p\u00ebrsip\u00ebr mbrojtjen e Ulqinit me rrethe. Pas vendimeve t\u00eb Fuqive t\u00eb M\u00ebdha t\u00eb koh\u00ebs, p\u00ebr dor\u00ebzimin e Ulqinit \u00a0Malit t\u00eb Zi,nj\u00eb nd\u00ebr betejat e p\u00ebrgjakshme p\u00ebr mbrojtjen e k\u00ebtij territori shqiptar, u zhvillua te Kodra e Kuqe (pran\u00eb fshatit Kllez\u00ebn) n\u00eb An\u00eb t\u00eb Malit, me 22 N\u00ebntor 1880 e cila ndryshe njihet edhe si Beteja e Shkallmushk\u00ebs, n\u00eb mes t\u00eb forcave shqiptare dhe atyre turke.N\u00eb\u00a0\u00a0fillim vullnetar\u00ebt shqiptar\u00eb arrit\u00ebn t\u00eb p\u00ebrballojn\u00eb ushtrin\u00eb turke dhe turqit pat\u00ebn shum\u00eb t\u00eb vrar\u00eb, por m\u00eb von\u00eb pasi arrit\u00ebn p\u00ebrforcime t\u00eb m\u00ebdha t\u00eb ushtris\u00eb turke t\u00eb pajisura \u00a0me artileri moderne t\u00eb asaj kohe, forcat vullnetare shqiptare e pat\u00ebn t\u00eb v\u00ebshtir\u00eb t\u00eb p\u00ebrballonin ep\u00ebrsin\u00eb e armikut, k\u00ebshtu q\u00eb si rezulltat edhe u thyen.N\u00eb k\u00ebt\u00eb betej\u00eb \u00a0komandanti i forcave vullnetare shqiptare, Isuf Sokoli,u plagos \u00a0r\u00ebnd\u00eb dhe \u00a0vdiq m\u00eb von\u00eb \u00a0nga plag\u00ebt e marra.<\/div>\n<div>\u00a0 \u00a0 \u00a0 \u00a0Kjo betej\u00eb,megjith\u00ebse zgjati p\u00ebr nj\u00eb koh\u00eb t\u00eb shkurt\u00eb, ka hyr\u00eb n\u00eb histori si nj\u00eb nd\u00ebr betejat e para t\u00eb shqiptar\u00ebve t\u00eb kytyre an\u00ebve q\u00eb \u00a0rezistuan n\u00eb m\u00ebnyr\u00eb t\u00eb armatusur kund\u00ebr dor\u00ebzimit t\u00eb Ulqinit, Malit t\u00eb Zi.<\/div>\n<\/div>\n<div>\u00a0 \u00a0 \u00a0 \u00a0S&#8217;ka dyshim q\u00eb Isuf Sokoli bashk\u00eb me bashk\u00ebkombasit e tij sakrifikoi jet\u00ebn e tij p\u00ebr mbrojtjen e trevave shqiptare,respektivisht p\u00ebr mbrojtjen e Ulqinit me rrethe me q\u00ebllim q\u00eb \u00a0ky vendbanim shqiptar t\u00eb mos i dor\u00ebzohet Malit t\u00eb Zi.<\/div>\n<div><\/div>\n<div>\u00a0 \u00a0 \u00a0 \u00a0 \u00a0<b> \u00a0 \u00a0T\u00eb mos harrohen figurat tona historike dhe komb\u00ebtare<\/b> !<\/div>\n<div><\/div>\n<div>\u00a0 \u00a0 \u00a0 \u00a0 \u00a0 \u00a0Sot,me keqardhje konstatojm\u00eb se figura historike e Isuf Sokolit,pothuajse \u00ebsht\u00eb nj\u00eb figur\u00eb e harruar dhe e anashkaluar. P\u00ebrve\u00e7 nj\u00eb rruge t\u00eb vog\u00ebl n\u00eb Shkod\u00ebr, asnj\u00eb institucion nuk mban emrin e tij .Do t\u00eb duhej q\u00eb \u00a0s\u00eb paku t&#8217;i nd\u00ebrtohet nj\u00eb p\u00ebrmendore \u00a0n\u00eb Kllez\u00ebn t\u00eb An\u00ebs s\u00eb Malit (Ulqin),pra n\u00eb vendin ku kjo figur\u00eb patriotike muar plag\u00ebt e tij vdekjeprur\u00ebse dhe rezistoi me or\u00eb t\u00eb t\u00ebra,bashk\u00eb me ushtar\u00ebt e tij,p\u00ebr mbrojtjen e k\u00ebtij territori shqiptar, kund\u00ebr forcave osmane, 144 vite m\u00eb par\u00eb. \u00a0 Gjithashtu, edhe data e 22 N\u00ebntorit, \u00ebsht\u00eb nj\u00eb dat\u00eb historike q\u00eb nuk p\u00ebrkujtohet sot nga asnj\u00eb organizat\u00eb,subjekt apo struktur\u00eb organizative n\u00eb Komun\u00ebn e Ulqinit.<\/div>\n<div>\u00a0 \u00a0 \u00a0 Pak koh\u00eb m\u00eb par\u00eb pati disa propozime lidhur em\u00ebrtimin e rrug\u00ebs magjistrale Ulqin &#8211; Sukubin\u00eb e cila ,k\u00ebt\u00eb vit \u00ebsht\u00eb n\u00eb faz\u00ebn p\u00ebrfundimtare.Vler\u00ebsoi t\u00eb gjith\u00eb propozimet e m\u00ebparshme q\u00eb u publikuan n\u00eb media lidhur me em\u00ebrtimin e k\u00ebsai magjistarle,por un\u00eb mendoi se \u00a0si shenj\u00eb respekti p\u00ebr figur\u00ebn e Isuf Sokolit, dhe p\u00ebr rolin dhe \u00a0kontributin e tij t\u00eb ve\u00e7ant\u00eb p\u00ebr mbrojtjen e trevave shqiptare, kjo rrug\u00eb magjistrale do t\u00eb duhej t\u00eb mbaj\u00eb emrin e tij.Arsyeja tjet\u00ebr e em\u00ebrtimit me emrin e ish-komandantit luftarak t\u00eb Lidhjes s\u00eb Prizrenit , sepse beteja p\u00ebr mbrojtjen e Ulqinit me rrethe, u zhvillu mu n\u00eb territorin ku sot pas gati nj\u00eb shekulli e gjysm\u00eb po nd\u00ebrtohet \u00a0rruga \u00a0Sukubin\u00eb &#8211; Ulqin, respektivisht n\u00eb fshatin Kllez\u00ebn dhe nj\u00eb em\u00ebrtim i till\u00eb do t\u00eb kishte nj\u00eb dometh\u00ebnie dhe \u00a0simbolik\u00eb t\u00eb ve\u00e7ant\u00eb.<\/div>\n<div><\/div>\n<div><\/div>\n<div><strong>Xheladin Zeneli<\/strong><\/div>\n<div><strong>21 N\u00ebntor 2014<\/strong><\/div>\n<div><\/div>\n<div>(Referenca p\u00ebr pjes\u00ebn historike t\u00eb k\u00ebtij shkrimi \u00ebsht\u00eb marr\u00eb nga libri<\/div>\n<div>&#8220;Ulqini n\u00eb vitet e Lidhjes Shqiptare t\u00eb Prizrenit 1878-1881&#8221;, i autorit<\/div>\n<div>\u00a0Mr. Riza \u00a0Rexha)<\/div>\n","protected":false},"excerpt":{"rendered":"<p>( Me rastin e p\u00ebrvjetorit t\u00eb betej\u00ebs n\u00eb An\u00eb t\u00eb Malit ) \u00a0 \u00a0 \u00a0 \u00a0 Ana e Malit ( Komuna e Ulqinit), ashtu si edhe shum\u00eb vendbanime t\u00eb tjera shqiptare,me vendimet e Kongresit t\u00eb Berlinit (1878), Konferenc\u00ebs s\u00eb Ambasador\u00ebve n\u00eb Lond\u00ebr (1913) si dhe asaj t\u00eb Parisit (1919) u ndan\u00eb padrejt\u00ebsisht nga trungu i [&hellip;]<\/p>\n","protected":false},"author":1,"featured_media":0,"comment_status":"closed","ping_status":"closed","sticky":false,"template":"","format":"standard","meta":{"spay_email":"","jetpack_publicize_message":"","jetpack_is_tweetstorm":false,"jetpack_publicize_feature_enabled":true},"categories":[7,1],"tags":[],"jetpack_publicize_connections":[],"yoast_head":"<!-- This site is optimized with the Yoast SEO plugin v19.1 - https:\/\/yoast.com\/wordpress\/plugins\/seo\/ -->\n<title>22 N\u00cbNTOR 1880- AT\u00cbHER\u00cb KUR ULQINI U MBROJT ME LUFT\u00cb - Lajme nga Ulqini<\/title>\n<meta name=\"description\" content=\"( Me rastin e p\u00ebrvjetorit t\u00eb betej\u00ebs n\u00eb An\u00eb t\u00eb Malit ) \u00a0 \u00a0 \u00a0 \u00a0 Ana e Malit ( Komuna e Ulqinit), ashtu si edhe shum\u00eb vendbanime t\u00eb tjera shqiptare,me\" \/>\n<meta name=\"robots\" content=\"index, follow, max-snippet:-1, max-image-preview:large, max-video-preview:-1\" \/>\n<link rel=\"canonical\" href=\"https:\/\/www.visit-ulcinj.com\/blog\/2014\/11\/22\/22-nentor-1880-atehere-kur-ulqini-u-mbrojt-lufte\/\" \/>\n<meta property=\"og:locale\" content=\"en_US\" \/>\n<meta property=\"og:type\" content=\"article\" \/>\n<meta property=\"og:title\" content=\"22 N\u00cbNTOR 1880- AT\u00cbHER\u00cb KUR ULQINI U MBROJT ME LUFT\u00cb - Lajme nga Ulqini\" \/>\n<meta property=\"og:description\" content=\"( Me rastin e p\u00ebrvjetorit t\u00eb betej\u00ebs n\u00eb An\u00eb t\u00eb Malit ) \u00a0 \u00a0 \u00a0 \u00a0 Ana e Malit ( Komuna e Ulqinit), ashtu si edhe shum\u00eb vendbanime t\u00eb tjera shqiptare,me\" \/>\n<meta property=\"og:url\" content=\"https:\/\/www.visit-ulcinj.com\/blog\/2014\/11\/22\/22-nentor-1880-atehere-kur-ulqini-u-mbrojt-lufte\/\" \/>\n<meta property=\"og:site_name\" content=\"Lajme nga Ulqini\" \/>\n<meta property=\"article:published_time\" content=\"2014-11-22T07:06:03+00:00\" \/>\n<meta property=\"article:modified_time\" content=\"2014-11-24T14:52:10+00:00\" \/>\n<meta property=\"og:image\" content=\"http:\/\/www.visit-ulcinj.com\/blog\/wp-content\/uploads\/2014\/11\/Isuf-sokoli.jpg\" \/>\n<meta name=\"twitter:label1\" content=\"Written by\" \/>\n\t<meta name=\"twitter:data1\" content=\"ulqini\" \/>\n\t<meta name=\"twitter:label2\" content=\"Est. reading time\" \/>\n\t<meta name=\"twitter:data2\" content=\"4 minutes\" \/>\n<script type=\"application\/ld+json\" class=\"yoast-schema-graph\">{\"@context\":\"https:\/\/schema.org\",\"@graph\":[{\"@type\":\"WebSite\",\"@id\":\"https:\/\/www.visit-ulcinj.com\/blog\/#website\",\"url\":\"https:\/\/www.visit-ulcinj.com\/blog\/\",\"name\":\"Lajme nga Ulqini\",\"description\":\"Lajme,Vijesti,Ulqini,Ulqin,Crna Gora,Mali i Zi\",\"potentialAction\":[{\"@type\":\"SearchAction\",\"target\":{\"@type\":\"EntryPoint\",\"urlTemplate\":\"https:\/\/www.visit-ulcinj.com\/blog\/?s={search_term_string}\"},\"query-input\":\"required name=search_term_string\"}],\"inLanguage\":\"en-US\"},{\"@type\":\"ImageObject\",\"inLanguage\":\"en-US\",\"@id\":\"https:\/\/www.visit-ulcinj.com\/blog\/2014\/11\/22\/22-nentor-1880-atehere-kur-ulqini-u-mbrojt-lufte\/#primaryimage\",\"url\":\"https:\/\/www.visit-ulcinj.com\/blog\/wp-content\/uploads\/2014\/11\/Isuf-sokoli.jpg\",\"contentUrl\":\"https:\/\/www.visit-ulcinj.com\/blog\/wp-content\/uploads\/2014\/11\/Isuf-sokoli.jpg\",\"width\":269,\"height\":398},{\"@type\":\"WebPage\",\"@id\":\"https:\/\/www.visit-ulcinj.com\/blog\/2014\/11\/22\/22-nentor-1880-atehere-kur-ulqini-u-mbrojt-lufte\/#webpage\",\"url\":\"https:\/\/www.visit-ulcinj.com\/blog\/2014\/11\/22\/22-nentor-1880-atehere-kur-ulqini-u-mbrojt-lufte\/\",\"name\":\"22 N\u00cbNTOR 1880- AT\u00cbHER\u00cb KUR ULQINI U MBROJT ME LUFT\u00cb - Lajme nga Ulqini\",\"isPartOf\":{\"@id\":\"https:\/\/www.visit-ulcinj.com\/blog\/#website\"},\"primaryImageOfPage\":{\"@id\":\"https:\/\/www.visit-ulcinj.com\/blog\/2014\/11\/22\/22-nentor-1880-atehere-kur-ulqini-u-mbrojt-lufte\/#primaryimage\"},\"datePublished\":\"2014-11-22T07:06:03+00:00\",\"dateModified\":\"2014-11-24T14:52:10+00:00\",\"author\":{\"@id\":\"https:\/\/www.visit-ulcinj.com\/blog\/#\/schema\/person\/dcab619c614d3038751c63bc2aadc06d\"},\"description\":\"( Me rastin e p\u00ebrvjetorit t\u00eb betej\u00ebs n\u00eb An\u00eb t\u00eb Malit ) \u00a0 \u00a0 \u00a0 \u00a0 Ana e Malit ( Komuna e Ulqinit), ashtu si edhe shum\u00eb vendbanime t\u00eb tjera shqiptare,me\",\"breadcrumb\":{\"@id\":\"https:\/\/www.visit-ulcinj.com\/blog\/2014\/11\/22\/22-nentor-1880-atehere-kur-ulqini-u-mbrojt-lufte\/#breadcrumb\"},\"inLanguage\":\"en-US\",\"potentialAction\":[{\"@type\":\"ReadAction\",\"target\":[\"https:\/\/www.visit-ulcinj.com\/blog\/2014\/11\/22\/22-nentor-1880-atehere-kur-ulqini-u-mbrojt-lufte\/\"]}]},{\"@type\":\"BreadcrumbList\",\"@id\":\"https:\/\/www.visit-ulcinj.com\/blog\/2014\/11\/22\/22-nentor-1880-atehere-kur-ulqini-u-mbrojt-lufte\/#breadcrumb\",\"itemListElement\":[{\"@type\":\"ListItem\",\"position\":1,\"name\":\"22 N\u00cbNTOR 1880- AT\u00cbHER\u00cb KUR ULQINI U MBROJT ME LUFT\u00cb\"}]},{\"@type\":\"Person\",\"@id\":\"https:\/\/www.visit-ulcinj.com\/blog\/#\/schema\/person\/dcab619c614d3038751c63bc2aadc06d\",\"name\":\"ulqini\",\"sameAs\":[\"http:\/\/www.visit-ulcinj.com\"],\"url\":\"https:\/\/www.visit-ulcinj.com\/blog\/author\/admin\/\"}]}<\/script>\n<!-- \/ Yoast SEO plugin. -->","yoast_head_json":{"title":"22 N\u00cbNTOR 1880- AT\u00cbHER\u00cb KUR ULQINI U MBROJT ME LUFT\u00cb - Lajme nga Ulqini","description":"( Me rastin e p\u00ebrvjetorit t\u00eb betej\u00ebs n\u00eb An\u00eb t\u00eb Malit ) \u00a0 \u00a0 \u00a0 \u00a0 Ana e Malit ( Komuna e Ulqinit), ashtu si edhe shum\u00eb vendbanime t\u00eb tjera shqiptare,me","robots":{"index":"index","follow":"follow","max-snippet":"max-snippet:-1","max-image-preview":"max-image-preview:large","max-video-preview":"max-video-preview:-1"},"canonical":"https:\/\/www.visit-ulcinj.com\/blog\/2014\/11\/22\/22-nentor-1880-atehere-kur-ulqini-u-mbrojt-lufte\/","og_locale":"en_US","og_type":"article","og_title":"22 N\u00cbNTOR 1880- AT\u00cbHER\u00cb KUR ULQINI U MBROJT ME LUFT\u00cb - Lajme nga Ulqini","og_description":"( Me rastin e p\u00ebrvjetorit t\u00eb betej\u00ebs n\u00eb An\u00eb t\u00eb Malit ) \u00a0 \u00a0 \u00a0 \u00a0 Ana e Malit ( Komuna e Ulqinit), ashtu si edhe shum\u00eb vendbanime t\u00eb tjera shqiptare,me","og_url":"https:\/\/www.visit-ulcinj.com\/blog\/2014\/11\/22\/22-nentor-1880-atehere-kur-ulqini-u-mbrojt-lufte\/","og_site_name":"Lajme nga Ulqini","article_published_time":"2014-11-22T07:06:03+00:00","article_modified_time":"2014-11-24T14:52:10+00:00","og_image":[{"url":"http:\/\/www.visit-ulcinj.com\/blog\/wp-content\/uploads\/2014\/11\/Isuf-sokoli.jpg"}],"twitter_misc":{"Written by":"ulqini","Est. reading time":"4 minutes"},"schema":{"@context":"https:\/\/schema.org","@graph":[{"@type":"WebSite","@id":"https:\/\/www.visit-ulcinj.com\/blog\/#website","url":"https:\/\/www.visit-ulcinj.com\/blog\/","name":"Lajme nga Ulqini","description":"Lajme,Vijesti,Ulqini,Ulqin,Crna Gora,Mali i Zi","potentialAction":[{"@type":"SearchAction","target":{"@type":"EntryPoint","urlTemplate":"https:\/\/www.visit-ulcinj.com\/blog\/?s={search_term_string}"},"query-input":"required name=search_term_string"}],"inLanguage":"en-US"},{"@type":"ImageObject","inLanguage":"en-US","@id":"https:\/\/www.visit-ulcinj.com\/blog\/2014\/11\/22\/22-nentor-1880-atehere-kur-ulqini-u-mbrojt-lufte\/#primaryimage","url":"https:\/\/www.visit-ulcinj.com\/blog\/wp-content\/uploads\/2014\/11\/Isuf-sokoli.jpg","contentUrl":"https:\/\/www.visit-ulcinj.com\/blog\/wp-content\/uploads\/2014\/11\/Isuf-sokoli.jpg","width":269,"height":398},{"@type":"WebPage","@id":"https:\/\/www.visit-ulcinj.com\/blog\/2014\/11\/22\/22-nentor-1880-atehere-kur-ulqini-u-mbrojt-lufte\/#webpage","url":"https:\/\/www.visit-ulcinj.com\/blog\/2014\/11\/22\/22-nentor-1880-atehere-kur-ulqini-u-mbrojt-lufte\/","name":"22 N\u00cbNTOR 1880- AT\u00cbHER\u00cb KUR ULQINI U MBROJT ME LUFT\u00cb - Lajme nga Ulqini","isPartOf":{"@id":"https:\/\/www.visit-ulcinj.com\/blog\/#website"},"primaryImageOfPage":{"@id":"https:\/\/www.visit-ulcinj.com\/blog\/2014\/11\/22\/22-nentor-1880-atehere-kur-ulqini-u-mbrojt-lufte\/#primaryimage"},"datePublished":"2014-11-22T07:06:03+00:00","dateModified":"2014-11-24T14:52:10+00:00","author":{"@id":"https:\/\/www.visit-ulcinj.com\/blog\/#\/schema\/person\/dcab619c614d3038751c63bc2aadc06d"},"description":"( Me rastin e p\u00ebrvjetorit t\u00eb betej\u00ebs n\u00eb An\u00eb t\u00eb Malit ) \u00a0 \u00a0 \u00a0 \u00a0 Ana e Malit ( Komuna e Ulqinit), ashtu si edhe shum\u00eb vendbanime t\u00eb tjera shqiptare,me","breadcrumb":{"@id":"https:\/\/www.visit-ulcinj.com\/blog\/2014\/11\/22\/22-nentor-1880-atehere-kur-ulqini-u-mbrojt-lufte\/#breadcrumb"},"inLanguage":"en-US","potentialAction":[{"@type":"ReadAction","target":["https:\/\/www.visit-ulcinj.com\/blog\/2014\/11\/22\/22-nentor-1880-atehere-kur-ulqini-u-mbrojt-lufte\/"]}]},{"@type":"BreadcrumbList","@id":"https:\/\/www.visit-ulcinj.com\/blog\/2014\/11\/22\/22-nentor-1880-atehere-kur-ulqini-u-mbrojt-lufte\/#breadcrumb","itemListElement":[{"@type":"ListItem","position":1,"name":"22 N\u00cbNTOR 1880- AT\u00cbHER\u00cb KUR ULQINI U MBROJT ME LUFT\u00cb"}]},{"@type":"Person","@id":"https:\/\/www.visit-ulcinj.com\/blog\/#\/schema\/person\/dcab619c614d3038751c63bc2aadc06d","name":"ulqini","sameAs":["http:\/\/www.visit-ulcinj.com"],"url":"https:\/\/www.visit-ulcinj.com\/blog\/author\/admin\/"}]}},"jetpack_featured_media_url":"","jetpack_sharing_enabled":true,"jetpack_shortlink":"https:\/\/wp.me\/pe6lTn-mvl","_links":{"self":[{"href":"https:\/\/www.visit-ulcinj.com\/blog\/wp-json\/wp\/v2\/posts\/86511"}],"collection":[{"href":"https:\/\/www.visit-ulcinj.com\/blog\/wp-json\/wp\/v2\/posts"}],"about":[{"href":"https:\/\/www.visit-ulcinj.com\/blog\/wp-json\/wp\/v2\/types\/post"}],"author":[{"embeddable":true,"href":"https:\/\/www.visit-ulcinj.com\/blog\/wp-json\/wp\/v2\/users\/1"}],"replies":[{"embeddable":true,"href":"https:\/\/www.visit-ulcinj.com\/blog\/wp-json\/wp\/v2\/comments?post=86511"}],"version-history":[{"count":1,"href":"https:\/\/www.visit-ulcinj.com\/blog\/wp-json\/wp\/v2\/posts\/86511\/revisions"}],"predecessor-version":[{"id":86513,"href":"https:\/\/www.visit-ulcinj.com\/blog\/wp-json\/wp\/v2\/posts\/86511\/revisions\/86513"}],"wp:attachment":[{"href":"https:\/\/www.visit-ulcinj.com\/blog\/wp-json\/wp\/v2\/media?parent=86511"}],"wp:term":[{"taxonomy":"category","embeddable":true,"href":"https:\/\/www.visit-ulcinj.com\/blog\/wp-json\/wp\/v2\/categories?post=86511"},{"taxonomy":"post_tag","embeddable":true,"href":"https:\/\/www.visit-ulcinj.com\/blog\/wp-json\/wp\/v2\/tags?post=86511"}],"curies":[{"name":"wp","href":"https:\/\/api.w.org\/{rel}","templated":true}]}}