{"id":86534,"date":"2014-11-24T18:23:39","date_gmt":"2014-11-24T17:23:39","guid":{"rendered":"http:\/\/www.visit-ulcinj.com\/blog\/?p=86534"},"modified":"2014-11-24T18:23:39","modified_gmt":"2014-11-24T17:23:39","slug":"rebeka-rexhepi-kur-kanceri-te-pushton-jeten-tende","status":"publish","type":"post","link":"https:\/\/www.visit-ulcinj.com\/blog\/2014\/11\/24\/rebeka-rexhepi-kur-kanceri-te-pushton-jeten-tende\/","title":{"rendered":"Rebeka Rexhepi: Kur kanceri t\u00eb \u201cpushton\u201d jet\u00ebn t\u00ebnde"},"content":{"rendered":"<p><strong><a href=\"http:\/\/www.visit-ulcinj.com\/blog\/wp-content\/uploads\/2014\/11\/Rebeka-Rexhepi.jpg\"><img loading=\"lazy\" class=\"alignleft wp-image-86535\" src=\"http:\/\/www.visit-ulcinj.com\/blog\/wp-content\/uploads\/2014\/11\/Rebeka-Rexhepi.jpg\" alt=\"Rebeka-Rexhepi\" width=\"508\" height=\"508\" \/><\/a>T\u00eb thyesh muret e heshtjes<\/strong><\/p>\n<p>Kur kanceri t\u00eb \u201cpushton\u201d jet\u00ebn t\u00ebnde e b\u00ebn\u00eb at\u00eb pothuajse t\u00eb padurueshme, t\u00eb izoluar dhe t\u00eb rrethuar nga heshtja. Por kjo \u00ebsht\u00eb nj\u00eb histori tjet\u00ebr, ku p\u00ebr protagonist ka dy persona jo nj\u00eb. Rebeka dhe Xheraldina, n\u00ebna e saj, e cila n\u00eb gjith\u00eb k\u00ebt\u00eb betej\u00eb t\u00eb madhe ishte mburoja dhe arma e saj. Nj\u00eb shembull q\u00eb shkon p\u00ebrtej t\u00eb p\u00ebrditshmes, kur shpesh p\u00ebr k\u00ebt\u00eb s\u00ebmundje nuk flitet as brenda familjes dhe jo m\u00eb shoq\u00ebris\u00eb, dhe heshtja duket se t\u00eb vret dyfish. Xheraldina Rexhepi na tregoi t\u00eb kund\u00ebrt\u00ebn e k\u00ebsaj praktike, ajo na rr\u00ebfeu dhembjen e saj, ajo na k\u00ebrkoi t\u00eb jemi pran\u00eb saj, britmat e nj\u00eb n\u00ebne drejtuar shpres\u00ebs dhe optimizmit. Sot ajo na tregoi se p\u00ebr t\u2019ia dal\u00eb duhet t\u00eb thyhen muret e heshtjes.<\/p>\n<p><a href=\"http:\/\/www.visit-ulcinj.com\/blog\/wp-content\/uploads\/2014\/11\/Rebeka-Rexhepi-1.jpg\"><img loading=\"lazy\" class=\"alignleft wp-image-86536\" src=\"http:\/\/www.visit-ulcinj.com\/blog\/wp-content\/uploads\/2014\/11\/Rebeka-Rexhepi-1.jpg\" alt=\"Rebeka-Rexhepi-1\" width=\"337\" height=\"508\" \/><\/a><\/p>\n<p><strong>Fotografia Shenoll Zehri\u00a0<\/strong><\/p>\n<p>S\u00eb pari Rebeka ndjeu luft\u00ebn e ashp\u00ebr, q\u00eb n\u00ebna e saj po b\u00ebnte krah saj. \u201cPo t\u00eb mos ishte forca e n\u00ebn\u00ebs time, un\u00eb mund t\u00eb them me siguri t\u00eb plot\u00eb q\u00eb nuk do t\u00eb isha as un\u00eb k\u00ebtu. E vetmja arsye q\u00eb un\u00eb vazhdoja t\u00eb mbaja vullnetin dhe forc\u00ebn ishte sepse ne t\u00eb dyja ishim n\u00eb k\u00ebt\u00eb betej\u00eb s\u00eb bashku. M\u00eb kujtohet kur ishim gjat\u00eb nj\u00eb terapie s\u00eb bashku dhe doktoresha erdhi dhe na njoftoi se megjith\u00ebse nuk ishte e sigurt, un\u00eb mund t\u00eb kisha nevoj\u00eb p\u00ebr nd\u00ebrhyrje kirurgjike. Ky lajm m\u00eb shtoi stresin dhe m\u00eb ndryshoi dita, derisa erdhi mami dhe m\u00eb tha: Rebeka, n\u00eb fillim kur erdhe k\u00ebtu, n\u00ebse do t\u00eb thoshin t\u00eb hyje n\u00eb operacion, do t\u00eb pranoje pa problem. Kjo \u00ebsht\u00eb beteja jon\u00eb, fati yn\u00eb. Duhet t\u2019i shkojm\u00eb deri n\u00eb fund k\u00ebsaj pune! Aty un\u00eb i buz\u00ebqesha n\u00eb form\u00eb miratimi, dhe lajmi q\u00eb sapo mora, nuk m\u00eb dukej m\u00eb aq i r\u00ebnd\u00eb kur e dija q\u00eb p\u00ebrkrah meje kam n\u00ebn\u00ebn!\u201d, \u2013 shprehet ajo. Bisedoj me Rebek\u00ebn dhe n\u00ebp\u00ebrmjet saj kuptoj gjith\u00eb k\u00ebt\u00eb betej\u00eb dhe g\u00ebzimin q\u00eb ndajn\u00eb ato t\u00eb dyja sa bashku, sepse fituan dhe jan\u00eb k\u00ebtu sot p\u00ebr t\u00eb na rr\u00ebfyer k\u00ebt\u00eb.<\/p>\n<p><a href=\"http:\/\/www.visit-ulcinj.com\/blog\/wp-content\/uploads\/2014\/11\/Rebeka-Rexhepi-2.jpg\"><img loading=\"lazy\" class=\"alignleft wp-image-86537\" src=\"http:\/\/www.visit-ulcinj.com\/blog\/wp-content\/uploads\/2014\/11\/Rebeka-Rexhepi-2.jpg\" alt=\"Rebeka-Rexhepi-2\" width=\"508\" height=\"508\" \/><\/a><\/p>\n<p><strong>Cili \u00ebsht\u00eb k\u00ebng\u00ebtari\/k\u00ebng\u00ebtarja apo grupi juaj i preferuar?<\/strong><\/p>\n<p>N\u00eb dy koncertet humanitare, t\u00eb cilat u organizuan p\u00ebr t\u00eb mbledhur fonde p\u00ebr sh\u00ebrimin tim, kishte m\u00eb shum\u00eb se 50 k\u00ebng\u00ebtar\u00eb dhe grupe, q\u00eb performuan. Dhe q\u00eb t\u00eb vecoj\u00a0 nj\u00eb prej tyre, mendoj se nuk \u00ebsht\u00eb etike nga ana ime, n\u00eb dit\u00ebn kur un\u00eb u ktheva e sh\u00ebruar n\u00eb Kosov\u00eb, nj\u00eb ndjenj\u00eb t\u00eb ve\u00e7ant\u00eb m\u00eb dha vizita e Dafina Zeqirit dhe Ledri Vul\u00ebs.<\/p>\n<p><strong>Aktori\/aktorja e preferuar?<\/strong><\/p>\n<p>Shikoj shum\u00eb filma, por nuk kam nj\u00eb aktore t\u00eb preferuar, ndoshta sepse kinematografia nuk \u00ebsht\u00eb arti t\u00eb cilin e preferoj mbi t\u00eb tjerat.<\/p>\n<p><strong>Vendi ku q\u00eb do t\u00eb d\u00ebshiroje ta vizitoje? Po ai qe shkon shpesh<\/strong><\/p>\n<p>Do t\u00eb d\u00ebshiroja q\u00eb nj\u00eb dit\u00eb t\u00eb kem mund\u00ebsin\u00eb t\u00eb vizitoj ishujt Maldive, nd\u00ebrsa \u00e7do vit vizitoj Ulqinin.<\/p>\n<p><a href=\"http:\/\/www.visit-ulcinj.com\/blog\/wp-content\/uploads\/2014\/11\/Rebeka-Rexhepi-3.jpg\"><img loading=\"lazy\" class=\"alignleft wp-image-86538\" src=\"http:\/\/www.visit-ulcinj.com\/blog\/wp-content\/uploads\/2014\/11\/Rebeka-Rexhepi-3.jpg\" alt=\"Rebeka-Rexhepi-3\" width=\"508\" height=\"508\" \/><\/a><\/p>\n<p><strong>Libri i fundit qe ke lexuar?<\/strong><\/p>\n<p>Libri i fundit q\u00eb kam lexuar \u00ebsht\u00eb Kodi i Da Vin\u00e7it.<\/p>\n<p><strong>Idhulli juaj?<\/strong><\/p>\n<p>Idhulli im \u00ebsht\u00eb n\u00ebna ime!<\/p>\n<p><strong>\u00a0\u00c7far\u00eb shprehje t\u00eb fytyr\u00ebs apo l\u00ebvizje b\u00ebni kur g\u00ebnjeni?<\/strong><\/p>\n<p>Nuk g\u00ebnjej shpesh, e n\u00ebse p\u00ebr ndonj\u00eb arsye madhore m\u00eb ndodh t\u00eb g\u00ebnjej, dallohem sepse buza m\u00eb shkon n\u00eb gaz.<\/p>\n<p><a href=\"http:\/\/www.visit-ulcinj.com\/blog\/wp-content\/uploads\/2014\/11\/Rebeka-Rexhepi-4.jpg\"><img loading=\"lazy\" class=\"alignleft wp-image-86539\" src=\"http:\/\/www.visit-ulcinj.com\/blog\/wp-content\/uploads\/2014\/11\/Rebeka-Rexhepi-4.jpg\" alt=\"Rebeka-Rexhepi-4\" width=\"337\" height=\"508\" \/><\/a><\/p>\n<p><strong>\u00c7far\u00eb do t\u00eb thot\u00eb q\u00eb t\u00eb kemi guxim?<\/strong><\/p>\n<p>Guximi \u00ebsht\u00eb nj\u00eb virtyt i njer\u00ebzve, i cili shum\u00eb shpesh rezulton me fitore, sa m\u00eb e madhe q\u00eb \u00ebsht\u00eb sfida, aq i madh \u00ebsht\u00eb guximi dhe respektivisht edhe fitorja.<\/p>\n<p>&nbsp;<\/p>\n<p><strong>Revista Flatra<\/strong><\/p>\n<p>&nbsp;<\/p>\n<p>&nbsp;<\/p>\n","protected":false},"excerpt":{"rendered":"<p>T\u00eb thyesh muret e heshtjes Kur kanceri t\u00eb \u201cpushton\u201d jet\u00ebn t\u00ebnde e b\u00ebn\u00eb at\u00eb pothuajse t\u00eb padurueshme, t\u00eb izoluar dhe t\u00eb rrethuar nga heshtja. Por kjo \u00ebsht\u00eb nj\u00eb histori tjet\u00ebr, ku p\u00ebr protagonist ka dy persona jo nj\u00eb. Rebeka dhe Xheraldina, n\u00ebna e saj, e cila n\u00eb gjith\u00eb k\u00ebt\u00eb betej\u00eb t\u00eb madhe ishte mburoja dhe [&hellip;]<\/p>\n","protected":false},"author":1,"featured_media":0,"comment_status":"closed","ping_status":"closed","sticky":false,"template":"","format":"standard","meta":{"spay_email":"","jetpack_publicize_message":"","jetpack_is_tweetstorm":false,"jetpack_publicize_feature_enabled":true},"categories":[5],"tags":[],"jetpack_publicize_connections":[],"yoast_head":"<!-- This site is optimized with the Yoast SEO plugin v19.1 - https:\/\/yoast.com\/wordpress\/plugins\/seo\/ -->\n<title>Rebeka Rexhepi: Kur kanceri t\u00eb \u201cpushton\u201d jet\u00ebn t\u00ebnde - Lajme nga Ulqini<\/title>\n<meta name=\"description\" content=\"T\u00eb thyesh muret e heshtjes Kur kanceri t\u00eb \u201cpushton\u201d jet\u00ebn t\u00ebnde e b\u00ebn\u00eb at\u00eb pothuajse t\u00eb padurueshme, t\u00eb izoluar dhe t\u00eb rrethuar nga heshtja. Por kjo \u00ebsht\u00eb\" \/>\n<meta name=\"robots\" content=\"index, follow, max-snippet:-1, max-image-preview:large, max-video-preview:-1\" \/>\n<link rel=\"canonical\" href=\"https:\/\/www.visit-ulcinj.com\/blog\/2014\/11\/24\/rebeka-rexhepi-kur-kanceri-te-pushton-jeten-tende\/\" \/>\n<meta property=\"og:locale\" content=\"en_US\" \/>\n<meta property=\"og:type\" content=\"article\" \/>\n<meta property=\"og:title\" content=\"Rebeka Rexhepi: Kur kanceri t\u00eb \u201cpushton\u201d jet\u00ebn t\u00ebnde - Lajme nga Ulqini\" \/>\n<meta property=\"og:description\" content=\"T\u00eb thyesh muret e heshtjes Kur kanceri t\u00eb \u201cpushton\u201d jet\u00ebn t\u00ebnde e b\u00ebn\u00eb at\u00eb pothuajse t\u00eb padurueshme, t\u00eb izoluar dhe t\u00eb rrethuar nga heshtja. Por kjo \u00ebsht\u00eb\" \/>\n<meta property=\"og:url\" content=\"https:\/\/www.visit-ulcinj.com\/blog\/2014\/11\/24\/rebeka-rexhepi-kur-kanceri-te-pushton-jeten-tende\/\" \/>\n<meta property=\"og:site_name\" content=\"Lajme nga Ulqini\" \/>\n<meta property=\"article:published_time\" content=\"2014-11-24T17:23:39+00:00\" \/>\n<meta property=\"og:image\" content=\"http:\/\/www.visit-ulcinj.com\/blog\/wp-content\/uploads\/2014\/11\/Rebeka-Rexhepi.jpg\" \/>\n<meta name=\"twitter:label1\" content=\"Written by\" \/>\n\t<meta name=\"twitter:data1\" content=\"ulqini\" \/>\n\t<meta name=\"twitter:label2\" content=\"Est. reading time\" \/>\n\t<meta name=\"twitter:data2\" content=\"3 minutes\" \/>\n<script type=\"application\/ld+json\" class=\"yoast-schema-graph\">{\"@context\":\"https:\/\/schema.org\",\"@graph\":[{\"@type\":\"WebSite\",\"@id\":\"https:\/\/www.visit-ulcinj.com\/blog\/#website\",\"url\":\"https:\/\/www.visit-ulcinj.com\/blog\/\",\"name\":\"Lajme nga Ulqini\",\"description\":\"Lajme,Vijesti,Ulqini,Ulqin,Crna Gora,Mali i Zi\",\"potentialAction\":[{\"@type\":\"SearchAction\",\"target\":{\"@type\":\"EntryPoint\",\"urlTemplate\":\"https:\/\/www.visit-ulcinj.com\/blog\/?s={search_term_string}\"},\"query-input\":\"required name=search_term_string\"}],\"inLanguage\":\"en-US\"},{\"@type\":\"ImageObject\",\"inLanguage\":\"en-US\",\"@id\":\"https:\/\/www.visit-ulcinj.com\/blog\/2014\/11\/24\/rebeka-rexhepi-kur-kanceri-te-pushton-jeten-tende\/#primaryimage\",\"url\":\"http:\/\/www.visit-ulcinj.com\/blog\/wp-content\/uploads\/2014\/11\/Rebeka-Rexhepi.jpg\",\"contentUrl\":\"http:\/\/www.visit-ulcinj.com\/blog\/wp-content\/uploads\/2014\/11\/Rebeka-Rexhepi.jpg\"},{\"@type\":\"WebPage\",\"@id\":\"https:\/\/www.visit-ulcinj.com\/blog\/2014\/11\/24\/rebeka-rexhepi-kur-kanceri-te-pushton-jeten-tende\/#webpage\",\"url\":\"https:\/\/www.visit-ulcinj.com\/blog\/2014\/11\/24\/rebeka-rexhepi-kur-kanceri-te-pushton-jeten-tende\/\",\"name\":\"Rebeka Rexhepi: Kur kanceri t\u00eb \u201cpushton\u201d jet\u00ebn t\u00ebnde - Lajme nga Ulqini\",\"isPartOf\":{\"@id\":\"https:\/\/www.visit-ulcinj.com\/blog\/#website\"},\"primaryImageOfPage\":{\"@id\":\"https:\/\/www.visit-ulcinj.com\/blog\/2014\/11\/24\/rebeka-rexhepi-kur-kanceri-te-pushton-jeten-tende\/#primaryimage\"},\"datePublished\":\"2014-11-24T17:23:39+00:00\",\"dateModified\":\"2014-11-24T17:23:39+00:00\",\"author\":{\"@id\":\"https:\/\/www.visit-ulcinj.com\/blog\/#\/schema\/person\/dcab619c614d3038751c63bc2aadc06d\"},\"description\":\"T\u00eb thyesh muret e heshtjes Kur kanceri t\u00eb \u201cpushton\u201d jet\u00ebn t\u00ebnde e b\u00ebn\u00eb at\u00eb pothuajse t\u00eb padurueshme, t\u00eb izoluar dhe t\u00eb rrethuar nga heshtja. Por kjo \u00ebsht\u00eb\",\"breadcrumb\":{\"@id\":\"https:\/\/www.visit-ulcinj.com\/blog\/2014\/11\/24\/rebeka-rexhepi-kur-kanceri-te-pushton-jeten-tende\/#breadcrumb\"},\"inLanguage\":\"en-US\",\"potentialAction\":[{\"@type\":\"ReadAction\",\"target\":[\"https:\/\/www.visit-ulcinj.com\/blog\/2014\/11\/24\/rebeka-rexhepi-kur-kanceri-te-pushton-jeten-tende\/\"]}]},{\"@type\":\"BreadcrumbList\",\"@id\":\"https:\/\/www.visit-ulcinj.com\/blog\/2014\/11\/24\/rebeka-rexhepi-kur-kanceri-te-pushton-jeten-tende\/#breadcrumb\",\"itemListElement\":[{\"@type\":\"ListItem\",\"position\":1,\"name\":\"Rebeka Rexhepi: Kur kanceri t\u00eb \u201cpushton\u201d jet\u00ebn t\u00ebnde\"}]},{\"@type\":\"Person\",\"@id\":\"https:\/\/www.visit-ulcinj.com\/blog\/#\/schema\/person\/dcab619c614d3038751c63bc2aadc06d\",\"name\":\"ulqini\",\"sameAs\":[\"http:\/\/www.visit-ulcinj.com\"],\"url\":\"https:\/\/www.visit-ulcinj.com\/blog\/author\/admin\/\"}]}<\/script>\n<!-- \/ Yoast SEO plugin. -->","yoast_head_json":{"title":"Rebeka Rexhepi: Kur kanceri t\u00eb \u201cpushton\u201d jet\u00ebn t\u00ebnde - Lajme nga Ulqini","description":"T\u00eb thyesh muret e heshtjes Kur kanceri t\u00eb \u201cpushton\u201d jet\u00ebn t\u00ebnde e b\u00ebn\u00eb at\u00eb pothuajse t\u00eb padurueshme, t\u00eb izoluar dhe t\u00eb rrethuar nga heshtja. Por kjo \u00ebsht\u00eb","robots":{"index":"index","follow":"follow","max-snippet":"max-snippet:-1","max-image-preview":"max-image-preview:large","max-video-preview":"max-video-preview:-1"},"canonical":"https:\/\/www.visit-ulcinj.com\/blog\/2014\/11\/24\/rebeka-rexhepi-kur-kanceri-te-pushton-jeten-tende\/","og_locale":"en_US","og_type":"article","og_title":"Rebeka Rexhepi: Kur kanceri t\u00eb \u201cpushton\u201d jet\u00ebn t\u00ebnde - Lajme nga Ulqini","og_description":"T\u00eb thyesh muret e heshtjes Kur kanceri t\u00eb \u201cpushton\u201d jet\u00ebn t\u00ebnde e b\u00ebn\u00eb at\u00eb pothuajse t\u00eb padurueshme, t\u00eb izoluar dhe t\u00eb rrethuar nga heshtja. Por kjo \u00ebsht\u00eb","og_url":"https:\/\/www.visit-ulcinj.com\/blog\/2014\/11\/24\/rebeka-rexhepi-kur-kanceri-te-pushton-jeten-tende\/","og_site_name":"Lajme nga Ulqini","article_published_time":"2014-11-24T17:23:39+00:00","og_image":[{"url":"http:\/\/www.visit-ulcinj.com\/blog\/wp-content\/uploads\/2014\/11\/Rebeka-Rexhepi.jpg"}],"twitter_misc":{"Written by":"ulqini","Est. reading time":"3 minutes"},"schema":{"@context":"https:\/\/schema.org","@graph":[{"@type":"WebSite","@id":"https:\/\/www.visit-ulcinj.com\/blog\/#website","url":"https:\/\/www.visit-ulcinj.com\/blog\/","name":"Lajme nga Ulqini","description":"Lajme,Vijesti,Ulqini,Ulqin,Crna Gora,Mali i Zi","potentialAction":[{"@type":"SearchAction","target":{"@type":"EntryPoint","urlTemplate":"https:\/\/www.visit-ulcinj.com\/blog\/?s={search_term_string}"},"query-input":"required name=search_term_string"}],"inLanguage":"en-US"},{"@type":"ImageObject","inLanguage":"en-US","@id":"https:\/\/www.visit-ulcinj.com\/blog\/2014\/11\/24\/rebeka-rexhepi-kur-kanceri-te-pushton-jeten-tende\/#primaryimage","url":"http:\/\/www.visit-ulcinj.com\/blog\/wp-content\/uploads\/2014\/11\/Rebeka-Rexhepi.jpg","contentUrl":"http:\/\/www.visit-ulcinj.com\/blog\/wp-content\/uploads\/2014\/11\/Rebeka-Rexhepi.jpg"},{"@type":"WebPage","@id":"https:\/\/www.visit-ulcinj.com\/blog\/2014\/11\/24\/rebeka-rexhepi-kur-kanceri-te-pushton-jeten-tende\/#webpage","url":"https:\/\/www.visit-ulcinj.com\/blog\/2014\/11\/24\/rebeka-rexhepi-kur-kanceri-te-pushton-jeten-tende\/","name":"Rebeka Rexhepi: Kur kanceri t\u00eb \u201cpushton\u201d jet\u00ebn t\u00ebnde - Lajme nga Ulqini","isPartOf":{"@id":"https:\/\/www.visit-ulcinj.com\/blog\/#website"},"primaryImageOfPage":{"@id":"https:\/\/www.visit-ulcinj.com\/blog\/2014\/11\/24\/rebeka-rexhepi-kur-kanceri-te-pushton-jeten-tende\/#primaryimage"},"datePublished":"2014-11-24T17:23:39+00:00","dateModified":"2014-11-24T17:23:39+00:00","author":{"@id":"https:\/\/www.visit-ulcinj.com\/blog\/#\/schema\/person\/dcab619c614d3038751c63bc2aadc06d"},"description":"T\u00eb thyesh muret e heshtjes Kur kanceri t\u00eb \u201cpushton\u201d jet\u00ebn t\u00ebnde e b\u00ebn\u00eb at\u00eb pothuajse t\u00eb padurueshme, t\u00eb izoluar dhe t\u00eb rrethuar nga heshtja. Por kjo \u00ebsht\u00eb","breadcrumb":{"@id":"https:\/\/www.visit-ulcinj.com\/blog\/2014\/11\/24\/rebeka-rexhepi-kur-kanceri-te-pushton-jeten-tende\/#breadcrumb"},"inLanguage":"en-US","potentialAction":[{"@type":"ReadAction","target":["https:\/\/www.visit-ulcinj.com\/blog\/2014\/11\/24\/rebeka-rexhepi-kur-kanceri-te-pushton-jeten-tende\/"]}]},{"@type":"BreadcrumbList","@id":"https:\/\/www.visit-ulcinj.com\/blog\/2014\/11\/24\/rebeka-rexhepi-kur-kanceri-te-pushton-jeten-tende\/#breadcrumb","itemListElement":[{"@type":"ListItem","position":1,"name":"Rebeka Rexhepi: Kur kanceri t\u00eb \u201cpushton\u201d jet\u00ebn t\u00ebnde"}]},{"@type":"Person","@id":"https:\/\/www.visit-ulcinj.com\/blog\/#\/schema\/person\/dcab619c614d3038751c63bc2aadc06d","name":"ulqini","sameAs":["http:\/\/www.visit-ulcinj.com"],"url":"https:\/\/www.visit-ulcinj.com\/blog\/author\/admin\/"}]}},"jetpack_featured_media_url":"","jetpack_sharing_enabled":true,"jetpack_shortlink":"https:\/\/wp.me\/pe6lTn-mvI","_links":{"self":[{"href":"https:\/\/www.visit-ulcinj.com\/blog\/wp-json\/wp\/v2\/posts\/86534"}],"collection":[{"href":"https:\/\/www.visit-ulcinj.com\/blog\/wp-json\/wp\/v2\/posts"}],"about":[{"href":"https:\/\/www.visit-ulcinj.com\/blog\/wp-json\/wp\/v2\/types\/post"}],"author":[{"embeddable":true,"href":"https:\/\/www.visit-ulcinj.com\/blog\/wp-json\/wp\/v2\/users\/1"}],"replies":[{"embeddable":true,"href":"https:\/\/www.visit-ulcinj.com\/blog\/wp-json\/wp\/v2\/comments?post=86534"}],"version-history":[{"count":1,"href":"https:\/\/www.visit-ulcinj.com\/blog\/wp-json\/wp\/v2\/posts\/86534\/revisions"}],"predecessor-version":[{"id":86540,"href":"https:\/\/www.visit-ulcinj.com\/blog\/wp-json\/wp\/v2\/posts\/86534\/revisions\/86540"}],"wp:attachment":[{"href":"https:\/\/www.visit-ulcinj.com\/blog\/wp-json\/wp\/v2\/media?parent=86534"}],"wp:term":[{"taxonomy":"category","embeddable":true,"href":"https:\/\/www.visit-ulcinj.com\/blog\/wp-json\/wp\/v2\/categories?post=86534"},{"taxonomy":"post_tag","embeddable":true,"href":"https:\/\/www.visit-ulcinj.com\/blog\/wp-json\/wp\/v2\/tags?post=86534"}],"curies":[{"name":"wp","href":"https:\/\/api.w.org\/{rel}","templated":true}]}}