{"id":86549,"date":"2014-11-25T10:35:13","date_gmt":"2014-11-25T09:35:13","guid":{"rendered":"http:\/\/www.visit-ulcinj.com\/blog\/?p=86549"},"modified":"2014-11-25T10:35:13","modified_gmt":"2014-11-25T09:35:13","slug":"gradnja-akva-parka-u-ulcinju-u-funkciji-naredne-sezone","status":"publish","type":"post","link":"https:\/\/www.visit-ulcinj.com\/blog\/2014\/11\/25\/gradnja-akva-parka-u-ulcinju-u-funkciji-naredne-sezone\/","title":{"rendered":"Gradnja akva-parka u Ulcinju u funkciji naredne sezone"},"content":{"rendered":"<p><a href=\"http:\/\/www.visit-ulcinj.com\/blog\/wp-content\/uploads\/2014\/11\/Ulcinj-akva-park-Entertainment.jpg\"><img loading=\"lazy\" class=\"alignleft wp-image-86550\" src=\"http:\/\/www.visit-ulcinj.com\/blog\/wp-content\/uploads\/2014\/11\/Ulcinj-akva-park-Entertainment.jpg\" alt=\"Ulcinj akva park &amp; Entertainment\" width=\"508\" height=\"270\" srcset=\"https:\/\/www.visit-ulcinj.com\/blog\/wp-content\/uploads\/2014\/11\/Ulcinj-akva-park-Entertainment.jpg 640w, https:\/\/www.visit-ulcinj.com\/blog\/wp-content\/uploads\/2014\/11\/Ulcinj-akva-park-Entertainment-300x159.jpg 300w\" sizes=\"(max-width: 508px) 100vw, 508px\" \/><\/a>Sve\u010dano potpisivanje ugovora o gradnji akva-parka u Ulcinju bi\u0107e obavljeno po\u010detkom decembra. Tom prilikom planira se da se javnosti predstavi i plan vodenog grada na povr\u0161ini od 25,6 hiljada metara kvadratnihu zale\u0111u Velike pla\u017ee, saznaje portal Ul-info.<\/p>\n<div class=\"body-text\">\n<p>Iz firme \u201cUlcinj akva park &amp; Entertainment\u201d, koju je osnovala renomirana turska kompanija \u201cPolin\u201d, navedeno je da \u0107e pripremni radovi na najve\u0107em akva parku u regionu krenuti odmah kako bi ve\u0107 za narednu sezonu objekat bio gotov.<\/p>\n<p>\u201cTo \u0107e biti veliki plus u turisti\u010dkoj ponudi Ulcinja\u201d, saop\u0161teno je iz te firme uz uvjerenje da \u0107e zna\u010dajno porasti cijena objekata u blizini budu\u0107eg vodenog grada.<\/p>\n<p>U op\u0161tini isti\u010du da su najvi\u0161i crnogorski zvani\u010dnici detaljno upoznati sa ovim projektom i da sna\u017eno podr\u017eavaju njegovu realizaciju.<\/p>\n<\/div>\n","protected":false},"excerpt":{"rendered":"<p>Sve\u010dano potpisivanje ugovora o gradnji akva-parka u Ulcinju bi\u0107e obavljeno po\u010detkom decembra. Tom prilikom planira se da se javnosti predstavi i plan vodenog grada na povr\u0161ini od 25,6 hiljada metara kvadratnihu zale\u0111u Velike pla\u017ee, saznaje portal Ul-info. Iz firme \u201cUlcinj akva park &amp; Entertainment\u201d, koju je osnovala renomirana turska kompanija \u201cPolin\u201d, navedeno je da \u0107e [&hellip;]<\/p>\n","protected":false},"author":1,"featured_media":0,"comment_status":"closed","ping_status":"closed","sticky":false,"template":"","format":"standard","meta":{"spay_email":"","jetpack_publicize_message":"","jetpack_is_tweetstorm":false,"jetpack_publicize_feature_enabled":true},"categories":[8337],"tags":[],"jetpack_publicize_connections":[],"yoast_head":"<!-- This site is optimized with the Yoast SEO plugin v19.1 - https:\/\/yoast.com\/wordpress\/plugins\/seo\/ -->\n<title>Gradnja akva-parka u Ulcinju u funkciji naredne sezone - Lajme nga Ulqini<\/title>\n<meta name=\"description\" content=\"Sve\u010dano potpisivanje ugovora o gradnji akva-parka u Ulcinju bi\u0107e obavljeno po\u010detkom decembra. Tom prilikom planira se da se javnosti predstavi i plan\" \/>\n<meta name=\"robots\" content=\"index, follow, max-snippet:-1, max-image-preview:large, max-video-preview:-1\" \/>\n<link rel=\"canonical\" href=\"https:\/\/www.visit-ulcinj.com\/blog\/2014\/11\/25\/gradnja-akva-parka-u-ulcinju-u-funkciji-naredne-sezone\/\" \/>\n<meta property=\"og:locale\" content=\"en_US\" \/>\n<meta property=\"og:type\" content=\"article\" \/>\n<meta property=\"og:title\" content=\"Gradnja akva-parka u Ulcinju u funkciji naredne sezone - Lajme nga Ulqini\" \/>\n<meta property=\"og:description\" content=\"Sve\u010dano potpisivanje ugovora o gradnji akva-parka u Ulcinju bi\u0107e obavljeno po\u010detkom decembra. Tom prilikom planira se da se javnosti predstavi i plan\" \/>\n<meta property=\"og:url\" content=\"https:\/\/www.visit-ulcinj.com\/blog\/2014\/11\/25\/gradnja-akva-parka-u-ulcinju-u-funkciji-naredne-sezone\/\" \/>\n<meta property=\"og:site_name\" content=\"Lajme nga Ulqini\" \/>\n<meta property=\"article:published_time\" content=\"2014-11-25T09:35:13+00:00\" \/>\n<meta property=\"og:image\" content=\"http:\/\/www.visit-ulcinj.com\/blog\/wp-content\/uploads\/2014\/11\/Ulcinj-akva-park-Entertainment.jpg\" \/>\n<meta name=\"twitter:label1\" content=\"Written by\" \/>\n\t<meta name=\"twitter:data1\" content=\"ulqini\" \/>\n\t<meta name=\"twitter:label2\" content=\"Est. reading time\" \/>\n\t<meta name=\"twitter:data2\" content=\"1 minute\" \/>\n<script type=\"application\/ld+json\" class=\"yoast-schema-graph\">{\"@context\":\"https:\/\/schema.org\",\"@graph\":[{\"@type\":\"WebSite\",\"@id\":\"https:\/\/www.visit-ulcinj.com\/blog\/#website\",\"url\":\"https:\/\/www.visit-ulcinj.com\/blog\/\",\"name\":\"Lajme nga Ulqini\",\"description\":\"Lajme,Vijesti,Ulqini,Ulqin,Crna Gora,Mali i Zi\",\"potentialAction\":[{\"@type\":\"SearchAction\",\"target\":{\"@type\":\"EntryPoint\",\"urlTemplate\":\"https:\/\/www.visit-ulcinj.com\/blog\/?s={search_term_string}\"},\"query-input\":\"required name=search_term_string\"}],\"inLanguage\":\"en-US\"},{\"@type\":\"ImageObject\",\"inLanguage\":\"en-US\",\"@id\":\"https:\/\/www.visit-ulcinj.com\/blog\/2014\/11\/25\/gradnja-akva-parka-u-ulcinju-u-funkciji-naredne-sezone\/#primaryimage\",\"url\":\"https:\/\/www.visit-ulcinj.com\/blog\/wp-content\/uploads\/2014\/11\/Ulcinj-akva-park-Entertainment.jpg\",\"contentUrl\":\"https:\/\/www.visit-ulcinj.com\/blog\/wp-content\/uploads\/2014\/11\/Ulcinj-akva-park-Entertainment.jpg\",\"width\":640,\"height\":340},{\"@type\":\"WebPage\",\"@id\":\"https:\/\/www.visit-ulcinj.com\/blog\/2014\/11\/25\/gradnja-akva-parka-u-ulcinju-u-funkciji-naredne-sezone\/#webpage\",\"url\":\"https:\/\/www.visit-ulcinj.com\/blog\/2014\/11\/25\/gradnja-akva-parka-u-ulcinju-u-funkciji-naredne-sezone\/\",\"name\":\"Gradnja akva-parka u Ulcinju u funkciji naredne sezone - Lajme nga Ulqini\",\"isPartOf\":{\"@id\":\"https:\/\/www.visit-ulcinj.com\/blog\/#website\"},\"primaryImageOfPage\":{\"@id\":\"https:\/\/www.visit-ulcinj.com\/blog\/2014\/11\/25\/gradnja-akva-parka-u-ulcinju-u-funkciji-naredne-sezone\/#primaryimage\"},\"datePublished\":\"2014-11-25T09:35:13+00:00\",\"dateModified\":\"2014-11-25T09:35:13+00:00\",\"author\":{\"@id\":\"https:\/\/www.visit-ulcinj.com\/blog\/#\/schema\/person\/dcab619c614d3038751c63bc2aadc06d\"},\"description\":\"Sve\u010dano potpisivanje ugovora o gradnji akva-parka u Ulcinju bi\u0107e obavljeno po\u010detkom decembra. Tom prilikom planira se da se javnosti predstavi i plan\",\"breadcrumb\":{\"@id\":\"https:\/\/www.visit-ulcinj.com\/blog\/2014\/11\/25\/gradnja-akva-parka-u-ulcinju-u-funkciji-naredne-sezone\/#breadcrumb\"},\"inLanguage\":\"en-US\",\"potentialAction\":[{\"@type\":\"ReadAction\",\"target\":[\"https:\/\/www.visit-ulcinj.com\/blog\/2014\/11\/25\/gradnja-akva-parka-u-ulcinju-u-funkciji-naredne-sezone\/\"]}]},{\"@type\":\"BreadcrumbList\",\"@id\":\"https:\/\/www.visit-ulcinj.com\/blog\/2014\/11\/25\/gradnja-akva-parka-u-ulcinju-u-funkciji-naredne-sezone\/#breadcrumb\",\"itemListElement\":[{\"@type\":\"ListItem\",\"position\":1,\"name\":\"Gradnja akva-parka u Ulcinju u funkciji naredne sezone\"}]},{\"@type\":\"Person\",\"@id\":\"https:\/\/www.visit-ulcinj.com\/blog\/#\/schema\/person\/dcab619c614d3038751c63bc2aadc06d\",\"name\":\"ulqini\",\"sameAs\":[\"http:\/\/www.visit-ulcinj.com\"],\"url\":\"https:\/\/www.visit-ulcinj.com\/blog\/author\/admin\/\"}]}<\/script>\n<!-- \/ Yoast SEO plugin. -->","yoast_head_json":{"title":"Gradnja akva-parka u Ulcinju u funkciji naredne sezone - Lajme nga Ulqini","description":"Sve\u010dano potpisivanje ugovora o gradnji akva-parka u Ulcinju bi\u0107e obavljeno po\u010detkom decembra. Tom prilikom planira se da se javnosti predstavi i plan","robots":{"index":"index","follow":"follow","max-snippet":"max-snippet:-1","max-image-preview":"max-image-preview:large","max-video-preview":"max-video-preview:-1"},"canonical":"https:\/\/www.visit-ulcinj.com\/blog\/2014\/11\/25\/gradnja-akva-parka-u-ulcinju-u-funkciji-naredne-sezone\/","og_locale":"en_US","og_type":"article","og_title":"Gradnja akva-parka u Ulcinju u funkciji naredne sezone - Lajme nga Ulqini","og_description":"Sve\u010dano potpisivanje ugovora o gradnji akva-parka u Ulcinju bi\u0107e obavljeno po\u010detkom decembra. Tom prilikom planira se da se javnosti predstavi i plan","og_url":"https:\/\/www.visit-ulcinj.com\/blog\/2014\/11\/25\/gradnja-akva-parka-u-ulcinju-u-funkciji-naredne-sezone\/","og_site_name":"Lajme nga Ulqini","article_published_time":"2014-11-25T09:35:13+00:00","og_image":[{"url":"http:\/\/www.visit-ulcinj.com\/blog\/wp-content\/uploads\/2014\/11\/Ulcinj-akva-park-Entertainment.jpg"}],"twitter_misc":{"Written by":"ulqini","Est. reading time":"1 minute"},"schema":{"@context":"https:\/\/schema.org","@graph":[{"@type":"WebSite","@id":"https:\/\/www.visit-ulcinj.com\/blog\/#website","url":"https:\/\/www.visit-ulcinj.com\/blog\/","name":"Lajme nga Ulqini","description":"Lajme,Vijesti,Ulqini,Ulqin,Crna Gora,Mali i Zi","potentialAction":[{"@type":"SearchAction","target":{"@type":"EntryPoint","urlTemplate":"https:\/\/www.visit-ulcinj.com\/blog\/?s={search_term_string}"},"query-input":"required name=search_term_string"}],"inLanguage":"en-US"},{"@type":"ImageObject","inLanguage":"en-US","@id":"https:\/\/www.visit-ulcinj.com\/blog\/2014\/11\/25\/gradnja-akva-parka-u-ulcinju-u-funkciji-naredne-sezone\/#primaryimage","url":"https:\/\/www.visit-ulcinj.com\/blog\/wp-content\/uploads\/2014\/11\/Ulcinj-akva-park-Entertainment.jpg","contentUrl":"https:\/\/www.visit-ulcinj.com\/blog\/wp-content\/uploads\/2014\/11\/Ulcinj-akva-park-Entertainment.jpg","width":640,"height":340},{"@type":"WebPage","@id":"https:\/\/www.visit-ulcinj.com\/blog\/2014\/11\/25\/gradnja-akva-parka-u-ulcinju-u-funkciji-naredne-sezone\/#webpage","url":"https:\/\/www.visit-ulcinj.com\/blog\/2014\/11\/25\/gradnja-akva-parka-u-ulcinju-u-funkciji-naredne-sezone\/","name":"Gradnja akva-parka u Ulcinju u funkciji naredne sezone - Lajme nga Ulqini","isPartOf":{"@id":"https:\/\/www.visit-ulcinj.com\/blog\/#website"},"primaryImageOfPage":{"@id":"https:\/\/www.visit-ulcinj.com\/blog\/2014\/11\/25\/gradnja-akva-parka-u-ulcinju-u-funkciji-naredne-sezone\/#primaryimage"},"datePublished":"2014-11-25T09:35:13+00:00","dateModified":"2014-11-25T09:35:13+00:00","author":{"@id":"https:\/\/www.visit-ulcinj.com\/blog\/#\/schema\/person\/dcab619c614d3038751c63bc2aadc06d"},"description":"Sve\u010dano potpisivanje ugovora o gradnji akva-parka u Ulcinju bi\u0107e obavljeno po\u010detkom decembra. Tom prilikom planira se da se javnosti predstavi i plan","breadcrumb":{"@id":"https:\/\/www.visit-ulcinj.com\/blog\/2014\/11\/25\/gradnja-akva-parka-u-ulcinju-u-funkciji-naredne-sezone\/#breadcrumb"},"inLanguage":"en-US","potentialAction":[{"@type":"ReadAction","target":["https:\/\/www.visit-ulcinj.com\/blog\/2014\/11\/25\/gradnja-akva-parka-u-ulcinju-u-funkciji-naredne-sezone\/"]}]},{"@type":"BreadcrumbList","@id":"https:\/\/www.visit-ulcinj.com\/blog\/2014\/11\/25\/gradnja-akva-parka-u-ulcinju-u-funkciji-naredne-sezone\/#breadcrumb","itemListElement":[{"@type":"ListItem","position":1,"name":"Gradnja akva-parka u Ulcinju u funkciji naredne sezone"}]},{"@type":"Person","@id":"https:\/\/www.visit-ulcinj.com\/blog\/#\/schema\/person\/dcab619c614d3038751c63bc2aadc06d","name":"ulqini","sameAs":["http:\/\/www.visit-ulcinj.com"],"url":"https:\/\/www.visit-ulcinj.com\/blog\/author\/admin\/"}]}},"jetpack_featured_media_url":"","jetpack_sharing_enabled":true,"jetpack_shortlink":"https:\/\/wp.me\/pe6lTn-mvX","_links":{"self":[{"href":"https:\/\/www.visit-ulcinj.com\/blog\/wp-json\/wp\/v2\/posts\/86549"}],"collection":[{"href":"https:\/\/www.visit-ulcinj.com\/blog\/wp-json\/wp\/v2\/posts"}],"about":[{"href":"https:\/\/www.visit-ulcinj.com\/blog\/wp-json\/wp\/v2\/types\/post"}],"author":[{"embeddable":true,"href":"https:\/\/www.visit-ulcinj.com\/blog\/wp-json\/wp\/v2\/users\/1"}],"replies":[{"embeddable":true,"href":"https:\/\/www.visit-ulcinj.com\/blog\/wp-json\/wp\/v2\/comments?post=86549"}],"version-history":[{"count":1,"href":"https:\/\/www.visit-ulcinj.com\/blog\/wp-json\/wp\/v2\/posts\/86549\/revisions"}],"predecessor-version":[{"id":86551,"href":"https:\/\/www.visit-ulcinj.com\/blog\/wp-json\/wp\/v2\/posts\/86549\/revisions\/86551"}],"wp:attachment":[{"href":"https:\/\/www.visit-ulcinj.com\/blog\/wp-json\/wp\/v2\/media?parent=86549"}],"wp:term":[{"taxonomy":"category","embeddable":true,"href":"https:\/\/www.visit-ulcinj.com\/blog\/wp-json\/wp\/v2\/categories?post=86549"},{"taxonomy":"post_tag","embeddable":true,"href":"https:\/\/www.visit-ulcinj.com\/blog\/wp-json\/wp\/v2\/tags?post=86549"}],"curies":[{"name":"wp","href":"https:\/\/api.w.org\/{rel}","templated":true}]}}