{"id":86552,"date":"2014-11-25T10:53:15","date_gmt":"2014-11-25T09:53:15","guid":{"rendered":"http:\/\/www.visit-ulcinj.com\/blog\/?p=86552"},"modified":"2014-11-25T10:53:15","modified_gmt":"2014-11-25T09:53:15","slug":"karamanaga-ndertimi-murit-nene-palatin-venecija-eshte-perfunduar-suksese","status":"publish","type":"post","link":"https:\/\/www.visit-ulcinj.com\/blog\/2014\/11\/25\/karamanaga-ndertimi-murit-nene-palatin-venecija-eshte-perfunduar-suksese\/","title":{"rendered":"Karamanaga: Nd\u00ebrtimi i murit nen\u00eb &#8220;Palatin Venecija&#8221; \u00ebsht\u00eb p\u00ebrfunduar m\u00eb sukses\u00eb"},"content":{"rendered":"<p><a href=\"http:\/\/www.visit-ulcinj.com\/blog\/wp-content\/uploads\/2014\/11\/revitalizaciji-i-restauraciji-Starog-grada-Ulcinj.jpg\"><img loading=\"lazy\" class=\"alignleft wp-image-86464\" src=\"http:\/\/www.visit-ulcinj.com\/blog\/wp-content\/uploads\/2014\/11\/revitalizaciji-i-restauraciji-Starog-grada-Ulcinj.jpg\" alt=\"revitalizaciji i restauraciji Starog grada-Ulcinj\" width=\"508\" height=\"381\" srcset=\"https:\/\/www.visit-ulcinj.com\/blog\/wp-content\/uploads\/2014\/11\/revitalizaciji-i-restauraciji-Starog-grada-Ulcinj.jpg 960w, https:\/\/www.visit-ulcinj.com\/blog\/wp-content\/uploads\/2014\/11\/revitalizaciji-i-restauraciji-Starog-grada-Ulcinj-300x225.jpg 300w\" sizes=\"(max-width: 508px) 100vw, 508px\" \/><\/a>Nd\u00ebrtimi i murit nen\u00eb &#8220;Palatin Venecija&#8221; \u00ebsht\u00eb p\u00ebrfunduar m\u00eb sukses\u00eb,. Dua ta p\u00ebrs\u00ebris\u00eb p\u00ebrs\u00ebri, me ndihm\u00ebn e Kryetarit t\u00eb Komun\u00ebs z. Fatmir Gjek\u00ebs, pasi q\u00eb ai <span class=\"text_exposed_show\">ka qen\u00eb ajo karika kryesore n\u00eb finansimin e k\u00ebtij Projekti. Mir\u00ebpo, nd\u00ebrtimi i k\u00ebtij muri, ka qen\u00eb shkaku q\u00eb t\u00eb nd\u00ebrmarim masa, edhe p\u00ebr ta pastruar dhe regulluar, edhe pjes\u00ebn pas murit. N\u00eb k\u00ebt\u00eb pjes\u00eb nuk ka shkel k\u00ebmba e njeriut, \u00e7\u00eb nga vitet e 70 t\u00eb, t\u00eb shekullit t\u00eb kaluar. Me ndihm\u00ebn e drejtorit t\u00eb &#8221; Organizat\u00ebs komunalijeve &#8211; sektori Past\u00ebrtia&#8221;, z. Sait Katana, i cili, si pas k\u00ebrkes\u00ebs time, tash dy dit\u00eb m\u00eb pun\u00ebtoret e tij \u00ebsht\u00eb duke dh\u00ebn\u00eb kontributin e k\u00ebsaj organizate p\u00ebr regullimin e pastrimin e k\u00ebsaj pjese. . Zotri Sait Katana, me k\u00ebt\u00eb gjest \u00ebsht\u00eb duke e treguar vehten si trashig\u00ebmitar i mir\u00eb i Zana Sarvan. <\/span><\/p>\n<p><a href=\"http:\/\/www.visit-ulcinj.com\/blog\/wp-content\/uploads\/2014\/11\/revitalizaciji-i-restauraciji-Starog-grada-Ulcinj-1.jpg\"><img loading=\"lazy\" class=\"alignleft wp-image-86465\" src=\"http:\/\/www.visit-ulcinj.com\/blog\/wp-content\/uploads\/2014\/11\/revitalizaciji-i-restauraciji-Starog-grada-Ulcinj-1.jpg\" alt=\"revitalizaciji i restauraciji Starog grada-Ulcinj-1\" width=\"508\" height=\"677\" srcset=\"https:\/\/www.visit-ulcinj.com\/blog\/wp-content\/uploads\/2014\/11\/revitalizaciji-i-restauraciji-Starog-grada-Ulcinj-1.jpg 720w, https:\/\/www.visit-ulcinj.com\/blog\/wp-content\/uploads\/2014\/11\/revitalizaciji-i-restauraciji-Starog-grada-Ulcinj-1-225x300.jpg 225w\" sizes=\"(max-width: 508px) 100vw, 508px\" \/><\/a><\/p>\n<p><span class=\"text_exposed_show\">Kjo pjes\u00eb \u00ebsht\u00eb hapsir\u00eb publike, dhe nuk i takon ve\u00e7 Kalas\u00eb, por t\u00eb gjith\u00eb qytetit, mir\u00ebpo ka qen\u00eb e l\u00ebnun pas dore. Ne t\u00eb cil\u00ebt jetojm\u00eb n\u00eb Kala, kemi p\u00ebrgjegj\u00ebsi m\u00eb t\u00eb madhe p\u00ebr Kala, dhe ambientin e saj, mir\u00ebpo, ajo i takon t\u00eb gjith\u00eb qytetit dhe qytetar\u00ebve ton\u00eb. K\u00ebshtu duhet t\u00eb shikohet dhe t\u00eb trajtohet Kalaja. Po e p\u00ebrs\u00ebris\u00eb edhe nj\u00eb hera, duke i u falenderu, Kryetarit t\u00eb Komun\u00ebs dhe pastaj Organizat\u00ebs Komunalije &#8211; Past\u00ebrtija&#8221; kjo pjes\u00eb sot \u00ebsht\u00eb b\u00ebr\u00eb m\u00eb e t\u00ebrheq\u00ebse p\u00ebr kalimtar\u00eb dhe mysafir\u00eb. P\u00ebr mua, k\u00ebshtu edhe duhet t\u00eb fillohet me pregaditjen e sezonit turistik 2015.<\/span><\/p>\n<p><strong><a href=\"https:\/\/www.facebook.com\/photo.php?fbid=10205187945882447&amp;set=a.1089990814204.2015521.1359492972&amp;type=1&amp;fref=nf\">Ismet Karamanaga <\/a>Facebook<\/strong><\/p>\n","protected":false},"excerpt":{"rendered":"<p>Nd\u00ebrtimi i murit nen\u00eb &#8220;Palatin Venecija&#8221; \u00ebsht\u00eb p\u00ebrfunduar m\u00eb sukses\u00eb,. Dua ta p\u00ebrs\u00ebris\u00eb p\u00ebrs\u00ebri, me ndihm\u00ebn e Kryetarit t\u00eb Komun\u00ebs z. Fatmir Gjek\u00ebs, pasi q\u00eb ai ka qen\u00eb ajo karika kryesore n\u00eb finansimin e k\u00ebtij Projekti. Mir\u00ebpo, nd\u00ebrtimi i k\u00ebtij muri, ka qen\u00eb shkaku q\u00eb t\u00eb nd\u00ebrmarim masa, edhe p\u00ebr ta pastruar dhe regulluar, edhe [&hellip;]<\/p>\n","protected":false},"author":1,"featured_media":0,"comment_status":"closed","ping_status":"closed","sticky":false,"template":"","format":"standard","meta":{"spay_email":"","jetpack_publicize_message":"","jetpack_is_tweetstorm":false,"jetpack_publicize_feature_enabled":true},"categories":[11],"tags":[],"jetpack_publicize_connections":[],"yoast_head":"<!-- This site is optimized with the Yoast SEO plugin v19.1 - https:\/\/yoast.com\/wordpress\/plugins\/seo\/ -->\n<title>Karamanaga: Nd\u00ebrtimi i murit nen\u00eb &quot;Palatin Venecija&quot; \u00ebsht\u00eb p\u00ebrfunduar m\u00eb sukses\u00eb - Lajme nga Ulqini<\/title>\n<meta name=\"description\" content=\"Nd\u00ebrtimi i murit nen\u00eb &quot;Palatin Venecija&quot; \u00ebsht\u00eb p\u00ebrfunduar m\u00eb sukses\u00eb,. Dua ta p\u00ebrs\u00ebris\u00eb p\u00ebrs\u00ebri, me ndihm\u00ebn e Kryetarit t\u00eb Komun\u00ebs z. Fatmir Gjek\u00ebs, pasi\" \/>\n<meta name=\"robots\" content=\"index, follow, max-snippet:-1, max-image-preview:large, max-video-preview:-1\" \/>\n<link rel=\"canonical\" href=\"https:\/\/www.visit-ulcinj.com\/blog\/2014\/11\/25\/karamanaga-ndertimi-murit-nene-palatin-venecija-eshte-perfunduar-suksese\/\" \/>\n<meta property=\"og:locale\" content=\"en_US\" \/>\n<meta property=\"og:type\" content=\"article\" \/>\n<meta property=\"og:title\" content=\"Karamanaga: Nd\u00ebrtimi i murit nen\u00eb &quot;Palatin Venecija&quot; \u00ebsht\u00eb p\u00ebrfunduar m\u00eb sukses\u00eb - Lajme nga Ulqini\" \/>\n<meta property=\"og:description\" content=\"Nd\u00ebrtimi i murit nen\u00eb &quot;Palatin Venecija&quot; \u00ebsht\u00eb p\u00ebrfunduar m\u00eb sukses\u00eb,. Dua ta p\u00ebrs\u00ebris\u00eb p\u00ebrs\u00ebri, me ndihm\u00ebn e Kryetarit t\u00eb Komun\u00ebs z. Fatmir Gjek\u00ebs, pasi\" \/>\n<meta property=\"og:url\" content=\"https:\/\/www.visit-ulcinj.com\/blog\/2014\/11\/25\/karamanaga-ndertimi-murit-nene-palatin-venecija-eshte-perfunduar-suksese\/\" \/>\n<meta property=\"og:site_name\" content=\"Lajme nga Ulqini\" \/>\n<meta property=\"article:published_time\" content=\"2014-11-25T09:53:15+00:00\" \/>\n<meta property=\"og:image\" content=\"http:\/\/www.visit-ulcinj.com\/blog\/wp-content\/uploads\/2014\/11\/revitalizaciji-i-restauraciji-Starog-grada-Ulcinj.jpg\" \/>\n<meta name=\"twitter:label1\" content=\"Written by\" \/>\n\t<meta name=\"twitter:data1\" content=\"ulqini\" \/>\n\t<meta name=\"twitter:label2\" content=\"Est. reading time\" \/>\n\t<meta name=\"twitter:data2\" content=\"1 minute\" \/>\n<script type=\"application\/ld+json\" class=\"yoast-schema-graph\">{\"@context\":\"https:\/\/schema.org\",\"@graph\":[{\"@type\":\"WebSite\",\"@id\":\"https:\/\/www.visit-ulcinj.com\/blog\/#website\",\"url\":\"https:\/\/www.visit-ulcinj.com\/blog\/\",\"name\":\"Lajme nga Ulqini\",\"description\":\"Lajme,Vijesti,Ulqini,Ulqin,Crna Gora,Mali i Zi\",\"potentialAction\":[{\"@type\":\"SearchAction\",\"target\":{\"@type\":\"EntryPoint\",\"urlTemplate\":\"https:\/\/www.visit-ulcinj.com\/blog\/?s={search_term_string}\"},\"query-input\":\"required name=search_term_string\"}],\"inLanguage\":\"en-US\"},{\"@type\":\"ImageObject\",\"inLanguage\":\"en-US\",\"@id\":\"https:\/\/www.visit-ulcinj.com\/blog\/2014\/11\/25\/karamanaga-ndertimi-murit-nene-palatin-venecija-eshte-perfunduar-suksese\/#primaryimage\",\"url\":\"https:\/\/www.visit-ulcinj.com\/blog\/wp-content\/uploads\/2014\/11\/revitalizaciji-i-restauraciji-Starog-grada-Ulcinj.jpg\",\"contentUrl\":\"https:\/\/www.visit-ulcinj.com\/blog\/wp-content\/uploads\/2014\/11\/revitalizaciji-i-restauraciji-Starog-grada-Ulcinj.jpg\",\"width\":960,\"height\":720},{\"@type\":\"WebPage\",\"@id\":\"https:\/\/www.visit-ulcinj.com\/blog\/2014\/11\/25\/karamanaga-ndertimi-murit-nene-palatin-venecija-eshte-perfunduar-suksese\/#webpage\",\"url\":\"https:\/\/www.visit-ulcinj.com\/blog\/2014\/11\/25\/karamanaga-ndertimi-murit-nene-palatin-venecija-eshte-perfunduar-suksese\/\",\"name\":\"Karamanaga: Nd\u00ebrtimi i murit nen\u00eb \\\"Palatin Venecija\\\" \u00ebsht\u00eb p\u00ebrfunduar m\u00eb sukses\u00eb - Lajme nga Ulqini\",\"isPartOf\":{\"@id\":\"https:\/\/www.visit-ulcinj.com\/blog\/#website\"},\"primaryImageOfPage\":{\"@id\":\"https:\/\/www.visit-ulcinj.com\/blog\/2014\/11\/25\/karamanaga-ndertimi-murit-nene-palatin-venecija-eshte-perfunduar-suksese\/#primaryimage\"},\"datePublished\":\"2014-11-25T09:53:15+00:00\",\"dateModified\":\"2014-11-25T09:53:15+00:00\",\"author\":{\"@id\":\"https:\/\/www.visit-ulcinj.com\/blog\/#\/schema\/person\/dcab619c614d3038751c63bc2aadc06d\"},\"description\":\"Nd\u00ebrtimi i murit nen\u00eb \\\"Palatin Venecija\\\" \u00ebsht\u00eb p\u00ebrfunduar m\u00eb sukses\u00eb,. Dua ta p\u00ebrs\u00ebris\u00eb p\u00ebrs\u00ebri, me ndihm\u00ebn e Kryetarit t\u00eb Komun\u00ebs z. Fatmir Gjek\u00ebs, pasi\",\"breadcrumb\":{\"@id\":\"https:\/\/www.visit-ulcinj.com\/blog\/2014\/11\/25\/karamanaga-ndertimi-murit-nene-palatin-venecija-eshte-perfunduar-suksese\/#breadcrumb\"},\"inLanguage\":\"en-US\",\"potentialAction\":[{\"@type\":\"ReadAction\",\"target\":[\"https:\/\/www.visit-ulcinj.com\/blog\/2014\/11\/25\/karamanaga-ndertimi-murit-nene-palatin-venecija-eshte-perfunduar-suksese\/\"]}]},{\"@type\":\"BreadcrumbList\",\"@id\":\"https:\/\/www.visit-ulcinj.com\/blog\/2014\/11\/25\/karamanaga-ndertimi-murit-nene-palatin-venecija-eshte-perfunduar-suksese\/#breadcrumb\",\"itemListElement\":[{\"@type\":\"ListItem\",\"position\":1,\"name\":\"Karamanaga: Nd\u00ebrtimi i murit nen\u00eb &#8220;Palatin Venecija&#8221; \u00ebsht\u00eb p\u00ebrfunduar m\u00eb sukses\u00eb\"}]},{\"@type\":\"Person\",\"@id\":\"https:\/\/www.visit-ulcinj.com\/blog\/#\/schema\/person\/dcab619c614d3038751c63bc2aadc06d\",\"name\":\"ulqini\",\"sameAs\":[\"http:\/\/www.visit-ulcinj.com\"],\"url\":\"https:\/\/www.visit-ulcinj.com\/blog\/author\/admin\/\"}]}<\/script>\n<!-- \/ Yoast SEO plugin. -->","yoast_head_json":{"title":"Karamanaga: Nd\u00ebrtimi i murit nen\u00eb \"Palatin Venecija\" \u00ebsht\u00eb p\u00ebrfunduar m\u00eb sukses\u00eb - Lajme nga Ulqini","description":"Nd\u00ebrtimi i murit nen\u00eb \"Palatin Venecija\" \u00ebsht\u00eb p\u00ebrfunduar m\u00eb sukses\u00eb,. Dua ta p\u00ebrs\u00ebris\u00eb p\u00ebrs\u00ebri, me ndihm\u00ebn e Kryetarit t\u00eb Komun\u00ebs z. Fatmir Gjek\u00ebs, pasi","robots":{"index":"index","follow":"follow","max-snippet":"max-snippet:-1","max-image-preview":"max-image-preview:large","max-video-preview":"max-video-preview:-1"},"canonical":"https:\/\/www.visit-ulcinj.com\/blog\/2014\/11\/25\/karamanaga-ndertimi-murit-nene-palatin-venecija-eshte-perfunduar-suksese\/","og_locale":"en_US","og_type":"article","og_title":"Karamanaga: Nd\u00ebrtimi i murit nen\u00eb \"Palatin Venecija\" \u00ebsht\u00eb p\u00ebrfunduar m\u00eb sukses\u00eb - Lajme nga Ulqini","og_description":"Nd\u00ebrtimi i murit nen\u00eb \"Palatin Venecija\" \u00ebsht\u00eb p\u00ebrfunduar m\u00eb sukses\u00eb,. Dua ta p\u00ebrs\u00ebris\u00eb p\u00ebrs\u00ebri, me ndihm\u00ebn e Kryetarit t\u00eb Komun\u00ebs z. Fatmir Gjek\u00ebs, pasi","og_url":"https:\/\/www.visit-ulcinj.com\/blog\/2014\/11\/25\/karamanaga-ndertimi-murit-nene-palatin-venecija-eshte-perfunduar-suksese\/","og_site_name":"Lajme nga Ulqini","article_published_time":"2014-11-25T09:53:15+00:00","og_image":[{"url":"http:\/\/www.visit-ulcinj.com\/blog\/wp-content\/uploads\/2014\/11\/revitalizaciji-i-restauraciji-Starog-grada-Ulcinj.jpg"}],"twitter_misc":{"Written by":"ulqini","Est. reading time":"1 minute"},"schema":{"@context":"https:\/\/schema.org","@graph":[{"@type":"WebSite","@id":"https:\/\/www.visit-ulcinj.com\/blog\/#website","url":"https:\/\/www.visit-ulcinj.com\/blog\/","name":"Lajme nga Ulqini","description":"Lajme,Vijesti,Ulqini,Ulqin,Crna Gora,Mali i Zi","potentialAction":[{"@type":"SearchAction","target":{"@type":"EntryPoint","urlTemplate":"https:\/\/www.visit-ulcinj.com\/blog\/?s={search_term_string}"},"query-input":"required name=search_term_string"}],"inLanguage":"en-US"},{"@type":"ImageObject","inLanguage":"en-US","@id":"https:\/\/www.visit-ulcinj.com\/blog\/2014\/11\/25\/karamanaga-ndertimi-murit-nene-palatin-venecija-eshte-perfunduar-suksese\/#primaryimage","url":"https:\/\/www.visit-ulcinj.com\/blog\/wp-content\/uploads\/2014\/11\/revitalizaciji-i-restauraciji-Starog-grada-Ulcinj.jpg","contentUrl":"https:\/\/www.visit-ulcinj.com\/blog\/wp-content\/uploads\/2014\/11\/revitalizaciji-i-restauraciji-Starog-grada-Ulcinj.jpg","width":960,"height":720},{"@type":"WebPage","@id":"https:\/\/www.visit-ulcinj.com\/blog\/2014\/11\/25\/karamanaga-ndertimi-murit-nene-palatin-venecija-eshte-perfunduar-suksese\/#webpage","url":"https:\/\/www.visit-ulcinj.com\/blog\/2014\/11\/25\/karamanaga-ndertimi-murit-nene-palatin-venecija-eshte-perfunduar-suksese\/","name":"Karamanaga: Nd\u00ebrtimi i murit nen\u00eb \"Palatin Venecija\" \u00ebsht\u00eb p\u00ebrfunduar m\u00eb sukses\u00eb - Lajme nga Ulqini","isPartOf":{"@id":"https:\/\/www.visit-ulcinj.com\/blog\/#website"},"primaryImageOfPage":{"@id":"https:\/\/www.visit-ulcinj.com\/blog\/2014\/11\/25\/karamanaga-ndertimi-murit-nene-palatin-venecija-eshte-perfunduar-suksese\/#primaryimage"},"datePublished":"2014-11-25T09:53:15+00:00","dateModified":"2014-11-25T09:53:15+00:00","author":{"@id":"https:\/\/www.visit-ulcinj.com\/blog\/#\/schema\/person\/dcab619c614d3038751c63bc2aadc06d"},"description":"Nd\u00ebrtimi i murit nen\u00eb \"Palatin Venecija\" \u00ebsht\u00eb p\u00ebrfunduar m\u00eb sukses\u00eb,. Dua ta p\u00ebrs\u00ebris\u00eb p\u00ebrs\u00ebri, me ndihm\u00ebn e Kryetarit t\u00eb Komun\u00ebs z. Fatmir Gjek\u00ebs, pasi","breadcrumb":{"@id":"https:\/\/www.visit-ulcinj.com\/blog\/2014\/11\/25\/karamanaga-ndertimi-murit-nene-palatin-venecija-eshte-perfunduar-suksese\/#breadcrumb"},"inLanguage":"en-US","potentialAction":[{"@type":"ReadAction","target":["https:\/\/www.visit-ulcinj.com\/blog\/2014\/11\/25\/karamanaga-ndertimi-murit-nene-palatin-venecija-eshte-perfunduar-suksese\/"]}]},{"@type":"BreadcrumbList","@id":"https:\/\/www.visit-ulcinj.com\/blog\/2014\/11\/25\/karamanaga-ndertimi-murit-nene-palatin-venecija-eshte-perfunduar-suksese\/#breadcrumb","itemListElement":[{"@type":"ListItem","position":1,"name":"Karamanaga: Nd\u00ebrtimi i murit nen\u00eb &#8220;Palatin Venecija&#8221; \u00ebsht\u00eb p\u00ebrfunduar m\u00eb sukses\u00eb"}]},{"@type":"Person","@id":"https:\/\/www.visit-ulcinj.com\/blog\/#\/schema\/person\/dcab619c614d3038751c63bc2aadc06d","name":"ulqini","sameAs":["http:\/\/www.visit-ulcinj.com"],"url":"https:\/\/www.visit-ulcinj.com\/blog\/author\/admin\/"}]}},"jetpack_featured_media_url":"","jetpack_sharing_enabled":true,"jetpack_shortlink":"https:\/\/wp.me\/pe6lTn-mw0","_links":{"self":[{"href":"https:\/\/www.visit-ulcinj.com\/blog\/wp-json\/wp\/v2\/posts\/86552"}],"collection":[{"href":"https:\/\/www.visit-ulcinj.com\/blog\/wp-json\/wp\/v2\/posts"}],"about":[{"href":"https:\/\/www.visit-ulcinj.com\/blog\/wp-json\/wp\/v2\/types\/post"}],"author":[{"embeddable":true,"href":"https:\/\/www.visit-ulcinj.com\/blog\/wp-json\/wp\/v2\/users\/1"}],"replies":[{"embeddable":true,"href":"https:\/\/www.visit-ulcinj.com\/blog\/wp-json\/wp\/v2\/comments?post=86552"}],"version-history":[{"count":1,"href":"https:\/\/www.visit-ulcinj.com\/blog\/wp-json\/wp\/v2\/posts\/86552\/revisions"}],"predecessor-version":[{"id":86553,"href":"https:\/\/www.visit-ulcinj.com\/blog\/wp-json\/wp\/v2\/posts\/86552\/revisions\/86553"}],"wp:attachment":[{"href":"https:\/\/www.visit-ulcinj.com\/blog\/wp-json\/wp\/v2\/media?parent=86552"}],"wp:term":[{"taxonomy":"category","embeddable":true,"href":"https:\/\/www.visit-ulcinj.com\/blog\/wp-json\/wp\/v2\/categories?post=86552"},{"taxonomy":"post_tag","embeddable":true,"href":"https:\/\/www.visit-ulcinj.com\/blog\/wp-json\/wp\/v2\/tags?post=86552"}],"curies":[{"name":"wp","href":"https:\/\/api.w.org\/{rel}","templated":true}]}}