{"id":86555,"date":"2014-11-25T18:03:28","date_gmt":"2014-11-25T17:03:28","guid":{"rendered":"http:\/\/www.visit-ulcinj.com\/blog\/?p=86555"},"modified":"2014-11-25T18:03:28","modified_gmt":"2014-11-25T17:03:28","slug":"rrethi-kalter-promovimi-doracakut","status":"publish","type":"post","link":"https:\/\/www.visit-ulcinj.com\/blog\/2014\/11\/25\/rrethi-kalter-promovimi-doracakut\/","title":{"rendered":"&#8220;Rrethi i kalt\u00ebr\u201c: PROMOVIMI I DORACAKUT"},"content":{"rendered":"<p><a href=\"http:\/\/www.visit-ulcinj.com\/blog\/wp-content\/uploads\/2014\/11\/Shoqata-e-diabetik\u00ebve-Rrethi-i-kalt\u00ebr-Ulqin.jpg\"><img loading=\"lazy\" class=\"alignleft wp-image-86556\" src=\"http:\/\/www.visit-ulcinj.com\/blog\/wp-content\/uploads\/2014\/11\/Shoqata-e-diabetik\u00ebve-Rrethi-i-kalt\u00ebr-Ulqin.jpg\" alt=\"Shoqata e diabetik\u00ebve-Rrethi i kalt\u00ebr-Ulqin\" width=\"508\" height=\"371\" srcset=\"https:\/\/www.visit-ulcinj.com\/blog\/wp-content\/uploads\/2014\/11\/Shoqata-e-diabetik\u00ebve-Rrethi-i-kalt\u00ebr-Ulqin.jpg 448w, https:\/\/www.visit-ulcinj.com\/blog\/wp-content\/uploads\/2014\/11\/Shoqata-e-diabetik\u00ebve-Rrethi-i-kalt\u00ebr-Ulqin-300x218.jpg 300w\" sizes=\"(max-width: 508px) 100vw, 508px\" \/><\/a>Shoqata e diabetik\u00ebve \u201cRrethi i kalt\u00ebr\u201d Ulqin, dit\u00ebn e premte, me 28 nentor \u00a0n\u00eb\u00a0ambijentet e Shkoll\u00ebs s\u00eb muzik\u00ebs, n\u00eb ora 11,00 do t\u00eb promovoj\u00eb\u00a0doracakun n\u00eb gjuh\u00ebn shqipe \u201cJeta e sh\u00ebndetshme e diabetik\u00ebve\u201d, p\u00ebrgadtitur nga Shoqata \u201cRrethi i kalt\u00ebr\u201d Tivar.<\/p>\n<p>N\u00eb k\u00ebt\u00eb\u00a0proimovim do t\u00eb marr\u00eb pjes\u00eb\u00a0endokrinologeja Valentina Kaliniq.<\/p>\n<p>Shoqata me k\u00ebt\u00eb rast do t\u2019u ndaj\u00eb diabetik\u00ebve donacionin me vler\u00eb nga ulqinaku\u00a0Rifat Stankoviq, i cili jeton dhe vepron n\u00eb Gjermani.<\/p>\n<p>Ftohen t\u00eb gjith\u00eb diabetik\u00ebt e interesuar q\u00eb t\u00eb marrin pjes\u00eb.<\/p>\n<h3 class=\"iw\"><span class=\"gD\">Gjeke Gjonaj<\/span><\/h3>\n","protected":false},"excerpt":{"rendered":"<p>Shoqata e diabetik\u00ebve \u201cRrethi i kalt\u00ebr\u201d Ulqin, dit\u00ebn e premte, me 28 nentor \u00a0n\u00eb\u00a0ambijentet e Shkoll\u00ebs s\u00eb muzik\u00ebs, n\u00eb ora 11,00 do t\u00eb promovoj\u00eb\u00a0doracakun n\u00eb gjuh\u00ebn shqipe \u201cJeta e sh\u00ebndetshme e diabetik\u00ebve\u201d, p\u00ebrgadtitur nga Shoqata \u201cRrethi i kalt\u00ebr\u201d Tivar. N\u00eb k\u00ebt\u00eb\u00a0proimovim do t\u00eb marr\u00eb pjes\u00eb\u00a0endokrinologeja Valentina Kaliniq. Shoqata me k\u00ebt\u00eb rast do t\u2019u ndaj\u00eb diabetik\u00ebve [&hellip;]<\/p>\n","protected":false},"author":1,"featured_media":0,"comment_status":"closed","ping_status":"closed","sticky":false,"template":"","format":"standard","meta":{"spay_email":"","jetpack_publicize_message":"","jetpack_is_tweetstorm":false,"jetpack_publicize_feature_enabled":true},"categories":[6950],"tags":[],"jetpack_publicize_connections":[],"yoast_head":"<!-- This site is optimized with the Yoast SEO plugin v19.1 - https:\/\/yoast.com\/wordpress\/plugins\/seo\/ -->\n<title>&quot;Rrethi i kalt\u00ebr\u201c: PROMOVIMI I DORACAKUT - Lajme nga Ulqini<\/title>\n<meta name=\"description\" content=\"Shoqata e diabetik\u00ebve \u201cRrethi i kalt\u00ebr\u201d Ulqin, dit\u00ebn e premte, me 28 nentor \u00a0n\u00eb\u00a0ambijentet e Shkoll\u00ebs s\u00eb muzik\u00ebs, n\u00eb ora 11,00 do t\u00eb promovoj\u00eb\u00a0doracakun\" \/>\n<meta name=\"robots\" content=\"index, follow, max-snippet:-1, max-image-preview:large, max-video-preview:-1\" \/>\n<link rel=\"canonical\" href=\"https:\/\/www.visit-ulcinj.com\/blog\/2014\/11\/25\/rrethi-kalter-promovimi-doracakut\/\" \/>\n<meta property=\"og:locale\" content=\"en_US\" \/>\n<meta property=\"og:type\" content=\"article\" \/>\n<meta property=\"og:title\" content=\"&quot;Rrethi i kalt\u00ebr\u201c: PROMOVIMI I DORACAKUT - Lajme nga Ulqini\" \/>\n<meta property=\"og:description\" content=\"Shoqata e diabetik\u00ebve \u201cRrethi i kalt\u00ebr\u201d Ulqin, dit\u00ebn e premte, me 28 nentor \u00a0n\u00eb\u00a0ambijentet e Shkoll\u00ebs s\u00eb muzik\u00ebs, n\u00eb ora 11,00 do t\u00eb promovoj\u00eb\u00a0doracakun\" \/>\n<meta property=\"og:url\" content=\"https:\/\/www.visit-ulcinj.com\/blog\/2014\/11\/25\/rrethi-kalter-promovimi-doracakut\/\" \/>\n<meta property=\"og:site_name\" content=\"Lajme nga Ulqini\" \/>\n<meta property=\"article:published_time\" content=\"2014-11-25T17:03:28+00:00\" \/>\n<meta name=\"twitter:label1\" content=\"Written by\" \/>\n\t<meta name=\"twitter:data1\" content=\"ulqini\" \/>\n<script type=\"application\/ld+json\" class=\"yoast-schema-graph\">{\"@context\":\"https:\/\/schema.org\",\"@graph\":[{\"@type\":\"WebSite\",\"@id\":\"https:\/\/www.visit-ulcinj.com\/blog\/#website\",\"url\":\"https:\/\/www.visit-ulcinj.com\/blog\/\",\"name\":\"Lajme nga Ulqini\",\"description\":\"Lajme,Vijesti,Ulqini,Ulqin,Crna Gora,Mali i Zi\",\"potentialAction\":[{\"@type\":\"SearchAction\",\"target\":{\"@type\":\"EntryPoint\",\"urlTemplate\":\"https:\/\/www.visit-ulcinj.com\/blog\/?s={search_term_string}\"},\"query-input\":\"required name=search_term_string\"}],\"inLanguage\":\"en-US\"},{\"@type\":\"WebPage\",\"@id\":\"https:\/\/www.visit-ulcinj.com\/blog\/2014\/11\/25\/rrethi-kalter-promovimi-doracakut\/#webpage\",\"url\":\"https:\/\/www.visit-ulcinj.com\/blog\/2014\/11\/25\/rrethi-kalter-promovimi-doracakut\/\",\"name\":\"\\\"Rrethi i kalt\u00ebr\u201c: PROMOVIMI I DORACAKUT - Lajme nga Ulqini\",\"isPartOf\":{\"@id\":\"https:\/\/www.visit-ulcinj.com\/blog\/#website\"},\"datePublished\":\"2014-11-25T17:03:28+00:00\",\"dateModified\":\"2014-11-25T17:03:28+00:00\",\"author\":{\"@id\":\"https:\/\/www.visit-ulcinj.com\/blog\/#\/schema\/person\/dcab619c614d3038751c63bc2aadc06d\"},\"description\":\"Shoqata e diabetik\u00ebve \u201cRrethi i kalt\u00ebr\u201d Ulqin, dit\u00ebn e premte, me 28 nentor \u00a0n\u00eb\u00a0ambijentet e Shkoll\u00ebs s\u00eb muzik\u00ebs, n\u00eb ora 11,00 do t\u00eb promovoj\u00eb\u00a0doracakun\",\"breadcrumb\":{\"@id\":\"https:\/\/www.visit-ulcinj.com\/blog\/2014\/11\/25\/rrethi-kalter-promovimi-doracakut\/#breadcrumb\"},\"inLanguage\":\"en-US\",\"potentialAction\":[{\"@type\":\"ReadAction\",\"target\":[\"https:\/\/www.visit-ulcinj.com\/blog\/2014\/11\/25\/rrethi-kalter-promovimi-doracakut\/\"]}]},{\"@type\":\"BreadcrumbList\",\"@id\":\"https:\/\/www.visit-ulcinj.com\/blog\/2014\/11\/25\/rrethi-kalter-promovimi-doracakut\/#breadcrumb\",\"itemListElement\":[{\"@type\":\"ListItem\",\"position\":1,\"name\":\"&#8220;Rrethi i kalt\u00ebr\u201c: PROMOVIMI I DORACAKUT\"}]},{\"@type\":\"Person\",\"@id\":\"https:\/\/www.visit-ulcinj.com\/blog\/#\/schema\/person\/dcab619c614d3038751c63bc2aadc06d\",\"name\":\"ulqini\",\"sameAs\":[\"http:\/\/www.visit-ulcinj.com\"],\"url\":\"https:\/\/www.visit-ulcinj.com\/blog\/author\/admin\/\"}]}<\/script>\n<!-- \/ Yoast SEO plugin. -->","yoast_head_json":{"title":"\"Rrethi i kalt\u00ebr\u201c: PROMOVIMI I DORACAKUT - Lajme nga Ulqini","description":"Shoqata e diabetik\u00ebve \u201cRrethi i kalt\u00ebr\u201d Ulqin, dit\u00ebn e premte, me 28 nentor \u00a0n\u00eb\u00a0ambijentet e Shkoll\u00ebs s\u00eb muzik\u00ebs, n\u00eb ora 11,00 do t\u00eb promovoj\u00eb\u00a0doracakun","robots":{"index":"index","follow":"follow","max-snippet":"max-snippet:-1","max-image-preview":"max-image-preview:large","max-video-preview":"max-video-preview:-1"},"canonical":"https:\/\/www.visit-ulcinj.com\/blog\/2014\/11\/25\/rrethi-kalter-promovimi-doracakut\/","og_locale":"en_US","og_type":"article","og_title":"\"Rrethi i kalt\u00ebr\u201c: PROMOVIMI I DORACAKUT - Lajme nga Ulqini","og_description":"Shoqata e diabetik\u00ebve \u201cRrethi i kalt\u00ebr\u201d Ulqin, dit\u00ebn e premte, me 28 nentor \u00a0n\u00eb\u00a0ambijentet e Shkoll\u00ebs s\u00eb muzik\u00ebs, n\u00eb ora 11,00 do t\u00eb promovoj\u00eb\u00a0doracakun","og_url":"https:\/\/www.visit-ulcinj.com\/blog\/2014\/11\/25\/rrethi-kalter-promovimi-doracakut\/","og_site_name":"Lajme nga Ulqini","article_published_time":"2014-11-25T17:03:28+00:00","twitter_misc":{"Written by":"ulqini"},"schema":{"@context":"https:\/\/schema.org","@graph":[{"@type":"WebSite","@id":"https:\/\/www.visit-ulcinj.com\/blog\/#website","url":"https:\/\/www.visit-ulcinj.com\/blog\/","name":"Lajme nga Ulqini","description":"Lajme,Vijesti,Ulqini,Ulqin,Crna Gora,Mali i Zi","potentialAction":[{"@type":"SearchAction","target":{"@type":"EntryPoint","urlTemplate":"https:\/\/www.visit-ulcinj.com\/blog\/?s={search_term_string}"},"query-input":"required name=search_term_string"}],"inLanguage":"en-US"},{"@type":"WebPage","@id":"https:\/\/www.visit-ulcinj.com\/blog\/2014\/11\/25\/rrethi-kalter-promovimi-doracakut\/#webpage","url":"https:\/\/www.visit-ulcinj.com\/blog\/2014\/11\/25\/rrethi-kalter-promovimi-doracakut\/","name":"\"Rrethi i kalt\u00ebr\u201c: PROMOVIMI I DORACAKUT - Lajme nga Ulqini","isPartOf":{"@id":"https:\/\/www.visit-ulcinj.com\/blog\/#website"},"datePublished":"2014-11-25T17:03:28+00:00","dateModified":"2014-11-25T17:03:28+00:00","author":{"@id":"https:\/\/www.visit-ulcinj.com\/blog\/#\/schema\/person\/dcab619c614d3038751c63bc2aadc06d"},"description":"Shoqata e diabetik\u00ebve \u201cRrethi i kalt\u00ebr\u201d Ulqin, dit\u00ebn e premte, me 28 nentor \u00a0n\u00eb\u00a0ambijentet e Shkoll\u00ebs s\u00eb muzik\u00ebs, n\u00eb ora 11,00 do t\u00eb promovoj\u00eb\u00a0doracakun","breadcrumb":{"@id":"https:\/\/www.visit-ulcinj.com\/blog\/2014\/11\/25\/rrethi-kalter-promovimi-doracakut\/#breadcrumb"},"inLanguage":"en-US","potentialAction":[{"@type":"ReadAction","target":["https:\/\/www.visit-ulcinj.com\/blog\/2014\/11\/25\/rrethi-kalter-promovimi-doracakut\/"]}]},{"@type":"BreadcrumbList","@id":"https:\/\/www.visit-ulcinj.com\/blog\/2014\/11\/25\/rrethi-kalter-promovimi-doracakut\/#breadcrumb","itemListElement":[{"@type":"ListItem","position":1,"name":"&#8220;Rrethi i kalt\u00ebr\u201c: PROMOVIMI I DORACAKUT"}]},{"@type":"Person","@id":"https:\/\/www.visit-ulcinj.com\/blog\/#\/schema\/person\/dcab619c614d3038751c63bc2aadc06d","name":"ulqini","sameAs":["http:\/\/www.visit-ulcinj.com"],"url":"https:\/\/www.visit-ulcinj.com\/blog\/author\/admin\/"}]}},"jetpack_featured_media_url":"","jetpack_sharing_enabled":true,"jetpack_shortlink":"https:\/\/wp.me\/pe6lTn-mw3","_links":{"self":[{"href":"https:\/\/www.visit-ulcinj.com\/blog\/wp-json\/wp\/v2\/posts\/86555"}],"collection":[{"href":"https:\/\/www.visit-ulcinj.com\/blog\/wp-json\/wp\/v2\/posts"}],"about":[{"href":"https:\/\/www.visit-ulcinj.com\/blog\/wp-json\/wp\/v2\/types\/post"}],"author":[{"embeddable":true,"href":"https:\/\/www.visit-ulcinj.com\/blog\/wp-json\/wp\/v2\/users\/1"}],"replies":[{"embeddable":true,"href":"https:\/\/www.visit-ulcinj.com\/blog\/wp-json\/wp\/v2\/comments?post=86555"}],"version-history":[{"count":1,"href":"https:\/\/www.visit-ulcinj.com\/blog\/wp-json\/wp\/v2\/posts\/86555\/revisions"}],"predecessor-version":[{"id":86557,"href":"https:\/\/www.visit-ulcinj.com\/blog\/wp-json\/wp\/v2\/posts\/86555\/revisions\/86557"}],"wp:attachment":[{"href":"https:\/\/www.visit-ulcinj.com\/blog\/wp-json\/wp\/v2\/media?parent=86555"}],"wp:term":[{"taxonomy":"category","embeddable":true,"href":"https:\/\/www.visit-ulcinj.com\/blog\/wp-json\/wp\/v2\/categories?post=86555"},{"taxonomy":"post_tag","embeddable":true,"href":"https:\/\/www.visit-ulcinj.com\/blog\/wp-json\/wp\/v2\/tags?post=86555"}],"curies":[{"name":"wp","href":"https:\/\/api.w.org\/{rel}","templated":true}]}}