{"id":86599,"date":"2014-11-26T08:32:40","date_gmt":"2014-11-26T07:32:40","guid":{"rendered":"http:\/\/www.visit-ulcinj.com\/blog\/?p=86599"},"modified":"2014-11-26T08:32:40","modified_gmt":"2014-11-26T07:32:40","slug":"manje-od-500-ucenika-u-os-bosko-strugar-ulcinj","status":"publish","type":"post","link":"https:\/\/www.visit-ulcinj.com\/blog\/2014\/11\/26\/manje-od-500-ucenika-u-os-bosko-strugar-ulcinj\/","title":{"rendered":"Manje od 500 u\u010denika u O\u0160 \u201cBo\u0161ko Strugar\u201d Ulcinj"},"content":{"rendered":"<div class=\"entry\">\n<p><strong><a href=\"http:\/\/www.visit-ulcinj.com\/blog\/wp-content\/uploads\/2014\/11\/Osnovna-Skola-Bosko-Strugar-Ulcinj.jpg\"><img loading=\"lazy\" class=\"alignleft wp-image-86600\" src=\"http:\/\/www.visit-ulcinj.com\/blog\/wp-content\/uploads\/2014\/11\/Osnovna-Skola-Bosko-Strugar-Ulcinj.jpg\" alt=\"???????????????????????????????\" width=\"508\" height=\"286\" srcset=\"https:\/\/www.visit-ulcinj.com\/blog\/wp-content\/uploads\/2014\/11\/Osnovna-Skola-Bosko-Strugar-Ulcinj.jpg 640w, https:\/\/www.visit-ulcinj.com\/blog\/wp-content\/uploads\/2014\/11\/Osnovna-Skola-Bosko-Strugar-Ulcinj-300x168.jpg 300w\" sizes=\"(max-width: 508px) 100vw, 508px\" \/><\/a>ULCINJ \u2013 Najstarija osnovna \u0161kola u Ulcinju \u201cBo\u0161ko Strugar\u201d bilje\u017ei i ove godine trend pada upisanih u\u010denika. U toj vaspitno-obrazovnoj instituciji nastavu poha\u0111a 488 mali\u0161ana, dok ih je, prema podacima Ministarstva prosvjete, u \u0161kolskoj 2003\/2004. bilo 670.<\/strong><\/p>\n<p>Zbog \u010dinjenice da je broj u\u010denika ispod 500, \u0161kola je izgubila pravo na dosada\u0161nji broj zapo\u0161ljenih, uklju\u010duju\u0107i i funkciju pomo\u0107nika direktora. Istovremeno, broj u\u010denika u drugoj gradskoj osnovnoj \u0161koli, \u201cMar\u0161al Tito\u201d, iznosi 1.130.<\/p>\n<p><strong>Izvor: POBJEDA<\/strong><\/p>\n<\/div>\n","protected":false},"excerpt":{"rendered":"<p>ULCINJ \u2013 Najstarija osnovna \u0161kola u Ulcinju \u201cBo\u0161ko Strugar\u201d bilje\u017ei i ove godine trend pada upisanih u\u010denika. U toj vaspitno-obrazovnoj instituciji nastavu poha\u0111a 488 mali\u0161ana, dok ih je, prema podacima Ministarstva prosvjete, u \u0161kolskoj 2003\/2004. bilo 670. Zbog \u010dinjenice da je broj u\u010denika ispod 500, \u0161kola je izgubila pravo na dosada\u0161nji broj zapo\u0161ljenih, uklju\u010duju\u0107i i [&hellip;]<\/p>\n","protected":false},"author":1,"featured_media":0,"comment_status":"closed","ping_status":"closed","sticky":false,"template":"","format":"standard","meta":{"spay_email":"","jetpack_publicize_message":"","jetpack_is_tweetstorm":false,"jetpack_publicize_feature_enabled":true},"categories":[8337],"tags":[],"jetpack_publicize_connections":[],"yoast_head":"<!-- This site is optimized with the Yoast SEO plugin v19.1 - https:\/\/yoast.com\/wordpress\/plugins\/seo\/ -->\n<title>Manje od 500 u\u010denika u O\u0160 \u201cBo\u0161ko Strugar\u201d Ulcinj - Lajme nga Ulqini<\/title>\n<meta name=\"description\" content=\"ULCINJ \u2013 Najstarija osnovna \u0161kola u Ulcinju \u201cBo\u0161ko Strugar\u201d bilje\u017ei i ove godine trend pada upisanih u\u010denika. U toj vaspitno-obrazovnoj instituciji\" \/>\n<meta name=\"robots\" content=\"index, follow, max-snippet:-1, max-image-preview:large, max-video-preview:-1\" \/>\n<link rel=\"canonical\" href=\"https:\/\/www.visit-ulcinj.com\/blog\/2014\/11\/26\/manje-od-500-ucenika-u-os-bosko-strugar-ulcinj\/\" \/>\n<meta property=\"og:locale\" content=\"en_US\" \/>\n<meta property=\"og:type\" content=\"article\" \/>\n<meta property=\"og:title\" content=\"Manje od 500 u\u010denika u O\u0160 \u201cBo\u0161ko Strugar\u201d Ulcinj - Lajme nga Ulqini\" \/>\n<meta property=\"og:description\" content=\"ULCINJ \u2013 Najstarija osnovna \u0161kola u Ulcinju \u201cBo\u0161ko Strugar\u201d bilje\u017ei i ove godine trend pada upisanih u\u010denika. U toj vaspitno-obrazovnoj instituciji\" \/>\n<meta property=\"og:url\" content=\"https:\/\/www.visit-ulcinj.com\/blog\/2014\/11\/26\/manje-od-500-ucenika-u-os-bosko-strugar-ulcinj\/\" \/>\n<meta property=\"og:site_name\" content=\"Lajme nga Ulqini\" \/>\n<meta property=\"article:published_time\" content=\"2014-11-26T07:32:40+00:00\" \/>\n<meta property=\"og:image\" content=\"http:\/\/www.visit-ulcinj.com\/blog\/wp-content\/uploads\/2014\/11\/Osnovna-Skola-Bosko-Strugar-Ulcinj.jpg\" \/>\n<meta name=\"twitter:label1\" content=\"Written by\" \/>\n\t<meta name=\"twitter:data1\" content=\"ulqini\" \/>\n<script type=\"application\/ld+json\" class=\"yoast-schema-graph\">{\"@context\":\"https:\/\/schema.org\",\"@graph\":[{\"@type\":\"WebSite\",\"@id\":\"https:\/\/www.visit-ulcinj.com\/blog\/#website\",\"url\":\"https:\/\/www.visit-ulcinj.com\/blog\/\",\"name\":\"Lajme nga Ulqini\",\"description\":\"Lajme,Vijesti,Ulqini,Ulqin,Crna Gora,Mali i Zi\",\"potentialAction\":[{\"@type\":\"SearchAction\",\"target\":{\"@type\":\"EntryPoint\",\"urlTemplate\":\"https:\/\/www.visit-ulcinj.com\/blog\/?s={search_term_string}\"},\"query-input\":\"required name=search_term_string\"}],\"inLanguage\":\"en-US\"},{\"@type\":\"ImageObject\",\"inLanguage\":\"en-US\",\"@id\":\"https:\/\/www.visit-ulcinj.com\/blog\/2014\/11\/26\/manje-od-500-ucenika-u-os-bosko-strugar-ulcinj\/#primaryimage\",\"url\":\"https:\/\/www.visit-ulcinj.com\/blog\/wp-content\/uploads\/2014\/11\/Osnovna-Skola-Bosko-Strugar-Ulcinj.jpg\",\"contentUrl\":\"https:\/\/www.visit-ulcinj.com\/blog\/wp-content\/uploads\/2014\/11\/Osnovna-Skola-Bosko-Strugar-Ulcinj.jpg\",\"width\":640,\"height\":360},{\"@type\":\"WebPage\",\"@id\":\"https:\/\/www.visit-ulcinj.com\/blog\/2014\/11\/26\/manje-od-500-ucenika-u-os-bosko-strugar-ulcinj\/#webpage\",\"url\":\"https:\/\/www.visit-ulcinj.com\/blog\/2014\/11\/26\/manje-od-500-ucenika-u-os-bosko-strugar-ulcinj\/\",\"name\":\"Manje od 500 u\u010denika u O\u0160 \u201cBo\u0161ko Strugar\u201d Ulcinj - Lajme nga Ulqini\",\"isPartOf\":{\"@id\":\"https:\/\/www.visit-ulcinj.com\/blog\/#website\"},\"primaryImageOfPage\":{\"@id\":\"https:\/\/www.visit-ulcinj.com\/blog\/2014\/11\/26\/manje-od-500-ucenika-u-os-bosko-strugar-ulcinj\/#primaryimage\"},\"datePublished\":\"2014-11-26T07:32:40+00:00\",\"dateModified\":\"2014-11-26T07:32:40+00:00\",\"author\":{\"@id\":\"https:\/\/www.visit-ulcinj.com\/blog\/#\/schema\/person\/dcab619c614d3038751c63bc2aadc06d\"},\"description\":\"ULCINJ \u2013 Najstarija osnovna \u0161kola u Ulcinju \u201cBo\u0161ko Strugar\u201d bilje\u017ei i ove godine trend pada upisanih u\u010denika. U toj vaspitno-obrazovnoj instituciji\",\"breadcrumb\":{\"@id\":\"https:\/\/www.visit-ulcinj.com\/blog\/2014\/11\/26\/manje-od-500-ucenika-u-os-bosko-strugar-ulcinj\/#breadcrumb\"},\"inLanguage\":\"en-US\",\"potentialAction\":[{\"@type\":\"ReadAction\",\"target\":[\"https:\/\/www.visit-ulcinj.com\/blog\/2014\/11\/26\/manje-od-500-ucenika-u-os-bosko-strugar-ulcinj\/\"]}]},{\"@type\":\"BreadcrumbList\",\"@id\":\"https:\/\/www.visit-ulcinj.com\/blog\/2014\/11\/26\/manje-od-500-ucenika-u-os-bosko-strugar-ulcinj\/#breadcrumb\",\"itemListElement\":[{\"@type\":\"ListItem\",\"position\":1,\"name\":\"Manje od 500 u\u010denika u O\u0160 \u201cBo\u0161ko Strugar\u201d Ulcinj\"}]},{\"@type\":\"Person\",\"@id\":\"https:\/\/www.visit-ulcinj.com\/blog\/#\/schema\/person\/dcab619c614d3038751c63bc2aadc06d\",\"name\":\"ulqini\",\"sameAs\":[\"http:\/\/www.visit-ulcinj.com\"],\"url\":\"https:\/\/www.visit-ulcinj.com\/blog\/author\/admin\/\"}]}<\/script>\n<!-- \/ Yoast SEO plugin. -->","yoast_head_json":{"title":"Manje od 500 u\u010denika u O\u0160 \u201cBo\u0161ko Strugar\u201d Ulcinj - Lajme nga Ulqini","description":"ULCINJ \u2013 Najstarija osnovna \u0161kola u Ulcinju \u201cBo\u0161ko Strugar\u201d bilje\u017ei i ove godine trend pada upisanih u\u010denika. U toj vaspitno-obrazovnoj instituciji","robots":{"index":"index","follow":"follow","max-snippet":"max-snippet:-1","max-image-preview":"max-image-preview:large","max-video-preview":"max-video-preview:-1"},"canonical":"https:\/\/www.visit-ulcinj.com\/blog\/2014\/11\/26\/manje-od-500-ucenika-u-os-bosko-strugar-ulcinj\/","og_locale":"en_US","og_type":"article","og_title":"Manje od 500 u\u010denika u O\u0160 \u201cBo\u0161ko Strugar\u201d Ulcinj - Lajme nga Ulqini","og_description":"ULCINJ \u2013 Najstarija osnovna \u0161kola u Ulcinju \u201cBo\u0161ko Strugar\u201d bilje\u017ei i ove godine trend pada upisanih u\u010denika. U toj vaspitno-obrazovnoj instituciji","og_url":"https:\/\/www.visit-ulcinj.com\/blog\/2014\/11\/26\/manje-od-500-ucenika-u-os-bosko-strugar-ulcinj\/","og_site_name":"Lajme nga Ulqini","article_published_time":"2014-11-26T07:32:40+00:00","og_image":[{"url":"http:\/\/www.visit-ulcinj.com\/blog\/wp-content\/uploads\/2014\/11\/Osnovna-Skola-Bosko-Strugar-Ulcinj.jpg"}],"twitter_misc":{"Written by":"ulqini"},"schema":{"@context":"https:\/\/schema.org","@graph":[{"@type":"WebSite","@id":"https:\/\/www.visit-ulcinj.com\/blog\/#website","url":"https:\/\/www.visit-ulcinj.com\/blog\/","name":"Lajme nga Ulqini","description":"Lajme,Vijesti,Ulqini,Ulqin,Crna Gora,Mali i Zi","potentialAction":[{"@type":"SearchAction","target":{"@type":"EntryPoint","urlTemplate":"https:\/\/www.visit-ulcinj.com\/blog\/?s={search_term_string}"},"query-input":"required name=search_term_string"}],"inLanguage":"en-US"},{"@type":"ImageObject","inLanguage":"en-US","@id":"https:\/\/www.visit-ulcinj.com\/blog\/2014\/11\/26\/manje-od-500-ucenika-u-os-bosko-strugar-ulcinj\/#primaryimage","url":"https:\/\/www.visit-ulcinj.com\/blog\/wp-content\/uploads\/2014\/11\/Osnovna-Skola-Bosko-Strugar-Ulcinj.jpg","contentUrl":"https:\/\/www.visit-ulcinj.com\/blog\/wp-content\/uploads\/2014\/11\/Osnovna-Skola-Bosko-Strugar-Ulcinj.jpg","width":640,"height":360},{"@type":"WebPage","@id":"https:\/\/www.visit-ulcinj.com\/blog\/2014\/11\/26\/manje-od-500-ucenika-u-os-bosko-strugar-ulcinj\/#webpage","url":"https:\/\/www.visit-ulcinj.com\/blog\/2014\/11\/26\/manje-od-500-ucenika-u-os-bosko-strugar-ulcinj\/","name":"Manje od 500 u\u010denika u O\u0160 \u201cBo\u0161ko Strugar\u201d Ulcinj - Lajme nga Ulqini","isPartOf":{"@id":"https:\/\/www.visit-ulcinj.com\/blog\/#website"},"primaryImageOfPage":{"@id":"https:\/\/www.visit-ulcinj.com\/blog\/2014\/11\/26\/manje-od-500-ucenika-u-os-bosko-strugar-ulcinj\/#primaryimage"},"datePublished":"2014-11-26T07:32:40+00:00","dateModified":"2014-11-26T07:32:40+00:00","author":{"@id":"https:\/\/www.visit-ulcinj.com\/blog\/#\/schema\/person\/dcab619c614d3038751c63bc2aadc06d"},"description":"ULCINJ \u2013 Najstarija osnovna \u0161kola u Ulcinju \u201cBo\u0161ko Strugar\u201d bilje\u017ei i ove godine trend pada upisanih u\u010denika. U toj vaspitno-obrazovnoj instituciji","breadcrumb":{"@id":"https:\/\/www.visit-ulcinj.com\/blog\/2014\/11\/26\/manje-od-500-ucenika-u-os-bosko-strugar-ulcinj\/#breadcrumb"},"inLanguage":"en-US","potentialAction":[{"@type":"ReadAction","target":["https:\/\/www.visit-ulcinj.com\/blog\/2014\/11\/26\/manje-od-500-ucenika-u-os-bosko-strugar-ulcinj\/"]}]},{"@type":"BreadcrumbList","@id":"https:\/\/www.visit-ulcinj.com\/blog\/2014\/11\/26\/manje-od-500-ucenika-u-os-bosko-strugar-ulcinj\/#breadcrumb","itemListElement":[{"@type":"ListItem","position":1,"name":"Manje od 500 u\u010denika u O\u0160 \u201cBo\u0161ko Strugar\u201d Ulcinj"}]},{"@type":"Person","@id":"https:\/\/www.visit-ulcinj.com\/blog\/#\/schema\/person\/dcab619c614d3038751c63bc2aadc06d","name":"ulqini","sameAs":["http:\/\/www.visit-ulcinj.com"],"url":"https:\/\/www.visit-ulcinj.com\/blog\/author\/admin\/"}]}},"jetpack_featured_media_url":"","jetpack_sharing_enabled":true,"jetpack_shortlink":"https:\/\/wp.me\/pe6lTn-mwL","_links":{"self":[{"href":"https:\/\/www.visit-ulcinj.com\/blog\/wp-json\/wp\/v2\/posts\/86599"}],"collection":[{"href":"https:\/\/www.visit-ulcinj.com\/blog\/wp-json\/wp\/v2\/posts"}],"about":[{"href":"https:\/\/www.visit-ulcinj.com\/blog\/wp-json\/wp\/v2\/types\/post"}],"author":[{"embeddable":true,"href":"https:\/\/www.visit-ulcinj.com\/blog\/wp-json\/wp\/v2\/users\/1"}],"replies":[{"embeddable":true,"href":"https:\/\/www.visit-ulcinj.com\/blog\/wp-json\/wp\/v2\/comments?post=86599"}],"version-history":[{"count":1,"href":"https:\/\/www.visit-ulcinj.com\/blog\/wp-json\/wp\/v2\/posts\/86599\/revisions"}],"predecessor-version":[{"id":86601,"href":"https:\/\/www.visit-ulcinj.com\/blog\/wp-json\/wp\/v2\/posts\/86599\/revisions\/86601"}],"wp:attachment":[{"href":"https:\/\/www.visit-ulcinj.com\/blog\/wp-json\/wp\/v2\/media?parent=86599"}],"wp:term":[{"taxonomy":"category","embeddable":true,"href":"https:\/\/www.visit-ulcinj.com\/blog\/wp-json\/wp\/v2\/categories?post=86599"},{"taxonomy":"post_tag","embeddable":true,"href":"https:\/\/www.visit-ulcinj.com\/blog\/wp-json\/wp\/v2\/tags?post=86599"}],"curies":[{"name":"wp","href":"https:\/\/api.w.org\/{rel}","templated":true}]}}