{"id":86618,"date":"2014-11-26T11:31:39","date_gmt":"2014-11-26T10:31:39","guid":{"rendered":"http:\/\/www.visit-ulcinj.com\/blog\/?p=86618"},"modified":"2014-11-26T11:31:39","modified_gmt":"2014-11-26T10:31:39","slug":"czarnogora-na-swiatowych-targach-turystycznych-w-londynie-2","status":"publish","type":"post","link":"https:\/\/www.visit-ulcinj.com\/blog\/2014\/11\/26\/czarnogora-na-swiatowych-targach-turystycznych-w-londynie-2\/","title":{"rendered":"Czarnog\u00f3ra na \u015bwiatowych targach turystycznych w Londynie"},"content":{"rendered":"<p><a href=\"http:\/\/www.visit-ulcinj.com\/blog\/wp-content\/uploads\/2011\/11\/Panairi-i-turizmit_World-Travel-Market-2011_London.jpg\"><img loading=\"lazy\" class=\"alignleft wp-image-53152 size-full\" src=\"http:\/\/www.visit-ulcinj.com\/blog\/wp-content\/uploads\/2011\/11\/Panairi-i-turizmit_World-Travel-Market-2011_London.jpg\" alt=\"Panairi i turizmit_World Travel Market 2011_London\" width=\"508\" height=\"339\" srcset=\"https:\/\/www.visit-ulcinj.com\/blog\/wp-content\/uploads\/2011\/11\/Panairi-i-turizmit_World-Travel-Market-2011_London.jpg 508w, https:\/\/www.visit-ulcinj.com\/blog\/wp-content\/uploads\/2011\/11\/Panairi-i-turizmit_World-Travel-Market-2011_London-300x200.jpg 300w\" sizes=\"(max-width: 508px) 100vw, 508px\" \/><\/a>Czarnog\u00f3ra ponownie uczestniczy w renomowanych \u015bwiatowych targach turystycznych w Londynie (World Travel Market), kt\u00f3re w tym roku odbywaj\u0105 si\u0119 w terminie od 3.11. do 6.11. Na czele czarnog\u00f3rskiej reprezentacji znajduj\u0105 si\u0119 sekretarz Ministerstwa Zr\u00f3wnowa\u017conego Rozwoju i Turystyki, Predrag Jelu\u0161i\u0107 oraz dyrektor Krajowej Organizacji Turystyki, Sa\u0161a Radovi\u0107. Do delegacji do\u0142\u0105czy\u0142 r\u00f3wnie\u017c ambasador Czarnog\u00f3ry w Wielkiej Brytanii, Ljubi\u0161a Stankovi\u0107.<\/p>\n<p>Na krajowym stanowisku swoje oferty zaprezentowa\u0142y lokalne agencje turystyczne z miejscowo\u015bci Budwa, Bar i Herceg Novi, a tak\u017ce hotelarze z grup hotelarskich HG Budvanska Rivijera, Montenegro Stars Hotel Group, Beppler and Jacobson oraz przedstawiciele hoteli The Queen of Montenegro i Ramada Podgorica.<\/p>\n<p>Strategicznym celem czarnog\u00f3rskiej delegacji jest zwi\u0119kszenie ilo\u015bci nocleg\u00f3w turyst\u00f3w z Wielkiej Brytanii, bowiem jest to rynek drugi pod wzgl\u0119dem wielko\u015bci w Europie, wa\u017cny z punktu widzenia konieczno\u015bci wyd\u0142u\u017cenia sezonu turystycznego w Czarnog\u00f3rze. Czynnikami ograniczaj\u0105cymi osi\u0105gni\u0119cie tego celu s\u0105 niedostatek miejsc hotelowych wysokiej klasy oraz brak tanich po\u0142\u0105cze\u0144 lotniczych mi\u0119dzy miastami Wielkiej Brytanii a g\u0142\u00f3wnymi o\u015brodkami turystycznymi w Czarnog\u00f3rze.<\/p>\n<p>Ju\u017c drugiego dnia targ\u00f3w dosz\u0142o do podpisania porozumienia o wsp\u00f3\u0142pracy pomi\u0119dzy grup\u0105 hotelow\u0105 Budvanska Rivijera a renomowanym touroperatorem Saga Acromas Holidays Limited, z kt\u00f3rym czarnog\u00f3rska sp\u00f3\u0142ka utrzymuje kontakty handlowe ju\u017c od trzech lat.<\/p>\n<p>Z oficjalnych statystyk wynika, \u017ce do ko\u0144ca wrze\u015bnia bie\u017c\u0105cego roku Czarnog\u00f3r\u0119 odwiedzi\u0142o blisko 22 tys. brytyjskich turyst\u00f3w, kt\u00f3rzy wykupili przesz\u0142o 100 tys. nocleg\u00f3w. W\u015br\u00f3d brytyjskich touroperator\u00f3w i biur podr\u00f3\u017cy, kt\u00f3re oferuj\u0105 swoim klientom wycieczki do Czarnog\u00f3ry, wymieni\u0107 mo\u017cna m.in. Adriatic Adventures, Thomson, Balkan Holidays, Cosmos, Explore Worldwide, First Choice, Inghams i Saga Holidays.<\/p>\n<p>World Travel Market w Londynie jest jednym z wa\u017cniejszych \u015bwiatowych wydarze\u0144 na rynku turystycznym, na kt\u00f3rym w tym roku zebra\u0142o si\u0119 oko\u0142o 5 tys. wystawc\u00f3w z przesz\u0142o 180 kraj\u00f3w \u015bwiata.<\/p>\n<p><strong>\u0179r\u00f3d\u0142a: portalanalitika.me, balkanistyka.org<\/strong><\/p>\n","protected":false},"excerpt":{"rendered":"<p>Czarnog\u00f3ra ponownie uczestniczy w renomowanych \u015bwiatowych targach turystycznych w Londynie (World Travel Market), kt\u00f3re w tym roku odbywaj\u0105 si\u0119 w terminie od 3.11. do 6.11. Na czele czarnog\u00f3rskiej reprezentacji znajduj\u0105 si\u0119 sekretarz Ministerstwa Zr\u00f3wnowa\u017conego Rozwoju i Turystyki, Predrag Jelu\u0161i\u0107 oraz dyrektor Krajowej Organizacji Turystyki, Sa\u0161a Radovi\u0107. Do delegacji do\u0142\u0105czy\u0142 r\u00f3wnie\u017c ambasador Czarnog\u00f3ry w Wielkiej Brytanii, [&hellip;]<\/p>\n","protected":false},"author":1,"featured_media":0,"comment_status":"closed","ping_status":"closed","sticky":false,"template":"","format":"standard","meta":{"spay_email":"","jetpack_publicize_message":"","jetpack_is_tweetstorm":false,"jetpack_publicize_feature_enabled":true},"categories":[7679],"tags":[],"jetpack_publicize_connections":[],"yoast_head":"<!-- This site is optimized with the Yoast SEO plugin v19.1 - https:\/\/yoast.com\/wordpress\/plugins\/seo\/ -->\n<title>Czarnog\u00f3ra na \u015bwiatowych targach turystycznych w Londynie - Lajme nga Ulqini<\/title>\n<meta name=\"description\" content=\"Czarnog\u00f3ra ponownie uczestniczy w renomowanych \u015bwiatowych targach turystycznych w Londynie (World Travel Market), kt\u00f3re w tym roku odbywaj\u0105 si\u0119 w terminie\" \/>\n<meta name=\"robots\" content=\"index, follow, max-snippet:-1, max-image-preview:large, max-video-preview:-1\" \/>\n<link rel=\"canonical\" href=\"https:\/\/www.visit-ulcinj.com\/blog\/2014\/11\/26\/czarnogora-na-swiatowych-targach-turystycznych-w-londynie-2\/\" \/>\n<meta property=\"og:locale\" content=\"en_US\" \/>\n<meta property=\"og:type\" content=\"article\" \/>\n<meta property=\"og:title\" content=\"Czarnog\u00f3ra na \u015bwiatowych targach turystycznych w Londynie - Lajme nga Ulqini\" \/>\n<meta property=\"og:description\" content=\"Czarnog\u00f3ra ponownie uczestniczy w renomowanych \u015bwiatowych targach turystycznych w Londynie (World Travel Market), kt\u00f3re w tym roku odbywaj\u0105 si\u0119 w terminie\" \/>\n<meta property=\"og:url\" content=\"https:\/\/www.visit-ulcinj.com\/blog\/2014\/11\/26\/czarnogora-na-swiatowych-targach-turystycznych-w-londynie-2\/\" \/>\n<meta property=\"og:site_name\" content=\"Lajme nga Ulqini\" \/>\n<meta property=\"article:published_time\" content=\"2014-11-26T10:31:39+00:00\" \/>\n<meta property=\"og:image\" content=\"http:\/\/www.visit-ulcinj.com\/blog\/wp-content\/uploads\/2011\/11\/Panairi-i-turizmit_World-Travel-Market-2011_London.jpg\" \/>\n<meta name=\"twitter:label1\" content=\"Written by\" \/>\n\t<meta name=\"twitter:data1\" content=\"ulqini\" \/>\n\t<meta name=\"twitter:label2\" content=\"Est. reading time\" \/>\n\t<meta name=\"twitter:data2\" content=\"2 minutes\" \/>\n<script type=\"application\/ld+json\" class=\"yoast-schema-graph\">{\"@context\":\"https:\/\/schema.org\",\"@graph\":[{\"@type\":\"WebSite\",\"@id\":\"https:\/\/www.visit-ulcinj.com\/blog\/#website\",\"url\":\"https:\/\/www.visit-ulcinj.com\/blog\/\",\"name\":\"Lajme nga Ulqini\",\"description\":\"Lajme,Vijesti,Ulqini,Ulqin,Crna Gora,Mali i Zi\",\"potentialAction\":[{\"@type\":\"SearchAction\",\"target\":{\"@type\":\"EntryPoint\",\"urlTemplate\":\"https:\/\/www.visit-ulcinj.com\/blog\/?s={search_term_string}\"},\"query-input\":\"required name=search_term_string\"}],\"inLanguage\":\"en-US\"},{\"@type\":\"ImageObject\",\"inLanguage\":\"en-US\",\"@id\":\"https:\/\/www.visit-ulcinj.com\/blog\/2014\/11\/26\/czarnogora-na-swiatowych-targach-turystycznych-w-londynie-2\/#primaryimage\",\"url\":\"https:\/\/www.visit-ulcinj.com\/blog\/wp-content\/uploads\/2011\/11\/Panairi-i-turizmit_World-Travel-Market-2011_London.jpg\",\"contentUrl\":\"https:\/\/www.visit-ulcinj.com\/blog\/wp-content\/uploads\/2011\/11\/Panairi-i-turizmit_World-Travel-Market-2011_London.jpg\",\"width\":\"508\",\"height\":\"339\"},{\"@type\":\"WebPage\",\"@id\":\"https:\/\/www.visit-ulcinj.com\/blog\/2014\/11\/26\/czarnogora-na-swiatowych-targach-turystycznych-w-londynie-2\/#webpage\",\"url\":\"https:\/\/www.visit-ulcinj.com\/blog\/2014\/11\/26\/czarnogora-na-swiatowych-targach-turystycznych-w-londynie-2\/\",\"name\":\"Czarnog\u00f3ra na \u015bwiatowych targach turystycznych w Londynie - Lajme nga Ulqini\",\"isPartOf\":{\"@id\":\"https:\/\/www.visit-ulcinj.com\/blog\/#website\"},\"primaryImageOfPage\":{\"@id\":\"https:\/\/www.visit-ulcinj.com\/blog\/2014\/11\/26\/czarnogora-na-swiatowych-targach-turystycznych-w-londynie-2\/#primaryimage\"},\"datePublished\":\"2014-11-26T10:31:39+00:00\",\"dateModified\":\"2014-11-26T10:31:39+00:00\",\"author\":{\"@id\":\"https:\/\/www.visit-ulcinj.com\/blog\/#\/schema\/person\/dcab619c614d3038751c63bc2aadc06d\"},\"description\":\"Czarnog\u00f3ra ponownie uczestniczy w renomowanych \u015bwiatowych targach turystycznych w Londynie (World Travel Market), kt\u00f3re w tym roku odbywaj\u0105 si\u0119 w terminie\",\"breadcrumb\":{\"@id\":\"https:\/\/www.visit-ulcinj.com\/blog\/2014\/11\/26\/czarnogora-na-swiatowych-targach-turystycznych-w-londynie-2\/#breadcrumb\"},\"inLanguage\":\"en-US\",\"potentialAction\":[{\"@type\":\"ReadAction\",\"target\":[\"https:\/\/www.visit-ulcinj.com\/blog\/2014\/11\/26\/czarnogora-na-swiatowych-targach-turystycznych-w-londynie-2\/\"]}]},{\"@type\":\"BreadcrumbList\",\"@id\":\"https:\/\/www.visit-ulcinj.com\/blog\/2014\/11\/26\/czarnogora-na-swiatowych-targach-turystycznych-w-londynie-2\/#breadcrumb\",\"itemListElement\":[{\"@type\":\"ListItem\",\"position\":1,\"name\":\"Czarnog\u00f3ra na \u015bwiatowych targach turystycznych w Londynie\"}]},{\"@type\":\"Person\",\"@id\":\"https:\/\/www.visit-ulcinj.com\/blog\/#\/schema\/person\/dcab619c614d3038751c63bc2aadc06d\",\"name\":\"ulqini\",\"sameAs\":[\"http:\/\/www.visit-ulcinj.com\"],\"url\":\"https:\/\/www.visit-ulcinj.com\/blog\/author\/admin\/\"}]}<\/script>\n<!-- \/ Yoast SEO plugin. -->","yoast_head_json":{"title":"Czarnog\u00f3ra na \u015bwiatowych targach turystycznych w Londynie - Lajme nga Ulqini","description":"Czarnog\u00f3ra ponownie uczestniczy w renomowanych \u015bwiatowych targach turystycznych w Londynie (World Travel Market), kt\u00f3re w tym roku odbywaj\u0105 si\u0119 w terminie","robots":{"index":"index","follow":"follow","max-snippet":"max-snippet:-1","max-image-preview":"max-image-preview:large","max-video-preview":"max-video-preview:-1"},"canonical":"https:\/\/www.visit-ulcinj.com\/blog\/2014\/11\/26\/czarnogora-na-swiatowych-targach-turystycznych-w-londynie-2\/","og_locale":"en_US","og_type":"article","og_title":"Czarnog\u00f3ra na \u015bwiatowych targach turystycznych w Londynie - Lajme nga Ulqini","og_description":"Czarnog\u00f3ra ponownie uczestniczy w renomowanych \u015bwiatowych targach turystycznych w Londynie (World Travel Market), kt\u00f3re w tym roku odbywaj\u0105 si\u0119 w terminie","og_url":"https:\/\/www.visit-ulcinj.com\/blog\/2014\/11\/26\/czarnogora-na-swiatowych-targach-turystycznych-w-londynie-2\/","og_site_name":"Lajme nga Ulqini","article_published_time":"2014-11-26T10:31:39+00:00","og_image":[{"url":"http:\/\/www.visit-ulcinj.com\/blog\/wp-content\/uploads\/2011\/11\/Panairi-i-turizmit_World-Travel-Market-2011_London.jpg"}],"twitter_misc":{"Written by":"ulqini","Est. reading time":"2 minutes"},"schema":{"@context":"https:\/\/schema.org","@graph":[{"@type":"WebSite","@id":"https:\/\/www.visit-ulcinj.com\/blog\/#website","url":"https:\/\/www.visit-ulcinj.com\/blog\/","name":"Lajme nga Ulqini","description":"Lajme,Vijesti,Ulqini,Ulqin,Crna Gora,Mali i Zi","potentialAction":[{"@type":"SearchAction","target":{"@type":"EntryPoint","urlTemplate":"https:\/\/www.visit-ulcinj.com\/blog\/?s={search_term_string}"},"query-input":"required name=search_term_string"}],"inLanguage":"en-US"},{"@type":"ImageObject","inLanguage":"en-US","@id":"https:\/\/www.visit-ulcinj.com\/blog\/2014\/11\/26\/czarnogora-na-swiatowych-targach-turystycznych-w-londynie-2\/#primaryimage","url":"https:\/\/www.visit-ulcinj.com\/blog\/wp-content\/uploads\/2011\/11\/Panairi-i-turizmit_World-Travel-Market-2011_London.jpg","contentUrl":"https:\/\/www.visit-ulcinj.com\/blog\/wp-content\/uploads\/2011\/11\/Panairi-i-turizmit_World-Travel-Market-2011_London.jpg","width":"508","height":"339"},{"@type":"WebPage","@id":"https:\/\/www.visit-ulcinj.com\/blog\/2014\/11\/26\/czarnogora-na-swiatowych-targach-turystycznych-w-londynie-2\/#webpage","url":"https:\/\/www.visit-ulcinj.com\/blog\/2014\/11\/26\/czarnogora-na-swiatowych-targach-turystycznych-w-londynie-2\/","name":"Czarnog\u00f3ra na \u015bwiatowych targach turystycznych w Londynie - Lajme nga Ulqini","isPartOf":{"@id":"https:\/\/www.visit-ulcinj.com\/blog\/#website"},"primaryImageOfPage":{"@id":"https:\/\/www.visit-ulcinj.com\/blog\/2014\/11\/26\/czarnogora-na-swiatowych-targach-turystycznych-w-londynie-2\/#primaryimage"},"datePublished":"2014-11-26T10:31:39+00:00","dateModified":"2014-11-26T10:31:39+00:00","author":{"@id":"https:\/\/www.visit-ulcinj.com\/blog\/#\/schema\/person\/dcab619c614d3038751c63bc2aadc06d"},"description":"Czarnog\u00f3ra ponownie uczestniczy w renomowanych \u015bwiatowych targach turystycznych w Londynie (World Travel Market), kt\u00f3re w tym roku odbywaj\u0105 si\u0119 w terminie","breadcrumb":{"@id":"https:\/\/www.visit-ulcinj.com\/blog\/2014\/11\/26\/czarnogora-na-swiatowych-targach-turystycznych-w-londynie-2\/#breadcrumb"},"inLanguage":"en-US","potentialAction":[{"@type":"ReadAction","target":["https:\/\/www.visit-ulcinj.com\/blog\/2014\/11\/26\/czarnogora-na-swiatowych-targach-turystycznych-w-londynie-2\/"]}]},{"@type":"BreadcrumbList","@id":"https:\/\/www.visit-ulcinj.com\/blog\/2014\/11\/26\/czarnogora-na-swiatowych-targach-turystycznych-w-londynie-2\/#breadcrumb","itemListElement":[{"@type":"ListItem","position":1,"name":"Czarnog\u00f3ra na \u015bwiatowych targach turystycznych w Londynie"}]},{"@type":"Person","@id":"https:\/\/www.visit-ulcinj.com\/blog\/#\/schema\/person\/dcab619c614d3038751c63bc2aadc06d","name":"ulqini","sameAs":["http:\/\/www.visit-ulcinj.com"],"url":"https:\/\/www.visit-ulcinj.com\/blog\/author\/admin\/"}]}},"jetpack_featured_media_url":"","jetpack_sharing_enabled":true,"jetpack_shortlink":"https:\/\/wp.me\/pe6lTn-mx4","_links":{"self":[{"href":"https:\/\/www.visit-ulcinj.com\/blog\/wp-json\/wp\/v2\/posts\/86618"}],"collection":[{"href":"https:\/\/www.visit-ulcinj.com\/blog\/wp-json\/wp\/v2\/posts"}],"about":[{"href":"https:\/\/www.visit-ulcinj.com\/blog\/wp-json\/wp\/v2\/types\/post"}],"author":[{"embeddable":true,"href":"https:\/\/www.visit-ulcinj.com\/blog\/wp-json\/wp\/v2\/users\/1"}],"replies":[{"embeddable":true,"href":"https:\/\/www.visit-ulcinj.com\/blog\/wp-json\/wp\/v2\/comments?post=86618"}],"version-history":[{"count":1,"href":"https:\/\/www.visit-ulcinj.com\/blog\/wp-json\/wp\/v2\/posts\/86618\/revisions"}],"predecessor-version":[{"id":86619,"href":"https:\/\/www.visit-ulcinj.com\/blog\/wp-json\/wp\/v2\/posts\/86618\/revisions\/86619"}],"wp:attachment":[{"href":"https:\/\/www.visit-ulcinj.com\/blog\/wp-json\/wp\/v2\/media?parent=86618"}],"wp:term":[{"taxonomy":"category","embeddable":true,"href":"https:\/\/www.visit-ulcinj.com\/blog\/wp-json\/wp\/v2\/categories?post=86618"},{"taxonomy":"post_tag","embeddable":true,"href":"https:\/\/www.visit-ulcinj.com\/blog\/wp-json\/wp\/v2\/tags?post=86618"}],"curies":[{"name":"wp","href":"https:\/\/api.w.org\/{rel}","templated":true}]}}