{"id":86622,"date":"2014-11-26T11:38:19","date_gmt":"2014-11-26T10:38:19","guid":{"rendered":"http:\/\/www.visit-ulcinj.com\/blog\/?p=86622"},"modified":"2014-11-26T11:38:19","modified_gmt":"2014-11-26T10:38:19","slug":"na-zimowy-sezon-turystyczny-czarnogora-przeznaczy-40-000-euro","status":"publish","type":"post","link":"https:\/\/www.visit-ulcinj.com\/blog\/2014\/11\/26\/na-zimowy-sezon-turystyczny-czarnogora-przeznaczy-40-000-euro\/","title":{"rendered":"Na zimowy sezon turystyczny Czarnog\u00f3ra przeznaczy 40 000 euro"},"content":{"rendered":"<p><a href=\"http:\/\/www.visit-ulcinj.com\/blog\/wp-content\/uploads\/2012\/03\/Sajam-turizma-Berlin-_ITB-2012.jpg\"><img loading=\"lazy\" class=\"alignleft wp-image-58021\" src=\"http:\/\/www.visit-ulcinj.com\/blog\/wp-content\/uploads\/2012\/03\/Sajam-turizma-Berlin-_ITB-2012.jpg\" alt=\"Sajam-turizma-Berlin-_ITB-2012\" width=\"508\" height=\"340\" srcset=\"https:\/\/www.visit-ulcinj.com\/blog\/wp-content\/uploads\/2012\/03\/Sajam-turizma-Berlin-_ITB-2012.jpg 640w, https:\/\/www.visit-ulcinj.com\/blog\/wp-content\/uploads\/2012\/03\/Sajam-turizma-Berlin-_ITB-2012-300x200.jpg 300w\" sizes=\"(max-width: 508px) 100vw, 508px\" \/><\/a>Czarnog\u00f3rska Organizacja Turystyczna (NTOCG) na przygotowania do tegorocznego zimowego sezonu turystycznego przeznacza 40 000 euro. By nie powt\u00f3rzy\u0142 si\u0119 scenariusz z ubieg\u0142ego roku, kiedy brak \u015bniegu zmniejszy\u0142 liczb\u0119 go\u015bci w p\u00f3\u0142nocnej cz\u0119\u015bci kraju, cz\u0119\u015b\u0107 \u015brodk\u00f3w zostanie przeznaczona na organizacj\u0119 imprez i wydarze\u0144, kt\u00f3re przyci\u0105gn\u0105 turyst\u00f3w do o\u015brodk\u00f3w zimowych.<\/p>\n<p>Podczas gdy pracownicy bran\u017cy turystycznej czekaj\u0105 na sezon zimowy, NTOCG promuje Czarnog\u00f3r\u0119 w kraju i za granic\u0105, przekazuj\u0105c tym samym ofert\u0119 o\u015brodk\u00f3w narciarskich i pobyt\u00f3w noworocznych zar\u00f3wno na p\u00f3\u0142nocy, jak i na wybrze\u017cu.<br \/>\nO\u015brodki narciarskie \u017dabljak, Kola\u0161in i Vu\u010dje przygotowa\u0142y w tym roku bogat\u0105 i r\u00f3\u017cnorodn\u0105 ofert\u0119 dla mi\u0142o\u015bnik\u00f3w \u015bniegu, sport\u00f3w zimowych i odpoczynku w g\u00f3rach.<br \/>\nJak poinformowano z NTOCG, ceny hoteli i kwater prywatnych s\u0105 podobne jak w zesz\u0142ym roku, podczas gdy obni\u017cono ceny karnet\u00f3w na Savin Kuku, a tak\u017ce op\u0142aty parkingowe w Kola\u0161inie. \u2013 \u017dabljak wzbogaci\u0142 swoj\u0105 ofert\u0119 chocia\u017cby poprzez otwarcie nowoczesnej hali sportowej, a w napraw\u0119 istniej\u0105cych wyci\u0105g\u00f3w narciarskich zainwestowano tam 800 000 euro z Funduszu Rozwoju Inwestycji, kt\u00f3ry obecnie zarz\u0105dza o\u015brodkiem.<br \/>\n\u015arodki wygospodarowane na zimowy sezon turystyczny, b\u0119d\u0105 przeznaczone na szereg dzia\u0142a\u0144 promocyjnych zaplanowanych przez NTOCG, a kt\u00f3re b\u0119d\u0105 realizowane we wsp\u00f3\u0142pracy z Ministerstwem Zr\u00f3wnowa\u017conego Rozwoju i Turystyki. B\u0119d\u0105 to m.in.: spoty telewizyjne, kampania online, materia\u0142y promocyjne, bilbordy w najbardziej ruchliwych miejscach w regionie itp.<br \/>\nZ ca\u0142kowitego bud\u017cetu przeznaczonego na promocj\u0119 sezonu zimowego, cz\u0119\u015b\u0107 \u015brodk\u00f3w przeznaczona zostanie na zorganizowanie wydarze\u0144 i imprez, kt\u00f3re przyci\u0105gn\u0105 turyst\u00f3w do obiekt\u00f3w, w przypadku braku \u015bniegu. Zabawy z dj-em i programy dla najm\u0142odszych to tylko niekt\u00f3re z zaplanowanych atrakcji.<br \/>\nZgodnie z zapowiedziami, je\u015bli warunki pogodowe b\u0119d\u0105 korzystne i b\u0119dzie wystarczaj\u0105co du\u017co \u015bniegu, o\u015brodki narciarskie b\u0119d\u0105 wype\u0142nione. \u2013 Organizowane b\u0119d\u0105 wycieczki z kraj\u00f3w s\u0105siaduj\u0105cych, najwi\u0119cej z Albanii i Serbii. Spodziewamy si\u0119 pewnej liczby turyst\u00f3w z kraj\u00f3w europejskich, w tym oko\u0142o 300 go\u015bci z Francji. Nie nale\u017cy zapomina\u0107 o lokalnych go\u015bciach, kt\u00f3rzy jak zwykle b\u0119d\u0105 stanowi\u0107 znaczn\u0105 grup\u0119, og\u0142oszono.<br \/>\nNTOCG b\u0119dzie zaprasza\u0107 turyst\u00f3w z regionu do odwiedzenia Czarnog\u00f3ry m.in. w ramach targ\u00f3w Expo Zim, w Belgradzie, a tak\u017ce planowanych wydarze\u0144 promocyjnych w Szkodrze, Trebinje, Dubrowniku, Tiranie, gdzie przedstawi ofert\u0119 czarnog\u00f3rskich kurort\u00f3w narciarskich i propozycje noworoczne.<br \/>\n\u2013 Opr\u00f3cz tego organizujemy wizyty studyjne przedstawicieli medi\u00f3w z regionu, aby w ten spos\u00f3b zapozna\u0107 turyst\u00f3w z nasz\u0105 zimow\u0105 ofert\u0105. Specjalne wycieczki stworzyli\u015bmy w celu promowania tzw. mi\u0119kkich sport\u00f3w i nowych ofert turystycznych. Dla tych, kt\u00f3rzy s\u0105 mi\u0142o\u015bnikami innych aktywno\u015bci, proponujemy m.in. chodzenie na rakietach \u015bnie\u017cnych w Parku Narodowym Biogradska Gora czy snowkiting (zimowa odmiana kitesurfingu), informuje si\u0119 w sprawozdaniu.<\/p>\n<p><strong>Niekt\u00f3rzy ju\u017c zarezerwowali miejsca<\/strong><\/p>\n<p>Przygotowania do nadchodz\u0105cego sezonu w miejscowo\u015bci \u017dabljak id\u0105 planowo, a lokalne przedsi\u0119biorstwa w pe\u0142nej gotowo\u015bci czekaj\u0105 na jego rozpocz\u0119cie. W miejscowej organizacji turystycznej oczekuje si\u0119 w tym roku znacznie wi\u0119kszej liczby go\u015bci ni\u017c w poprzednim sezonie. \u2013 Potwierdza to zainteresowanie i du\u017ca liczba dokonanych rezerwacji, powiedzia\u0142 dyrektor Turystycznej Organizacji \u017dabljak, Boro Nikoli\u0107.<br \/>\nWed\u0142ug niego, przygotowania w o\u015brodkach narciarskich Javorova\u010da i Savin kuk zbli\u017caj\u0105 si\u0119 do ko\u0144ca i w pierwszej po\u0142owie grudnia obiekty b\u0119d\u0105 gotowe do przyj\u0119cia pierwszych go\u015bci. W tym regionie nadal nie ma niestety opcji sztucznego za\u015bnie\u017cania, ale mamy nadziej\u0119, \u017ce nie b\u0119dzie to potrzebne poniewa\u017c wszystkie prognozy przewiduj\u0105 obfite opady \u015bniegu, zako\u0144czy\u0142 Nikoli\u0107.<\/p>\n<p><strong>\u0179r\u00f3d\u0142o: portalanalitika.me, balkanistyka.org<\/strong><\/p>\n","protected":false},"excerpt":{"rendered":"<p>Czarnog\u00f3rska Organizacja Turystyczna (NTOCG) na przygotowania do tegorocznego zimowego sezonu turystycznego przeznacza 40 000 euro. By nie powt\u00f3rzy\u0142 si\u0119 scenariusz z ubieg\u0142ego roku, kiedy brak \u015bniegu zmniejszy\u0142 liczb\u0119 go\u015bci w p\u00f3\u0142nocnej cz\u0119\u015bci kraju, cz\u0119\u015b\u0107 \u015brodk\u00f3w zostanie przeznaczona na organizacj\u0119 imprez i wydarze\u0144, kt\u00f3re przyci\u0105gn\u0105 turyst\u00f3w do o\u015brodk\u00f3w zimowych. Podczas gdy pracownicy bran\u017cy turystycznej czekaj\u0105 na [&hellip;]<\/p>\n","protected":false},"author":1,"featured_media":0,"comment_status":"closed","ping_status":"closed","sticky":false,"template":"","format":"standard","meta":{"spay_email":"","jetpack_publicize_message":"","jetpack_is_tweetstorm":false,"jetpack_publicize_feature_enabled":true},"categories":[7679],"tags":[],"jetpack_publicize_connections":[],"yoast_head":"<!-- This site is optimized with the Yoast SEO plugin v19.1 - https:\/\/yoast.com\/wordpress\/plugins\/seo\/ -->\n<title>Na zimowy sezon turystyczny Czarnog\u00f3ra przeznaczy 40 000 euro - Lajme nga Ulqini<\/title>\n<meta name=\"description\" content=\"Czarnog\u00f3rska Organizacja Turystyczna (NTOCG) na przygotowania do tegorocznego zimowego sezonu turystycznego przeznacza 40 000 euro. By nie powt\u00f3rzy\u0142 si\u0119\" \/>\n<meta name=\"robots\" content=\"index, follow, max-snippet:-1, max-image-preview:large, max-video-preview:-1\" \/>\n<link rel=\"canonical\" href=\"https:\/\/www.visit-ulcinj.com\/blog\/2014\/11\/26\/na-zimowy-sezon-turystyczny-czarnogora-przeznaczy-40-000-euro\/\" \/>\n<meta property=\"og:locale\" content=\"en_US\" \/>\n<meta property=\"og:type\" content=\"article\" \/>\n<meta property=\"og:title\" content=\"Na zimowy sezon turystyczny Czarnog\u00f3ra przeznaczy 40 000 euro - Lajme nga Ulqini\" \/>\n<meta property=\"og:description\" content=\"Czarnog\u00f3rska Organizacja Turystyczna (NTOCG) na przygotowania do tegorocznego zimowego sezonu turystycznego przeznacza 40 000 euro. By nie powt\u00f3rzy\u0142 si\u0119\" \/>\n<meta property=\"og:url\" content=\"https:\/\/www.visit-ulcinj.com\/blog\/2014\/11\/26\/na-zimowy-sezon-turystyczny-czarnogora-przeznaczy-40-000-euro\/\" \/>\n<meta property=\"og:site_name\" content=\"Lajme nga Ulqini\" \/>\n<meta property=\"article:published_time\" content=\"2014-11-26T10:38:19+00:00\" \/>\n<meta property=\"og:image\" content=\"http:\/\/www.visit-ulcinj.com\/blog\/wp-content\/uploads\/2012\/03\/Sajam-turizma-Berlin-_ITB-2012.jpg\" \/>\n<meta name=\"twitter:label1\" content=\"Written by\" \/>\n\t<meta name=\"twitter:data1\" content=\"ulqini\" \/>\n\t<meta name=\"twitter:label2\" content=\"Est. reading time\" \/>\n\t<meta name=\"twitter:data2\" content=\"3 minutes\" \/>\n<script type=\"application\/ld+json\" class=\"yoast-schema-graph\">{\"@context\":\"https:\/\/schema.org\",\"@graph\":[{\"@type\":\"WebSite\",\"@id\":\"https:\/\/www.visit-ulcinj.com\/blog\/#website\",\"url\":\"https:\/\/www.visit-ulcinj.com\/blog\/\",\"name\":\"Lajme nga Ulqini\",\"description\":\"Lajme,Vijesti,Ulqini,Ulqin,Crna Gora,Mali i Zi\",\"potentialAction\":[{\"@type\":\"SearchAction\",\"target\":{\"@type\":\"EntryPoint\",\"urlTemplate\":\"https:\/\/www.visit-ulcinj.com\/blog\/?s={search_term_string}\"},\"query-input\":\"required name=search_term_string\"}],\"inLanguage\":\"en-US\"},{\"@type\":\"ImageObject\",\"inLanguage\":\"en-US\",\"@id\":\"https:\/\/www.visit-ulcinj.com\/blog\/2014\/11\/26\/na-zimowy-sezon-turystyczny-czarnogora-przeznaczy-40-000-euro\/#primaryimage\",\"url\":\"https:\/\/www.visit-ulcinj.com\/blog\/wp-content\/uploads\/2012\/03\/Sajam-turizma-Berlin-_ITB-2012.jpg\",\"contentUrl\":\"https:\/\/www.visit-ulcinj.com\/blog\/wp-content\/uploads\/2012\/03\/Sajam-turizma-Berlin-_ITB-2012.jpg\",\"width\":\"640\",\"height\":\"428\"},{\"@type\":\"WebPage\",\"@id\":\"https:\/\/www.visit-ulcinj.com\/blog\/2014\/11\/26\/na-zimowy-sezon-turystyczny-czarnogora-przeznaczy-40-000-euro\/#webpage\",\"url\":\"https:\/\/www.visit-ulcinj.com\/blog\/2014\/11\/26\/na-zimowy-sezon-turystyczny-czarnogora-przeznaczy-40-000-euro\/\",\"name\":\"Na zimowy sezon turystyczny Czarnog\u00f3ra przeznaczy 40 000 euro - Lajme nga Ulqini\",\"isPartOf\":{\"@id\":\"https:\/\/www.visit-ulcinj.com\/blog\/#website\"},\"primaryImageOfPage\":{\"@id\":\"https:\/\/www.visit-ulcinj.com\/blog\/2014\/11\/26\/na-zimowy-sezon-turystyczny-czarnogora-przeznaczy-40-000-euro\/#primaryimage\"},\"datePublished\":\"2014-11-26T10:38:19+00:00\",\"dateModified\":\"2014-11-26T10:38:19+00:00\",\"author\":{\"@id\":\"https:\/\/www.visit-ulcinj.com\/blog\/#\/schema\/person\/dcab619c614d3038751c63bc2aadc06d\"},\"description\":\"Czarnog\u00f3rska Organizacja Turystyczna (NTOCG) na przygotowania do tegorocznego zimowego sezonu turystycznego przeznacza 40 000 euro. By nie powt\u00f3rzy\u0142 si\u0119\",\"breadcrumb\":{\"@id\":\"https:\/\/www.visit-ulcinj.com\/blog\/2014\/11\/26\/na-zimowy-sezon-turystyczny-czarnogora-przeznaczy-40-000-euro\/#breadcrumb\"},\"inLanguage\":\"en-US\",\"potentialAction\":[{\"@type\":\"ReadAction\",\"target\":[\"https:\/\/www.visit-ulcinj.com\/blog\/2014\/11\/26\/na-zimowy-sezon-turystyczny-czarnogora-przeznaczy-40-000-euro\/\"]}]},{\"@type\":\"BreadcrumbList\",\"@id\":\"https:\/\/www.visit-ulcinj.com\/blog\/2014\/11\/26\/na-zimowy-sezon-turystyczny-czarnogora-przeznaczy-40-000-euro\/#breadcrumb\",\"itemListElement\":[{\"@type\":\"ListItem\",\"position\":1,\"name\":\"Na zimowy sezon turystyczny Czarnog\u00f3ra przeznaczy 40 000 euro\"}]},{\"@type\":\"Person\",\"@id\":\"https:\/\/www.visit-ulcinj.com\/blog\/#\/schema\/person\/dcab619c614d3038751c63bc2aadc06d\",\"name\":\"ulqini\",\"sameAs\":[\"http:\/\/www.visit-ulcinj.com\"],\"url\":\"https:\/\/www.visit-ulcinj.com\/blog\/author\/admin\/\"}]}<\/script>\n<!-- \/ Yoast SEO plugin. -->","yoast_head_json":{"title":"Na zimowy sezon turystyczny Czarnog\u00f3ra przeznaczy 40 000 euro - Lajme nga Ulqini","description":"Czarnog\u00f3rska Organizacja Turystyczna (NTOCG) na przygotowania do tegorocznego zimowego sezonu turystycznego przeznacza 40 000 euro. By nie powt\u00f3rzy\u0142 si\u0119","robots":{"index":"index","follow":"follow","max-snippet":"max-snippet:-1","max-image-preview":"max-image-preview:large","max-video-preview":"max-video-preview:-1"},"canonical":"https:\/\/www.visit-ulcinj.com\/blog\/2014\/11\/26\/na-zimowy-sezon-turystyczny-czarnogora-przeznaczy-40-000-euro\/","og_locale":"en_US","og_type":"article","og_title":"Na zimowy sezon turystyczny Czarnog\u00f3ra przeznaczy 40 000 euro - Lajme nga Ulqini","og_description":"Czarnog\u00f3rska Organizacja Turystyczna (NTOCG) na przygotowania do tegorocznego zimowego sezonu turystycznego przeznacza 40 000 euro. By nie powt\u00f3rzy\u0142 si\u0119","og_url":"https:\/\/www.visit-ulcinj.com\/blog\/2014\/11\/26\/na-zimowy-sezon-turystyczny-czarnogora-przeznaczy-40-000-euro\/","og_site_name":"Lajme nga Ulqini","article_published_time":"2014-11-26T10:38:19+00:00","og_image":[{"url":"http:\/\/www.visit-ulcinj.com\/blog\/wp-content\/uploads\/2012\/03\/Sajam-turizma-Berlin-_ITB-2012.jpg"}],"twitter_misc":{"Written by":"ulqini","Est. reading time":"3 minutes"},"schema":{"@context":"https:\/\/schema.org","@graph":[{"@type":"WebSite","@id":"https:\/\/www.visit-ulcinj.com\/blog\/#website","url":"https:\/\/www.visit-ulcinj.com\/blog\/","name":"Lajme nga Ulqini","description":"Lajme,Vijesti,Ulqini,Ulqin,Crna Gora,Mali i Zi","potentialAction":[{"@type":"SearchAction","target":{"@type":"EntryPoint","urlTemplate":"https:\/\/www.visit-ulcinj.com\/blog\/?s={search_term_string}"},"query-input":"required name=search_term_string"}],"inLanguage":"en-US"},{"@type":"ImageObject","inLanguage":"en-US","@id":"https:\/\/www.visit-ulcinj.com\/blog\/2014\/11\/26\/na-zimowy-sezon-turystyczny-czarnogora-przeznaczy-40-000-euro\/#primaryimage","url":"https:\/\/www.visit-ulcinj.com\/blog\/wp-content\/uploads\/2012\/03\/Sajam-turizma-Berlin-_ITB-2012.jpg","contentUrl":"https:\/\/www.visit-ulcinj.com\/blog\/wp-content\/uploads\/2012\/03\/Sajam-turizma-Berlin-_ITB-2012.jpg","width":"640","height":"428"},{"@type":"WebPage","@id":"https:\/\/www.visit-ulcinj.com\/blog\/2014\/11\/26\/na-zimowy-sezon-turystyczny-czarnogora-przeznaczy-40-000-euro\/#webpage","url":"https:\/\/www.visit-ulcinj.com\/blog\/2014\/11\/26\/na-zimowy-sezon-turystyczny-czarnogora-przeznaczy-40-000-euro\/","name":"Na zimowy sezon turystyczny Czarnog\u00f3ra przeznaczy 40 000 euro - Lajme nga Ulqini","isPartOf":{"@id":"https:\/\/www.visit-ulcinj.com\/blog\/#website"},"primaryImageOfPage":{"@id":"https:\/\/www.visit-ulcinj.com\/blog\/2014\/11\/26\/na-zimowy-sezon-turystyczny-czarnogora-przeznaczy-40-000-euro\/#primaryimage"},"datePublished":"2014-11-26T10:38:19+00:00","dateModified":"2014-11-26T10:38:19+00:00","author":{"@id":"https:\/\/www.visit-ulcinj.com\/blog\/#\/schema\/person\/dcab619c614d3038751c63bc2aadc06d"},"description":"Czarnog\u00f3rska Organizacja Turystyczna (NTOCG) na przygotowania do tegorocznego zimowego sezonu turystycznego przeznacza 40 000 euro. By nie powt\u00f3rzy\u0142 si\u0119","breadcrumb":{"@id":"https:\/\/www.visit-ulcinj.com\/blog\/2014\/11\/26\/na-zimowy-sezon-turystyczny-czarnogora-przeznaczy-40-000-euro\/#breadcrumb"},"inLanguage":"en-US","potentialAction":[{"@type":"ReadAction","target":["https:\/\/www.visit-ulcinj.com\/blog\/2014\/11\/26\/na-zimowy-sezon-turystyczny-czarnogora-przeznaczy-40-000-euro\/"]}]},{"@type":"BreadcrumbList","@id":"https:\/\/www.visit-ulcinj.com\/blog\/2014\/11\/26\/na-zimowy-sezon-turystyczny-czarnogora-przeznaczy-40-000-euro\/#breadcrumb","itemListElement":[{"@type":"ListItem","position":1,"name":"Na zimowy sezon turystyczny Czarnog\u00f3ra przeznaczy 40 000 euro"}]},{"@type":"Person","@id":"https:\/\/www.visit-ulcinj.com\/blog\/#\/schema\/person\/dcab619c614d3038751c63bc2aadc06d","name":"ulqini","sameAs":["http:\/\/www.visit-ulcinj.com"],"url":"https:\/\/www.visit-ulcinj.com\/blog\/author\/admin\/"}]}},"jetpack_featured_media_url":"","jetpack_sharing_enabled":true,"jetpack_shortlink":"https:\/\/wp.me\/pe6lTn-mx8","_links":{"self":[{"href":"https:\/\/www.visit-ulcinj.com\/blog\/wp-json\/wp\/v2\/posts\/86622"}],"collection":[{"href":"https:\/\/www.visit-ulcinj.com\/blog\/wp-json\/wp\/v2\/posts"}],"about":[{"href":"https:\/\/www.visit-ulcinj.com\/blog\/wp-json\/wp\/v2\/types\/post"}],"author":[{"embeddable":true,"href":"https:\/\/www.visit-ulcinj.com\/blog\/wp-json\/wp\/v2\/users\/1"}],"replies":[{"embeddable":true,"href":"https:\/\/www.visit-ulcinj.com\/blog\/wp-json\/wp\/v2\/comments?post=86622"}],"version-history":[{"count":1,"href":"https:\/\/www.visit-ulcinj.com\/blog\/wp-json\/wp\/v2\/posts\/86622\/revisions"}],"predecessor-version":[{"id":86623,"href":"https:\/\/www.visit-ulcinj.com\/blog\/wp-json\/wp\/v2\/posts\/86622\/revisions\/86623"}],"wp:attachment":[{"href":"https:\/\/www.visit-ulcinj.com\/blog\/wp-json\/wp\/v2\/media?parent=86622"}],"wp:term":[{"taxonomy":"category","embeddable":true,"href":"https:\/\/www.visit-ulcinj.com\/blog\/wp-json\/wp\/v2\/categories?post=86622"},{"taxonomy":"post_tag","embeddable":true,"href":"https:\/\/www.visit-ulcinj.com\/blog\/wp-json\/wp\/v2\/tags?post=86622"}],"curies":[{"name":"wp","href":"https:\/\/api.w.org\/{rel}","templated":true}]}}