{"id":86638,"date":"2014-11-26T12:44:29","date_gmt":"2014-11-26T11:44:29","guid":{"rendered":"http:\/\/www.visit-ulcinj.com\/blog\/?p=86638"},"modified":"2014-11-26T12:44:29","modified_gmt":"2014-11-26T11:44:29","slug":"nebojsha-medojevic-pergjigjet-danajt-gati-te-diskutojme-por-jo-per-ndryshim-kufijsh","status":"publish","type":"post","link":"https:\/\/www.visit-ulcinj.com\/blog\/2014\/11\/26\/nebojsha-medojevic-pergjigjet-danajt-gati-te-diskutojme-por-jo-per-ndryshim-kufijsh\/","title":{"rendered":"Nebojsha Medojevi\u00e7 i p\u00ebrgjigjet Danajt: Gati t\u00eb diskutojm\u00eb, por jo p\u00ebr ndryshim kufijsh"},"content":{"rendered":"<div class=\"mainpostconntents\">\n<p><strong><a href=\"http:\/\/www.visit-ulcinj.com\/blog\/wp-content\/uploads\/2014\/11\/medojeviq.jpg\"><img loading=\"lazy\" class=\"alignleft wp-image-86639\" src=\"http:\/\/www.visit-ulcinj.com\/blog\/wp-content\/uploads\/2014\/11\/medojeviq.jpg\" alt=\"medojeviq\" width=\"509\" height=\"310\" srcset=\"https:\/\/www.visit-ulcinj.com\/blog\/wp-content\/uploads\/2014\/11\/medojeviq.jpg 519w, https:\/\/www.visit-ulcinj.com\/blog\/wp-content\/uploads\/2014\/11\/medojeviq-300x182.jpg 300w\" sizes=\"(max-width: 509px) 100vw, 509px\" \/><\/a>MALI I ZI &#8211;<\/strong> Nj\u00eb prej lider\u00ebve t\u00eb opozit\u00ebs n\u00eb Malin e Zi, Nebojsha Medojevi\u00e7 i p\u00ebrgjigjet letr\u00ebs s\u00eb hapur t\u00eb d\u00ebrguar nga lideri i list\u00ebs p\u00ebr Shqip\u00ebrin\u00eb Natyrale, Ko\u00e7o Danaj lidhur me iden\u00eb e Shqip\u00ebris\u00eb natyrale. N\u00eb nj\u00eb shkrim t\u00eb botuar n\u00eb t\u00eb p\u00ebrditshmen malazeze, Dan, Medojevi\u00e7 shprehet se \u00ebsht\u00eb i gatsh\u00ebm t\u00eb diskutoj\u00eb me historianin shqiptar p\u00ebr t\u00eb gjitha t\u00eb drejtat e Shqiptar\u00ebve n\u00eb Mal t\u00eb Zi, por jo p\u00ebr ndryshimin e kufijve.<\/p>\n<p>Politikani malazez akuzon kryeministrin Gjukanovi\u00e7 se \u00ebsht\u00eb i gatsh\u00ebm t\u00eb shes\u00eb territoret n\u00eb k\u00ebmbim t\u00eb pushtetit, nd\u00ebrsa n\u00ebnvizon se konferenca e Londr\u00ebs ishte e padrejt\u00eb, por tashm\u00eb \u00ebsht\u00eb pjes\u00eb e historis\u00eb.<\/p>\n<p>Sipas Medojevi\u00e7, Ko\u00e7o Danaj \u00ebsht\u00eb nj\u00eb patriot i shquar i vendit t\u00eb tij dhe se t\u00eb gjith\u00eb biem dakord q\u00eb Shqiptar\u00ebt kane probleme n\u00eb Malin e zi dhe jam dakord qe t\u2019i plot\u00ebsojm\u00eb t\u00eb drejtat e tyre brenda territorit ton\u00eb, por ndahet me Danajn sa i p\u00ebrket diskutimit t\u00eb kufijve.<\/p>\n<p>N\u00eb nj\u00eb shkrim t\u00eb fundit t\u00eb publikuar nga lideri i list\u00ebs p\u00ebr Shqip\u00ebri Natyrale, Ko\u00e7o Danaj me titull \u201cMir\u00ebsevini n\u00eb Shqip\u00ebrin\u00eb Natyrale\u201d, ai thekson se tokat t\u00eb cilat u jan\u00eb rr\u00ebmbyer me forc\u00eb ne Shqiptar\u00ebve do t\u00eb na kthehen me paqe.<\/p>\n<p><strong>(er.nu\/news24\/BalkanWeb)<\/strong><\/p>\n<\/div>\n","protected":false},"excerpt":{"rendered":"<p>MALI I ZI &#8211; Nj\u00eb prej lider\u00ebve t\u00eb opozit\u00ebs n\u00eb Malin e Zi, Nebojsha Medojevi\u00e7 i p\u00ebrgjigjet letr\u00ebs s\u00eb hapur t\u00eb d\u00ebrguar nga lideri i list\u00ebs p\u00ebr Shqip\u00ebrin\u00eb Natyrale, Ko\u00e7o Danaj lidhur me iden\u00eb e Shqip\u00ebris\u00eb natyrale. N\u00eb nj\u00eb shkrim t\u00eb botuar n\u00eb t\u00eb p\u00ebrditshmen malazeze, Dan, Medojevi\u00e7 shprehet se \u00ebsht\u00eb i gatsh\u00ebm t\u00eb diskutoj\u00eb [&hellip;]<\/p>\n","protected":false},"author":1,"featured_media":0,"comment_status":"closed","ping_status":"closed","sticky":false,"template":"","format":"standard","meta":{"spay_email":"","jetpack_publicize_message":"","jetpack_is_tweetstorm":false,"jetpack_publicize_feature_enabled":true},"categories":[13],"tags":[],"jetpack_publicize_connections":[],"yoast_head":"<!-- This site is optimized with the Yoast SEO plugin v19.1 - https:\/\/yoast.com\/wordpress\/plugins\/seo\/ -->\n<title>Nebojsha Medojevi\u00e7 i p\u00ebrgjigjet Danajt: Gati t\u00eb diskutojm\u00eb, por jo p\u00ebr ndryshim kufijsh - Lajme nga Ulqini<\/title>\n<meta name=\"description\" content=\"MALI I ZI - Nj\u00eb prej lider\u00ebve t\u00eb opozit\u00ebs n\u00eb Malin e Zi, Nebojsha Medojevi\u00e7 i p\u00ebrgjigjet letr\u00ebs s\u00eb hapur t\u00eb d\u00ebrguar nga lideri i list\u00ebs p\u00ebr Shqip\u00ebrin\u00eb\" \/>\n<meta name=\"robots\" content=\"index, follow, max-snippet:-1, max-image-preview:large, max-video-preview:-1\" \/>\n<link rel=\"canonical\" href=\"https:\/\/www.visit-ulcinj.com\/blog\/2014\/11\/26\/nebojsha-medojevic-pergjigjet-danajt-gati-te-diskutojme-por-jo-per-ndryshim-kufijsh\/\" \/>\n<meta property=\"og:locale\" content=\"en_US\" \/>\n<meta property=\"og:type\" content=\"article\" \/>\n<meta property=\"og:title\" content=\"Nebojsha Medojevi\u00e7 i p\u00ebrgjigjet Danajt: Gati t\u00eb diskutojm\u00eb, por jo p\u00ebr ndryshim kufijsh - Lajme nga Ulqini\" \/>\n<meta property=\"og:description\" content=\"MALI I ZI - Nj\u00eb prej lider\u00ebve t\u00eb opozit\u00ebs n\u00eb Malin e Zi, Nebojsha Medojevi\u00e7 i p\u00ebrgjigjet letr\u00ebs s\u00eb hapur t\u00eb d\u00ebrguar nga lideri i list\u00ebs p\u00ebr Shqip\u00ebrin\u00eb\" \/>\n<meta property=\"og:url\" content=\"https:\/\/www.visit-ulcinj.com\/blog\/2014\/11\/26\/nebojsha-medojevic-pergjigjet-danajt-gati-te-diskutojme-por-jo-per-ndryshim-kufijsh\/\" \/>\n<meta property=\"og:site_name\" content=\"Lajme nga Ulqini\" \/>\n<meta property=\"article:published_time\" content=\"2014-11-26T11:44:29+00:00\" \/>\n<meta property=\"og:image\" content=\"http:\/\/www.visit-ulcinj.com\/blog\/wp-content\/uploads\/2014\/11\/medojeviq.jpg\" \/>\n<meta name=\"twitter:label1\" content=\"Written by\" \/>\n\t<meta name=\"twitter:data1\" content=\"ulqini\" \/>\n\t<meta name=\"twitter:label2\" content=\"Est. reading time\" \/>\n\t<meta name=\"twitter:data2\" content=\"1 minute\" \/>\n<script type=\"application\/ld+json\" class=\"yoast-schema-graph\">{\"@context\":\"https:\/\/schema.org\",\"@graph\":[{\"@type\":\"WebSite\",\"@id\":\"https:\/\/www.visit-ulcinj.com\/blog\/#website\",\"url\":\"https:\/\/www.visit-ulcinj.com\/blog\/\",\"name\":\"Lajme nga Ulqini\",\"description\":\"Lajme,Vijesti,Ulqini,Ulqin,Crna Gora,Mali i Zi\",\"potentialAction\":[{\"@type\":\"SearchAction\",\"target\":{\"@type\":\"EntryPoint\",\"urlTemplate\":\"https:\/\/www.visit-ulcinj.com\/blog\/?s={search_term_string}\"},\"query-input\":\"required name=search_term_string\"}],\"inLanguage\":\"en-US\"},{\"@type\":\"ImageObject\",\"inLanguage\":\"en-US\",\"@id\":\"https:\/\/www.visit-ulcinj.com\/blog\/2014\/11\/26\/nebojsha-medojevic-pergjigjet-danajt-gati-te-diskutojme-por-jo-per-ndryshim-kufijsh\/#primaryimage\",\"url\":\"https:\/\/www.visit-ulcinj.com\/blog\/wp-content\/uploads\/2014\/11\/medojeviq.jpg\",\"contentUrl\":\"https:\/\/www.visit-ulcinj.com\/blog\/wp-content\/uploads\/2014\/11\/medojeviq.jpg\",\"width\":519,\"height\":316},{\"@type\":\"WebPage\",\"@id\":\"https:\/\/www.visit-ulcinj.com\/blog\/2014\/11\/26\/nebojsha-medojevic-pergjigjet-danajt-gati-te-diskutojme-por-jo-per-ndryshim-kufijsh\/#webpage\",\"url\":\"https:\/\/www.visit-ulcinj.com\/blog\/2014\/11\/26\/nebojsha-medojevic-pergjigjet-danajt-gati-te-diskutojme-por-jo-per-ndryshim-kufijsh\/\",\"name\":\"Nebojsha Medojevi\u00e7 i p\u00ebrgjigjet Danajt: Gati t\u00eb diskutojm\u00eb, por jo p\u00ebr ndryshim kufijsh - Lajme nga Ulqini\",\"isPartOf\":{\"@id\":\"https:\/\/www.visit-ulcinj.com\/blog\/#website\"},\"primaryImageOfPage\":{\"@id\":\"https:\/\/www.visit-ulcinj.com\/blog\/2014\/11\/26\/nebojsha-medojevic-pergjigjet-danajt-gati-te-diskutojme-por-jo-per-ndryshim-kufijsh\/#primaryimage\"},\"datePublished\":\"2014-11-26T11:44:29+00:00\",\"dateModified\":\"2014-11-26T11:44:29+00:00\",\"author\":{\"@id\":\"https:\/\/www.visit-ulcinj.com\/blog\/#\/schema\/person\/dcab619c614d3038751c63bc2aadc06d\"},\"description\":\"MALI I ZI - Nj\u00eb prej lider\u00ebve t\u00eb opozit\u00ebs n\u00eb Malin e Zi, Nebojsha Medojevi\u00e7 i p\u00ebrgjigjet letr\u00ebs s\u00eb hapur t\u00eb d\u00ebrguar nga lideri i list\u00ebs p\u00ebr Shqip\u00ebrin\u00eb\",\"breadcrumb\":{\"@id\":\"https:\/\/www.visit-ulcinj.com\/blog\/2014\/11\/26\/nebojsha-medojevic-pergjigjet-danajt-gati-te-diskutojme-por-jo-per-ndryshim-kufijsh\/#breadcrumb\"},\"inLanguage\":\"en-US\",\"potentialAction\":[{\"@type\":\"ReadAction\",\"target\":[\"https:\/\/www.visit-ulcinj.com\/blog\/2014\/11\/26\/nebojsha-medojevic-pergjigjet-danajt-gati-te-diskutojme-por-jo-per-ndryshim-kufijsh\/\"]}]},{\"@type\":\"BreadcrumbList\",\"@id\":\"https:\/\/www.visit-ulcinj.com\/blog\/2014\/11\/26\/nebojsha-medojevic-pergjigjet-danajt-gati-te-diskutojme-por-jo-per-ndryshim-kufijsh\/#breadcrumb\",\"itemListElement\":[{\"@type\":\"ListItem\",\"position\":1,\"name\":\"Nebojsha Medojevi\u00e7 i p\u00ebrgjigjet Danajt: Gati t\u00eb diskutojm\u00eb, por jo p\u00ebr ndryshim kufijsh\"}]},{\"@type\":\"Person\",\"@id\":\"https:\/\/www.visit-ulcinj.com\/blog\/#\/schema\/person\/dcab619c614d3038751c63bc2aadc06d\",\"name\":\"ulqini\",\"sameAs\":[\"http:\/\/www.visit-ulcinj.com\"],\"url\":\"https:\/\/www.visit-ulcinj.com\/blog\/author\/admin\/\"}]}<\/script>\n<!-- \/ Yoast SEO plugin. -->","yoast_head_json":{"title":"Nebojsha Medojevi\u00e7 i p\u00ebrgjigjet Danajt: Gati t\u00eb diskutojm\u00eb, por jo p\u00ebr ndryshim kufijsh - Lajme nga Ulqini","description":"MALI I ZI - Nj\u00eb prej lider\u00ebve t\u00eb opozit\u00ebs n\u00eb Malin e Zi, Nebojsha Medojevi\u00e7 i p\u00ebrgjigjet letr\u00ebs s\u00eb hapur t\u00eb d\u00ebrguar nga lideri i list\u00ebs p\u00ebr Shqip\u00ebrin\u00eb","robots":{"index":"index","follow":"follow","max-snippet":"max-snippet:-1","max-image-preview":"max-image-preview:large","max-video-preview":"max-video-preview:-1"},"canonical":"https:\/\/www.visit-ulcinj.com\/blog\/2014\/11\/26\/nebojsha-medojevic-pergjigjet-danajt-gati-te-diskutojme-por-jo-per-ndryshim-kufijsh\/","og_locale":"en_US","og_type":"article","og_title":"Nebojsha Medojevi\u00e7 i p\u00ebrgjigjet Danajt: Gati t\u00eb diskutojm\u00eb, por jo p\u00ebr ndryshim kufijsh - Lajme nga Ulqini","og_description":"MALI I ZI - Nj\u00eb prej lider\u00ebve t\u00eb opozit\u00ebs n\u00eb Malin e Zi, Nebojsha Medojevi\u00e7 i p\u00ebrgjigjet letr\u00ebs s\u00eb hapur t\u00eb d\u00ebrguar nga lideri i list\u00ebs p\u00ebr Shqip\u00ebrin\u00eb","og_url":"https:\/\/www.visit-ulcinj.com\/blog\/2014\/11\/26\/nebojsha-medojevic-pergjigjet-danajt-gati-te-diskutojme-por-jo-per-ndryshim-kufijsh\/","og_site_name":"Lajme nga Ulqini","article_published_time":"2014-11-26T11:44:29+00:00","og_image":[{"url":"http:\/\/www.visit-ulcinj.com\/blog\/wp-content\/uploads\/2014\/11\/medojeviq.jpg"}],"twitter_misc":{"Written by":"ulqini","Est. reading time":"1 minute"},"schema":{"@context":"https:\/\/schema.org","@graph":[{"@type":"WebSite","@id":"https:\/\/www.visit-ulcinj.com\/blog\/#website","url":"https:\/\/www.visit-ulcinj.com\/blog\/","name":"Lajme nga Ulqini","description":"Lajme,Vijesti,Ulqini,Ulqin,Crna Gora,Mali i Zi","potentialAction":[{"@type":"SearchAction","target":{"@type":"EntryPoint","urlTemplate":"https:\/\/www.visit-ulcinj.com\/blog\/?s={search_term_string}"},"query-input":"required name=search_term_string"}],"inLanguage":"en-US"},{"@type":"ImageObject","inLanguage":"en-US","@id":"https:\/\/www.visit-ulcinj.com\/blog\/2014\/11\/26\/nebojsha-medojevic-pergjigjet-danajt-gati-te-diskutojme-por-jo-per-ndryshim-kufijsh\/#primaryimage","url":"https:\/\/www.visit-ulcinj.com\/blog\/wp-content\/uploads\/2014\/11\/medojeviq.jpg","contentUrl":"https:\/\/www.visit-ulcinj.com\/blog\/wp-content\/uploads\/2014\/11\/medojeviq.jpg","width":519,"height":316},{"@type":"WebPage","@id":"https:\/\/www.visit-ulcinj.com\/blog\/2014\/11\/26\/nebojsha-medojevic-pergjigjet-danajt-gati-te-diskutojme-por-jo-per-ndryshim-kufijsh\/#webpage","url":"https:\/\/www.visit-ulcinj.com\/blog\/2014\/11\/26\/nebojsha-medojevic-pergjigjet-danajt-gati-te-diskutojme-por-jo-per-ndryshim-kufijsh\/","name":"Nebojsha Medojevi\u00e7 i p\u00ebrgjigjet Danajt: Gati t\u00eb diskutojm\u00eb, por jo p\u00ebr ndryshim kufijsh - Lajme nga Ulqini","isPartOf":{"@id":"https:\/\/www.visit-ulcinj.com\/blog\/#website"},"primaryImageOfPage":{"@id":"https:\/\/www.visit-ulcinj.com\/blog\/2014\/11\/26\/nebojsha-medojevic-pergjigjet-danajt-gati-te-diskutojme-por-jo-per-ndryshim-kufijsh\/#primaryimage"},"datePublished":"2014-11-26T11:44:29+00:00","dateModified":"2014-11-26T11:44:29+00:00","author":{"@id":"https:\/\/www.visit-ulcinj.com\/blog\/#\/schema\/person\/dcab619c614d3038751c63bc2aadc06d"},"description":"MALI I ZI - Nj\u00eb prej lider\u00ebve t\u00eb opozit\u00ebs n\u00eb Malin e Zi, Nebojsha Medojevi\u00e7 i p\u00ebrgjigjet letr\u00ebs s\u00eb hapur t\u00eb d\u00ebrguar nga lideri i list\u00ebs p\u00ebr Shqip\u00ebrin\u00eb","breadcrumb":{"@id":"https:\/\/www.visit-ulcinj.com\/blog\/2014\/11\/26\/nebojsha-medojevic-pergjigjet-danajt-gati-te-diskutojme-por-jo-per-ndryshim-kufijsh\/#breadcrumb"},"inLanguage":"en-US","potentialAction":[{"@type":"ReadAction","target":["https:\/\/www.visit-ulcinj.com\/blog\/2014\/11\/26\/nebojsha-medojevic-pergjigjet-danajt-gati-te-diskutojme-por-jo-per-ndryshim-kufijsh\/"]}]},{"@type":"BreadcrumbList","@id":"https:\/\/www.visit-ulcinj.com\/blog\/2014\/11\/26\/nebojsha-medojevic-pergjigjet-danajt-gati-te-diskutojme-por-jo-per-ndryshim-kufijsh\/#breadcrumb","itemListElement":[{"@type":"ListItem","position":1,"name":"Nebojsha Medojevi\u00e7 i p\u00ebrgjigjet Danajt: Gati t\u00eb diskutojm\u00eb, por jo p\u00ebr ndryshim kufijsh"}]},{"@type":"Person","@id":"https:\/\/www.visit-ulcinj.com\/blog\/#\/schema\/person\/dcab619c614d3038751c63bc2aadc06d","name":"ulqini","sameAs":["http:\/\/www.visit-ulcinj.com"],"url":"https:\/\/www.visit-ulcinj.com\/blog\/author\/admin\/"}]}},"jetpack_featured_media_url":"","jetpack_sharing_enabled":true,"jetpack_shortlink":"https:\/\/wp.me\/pe6lTn-mxo","_links":{"self":[{"href":"https:\/\/www.visit-ulcinj.com\/blog\/wp-json\/wp\/v2\/posts\/86638"}],"collection":[{"href":"https:\/\/www.visit-ulcinj.com\/blog\/wp-json\/wp\/v2\/posts"}],"about":[{"href":"https:\/\/www.visit-ulcinj.com\/blog\/wp-json\/wp\/v2\/types\/post"}],"author":[{"embeddable":true,"href":"https:\/\/www.visit-ulcinj.com\/blog\/wp-json\/wp\/v2\/users\/1"}],"replies":[{"embeddable":true,"href":"https:\/\/www.visit-ulcinj.com\/blog\/wp-json\/wp\/v2\/comments?post=86638"}],"version-history":[{"count":1,"href":"https:\/\/www.visit-ulcinj.com\/blog\/wp-json\/wp\/v2\/posts\/86638\/revisions"}],"predecessor-version":[{"id":86640,"href":"https:\/\/www.visit-ulcinj.com\/blog\/wp-json\/wp\/v2\/posts\/86638\/revisions\/86640"}],"wp:attachment":[{"href":"https:\/\/www.visit-ulcinj.com\/blog\/wp-json\/wp\/v2\/media?parent=86638"}],"wp:term":[{"taxonomy":"category","embeddable":true,"href":"https:\/\/www.visit-ulcinj.com\/blog\/wp-json\/wp\/v2\/categories?post=86638"},{"taxonomy":"post_tag","embeddable":true,"href":"https:\/\/www.visit-ulcinj.com\/blog\/wp-json\/wp\/v2\/tags?post=86638"}],"curies":[{"name":"wp","href":"https:\/\/api.w.org\/{rel}","templated":true}]}}