{"id":86641,"date":"2014-11-26T12:51:49","date_gmt":"2014-11-26T11:51:49","guid":{"rendered":"http:\/\/www.visit-ulcinj.com\/blog\/?p=86641"},"modified":"2014-11-26T12:51:49","modified_gmt":"2014-11-26T11:51:49","slug":"mali-zi-kerkon-shqiperise-percaktimin-e-kufijve-shteterore","status":"publish","type":"post","link":"https:\/\/www.visit-ulcinj.com\/blog\/2014\/11\/26\/mali-zi-kerkon-shqiperise-percaktimin-e-kufijve-shteterore\/","title":{"rendered":"Mali i Zi i k\u00ebrkon Shqip\u00ebris\u00eb p\u00ebrcaktimin e kufijve shtet\u00ebror\u00eb"},"content":{"rendered":"<p><strong><em><a href=\"http:\/\/www.visit-ulcinj.com\/blog\/wp-content\/uploads\/2013\/11\/Edi-Rama-Milo-Gjukanoviq.jpg\"><img loading=\"lazy\" class=\"alignleft wp-image-76216\" src=\"http:\/\/www.visit-ulcinj.com\/blog\/wp-content\/uploads\/2013\/11\/Edi-Rama-Milo-Gjukanoviq.jpg\" alt=\"Edi Rama-Milo Gjukanoviq\" width=\"508\" height=\"338\" srcset=\"https:\/\/www.visit-ulcinj.com\/blog\/wp-content\/uploads\/2013\/11\/Edi-Rama-Milo-Gjukanoviq.jpg 900w, https:\/\/www.visit-ulcinj.com\/blog\/wp-content\/uploads\/2013\/11\/Edi-Rama-Milo-Gjukanoviq-300x199.jpg 300w\" sizes=\"(max-width: 508px) 100vw, 508px\" \/><\/a>K\u00ebrkesa i \u00ebsht\u00eb b\u00ebr\u00eb zyrtarisht qeveris\u00eb shqiptare. Rama ka ngritur nj\u00eb grup pune, q\u00eb drejtohet nga sekretari i p\u00ebrgjithsh\u00ebm i MPJ. N\u00eb janar dalin rezultatet e studimit t\u00eb situat\u00ebs<\/em><\/strong><\/p>\n<p>Nd\u00ebrsa ka ende t\u00eb hapur \u00e7\u00ebshtjen me Greqin\u00eb sa i p\u00ebrket p\u00ebrcaktimit t\u00eb kufirit detar, Shqip\u00ebria pritet t\u00eb futet n\u00eb nj\u00eb tjet\u00ebr debat t\u00eb ngjash\u00ebm, k\u00ebsaj here me Malin e Zi. Fqinji verior i ka paraqitur nj\u00eb k\u00ebrkes\u00eb zyrtare qeveris\u00eb shqiptare p\u00ebr t\u00eb p\u00ebrcaktuar s\u00eb bashku kufirin mes dy vendeve. Burime nga Ministria e Jashtme kan\u00eb b\u00ebr\u00eb t\u00eb ditur se qeveria e Podgoric\u00ebs iu ka paraqitur n\u00eb m\u00ebnyr\u00eb zyrtare autoriteteve shqiptare k\u00ebrkes\u00ebn p\u00ebr t\u00eb ngritur grupe pune t\u00eb p\u00ebrbashk\u00ebta p\u00ebr t\u00eb studiuar situat\u00ebn dhe p\u00ebr t\u00eb b\u00ebr\u00eb t\u00eb mundur p\u00ebrcaktimin e sakt\u00eb t\u00eb kufijve mes dy vendeve, bazuar kjo n\u00eb t\u00eb drejt\u00ebn nd\u00ebrkomb\u00ebtare dhe n\u00eb mir\u00ebkuptimin reciprok. B\u00ebhet fjal\u00eb p\u00ebr p\u00ebrcaktimin si t\u00eb kufirit tok\u00ebsor, ashtu edhe at\u00eb lumor, liqenor dhe detar. K\u00ebrkes\u00eb t\u00eb cil\u00ebn qeveria jon\u00eb duket se e ka marr\u00eb seriozisht, pasi me nj\u00eb urdh\u00ebr t\u00eb posa\u00e7\u00ebm, kreu i ekzekutivit shqiptar Edi Rama ka vendosur p\u00ebr nisjen e p\u00ebrgatitjeve t\u00eb duhura. K\u00ebshtu m\u00ebsohet se Rama me k\u00ebt\u00eb urdh\u00ebr ka k\u00ebrkuar ngritjen e nj\u00eb grupi pune nd\u00ebrinstitucional p\u00ebr vler\u00ebsimin e problematik\u00ebs s\u00eb kufirit tok\u00ebsor, lumor, liqenor dhe detar mes Republik\u00ebs s\u00eb Shqip\u00ebris\u00eb dhe Malit t\u00eb Zi. Grupi i pun\u00ebs kryesohet nga Sekretari i P\u00ebrgjithsh\u00ebm i Ministris\u00eb s\u00eb Pun\u00ebve t\u00eb Jashtme, Qirjako Qirko dhe n\u00eb p\u00ebrb\u00ebrje t\u00eb tij do t\u00eb jen\u00eb p\u00ebrfaq\u00ebsues t\u00eb Ministris\u00eb s\u00eb Mbrojtjes, Ministris\u00eb s\u00eb Brendshme, Ministris\u00eb s\u00eb Energjetik\u00ebs, Ministris\u00eb e Transporteve, Ministris\u00eb s\u00eb Mjedisit, Ministris\u00eb s\u00eb Drejt\u00ebsis\u00eb dhe Ministris\u00eb s\u00eb Zhvillimit Ekonomik. Gjithashtu, pjes\u00eb e grupit t\u00eb pun\u00ebs jan\u00eb dhe p\u00ebrfaq\u00ebsuesit e Sekretariati Komb\u00ebtar Teknik t\u00eb Ujit, Agjencia Komb\u00ebtare e Burimeve Natyrore dhe Akademia e Shkencave. Si\u00e7 v\u00ebrehet edhe nga p\u00ebrb\u00ebrja e k\u00ebtij grupi nd\u00ebrinstitucional, qeveria shqiptare synon q\u00eb n\u00eb k\u00ebt\u00eb rast t\u00eb b\u00ebj\u00eb nj\u00eb pun\u00eb m\u00eb t\u00eb mir\u00eb n\u00eb aspektin e studimit t\u00eb \u00e7\u00ebshtjes p\u00ebr \u00e7do fush\u00eb dhe mbi baz\u00ebn e k\u00ebtyre rezultateve t\u00eb ulet n\u00eb tryez\u00ebn e bisedimeve me pal\u00ebn malazeze p\u00ebr t\u00eb p\u00ebrcaktuar n\u00eb m\u00ebnyr\u00eb sa m\u00eb t\u00eb drejt\u00eb t\u00eb mundshme kufijt\u00eb mes dy vendeve. Kjo edhe si nj\u00eb nevoj\u00eb p\u00ebr t\u00eb mos p\u00ebrs\u00ebritur gabimet apo problematik\u00ebn q\u00eb shoq\u00ebroi marr\u00ebveshjen e ndarjes s\u00eb kufirit detar me Greqin\u00eb. P\u00ebr t\u00eb dal\u00eb n\u00eb konkluzione konkrete, grupit t\u00eb pun\u00ebs i \u00ebsht\u00eb l\u00ebn\u00eb si detyr\u00eb q\u00eb brenda janarit t\u00eb vitit 2015 t\u00eb p\u00ebrgatis\u00eb nj\u00eb material vler\u00ebsues p\u00ebr situat\u00ebn dhe t\u2019ia paraqes\u00eb at\u00eb kryeministrit. Do t\u00eb jet\u00eb pik\u00ebrisht ky material vler\u00ebsues ai q\u00eb do t\u00eb p\u00ebrcaktoj\u00eb q\u00ebndrimin q\u00eb do t\u00eb mbaj\u00eb pala shqiptare kur t\u00eb ulet n\u00eb tavolin\u00ebn e bisedimeve me pal\u00ebn malazeze. N\u00eb total jan\u00eb 172 km vij\u00eb kufitare q\u00eb e ndajn\u00eb Republik\u00ebn e Shqip\u00ebris\u00eb me Republik\u00ebn e Malit t\u00eb Zi n\u00eb veri-per\u00ebndim. Por nd\u00ebrsa p\u00ebr kufirin tok\u00ebsor \u00e7\u00ebshtja \u00ebsht\u00eb m\u00eb e thjesht\u00eb, pasi edhe sot ekziston nj\u00eb vij\u00eb e p\u00ebrcaktuar thuajse qart\u00eb mes dy vendeve, ajo q\u00eb pritet t\u00eb haj\u00eb debat jan\u00eb kufijt\u00eb lumor\u00eb, liqenor\u00eb dhe ata detar\u00eb. Kjo pasi si\u00e7 m\u00ebsohet, n\u00eb rastin e kufirit liqenor pothuajse t\u00eb gjitha bovat e hekurit q\u00eb sh\u00ebrbejn\u00eb si piketa p\u00ebrcaktuese t\u00eb kufirit ujor nuk ekzistojn\u00eb m\u00eb, ndaj dhe k\u00ebrkohet nj\u00eb p\u00ebrcaktim i ri kufitar. \u00c7ka p\u00ebr vite me radh\u00eb \u00ebsht\u00eb b\u00ebr\u00eb problem kryesisht p\u00ebr peshkatar\u00ebt e t\u00eb dyja vendeve, t\u00eb cil\u00ebt n\u00eb pamund\u00ebsi p\u00ebr t\u00eb dalluar vij\u00ebn kufitare, kalonin n\u00eb thell\u00ebsi t\u00eb territorit liqenor t\u00eb shtetit fqinj, duke u b\u00ebr\u00eb shpesh pre e arrestimeve t\u00eb policive t\u00eb k\u00ebtyre dy shteteve.<\/p>\n<hr \/>\n<p><strong>Ligji i 2008-\u00ebs, kufijt\u00eb p\u00ebrcaktohen me marr\u00ebveshje mes dy pal\u00ebve\u00a0<\/strong><\/p>\n<p>Shqip\u00ebria ka nj\u00eb legjislacion t\u00eb ri sa i p\u00ebrket \u00e7\u00ebshtjes s\u00eb kufijve, pasi n\u00eb vitin 2008 ajo miratoi ligjin e ri \u201cP\u00ebr kontrollin e mbik\u00ebqyrjen e kufirit shtet\u00ebror\u201d. Sipas k\u00ebtij ligji p\u00ebrcaktohet se \u201ckufiri shtet\u00ebror i Shqip\u00ebris\u00eb \u00ebsht\u00eb i vendosur e rregullohet mbi baz\u00ebn e marr\u00ebveshjeve nd\u00ebrkomb\u00ebtare t\u00eb pranuara nga shteti shqiptar, si dhe t\u00eb traktateve dypal\u00ebshe ose shum\u00ebpal\u00ebshe t\u00eb lidhura me shtetet e tjera e t\u00eb ratifikuara nga Kuvendi\u201d. Por me miratimin e k\u00ebtij ligji, Kuvendi shfuqizoi n\u00eb t\u00eb nj\u00ebjt\u00ebn koh\u00eb edhe ligjin e vjet\u00ebr t\u00eb vitit 2001, duke shfuqizuar edhe nenin 3 t\u00eb tij, i cili p\u00ebrcaktonte vij\u00ebn e drejt\u00eb baz\u00eb, koordinatat e s\u00eb cil\u00ebs p\u00ebrcaktoheshin nga ky nen, si dhe shfuqizoi gjer\u00ebsin\u00eb e detit territorial prej 12 miljesh detare t\u00eb RSH. Nj\u00eb p\u00ebrkufizim i till\u00eb ishte i kondicionuar nga fakti i mosekzistenc\u00ebs s\u00eb marr\u00ebveshjeve dypal\u00ebshe mes vendeve p\u00ebr p\u00ebrcaktimin dhe njohjen e kufijve respektiv\u00eb. Pik\u00ebrisht shfuqizimi i k\u00ebtij ligji dhe p\u00ebrcaktimi i detyrimit p\u00ebr t\u00eb ratifikuar n\u00ebp\u00ebrmjet marr\u00ebveshjeve dypal\u00ebshe kufijt\u00eb me shtetet fqinje, i hapi rrug\u00eb dhe diskutimit p\u00ebr marr\u00ebveshjen e kufijve detar\u00eb mes qeveris\u00eb shqiptare e asaj greke, marr\u00ebveshje q\u00eb u rr\u00ebzua nga Kushtetuesja si n\u00eb kund\u00ebrshtim me interesat e Shqip\u00ebris\u00eb dhe si e pabazuar n\u00eb normat q\u00eb p\u00ebrcaktojn\u00eb marr\u00ebveshjet dhe konventat nd\u00ebrkomb\u00ebtare. Por p\u00ebr t\u00eb plot\u00ebsuar k\u00ebt\u00eb vakum t\u00eb krijuar, Kuvendi n\u00eb vitin 2012 miratoi nj\u00eb ndryshim, n\u00ebp\u00ebrmjet t\u00eb cilit riktheu n\u00eb fuqi nenin 3 t\u00eb ligjit t\u00eb vitit 2001, ku p\u00ebrcaktohen n\u00eb vija t\u00eb p\u00ebrgjithshme koordinatat e kufirit shtet\u00ebror shqiptar, si dhe gjer\u00ebsia prej 12 miljesh e kufirit detar. Por prej asaj kohe, Shqip\u00ebria nuk ka nj\u00eb kufi t\u00eb p\u00ebrcaktuar qart\u00eb dhe t\u00eb njohur as me Greqin\u00eb, ashtu si dhe as me Malin e Zi. P\u00ebr t\u00eb b\u00ebr\u00eb t\u00eb mundur k\u00ebt\u00eb gj\u00eb duhet q\u00eb shtetet t\u00eb miratojn\u00eb kufirin e tyre me marr\u00ebveshje dypal\u00ebshe.<\/p>\n<div class=\"sharedaddy sd-sharing-enabled\">\n<div class=\"robots-nocontent sd-block sd-social sd-social-official sd-sharing\">\n<h3 class=\"sd-title\">Mapo al<\/h3>\n<\/div>\n<\/div>\n","protected":false},"excerpt":{"rendered":"<p>K\u00ebrkesa i \u00ebsht\u00eb b\u00ebr\u00eb zyrtarisht qeveris\u00eb shqiptare. Rama ka ngritur nj\u00eb grup pune, q\u00eb drejtohet nga sekretari i p\u00ebrgjithsh\u00ebm i MPJ. N\u00eb janar dalin rezultatet e studimit t\u00eb situat\u00ebs Nd\u00ebrsa ka ende t\u00eb hapur \u00e7\u00ebshtjen me Greqin\u00eb sa i p\u00ebrket p\u00ebrcaktimit t\u00eb kufirit detar, Shqip\u00ebria pritet t\u00eb futet n\u00eb nj\u00eb tjet\u00ebr debat t\u00eb ngjash\u00ebm, k\u00ebsaj [&hellip;]<\/p>\n","protected":false},"author":1,"featured_media":0,"comment_status":"closed","ping_status":"closed","sticky":false,"template":"","format":"standard","meta":{"spay_email":"","jetpack_publicize_message":"","jetpack_is_tweetstorm":false,"jetpack_publicize_feature_enabled":true},"categories":[6950],"tags":[],"jetpack_publicize_connections":[],"yoast_head":"<!-- This site is optimized with the Yoast SEO plugin v19.1 - https:\/\/yoast.com\/wordpress\/plugins\/seo\/ -->\n<title>Mali i Zi i k\u00ebrkon Shqip\u00ebris\u00eb p\u00ebrcaktimin e kufijve shtet\u00ebror\u00eb - Lajme nga Ulqini<\/title>\n<meta name=\"description\" content=\"K\u00ebrkesa i \u00ebsht\u00eb b\u00ebr\u00eb zyrtarisht qeveris\u00eb shqiptare. Rama ka ngritur nj\u00eb grup pune, q\u00eb drejtohet nga sekretari i p\u00ebrgjithsh\u00ebm i MPJ. N\u00eb janar dalin\" \/>\n<meta name=\"robots\" content=\"index, follow, max-snippet:-1, max-image-preview:large, max-video-preview:-1\" \/>\n<link rel=\"canonical\" href=\"https:\/\/www.visit-ulcinj.com\/blog\/2014\/11\/26\/mali-zi-kerkon-shqiperise-percaktimin-e-kufijve-shteterore\/\" \/>\n<meta property=\"og:locale\" content=\"en_US\" \/>\n<meta property=\"og:type\" content=\"article\" \/>\n<meta property=\"og:title\" content=\"Mali i Zi i k\u00ebrkon Shqip\u00ebris\u00eb p\u00ebrcaktimin e kufijve shtet\u00ebror\u00eb - Lajme nga Ulqini\" \/>\n<meta property=\"og:description\" content=\"K\u00ebrkesa i \u00ebsht\u00eb b\u00ebr\u00eb zyrtarisht qeveris\u00eb shqiptare. Rama ka ngritur nj\u00eb grup pune, q\u00eb drejtohet nga sekretari i p\u00ebrgjithsh\u00ebm i MPJ. N\u00eb janar dalin\" \/>\n<meta property=\"og:url\" content=\"https:\/\/www.visit-ulcinj.com\/blog\/2014\/11\/26\/mali-zi-kerkon-shqiperise-percaktimin-e-kufijve-shteterore\/\" \/>\n<meta property=\"og:site_name\" content=\"Lajme nga Ulqini\" \/>\n<meta property=\"article:published_time\" content=\"2014-11-26T11:51:49+00:00\" \/>\n<meta property=\"og:image\" content=\"http:\/\/www.visit-ulcinj.com\/blog\/wp-content\/uploads\/2013\/11\/Edi-Rama-Milo-Gjukanoviq.jpg\" \/>\n<meta name=\"twitter:label1\" content=\"Written by\" \/>\n\t<meta name=\"twitter:data1\" content=\"ulqini\" \/>\n\t<meta name=\"twitter:label2\" content=\"Est. reading time\" \/>\n\t<meta name=\"twitter:data2\" content=\"5 minutes\" \/>\n<script type=\"application\/ld+json\" class=\"yoast-schema-graph\">{\"@context\":\"https:\/\/schema.org\",\"@graph\":[{\"@type\":\"WebSite\",\"@id\":\"https:\/\/www.visit-ulcinj.com\/blog\/#website\",\"url\":\"https:\/\/www.visit-ulcinj.com\/blog\/\",\"name\":\"Lajme nga Ulqini\",\"description\":\"Lajme,Vijesti,Ulqini,Ulqin,Crna Gora,Mali i Zi\",\"potentialAction\":[{\"@type\":\"SearchAction\",\"target\":{\"@type\":\"EntryPoint\",\"urlTemplate\":\"https:\/\/www.visit-ulcinj.com\/blog\/?s={search_term_string}\"},\"query-input\":\"required name=search_term_string\"}],\"inLanguage\":\"en-US\"},{\"@type\":\"ImageObject\",\"inLanguage\":\"en-US\",\"@id\":\"https:\/\/www.visit-ulcinj.com\/blog\/2014\/11\/26\/mali-zi-kerkon-shqiperise-percaktimin-e-kufijve-shteterore\/#primaryimage\",\"url\":\"https:\/\/www.visit-ulcinj.com\/blog\/wp-content\/uploads\/2013\/11\/Edi-Rama-Milo-Gjukanoviq.jpg\",\"contentUrl\":\"https:\/\/www.visit-ulcinj.com\/blog\/wp-content\/uploads\/2013\/11\/Edi-Rama-Milo-Gjukanoviq.jpg\",\"width\":900,\"height\":598},{\"@type\":\"WebPage\",\"@id\":\"https:\/\/www.visit-ulcinj.com\/blog\/2014\/11\/26\/mali-zi-kerkon-shqiperise-percaktimin-e-kufijve-shteterore\/#webpage\",\"url\":\"https:\/\/www.visit-ulcinj.com\/blog\/2014\/11\/26\/mali-zi-kerkon-shqiperise-percaktimin-e-kufijve-shteterore\/\",\"name\":\"Mali i Zi i k\u00ebrkon Shqip\u00ebris\u00eb p\u00ebrcaktimin e kufijve shtet\u00ebror\u00eb - Lajme nga Ulqini\",\"isPartOf\":{\"@id\":\"https:\/\/www.visit-ulcinj.com\/blog\/#website\"},\"primaryImageOfPage\":{\"@id\":\"https:\/\/www.visit-ulcinj.com\/blog\/2014\/11\/26\/mali-zi-kerkon-shqiperise-percaktimin-e-kufijve-shteterore\/#primaryimage\"},\"datePublished\":\"2014-11-26T11:51:49+00:00\",\"dateModified\":\"2014-11-26T11:51:49+00:00\",\"author\":{\"@id\":\"https:\/\/www.visit-ulcinj.com\/blog\/#\/schema\/person\/dcab619c614d3038751c63bc2aadc06d\"},\"description\":\"K\u00ebrkesa i \u00ebsht\u00eb b\u00ebr\u00eb zyrtarisht qeveris\u00eb shqiptare. Rama ka ngritur nj\u00eb grup pune, q\u00eb drejtohet nga sekretari i p\u00ebrgjithsh\u00ebm i MPJ. N\u00eb janar dalin\",\"breadcrumb\":{\"@id\":\"https:\/\/www.visit-ulcinj.com\/blog\/2014\/11\/26\/mali-zi-kerkon-shqiperise-percaktimin-e-kufijve-shteterore\/#breadcrumb\"},\"inLanguage\":\"en-US\",\"potentialAction\":[{\"@type\":\"ReadAction\",\"target\":[\"https:\/\/www.visit-ulcinj.com\/blog\/2014\/11\/26\/mali-zi-kerkon-shqiperise-percaktimin-e-kufijve-shteterore\/\"]}]},{\"@type\":\"BreadcrumbList\",\"@id\":\"https:\/\/www.visit-ulcinj.com\/blog\/2014\/11\/26\/mali-zi-kerkon-shqiperise-percaktimin-e-kufijve-shteterore\/#breadcrumb\",\"itemListElement\":[{\"@type\":\"ListItem\",\"position\":1,\"name\":\"Mali i Zi i k\u00ebrkon Shqip\u00ebris\u00eb p\u00ebrcaktimin e kufijve shtet\u00ebror\u00eb\"}]},{\"@type\":\"Person\",\"@id\":\"https:\/\/www.visit-ulcinj.com\/blog\/#\/schema\/person\/dcab619c614d3038751c63bc2aadc06d\",\"name\":\"ulqini\",\"sameAs\":[\"http:\/\/www.visit-ulcinj.com\"],\"url\":\"https:\/\/www.visit-ulcinj.com\/blog\/author\/admin\/\"}]}<\/script>\n<!-- \/ Yoast SEO plugin. -->","yoast_head_json":{"title":"Mali i Zi i k\u00ebrkon Shqip\u00ebris\u00eb p\u00ebrcaktimin e kufijve shtet\u00ebror\u00eb - Lajme nga Ulqini","description":"K\u00ebrkesa i \u00ebsht\u00eb b\u00ebr\u00eb zyrtarisht qeveris\u00eb shqiptare. Rama ka ngritur nj\u00eb grup pune, q\u00eb drejtohet nga sekretari i p\u00ebrgjithsh\u00ebm i MPJ. N\u00eb janar dalin","robots":{"index":"index","follow":"follow","max-snippet":"max-snippet:-1","max-image-preview":"max-image-preview:large","max-video-preview":"max-video-preview:-1"},"canonical":"https:\/\/www.visit-ulcinj.com\/blog\/2014\/11\/26\/mali-zi-kerkon-shqiperise-percaktimin-e-kufijve-shteterore\/","og_locale":"en_US","og_type":"article","og_title":"Mali i Zi i k\u00ebrkon Shqip\u00ebris\u00eb p\u00ebrcaktimin e kufijve shtet\u00ebror\u00eb - Lajme nga Ulqini","og_description":"K\u00ebrkesa i \u00ebsht\u00eb b\u00ebr\u00eb zyrtarisht qeveris\u00eb shqiptare. Rama ka ngritur nj\u00eb grup pune, q\u00eb drejtohet nga sekretari i p\u00ebrgjithsh\u00ebm i MPJ. N\u00eb janar dalin","og_url":"https:\/\/www.visit-ulcinj.com\/blog\/2014\/11\/26\/mali-zi-kerkon-shqiperise-percaktimin-e-kufijve-shteterore\/","og_site_name":"Lajme nga Ulqini","article_published_time":"2014-11-26T11:51:49+00:00","og_image":[{"url":"http:\/\/www.visit-ulcinj.com\/blog\/wp-content\/uploads\/2013\/11\/Edi-Rama-Milo-Gjukanoviq.jpg"}],"twitter_misc":{"Written by":"ulqini","Est. reading time":"5 minutes"},"schema":{"@context":"https:\/\/schema.org","@graph":[{"@type":"WebSite","@id":"https:\/\/www.visit-ulcinj.com\/blog\/#website","url":"https:\/\/www.visit-ulcinj.com\/blog\/","name":"Lajme nga Ulqini","description":"Lajme,Vijesti,Ulqini,Ulqin,Crna Gora,Mali i Zi","potentialAction":[{"@type":"SearchAction","target":{"@type":"EntryPoint","urlTemplate":"https:\/\/www.visit-ulcinj.com\/blog\/?s={search_term_string}"},"query-input":"required name=search_term_string"}],"inLanguage":"en-US"},{"@type":"ImageObject","inLanguage":"en-US","@id":"https:\/\/www.visit-ulcinj.com\/blog\/2014\/11\/26\/mali-zi-kerkon-shqiperise-percaktimin-e-kufijve-shteterore\/#primaryimage","url":"https:\/\/www.visit-ulcinj.com\/blog\/wp-content\/uploads\/2013\/11\/Edi-Rama-Milo-Gjukanoviq.jpg","contentUrl":"https:\/\/www.visit-ulcinj.com\/blog\/wp-content\/uploads\/2013\/11\/Edi-Rama-Milo-Gjukanoviq.jpg","width":900,"height":598},{"@type":"WebPage","@id":"https:\/\/www.visit-ulcinj.com\/blog\/2014\/11\/26\/mali-zi-kerkon-shqiperise-percaktimin-e-kufijve-shteterore\/#webpage","url":"https:\/\/www.visit-ulcinj.com\/blog\/2014\/11\/26\/mali-zi-kerkon-shqiperise-percaktimin-e-kufijve-shteterore\/","name":"Mali i Zi i k\u00ebrkon Shqip\u00ebris\u00eb p\u00ebrcaktimin e kufijve shtet\u00ebror\u00eb - Lajme nga Ulqini","isPartOf":{"@id":"https:\/\/www.visit-ulcinj.com\/blog\/#website"},"primaryImageOfPage":{"@id":"https:\/\/www.visit-ulcinj.com\/blog\/2014\/11\/26\/mali-zi-kerkon-shqiperise-percaktimin-e-kufijve-shteterore\/#primaryimage"},"datePublished":"2014-11-26T11:51:49+00:00","dateModified":"2014-11-26T11:51:49+00:00","author":{"@id":"https:\/\/www.visit-ulcinj.com\/blog\/#\/schema\/person\/dcab619c614d3038751c63bc2aadc06d"},"description":"K\u00ebrkesa i \u00ebsht\u00eb b\u00ebr\u00eb zyrtarisht qeveris\u00eb shqiptare. Rama ka ngritur nj\u00eb grup pune, q\u00eb drejtohet nga sekretari i p\u00ebrgjithsh\u00ebm i MPJ. N\u00eb janar dalin","breadcrumb":{"@id":"https:\/\/www.visit-ulcinj.com\/blog\/2014\/11\/26\/mali-zi-kerkon-shqiperise-percaktimin-e-kufijve-shteterore\/#breadcrumb"},"inLanguage":"en-US","potentialAction":[{"@type":"ReadAction","target":["https:\/\/www.visit-ulcinj.com\/blog\/2014\/11\/26\/mali-zi-kerkon-shqiperise-percaktimin-e-kufijve-shteterore\/"]}]},{"@type":"BreadcrumbList","@id":"https:\/\/www.visit-ulcinj.com\/blog\/2014\/11\/26\/mali-zi-kerkon-shqiperise-percaktimin-e-kufijve-shteterore\/#breadcrumb","itemListElement":[{"@type":"ListItem","position":1,"name":"Mali i Zi i k\u00ebrkon Shqip\u00ebris\u00eb p\u00ebrcaktimin e kufijve shtet\u00ebror\u00eb"}]},{"@type":"Person","@id":"https:\/\/www.visit-ulcinj.com\/blog\/#\/schema\/person\/dcab619c614d3038751c63bc2aadc06d","name":"ulqini","sameAs":["http:\/\/www.visit-ulcinj.com"],"url":"https:\/\/www.visit-ulcinj.com\/blog\/author\/admin\/"}]}},"jetpack_featured_media_url":"","jetpack_sharing_enabled":true,"jetpack_shortlink":"https:\/\/wp.me\/pe6lTn-mxr","_links":{"self":[{"href":"https:\/\/www.visit-ulcinj.com\/blog\/wp-json\/wp\/v2\/posts\/86641"}],"collection":[{"href":"https:\/\/www.visit-ulcinj.com\/blog\/wp-json\/wp\/v2\/posts"}],"about":[{"href":"https:\/\/www.visit-ulcinj.com\/blog\/wp-json\/wp\/v2\/types\/post"}],"author":[{"embeddable":true,"href":"https:\/\/www.visit-ulcinj.com\/blog\/wp-json\/wp\/v2\/users\/1"}],"replies":[{"embeddable":true,"href":"https:\/\/www.visit-ulcinj.com\/blog\/wp-json\/wp\/v2\/comments?post=86641"}],"version-history":[{"count":1,"href":"https:\/\/www.visit-ulcinj.com\/blog\/wp-json\/wp\/v2\/posts\/86641\/revisions"}],"predecessor-version":[{"id":86642,"href":"https:\/\/www.visit-ulcinj.com\/blog\/wp-json\/wp\/v2\/posts\/86641\/revisions\/86642"}],"wp:attachment":[{"href":"https:\/\/www.visit-ulcinj.com\/blog\/wp-json\/wp\/v2\/media?parent=86641"}],"wp:term":[{"taxonomy":"category","embeddable":true,"href":"https:\/\/www.visit-ulcinj.com\/blog\/wp-json\/wp\/v2\/categories?post=86641"},{"taxonomy":"post_tag","embeddable":true,"href":"https:\/\/www.visit-ulcinj.com\/blog\/wp-json\/wp\/v2\/tags?post=86641"}],"curies":[{"name":"wp","href":"https:\/\/api.w.org\/{rel}","templated":true}]}}