{"id":86660,"date":"2014-11-28T16:05:29","date_gmt":"2014-11-28T15:05:29","guid":{"rendered":"http:\/\/www.visit-ulcinj.com\/blog\/?p=86660"},"modified":"2014-11-28T16:05:29","modified_gmt":"2014-11-28T15:05:29","slug":"forca-e-re-demokratike-ju-uron-diten-e-flamurit","status":"publish","type":"post","link":"https:\/\/www.visit-ulcinj.com\/blog\/2014\/11\/28\/forca-e-re-demokratike-ju-uron-diten-e-flamurit\/","title":{"rendered":"Forca e Re Demokratike ju uron Dit\u00ebn e Flamurit"},"content":{"rendered":"<p><a href=\"http:\/\/www.visit-ulcinj.com\/blog\/wp-content\/uploads\/2013\/11\/G\u00ebzuar-Dit\u00ebn-e-Flamurit-Forca-e-re-demokratike.jpg\"><img loading=\"lazy\" class=\"alignleft wp-image-76675\" src=\"http:\/\/www.visit-ulcinj.com\/blog\/wp-content\/uploads\/2013\/11\/G\u00ebzuar-Dit\u00ebn-e-Flamurit-Forca-e-re-demokratike.jpg\" alt=\"G\u00ebzuar Dit\u00ebn e Flamurit - Forca e re demokratike\" width=\"508\" height=\"406\" srcset=\"https:\/\/www.visit-ulcinj.com\/blog\/wp-content\/uploads\/2013\/11\/G\u00ebzuar-Dit\u00ebn-e-Flamurit-Forca-e-re-demokratike.jpg 629w, https:\/\/www.visit-ulcinj.com\/blog\/wp-content\/uploads\/2013\/11\/G\u00ebzuar-Dit\u00ebn-e-Flamurit-Forca-e-re-demokratike-300x239.jpg 300w\" sizes=\"(max-width: 508px) 100vw, 508px\" \/><\/a>Forca e Re Demokratike ju uron Dit\u00ebn e Flamurit, 102 vjetorin e Pavar\u00ebsis\u00eb s\u00eb Shqip\u00ebris\u00eb dhe 571 vjetorin e ngritjes s\u00eb Flamurit Komb\u00ebtar!<br \/>\n28 N\u00ebntori sh\u00ebnon fest\u00ebn m\u00eb t\u00eb r\u00ebnd\u00ebsishme p\u00ebr popullin shqiptar.<\/p>\n<p>Urojm\u00eb q\u00eb kjo fest\u00eb t\u00eb sh\u00ebrbej\u00eb p\u00ebr vet\u00ebreflektim t\u00eb lider\u00ebve dhe udh\u00ebheq\u00ebsive t\u00eb partive nacionale shqiptare dhe 28 N\u00ebntori i ardhsh\u00ebm t\u00eb na gjej\u00eb m\u00eb t\u00eb bashkuar.<\/p>\n<p>G\u00ebzuar Dit\u00ebn e Flamurit t\u00eb gjith\u00eb shqiptar\u00ebve!<br \/>\nKryetari i Forc\u00ebs s\u00eb Re Demokratike,<br \/>\nNazif Cungu<\/p>\n","protected":false},"excerpt":{"rendered":"<p>Forca e Re Demokratike ju uron Dit\u00ebn e Flamurit, 102 vjetorin e Pavar\u00ebsis\u00eb s\u00eb Shqip\u00ebris\u00eb dhe 571 vjetorin e ngritjes s\u00eb Flamurit Komb\u00ebtar! 28 N\u00ebntori sh\u00ebnon fest\u00ebn m\u00eb t\u00eb r\u00ebnd\u00ebsishme p\u00ebr popullin shqiptar. Urojm\u00eb q\u00eb kjo fest\u00eb t\u00eb sh\u00ebrbej\u00eb p\u00ebr vet\u00ebreflektim t\u00eb lider\u00ebve dhe udh\u00ebheq\u00ebsive t\u00eb partive nacionale shqiptare dhe 28 N\u00ebntori i ardhsh\u00ebm t\u00eb [&hellip;]<\/p>\n","protected":false},"author":1,"featured_media":0,"comment_status":"closed","ping_status":"closed","sticky":false,"template":"","format":"standard","meta":{"spay_email":"","jetpack_publicize_message":"","jetpack_is_tweetstorm":false,"jetpack_publicize_feature_enabled":true},"categories":[2451],"tags":[],"jetpack_publicize_connections":[],"yoast_head":"<!-- This site is optimized with the Yoast SEO plugin v19.1 - https:\/\/yoast.com\/wordpress\/plugins\/seo\/ -->\n<title>Forca e Re Demokratike ju uron Dit\u00ebn e Flamurit - Lajme nga Ulqini<\/title>\n<meta name=\"description\" content=\"Forca e Re Demokratike ju uron Dit\u00ebn e Flamurit, 102 vjetorin e Pavar\u00ebsis\u00eb s\u00eb Shqip\u00ebris\u00eb dhe 571 vjetorin e ngritjes s\u00eb Flamurit Komb\u00ebtar! 28 N\u00ebntori\" \/>\n<meta name=\"robots\" content=\"index, follow, max-snippet:-1, max-image-preview:large, max-video-preview:-1\" \/>\n<link rel=\"canonical\" href=\"https:\/\/www.visit-ulcinj.com\/blog\/2014\/11\/28\/forca-e-re-demokratike-ju-uron-diten-e-flamurit\/\" \/>\n<meta property=\"og:locale\" content=\"en_US\" \/>\n<meta property=\"og:type\" content=\"article\" \/>\n<meta property=\"og:title\" content=\"Forca e Re Demokratike ju uron Dit\u00ebn e Flamurit - Lajme nga Ulqini\" \/>\n<meta property=\"og:description\" content=\"Forca e Re Demokratike ju uron Dit\u00ebn e Flamurit, 102 vjetorin e Pavar\u00ebsis\u00eb s\u00eb Shqip\u00ebris\u00eb dhe 571 vjetorin e ngritjes s\u00eb Flamurit Komb\u00ebtar! 28 N\u00ebntori\" \/>\n<meta property=\"og:url\" content=\"https:\/\/www.visit-ulcinj.com\/blog\/2014\/11\/28\/forca-e-re-demokratike-ju-uron-diten-e-flamurit\/\" \/>\n<meta property=\"og:site_name\" content=\"Lajme nga Ulqini\" \/>\n<meta property=\"article:published_time\" content=\"2014-11-28T15:05:29+00:00\" \/>\n<meta name=\"twitter:label1\" content=\"Written by\" \/>\n\t<meta name=\"twitter:data1\" content=\"ulqini\" \/>\n<script type=\"application\/ld+json\" class=\"yoast-schema-graph\">{\"@context\":\"https:\/\/schema.org\",\"@graph\":[{\"@type\":\"WebSite\",\"@id\":\"https:\/\/www.visit-ulcinj.com\/blog\/#website\",\"url\":\"https:\/\/www.visit-ulcinj.com\/blog\/\",\"name\":\"Lajme nga Ulqini\",\"description\":\"Lajme,Vijesti,Ulqini,Ulqin,Crna Gora,Mali i Zi\",\"potentialAction\":[{\"@type\":\"SearchAction\",\"target\":{\"@type\":\"EntryPoint\",\"urlTemplate\":\"https:\/\/www.visit-ulcinj.com\/blog\/?s={search_term_string}\"},\"query-input\":\"required name=search_term_string\"}],\"inLanguage\":\"en-US\"},{\"@type\":\"WebPage\",\"@id\":\"https:\/\/www.visit-ulcinj.com\/blog\/2014\/11\/28\/forca-e-re-demokratike-ju-uron-diten-e-flamurit\/#webpage\",\"url\":\"https:\/\/www.visit-ulcinj.com\/blog\/2014\/11\/28\/forca-e-re-demokratike-ju-uron-diten-e-flamurit\/\",\"name\":\"Forca e Re Demokratike ju uron Dit\u00ebn e Flamurit - Lajme nga Ulqini\",\"isPartOf\":{\"@id\":\"https:\/\/www.visit-ulcinj.com\/blog\/#website\"},\"datePublished\":\"2014-11-28T15:05:29+00:00\",\"dateModified\":\"2014-11-28T15:05:29+00:00\",\"author\":{\"@id\":\"https:\/\/www.visit-ulcinj.com\/blog\/#\/schema\/person\/dcab619c614d3038751c63bc2aadc06d\"},\"description\":\"Forca e Re Demokratike ju uron Dit\u00ebn e Flamurit, 102 vjetorin e Pavar\u00ebsis\u00eb s\u00eb Shqip\u00ebris\u00eb dhe 571 vjetorin e ngritjes s\u00eb Flamurit Komb\u00ebtar! 28 N\u00ebntori\",\"breadcrumb\":{\"@id\":\"https:\/\/www.visit-ulcinj.com\/blog\/2014\/11\/28\/forca-e-re-demokratike-ju-uron-diten-e-flamurit\/#breadcrumb\"},\"inLanguage\":\"en-US\",\"potentialAction\":[{\"@type\":\"ReadAction\",\"target\":[\"https:\/\/www.visit-ulcinj.com\/blog\/2014\/11\/28\/forca-e-re-demokratike-ju-uron-diten-e-flamurit\/\"]}]},{\"@type\":\"BreadcrumbList\",\"@id\":\"https:\/\/www.visit-ulcinj.com\/blog\/2014\/11\/28\/forca-e-re-demokratike-ju-uron-diten-e-flamurit\/#breadcrumb\",\"itemListElement\":[{\"@type\":\"ListItem\",\"position\":1,\"name\":\"Forca e Re Demokratike ju uron Dit\u00ebn e Flamurit\"}]},{\"@type\":\"Person\",\"@id\":\"https:\/\/www.visit-ulcinj.com\/blog\/#\/schema\/person\/dcab619c614d3038751c63bc2aadc06d\",\"name\":\"ulqini\",\"sameAs\":[\"http:\/\/www.visit-ulcinj.com\"],\"url\":\"https:\/\/www.visit-ulcinj.com\/blog\/author\/admin\/\"}]}<\/script>\n<!-- \/ Yoast SEO plugin. -->","yoast_head_json":{"title":"Forca e Re Demokratike ju uron Dit\u00ebn e Flamurit - Lajme nga Ulqini","description":"Forca e Re Demokratike ju uron Dit\u00ebn e Flamurit, 102 vjetorin e Pavar\u00ebsis\u00eb s\u00eb Shqip\u00ebris\u00eb dhe 571 vjetorin e ngritjes s\u00eb Flamurit Komb\u00ebtar! 28 N\u00ebntori","robots":{"index":"index","follow":"follow","max-snippet":"max-snippet:-1","max-image-preview":"max-image-preview:large","max-video-preview":"max-video-preview:-1"},"canonical":"https:\/\/www.visit-ulcinj.com\/blog\/2014\/11\/28\/forca-e-re-demokratike-ju-uron-diten-e-flamurit\/","og_locale":"en_US","og_type":"article","og_title":"Forca e Re Demokratike ju uron Dit\u00ebn e Flamurit - Lajme nga Ulqini","og_description":"Forca e Re Demokratike ju uron Dit\u00ebn e Flamurit, 102 vjetorin e Pavar\u00ebsis\u00eb s\u00eb Shqip\u00ebris\u00eb dhe 571 vjetorin e ngritjes s\u00eb Flamurit Komb\u00ebtar! 28 N\u00ebntori","og_url":"https:\/\/www.visit-ulcinj.com\/blog\/2014\/11\/28\/forca-e-re-demokratike-ju-uron-diten-e-flamurit\/","og_site_name":"Lajme nga Ulqini","article_published_time":"2014-11-28T15:05:29+00:00","twitter_misc":{"Written by":"ulqini"},"schema":{"@context":"https:\/\/schema.org","@graph":[{"@type":"WebSite","@id":"https:\/\/www.visit-ulcinj.com\/blog\/#website","url":"https:\/\/www.visit-ulcinj.com\/blog\/","name":"Lajme nga Ulqini","description":"Lajme,Vijesti,Ulqini,Ulqin,Crna Gora,Mali i Zi","potentialAction":[{"@type":"SearchAction","target":{"@type":"EntryPoint","urlTemplate":"https:\/\/www.visit-ulcinj.com\/blog\/?s={search_term_string}"},"query-input":"required name=search_term_string"}],"inLanguage":"en-US"},{"@type":"WebPage","@id":"https:\/\/www.visit-ulcinj.com\/blog\/2014\/11\/28\/forca-e-re-demokratike-ju-uron-diten-e-flamurit\/#webpage","url":"https:\/\/www.visit-ulcinj.com\/blog\/2014\/11\/28\/forca-e-re-demokratike-ju-uron-diten-e-flamurit\/","name":"Forca e Re Demokratike ju uron Dit\u00ebn e Flamurit - Lajme nga Ulqini","isPartOf":{"@id":"https:\/\/www.visit-ulcinj.com\/blog\/#website"},"datePublished":"2014-11-28T15:05:29+00:00","dateModified":"2014-11-28T15:05:29+00:00","author":{"@id":"https:\/\/www.visit-ulcinj.com\/blog\/#\/schema\/person\/dcab619c614d3038751c63bc2aadc06d"},"description":"Forca e Re Demokratike ju uron Dit\u00ebn e Flamurit, 102 vjetorin e Pavar\u00ebsis\u00eb s\u00eb Shqip\u00ebris\u00eb dhe 571 vjetorin e ngritjes s\u00eb Flamurit Komb\u00ebtar! 28 N\u00ebntori","breadcrumb":{"@id":"https:\/\/www.visit-ulcinj.com\/blog\/2014\/11\/28\/forca-e-re-demokratike-ju-uron-diten-e-flamurit\/#breadcrumb"},"inLanguage":"en-US","potentialAction":[{"@type":"ReadAction","target":["https:\/\/www.visit-ulcinj.com\/blog\/2014\/11\/28\/forca-e-re-demokratike-ju-uron-diten-e-flamurit\/"]}]},{"@type":"BreadcrumbList","@id":"https:\/\/www.visit-ulcinj.com\/blog\/2014\/11\/28\/forca-e-re-demokratike-ju-uron-diten-e-flamurit\/#breadcrumb","itemListElement":[{"@type":"ListItem","position":1,"name":"Forca e Re Demokratike ju uron Dit\u00ebn e Flamurit"}]},{"@type":"Person","@id":"https:\/\/www.visit-ulcinj.com\/blog\/#\/schema\/person\/dcab619c614d3038751c63bc2aadc06d","name":"ulqini","sameAs":["http:\/\/www.visit-ulcinj.com"],"url":"https:\/\/www.visit-ulcinj.com\/blog\/author\/admin\/"}]}},"jetpack_featured_media_url":"","jetpack_sharing_enabled":true,"jetpack_shortlink":"https:\/\/wp.me\/pe6lTn-mxK","_links":{"self":[{"href":"https:\/\/www.visit-ulcinj.com\/blog\/wp-json\/wp\/v2\/posts\/86660"}],"collection":[{"href":"https:\/\/www.visit-ulcinj.com\/blog\/wp-json\/wp\/v2\/posts"}],"about":[{"href":"https:\/\/www.visit-ulcinj.com\/blog\/wp-json\/wp\/v2\/types\/post"}],"author":[{"embeddable":true,"href":"https:\/\/www.visit-ulcinj.com\/blog\/wp-json\/wp\/v2\/users\/1"}],"replies":[{"embeddable":true,"href":"https:\/\/www.visit-ulcinj.com\/blog\/wp-json\/wp\/v2\/comments?post=86660"}],"version-history":[{"count":1,"href":"https:\/\/www.visit-ulcinj.com\/blog\/wp-json\/wp\/v2\/posts\/86660\/revisions"}],"predecessor-version":[{"id":86661,"href":"https:\/\/www.visit-ulcinj.com\/blog\/wp-json\/wp\/v2\/posts\/86660\/revisions\/86661"}],"wp:attachment":[{"href":"https:\/\/www.visit-ulcinj.com\/blog\/wp-json\/wp\/v2\/media?parent=86660"}],"wp:term":[{"taxonomy":"category","embeddable":true,"href":"https:\/\/www.visit-ulcinj.com\/blog\/wp-json\/wp\/v2\/categories?post=86660"},{"taxonomy":"post_tag","embeddable":true,"href":"https:\/\/www.visit-ulcinj.com\/blog\/wp-json\/wp\/v2\/tags?post=86660"}],"curies":[{"name":"wp","href":"https:\/\/api.w.org\/{rel}","templated":true}]}}