{"id":86679,"date":"2014-11-28T18:32:10","date_gmt":"2014-11-28T17:32:10","guid":{"rendered":"http:\/\/www.visit-ulcinj.com\/blog\/?p=86679"},"modified":"2014-11-28T18:57:12","modified_gmt":"2014-11-28T17:57:12","slug":"themelues-i-shtetit-te-pare-shqiptar-ismaili-qemail-bej-vlora","status":"publish","type":"post","link":"https:\/\/www.visit-ulcinj.com\/blog\/2014\/11\/28\/themelues-i-shtetit-te-pare-shqiptar-ismaili-qemail-bej-vlora\/","title":{"rendered":"THEMELUES I SHTETIT T\u00cb PAR\u00cb SHQIPTAR ISMAILI QEMAIL BEJ VLORA"},"content":{"rendered":"<p><strong><a href=\"http:\/\/www.visit-ulcinj.com\/blog\/wp-content\/uploads\/2014\/11\/Ismail-Qemali.jpg\"><img loading=\"lazy\" class=\"alignleft wp-image-86680 size-full\" src=\"http:\/\/www.visit-ulcinj.com\/blog\/wp-content\/uploads\/2014\/11\/Ismail-Qemali.jpg\" alt=\"Ismail-Qemali\" width=\"245\" height=\"236\" \/><\/a>Shkruan:Haxhi Zeneli<\/strong><\/p>\n<p>Themelimi i shtetit Shqiptar me 28 N\u00ebntor 1912,\u00ebsht\u00eb nj\u00eb nd\u00ebr festat m\u00eb t\u00eb r\u00ebnd\u00ebsish\u00ebme q\u00eb feston popullin yn\u00eb.Fest\u00eb e cila m\u00eb shum\u00eb se nj\u00eb shekull,shqiptar\u00ebt mblodh\u00ebn forcat intelektuale br\u00ebnda dhe jasht\u00eb Shqip\u00ebris\u00eb,p\u00ebr t\u00eb legjitimuar shtetin e tyre.Shqiptar\u00ebt gjat\u00eb 5 shekujve,ishin l\u00ebn\u00eb pas dore,jo vet\u00ebm si v\u00ebnd,por edhe si popull i pa zhvilluar dhe i pa shkolluar,ishin l\u00ebn\u00eb n\u00eb &#8220;kaos&#8221; nga sundimi Osman.<\/p>\n<p>Shumica e shqiptar\u00ebve ishin l\u00ebn\u00eb n\u00eb mshir\u00ebn e koh\u00ebs.Analfabetizmi,dogmatizmi dhe varf\u00ebria i kishte shkat\u00ebrruar.Synimet nga otoman\u00ebt,p\u00ebr ti sh\u00ebndrruar popullin shqiptar n\u00eb popull turk,kishte pas efekt,shumica e muslimaneve shqiptar t\u00eb pa shkolluar e quanin vet\u00ebn&#8221;turq&#8221;.Shqip\u00ebtar\u00ebt ishin privuar nga lirit elementare t\u00eb sundimit Osman.M\u00eb e r\u00ebnd\u00ebsishmja ishte q\u00eb k\u00ebti popull ishte ndaluar shkollimi dhe edukimi n\u00eb gjuh\u00ebn e tyre.Edhe n\u00ebse kishte pas ndonj\u00eb tentativ\u00eb p\u00ebr hapje t\u00eb shkollave shqipe,autor\u00ebt menj\u00ebher\u00eb jan\u00eb kapur duke i malltr\u00ebtuar dhe eliminuar.Ata q\u00eb ishin shkolluar,kan\u00eb qen\u00eb t\u00eb detyruar t\u00eb dalin jasht\u00eb&#8221;vilajetit&#8221;,kan\u00eb shkuar p\u00ebr n\u00eb :Turqi,Greqi,Egjypt,Rumani,Bullgari etj.Pas dob\u00ebsimit t\u00eb Perandoris Osmane,Shqip\u00ebrin filluan ta sulmonin armiq\u00ebt e saj\u00eb t\u00eb p\u00ebrbetuar t\u00eb cil\u00ebt:&#8221;rrinin si korbat mbi trupin e plagosur&#8221;ishin b\u00ebr\u00eb gati p\u00ebr ta shqyer viktim\u00ebn.Donin ta coptonin Shqip\u00ebrin\u00eb,dhe ta b\u00ebnin pjes\u00eb t\u00eb tokave t\u00eb tyre.Serbet,bullgar\u00ebt,malazez\u00ebt,grek\u00ebt me aleatin e tyre Rusin,q\u00eb kishte pretendimet e dominimit t\u00eb Ballkanit.Pra t\u00eb gjith\u00eb k\u00ebta ishin okupator\u00ebt,q\u00eb coptuan troj\u00ebt shqiptare,me ndihm\u00ebn e Fuqive t\u00eb M\u00ebdha,q\u00eb u luanin &#8220;vall\u00ebn e interesave&#8221;q\u00eb mos t\u00eb ju prish\u00ebt harmonija t\u00eb tyre.<\/p>\n<p>Patriot\u00ebt shqiptar me disa miq t\u00eb tyre,duke par\u00eb se \u00e7far\u00eb po ndodh\u00ebte me Shqip\u00ebrin,ata tubuan kokat dhe bashkuan mendjet p\u00ebr ta b\u00ebr\u00eb Shqip\u00ebrin.<\/p>\n<p>Shqiptar\u00ebt filluan nj\u00eb kapitull t\u00eb ri t\u00eb historis\u00eb.Nj\u00eb histori e cila m\u00eb von\u00eb do t\u00eb shkruh\u00ebt me shkronja t\u00eb arta\u00a0\u00a0 p\u00ebr popullin shqiptar,dhe p\u00ebr tu skalitur m\u00eb pas n\u00eb lapidarin e liris\u00eb.Kjo detyr\u00eb e themelimit t\u00eb shtetit t\u00eb par\u00eb Shqip\u00ebtar,i ra mbi supe q\u00eb ta \u00e7oj\u00eb deri n\u00eb fund,plakut me mjaft\u00eb p\u00ebrvoj\u00eb politike t\u00eb asaj\u00eb kohe:Ismail Qemail Bej Vlor\u00ebs,apo si\u00e7 e quanin m\u00eb von\u00eb,Ismail Qemali.<\/p>\n<p>Ismail Qemali niset p\u00ebr n\u00eb Vlor\u00eb s\u00eb bashku me Luigj Gurakuqin dhe dy djem\u00ebt e ti p\u00ebr t\u00eb shpallur pavar\u00ebsin,bash aty ku kishte lindur Ismail Qemali vet\u00eb,pra n\u00eb sht\u00ebpin e Vloraj\u00ebve.Prapa Ismail Qemalit u rradhit\u00ebn edhe burra me nam\u00eb si:Isa Boletinin,Dom Nikoll Ka\u00e7orrin,Bedri Pejani,Rexhep Mitrovica,Vehbi Agolli,Jani Minga,Abdi Bej Toptani,Pandeli Cale,Mit&#8217;hat Frash\u00ebri etj.N\u00eb shpallj\u00ebn e pavar\u00ebsis mor\u00ebn pjes\u00eb 83 delegat nga t\u00eb gjitha krahinat dhe qytete shqiptare.<\/p>\n<p>Kjo detyr\u00eb ishte me p\u00ebrgjegj\u00ebsi dhe rreziqe t\u00eb parapara,e cila k\u00ebrkonte nj\u00eb sakrific\u00eb t\u00eb madhe.Gjat\u00eb k\u00ebti udh\u00ebtimi p\u00ebr n\u00eb Vlor\u00eb,kundra Ismail Qemalit, u l\u00ebshuan disa flet\u00ebarreste.Por fati i ti dhe i kombit,ishte q\u00eb ajo nuk ndodhi.Kishte edhe delagat t\u00eb tjer\u00eb q\u00eb nuk kishin mundur t\u00eb marrin pjes\u00eb,p\u00ebr shkak t\u00eb burgosjes s\u00eb tyre apo luftimeve q\u00eb ishin implikuar.Pra nga udh\u00ebheq\u00ebsit e tjer\u00eb kosovar\u00eb,p\u00ebr shkak t\u00eb rrethanave t\u00eb luft\u00ebs,nuk mund\u00ebn t\u00eb merrnin pjes\u00eb si\u00e7 ishin:Hasan Prishtina,Nexhip Draga,Idriz Seferi, Sait Hoxha etj,t\u00eb cil\u00ebt ndodheshin n\u00eb burgun e Beogradit,si edhe Bajram Curri,i cili ishte nisur p\u00ebr n\u00eb Kuvend,por u pengua nga luftimet gjat\u00eb rrug\u00ebs.<\/p>\n<p>Patriot\u00ebt e kombit nuk u zbraps\u00ebn nga rruga e tyre q\u00eb kishin nisur,ku s\u00eb bashku me plakun mjek\u00ebrrbardh\u00eb Ismail Qemalin,u nis\u00ebn n\u00eb k\u00ebt\u00eb rrug\u00eb t\u00eb shenj\u00ebt pa kthim,p\u00ebr ta \u00e7uar amanetin e &#8220;Lidhjes s\u00eb Prizrenit&#8221; n\u00eb vend.<\/p>\n<p>P\u00ebr k\u00ebt\u00eb hero dhe baba t\u00eb kombit,ka shum\u00eb p\u00ebr t\u00eb folur.<\/p>\n<p>Mbet\u00ebt nj\u00eb detyr\u00eb e historian\u00ebve,q\u00eb t\u00eb hulumtoh\u00ebt edhe m\u00eb tep\u00ebr p\u00ebr Ismail Qemail Vlor\u00ebn.<\/p>\n<p>P\u00ebr Ismail Qemalin na dalin fakte t\u00eb reja,dhe akoma nuk \u00ebsht\u00eb zbardhur n\u00eb t\u00ebr\u00ebsi historija e krijuesit t\u00eb shtetit Shqiptar.<\/p>\n<p>&nbsp;<\/p>\n<p><strong><em>\u00a0<\/em><\/strong><\/p>\n<p><strong><em>\u00a0<\/em><\/strong><\/p>\n<p><strong><em>ISMAIL QEMAIL BEJ VLORA,FAMILJA,DHE VDEKJA MBET<\/em><\/strong><strong><em>\u00cb<\/em><\/strong><strong><em>N NJ<\/em><\/strong><strong><em>\u00cb<\/em><\/strong><strong><em> ENIG<\/em><\/strong><strong><em>\u00cb<\/em><\/strong><strong><em>M!<\/em><\/strong><\/p>\n<p>Ismail Qemali,ka lindur n\u00eb Kanin,Vlor\u00eb me 16-10-1846.Rridh\u00ebte nga nj\u00eb familje patriotike dhe e pasur e vloraj\u00ebve.St\u00ebrgjyshi i ti,Sinan Pasha ka qen\u00eb Vezir admiral n\u00eb shekullin XVI,i cili ka marr Libin.Edhe Gjyshi i Ismail Qemalit,Ismail Beu,kishte qen\u00eb shok i Ali Pash\u00eb Tepelen\u00ebs,ku n\u00eb vitin 1821 kishin luftuar kundra grek\u00ebrve q\u00eb donin t\u00eb pushtonin Jugun e Shqip\u00ebris.<\/p>\n<p>Ismail Qemali,shkoll\u00ebn fillore e kreu n\u00eb Vlor\u00eb,pas k\u00ebsaj\u00eb ai vazhdoj\u00eb n\u00eb gjimnazin&#8221;Zosimea&#8221;t\u00eb Janin\u00ebs,n\u00eb nj\u00eb shkoll\u00eb shum\u00eb me prestigje t\u00eb larta,dhe aty u dallua si student i shkelqyer.N\u00eb mosh\u00ebn 16 vje\u00e7e babai i ti,me an\u00ebn e disa miq\u00ebve e d\u00ebrgon p\u00ebr t\u00eb studijuar n\u00eb Stamboll\u00eb,ku atje m\u00eb von\u00eb,fal\u00eb intelegjenc\u00ebs s\u00eb ti,arriti pozitat m\u00eb t\u00eb larta,ku ishte edhe bashk\u00ebhartues i kushtetut\u00ebs osmane t\u00eb vitit 1876,ishte erdhe kryetar i parlamentit,e shum\u00eb pozita t\u00eb tjera.<\/p>\n<p>Ismal Qemali,zotronte mir\u00eb gjuh\u00ebn:Shqipe,Turqishte,Greqishte dhe Anglishte.<\/p>\n<p>P\u00ebr gazet\u00ebn&#8221;Panarama&#8221;shkruen gazetari Roland Qafoku n\u00eb hulumtimet e tija q\u00eb ka b\u00ebr\u00eb p\u00ebr babain e themelimit t\u00eb shtetit Shqipetar thot\u00eb se:Ismail Qemalit,:&#8221;nuk i dih\u00ebj dit\u00eblindja e sak\u00ebt e lindj\u00ebs,ku p\u00ebr 50 vite,nga sistemi komunist,n\u00eb t\u00eb gjitha librat e historis shkruhej vet\u00ebm viti 1846,pa dat\u00ebn dhe muejin e lindjes&#8221;.Gjat\u00eb k\u00ebtyre viteve Ismailit ju \u00ebsht\u00eb shkruar dita dhe data e vdekjes me t\u00eb nj\u00ebjt\u00ebn dit\u00eb.<\/p>\n<p>Ku sipas historianit turk me p\u00ebrardh\u00ebje shqiptare Nexhip Alpan,n\u00eb librin e tij,&#8221;Shqiptar\u00ebt n\u00eb Perandorin Osmane&#8221;sipas arkivave q\u00eb ka hulumtuar,shkruan se:Ismail Bej Vlora ka lindur me 16-10-1846,pra \u00ebsht\u00eb nj\u00eb koin\u00e7idenc\u00eb q\u00eb t\u00eb ken\u00eb lindur me t\u00eb nj\u00ebjt\u00ebn dit\u00ebtlindje me t\u00eb Enver Hoxh\u00ebs.<\/p>\n<p>Ju nd\u00ebrrua edhe emri,duke ju shlyar emri i familj\u00ebs Vlora,n\u00eb at\u00eb q\u00eb edhe sot shqiptar\u00ebt vazhdojn\u00eb ta quejn me emrin Ismail Qemali.Ismail Qemail Bej Vlora ishte em\u00ebri i ti i v\u00ebrtet\u00eb,ku &#8220;Bej&#8221; ishte titull p\u00ebr njer\u00ebzit q\u00eb sh\u00ebrbenin pran\u00eb port\u00ebs s\u00eb lart\u00eb n\u00eb at\u00eb koh\u00eb.Ismail Qemali Vlora,u martua 2 her\u00eb.Grueja e par\u00eb quhej Nasipe Panemi.Kjo martes\u00eb nuk p\u00ebrfundoj\u00eb me fat.Pas nj\u00eb viti,Nasipja vdiq n\u00eb lindje bashk\u00eb me foshnj\u00ebn,ku ai u d\u00ebshprua shum\u00eb.<\/p>\n<p>M\u00eb von\u00eb Ishte martuar me nj\u00eb greke,e quajtur Kleoniqi Sumerli,e cila kishte qen\u00eb shum\u00eb e bukur,dhe ai u dashurua n\u00eb shikim t\u00eb par\u00eb,ku edhe e grabiti.<\/p>\n<p>Kjo gru i lindi 10 femij:6 djem\u00eb dhe 4 vajza,e cila nuk ju nda Imailit deri n\u00eb vdekje.<\/p>\n<p>Nga t\u00eb af\u00ebrmit e Ismail Qemalit thuh\u00ebt se,kjo grue nuk u duke asnj\u00ebher\u00eb n\u00eb familj\u00ebn Vlora.<\/p>\n<p>Ajo jetonte nj\u00eb jet\u00eb shum\u00eb private dhe t\u00eb izoluar nga publiku.Vdiq nj\u00eb vit para Ismail Qemalit,n\u00eb vitin 1918.Ajo vdiq n\u00eb Spanj\u00eb,ku pran saj\u00eb u gjind djali Qamili.Varri i saj gjindet n\u00eb Madrid t\u00eb Spanj\u00ebs,pothuajse i harruar nga t\u00eb gjith\u00eb ne.E cila meriton nj\u00eb rrespekt desht\u00ebm apo nuk desht\u00ebm,kjo ishte gruaje e par\u00eb e shtetit Shqiptar.K\u00ebtu ka nj\u00eb gj\u00eb interesante tek ne shqiptar\u00ebt,q\u00eb grat\u00eb e dy horonj\u00ebve t\u00eb mdhenj\u00eb t\u00eb historis s\u00eb Shqip\u00ebris,varret e tyre gjinden jasht\u00eb shtetit,pra bashk\u00ebshort\u00ebs s\u00eb themeluesit t\u00eb shtetit Shqiptar Ismail Qemal Vlor\u00ebs,n\u00eb Madrid,dhe Donikes,bashk\u00ebshort\u00ebs s\u00eb Skenderbeut,po n\u00eb t\u00eb nj\u00ebjtin shtet,n\u00eb Valencia.<\/p>\n<p>Ismaili nuk e solli asnj\u00ebher\u00eb k\u00ebt\u00eb grua n\u00eb familjen vlora,sepse nuk ishte zakon q\u00eb ata ti sill\u00ebshin grat n\u00eb familje n\u00ebse ishin t\u00eb huaje,k\u00ebshtu q\u00eb Kleoniqi,jetoj\u00eb nj\u00eb jet\u00eb shum\u00eb private deri sa vdiq n\u00eb Spanj\u00eb.<\/p>\n<p><strong><em>Kush ishte <\/em><\/strong><strong><em>Kleoniqi Surmeli<\/em><\/strong><strong><em>,dhe nga e kishte prejardhjen?<\/em><\/strong><\/p>\n<p>Babai i saj ishte nga Sofja,dhe n\u00ebn\u00ebn e kishte greke t\u00eb krishter\u00eb,dhe p\u00ebr k\u00ebt\u00eb e quanin greke, sepse nuk ishte e besimit musliman,na shpjegon historijani,Prof,Dr.Bardhosh Ga\u00e7e,ku thot\u00eb se:&#8221;Ismailin shpesh her\u00eb edhe e kan\u00eb akuzuar si progrek p\u00ebr k\u00ebt\u00eb arsy,kur\u00eb \u00ebsht\u00eb e vertetuar se grueja e ti ishte \u00e7ame e krishter\u00eb&#8221;.<\/p>\n<p>Ismail Qemali ishte njeri i madh\u00eb dhe sh\u00ebrb\u00ebtor i madh\u00eb i port\u00ebs s\u00eb lart\u00eb,ai u d\u00ebnua me vdekje nga porta e lart\u00eb,kinse p\u00ebr tradh\u00ebtir ndaj\u00eb Port\u00ebs s\u00eb Lart\u00eb.Ishte liberal dhe politikan i shquar.Kur erdhi t\u00eb b\u00ebj\u00eb shpalljen e pavar\u00ebsis n\u00eb Vlor\u00eb,ai tinzisht u ndihmue nga dy anije Austrohungareze q\u00eb t\u00eb hynte n\u00eb Shqip\u00ebri,pikrisht n\u00eb Durr\u00ebs,ku aty nuk u prit\u00eb mir\u00eb nga nj\u00eb turm\u00eb njer\u00ebzish,q\u00eb thonin nuk e tradh\u00ebtojn\u00eb Turqin.Sepse Ismaili,q\u00eb aty deshti t\u00eb ngris flamurin,por nuk u lejua,dhe ati si mbeti gj\u00eb tjet\u00ebr bashk me Luigj Gurakaqin dhe djem\u00ebt e ti,vazhduan udh\u00ebtimin p\u00ebr n\u00eb Vlor\u00eb.Vendi po u pushtonte nga serbet dhe grek\u00ebt q\u00eb b\u00ebjshin progresin n\u00eb hyrje t\u00eb cil\u00ebt kishin arritur deri n\u00eb Lezh\u00eb,dhe po i afroh\u00ebshin Durrsit.<\/p>\n<p>Ismail Qemali,ishte k\u00ebrc\u00ebnuar disa her\u00eb me vdekje,ku me dat\u00ebn 7 shtator 1901 nj\u00eb gazet\u00eb greke &#8220;Satiria&#8221;,shkruen p\u00ebr tentativa q\u00eb k\u00ebrc\u00ebnohej me eleminim.Ismail Qemali n\u00eb k\u00ebt\u00eb rast i drejtohet nje anije angleze per ta qitur jasht\u00eb Ship\u00ebris.Ishte koha e p\u00ebrndjekjes s\u00eb sulltanit ndaj Ismail Qemail Vlores.<\/p>\n<p>Gani Toptani,i v\u00ebllaj Esat Pash Toptanit,ishte nje agjent i sulltanit dhe nuk ishte hera e par\u00eb q\u00eb ai kishte b\u00ebr\u00eb vrasje direkte p\u00ebr sulltanin.Ganiu i \u00e7on fjal\u00eb q\u00eb ishte i angazhuar p\u00ebr vrasjen e Ismail Qemalit,por ai kishte garantuar se nuk do ta vriste Ismail Qemalin.Dhe n\u00eb rast se sulltani do ta detyronte k\u00ebt\u00eb,ai do t\u00eb arratisej ose do vras vet\u00ebn.<\/p>\n<p>Ku p\u00ebr \u00e7udi,n\u00eb nj\u00eb rast me nj\u00eb shokun e ti,Gani Toptani duke luajtur me arm\u00eb,ai thuh\u00ebt se asksidentalisht vret vet\u00ebn.Pra kuptoh\u00ebt se rrug\u00ebn q\u00eb mori Ismail Qemali,p\u00ebr shpallj\u00ebn e pavar\u00ebsis,ishte shum\u00eb me rrezik,ku mund\u00ebnin edhe ta eliminonin,dhe kjo tregon kjart\u00eb se Plaku nuk u frigua nga rruga q\u00eb kishte zgjedhur,dhe se s&#8217;kishte gj\u00eb q\u00eb ti ndrronte mend\u00ebjen.<\/p>\n<p>&#8220;Kurse d\u00ebnimi me vdekje i Ismail Qemalit nga Porta e Lart\u00eb nuk \u00ebsht\u00eb hequr,jo vet\u00ebm ati,por edhe shum\u00eb atyre q\u00eb kan\u00eb marr pjes\u00eb n\u00eb shpallj\u00ebn e pavar\u00ebsis&#8221;.<\/p>\n<p>Kur u b\u00eb Konferenca e Parisit,Ismaili donte patjet\u00ebr t\u00eb merrte pjes\u00eb n\u00eb at\u00eb mbledhje,por Esat Pash Toptani b\u00ebnte \u00e7&#8217;mos q\u00eb ai mos t\u00eb hynte aty.Drejt\u00eb Parisit u nis\u00ebn edhe shum\u00eb delegacione shqiptare,porse si &#8220;P\u00ebrfaq\u00ebsues t\u00eb qeveris\u00eb shqiptare,t\u00eb till\u00eb si Esat Pasha apo Vilhelm Vidi,q\u00eb ky i fundit nuk mori kurr\u00eb pjes\u00eb n\u00eb Konferenc\u00eb,por Esat Pasha u paraqit atje n\u00eb prill 1919,duke u vet\u00ebcil\u00ebsuar si presidenti shqiptar dhe p\u00ebr k\u00ebt\u00eb i referohej njohj\u00ebs q\u00eb ai pat\u00eb marr\u00eb nga qeveria e Rom\u00ebs dhe e Parisit.<\/p>\n<p>Delegacione t\u00eb tjera vinin nga kolonit\u00eb shqiptare t\u00eb Rumanis\u00eb,Zvicr\u00ebs dhe Shteteve t\u00eb Bashkuara,kryesisht nga shoq\u00ebria &#8220;Vatra&#8221;.<\/p>\n<p>Me hapjen e Konferenc\u00ebs s\u00eb paq\u00ebs me 19 janar 1919,&#8221;shqiprija&#8221; nuk njih\u00ebj m\u00eb nd\u00ebrkomb\u00ebtarisht si shtet i pavarur&#8221;.<\/p>\n<p>Ismail Qemali p\u00ebr t\u00eb arritur n\u00eb Konferenc\u00ebn e Parisit,ai kerkon ndihm\u00ebn e Italianeve duke menduar se do ta ndihmonin si n\u00eb 1912,por p\u00ebrkundrazi,ate e ndaluan dhe e mbajt\u00ebn t\u00eb bllokuar n\u00eb Perugjia,duke i th\u00ebn\u00eb:&#8221;se \u00ebsht\u00eb \u00e7\u00ebshtje e dit\u00ebs&#8221;,dhe se do ta lironin pas pak\u00eb.<\/p>\n<p>N\u00eb qytetin e Perugjia,Ismail Qmajli qendroj nj\u00eb muaj.Mbas pak e kuptoj\u00eb se kjo loj\u00eb,e t\u00ebra kishte qen\u00eb kurth\u00eb.Dhe p\u00ebr fat t\u00eb keq,Ismail Qemali nuk u lejua t\u00eb shkoj\u00eb n\u00eb Konferenc\u00eb,e cila ishte nj\u00eb humbje e madhe p\u00ebr shqiptar\u00ebt,ata e dinin aft\u00ebsin e Ismail Qemalit,dhe nuk do ta kinin t\u00eb leht\u00eb q\u00eb ta manipulonin,sepse ai kishte nj\u00eb eksperienc\u00eb t\u00eb madhe n\u00eb fush\u00ebn politike.<\/p>\n<p>Aty ai i shkruan nj\u00eb let\u00ebr kryeministrit Orlando,ku pas shkrimit shif\u00ebt qart\u00eb nervozizmi i ti trondit\u00ebs,ku e denancon at\u00eb.Ismail Qemali t\u00eb nes\u00ebrmen kishte mbledhje p\u00ebr shtyp me gazetar\u00ebt n\u00eb hotelin &#8220;Brofani&#8221; n\u00eb Perugja,aty ndodh\u00eb ajo m\u00eb e keq\u00ebja:vdekja shokuese.<\/p>\n<p>Nj\u00eb shokim p\u00ebr t\u00eb gjith\u00eb,edhe p\u00ebr djem\u00ebt e ti q\u00eb su ndan\u00eb asnj\u00ebher\u00eb prej babait t\u00eb tyre,ku fjal\u00ebt e fundit ishin:&#8221;Me hang\u00ebr me t\u00eb pa bes\u00eb&#8221;.Djali i ti Et\u00ebhem Beu ja kishte treguar k\u00ebt\u00eb ngjar\u00ebje,n\u00eb at\u00eb koh\u00eb,kryetarit t\u00eb bashkish Ali Asllanit,duke ja p\u00ebrshkruar k\u00ebshtu :&#8221;Nje dit\u00eb i pergatit\u00ebn babait nj\u00eb konferenc\u00eb p\u00ebr gazetar\u00ebt pas buke,ai hyri n\u00eb sallon ku e prisnin korrespodent\u00ebt.Q\u00eb n\u00eb fjalit\u00eb e para i zverdhur dhe i l\u00ebkundur,nisi t\u00eb b\u00eblb\u00ebzoj\u00eb e t\u00eb mos lidh\u00ebte dot fjal\u00ebt.K\u00ebrkoj ta \u00e7onim n\u00eb banj\u00eb.Atje e mbyti shkuma dhe t\u00eb vjell\u00ebt&#8221;,dhe dyshimi ishte,se di\u00e7ka i ishte hedhur n\u00eb dy filxhan\u00ebt e kafes q\u00eb kishin pir\u00eb n\u00eb barin e hotelit para se t\u00eb fillonte konferenca.Plaku ndrroj\u00eb jet\u00eb n\u00eb ora 23:30 minuta e dat\u00ebs 24 Janar 1919,n\u00eb mosh\u00ebn 75 vje\u00e7e.Nd\u00ebrsa i biri Et\u00ebhemi kaloj\u00eb n\u00eb spitale me shum\u00eb peripeci,por fal\u00eb fizikut t\u00eb ti prej ushtaraku ai shp\u00ebtoj,por gjat\u00eb t\u00ebr\u00eb jet\u00ebs s\u00eb ti,pasojat e k\u00ebti helmimi i ka vuajtur.Kjo ngjar\u00ebje t\u00eb vdekjes misterioze,ende nuk kan\u00eb gjetur p\u00ebrgjigje t\u00eb duhura,thuh\u00ebt nga familjar\u00ebt e Ismail Qemalit,t\u00eb cil\u00ebt shtrojn\u00eb shum\u00eb pyetje p\u00ebr tu p\u00ebrgjigjur,si p\u00ebr shembull:P\u00ebrse trupi i Ismail Qemalit u ballsamua,duke ju ncjerrur t\u00eb gjitha organet e trupit?p\u00ebrse nuk u b\u00ebn\u00eb perpjek\u00ebjet mjeksore p\u00ebr ta shp\u00ebtuar?p\u00ebrse nuk \u00ebsht\u00eb kryer autopsia e kufom\u00ebs?p\u00ebrse u mbajt i izoluar n\u00eb hotel?,\u00e7ka ishte parapar nga Ismail Qemali t\u00eb thuhesh n\u00eb konferenc\u00ebn q\u00eb prisnin gazetaret?p\u00ebrse pro\u00e7esverbali i policis nuk kishte t\u00eb dh\u00ebna t\u00eb detajuara?kush ishin shqiptaret q\u00eb udhtuan n\u00eb Perugja dhe qendruan aty p\u00ebr 5 or\u00eb,dhe u larguan para se t\u00eb vdiste po ate dit\u00eb?p\u00ebrse pronari i hotelit thoshte djali i ti:&#8221;se i ati e kishte peng vdekjen misterioze t\u00eb Ismail Qemalit?.<\/p>\n<p>Pra k\u00ebto jan\u00eb disa nga pyetjet q\u00eb ende k\u00ebrkojn\u00eb p\u00ebrgjigje p\u00ebr vdekjen e Ismail Qemalit.<\/p>\n<p>Ismail Qemali,ka vdekur n\u00eb rrethana t\u00eb dyshimta,prandaj nuk mund t\u00eb themi asgj\u00eb deri sa nuk kemi hulumtime t\u00eb fakteve.<\/p>\n<p>Pronari i hotelit kishte qen\u00eb edhe n\u00eb varrimin e Ismail Qemalit i cili kishte hequr shpenzimet e bartj\u00ebs s\u00eb kufom\u00ebs prej Perugjes deri n\u00eb Brindisi,si\u00e7 duket ka qen\u00eb nj\u00eb mik i ti.<\/p>\n<p>Enigma e gjith\u00eb k\u00ebsaj \u00ebsht\u00eb se:sh\u00ebrb\u00ebtori i Ismail Qemalit,Shergudeja n\u00eb vitin 1930 erdhi n\u00eb Tiran\u00eb,p\u00ebr t\u00eb sjellur ditarin p\u00ebrsonal t\u00eb ti,p\u00ebr t\u00eb ja dh\u00ebn\u00eb muzeut q\u00eb u ngrit\u00eb n\u00eb Tiran\u00eb.Dhe p\u00ebr \u00e7udi ai u gjend i helmuar n\u00eb dhom\u00ebn e hotelit.Kjo \u00ebsht\u00eb enigma,se pas helmimit t\u00eb Shergudes, nuk u gjend ma ditari,ku n\u00eb ditar ishin edhe fjalet e Ismail Qemalit.<\/p>\n<p>Profesori Bardhosh Ga\u00e7e i cili ka vajtur p\u00ebr t\u00eb hulumtuar k\u00ebt\u00eb vdekje n\u00eb hotelin e Perugja,t\u00eb Italis,i cila na shpjegon se:&#8221;Ismail Qemali s&#8217;ka dyshim se ai eshte helmuar nga njerzit e Esat Toptanit,t\u00eb cilet kishin ndejur,jo large shum\u00eb nga hoteli se ku ishte Ismail Qemali,ata paguan kafexhiun p\u00ebr t\u00eb ja qit helmin n\u00eb kafe.Pra kjo \u00ebsht\u00eb nj\u00eb gj\u00eb q\u00eb duh\u00ebt t\u00eb vertetoh\u00ebt nga mjek\u00ebt q\u00eb jan\u00eb t\u00eb specializuar p\u00ebr k\u00ebt\u00eb l\u00ebmi,per ta gjetur t\u00eb v\u00ebrtet\u00ebn se \u00e7far\u00eb ka ndodhur me babain e kombit shqiptar&#8221;.<\/p>\n<p>&nbsp;<\/p>\n<p>Ismail Qemal Vlora,la pas vet\u00ebs f\u00ebmijt e ti si trashigimtar.<\/p>\n<p>Femijet e Ismal bej Vlores dhe Kleoniqi Surmelit:<\/p>\n<p>1871 lindi Muhamed Bej Vlora dhe vdiq\u00eb me 1920<\/p>\n<p>1873 lindi Mevedet Bej Vlora vdiq\u00eb me 1954<\/p>\n<p>1875 lindi Tahiri,vdiq\u00eb me 1932<\/p>\n<p>1877 lindi nj\u00eb vajz\u00eb,e cila vdiq\u00eb shpejt\u00eb<\/p>\n<p>1879 lindi vajza Ylvije Vlira,vdiq\u00eb n\u00eb vitin 1932<\/p>\n<p>1881 lindi Alije Vlora e cila vdiq\u00eb n\u00eb vitin 1955<\/p>\n<p>1885 Et&#8217;hem Bej Vlora,vdiq\u00eb n\u00eb vitin 1932<\/p>\n<p>1888 Xhevdet Bej Vlora Vdiq\u00eb n\u00eb vitin 1910<\/p>\n<p>1893 Qazim Bej Vlora,vdiq\u00eb n\u00eb vitin 1953<\/p>\n<p>1895 Qamil Bej Vlora,vdiq\u00eb n\u00eb vitin 1950<\/p>\n<p>&nbsp;<\/p>\n<p><em>Disa fakte t<\/em><em>\u00eb<\/em><em> shfryt<\/em><em>\u00eb<\/em><em>zuara t<\/em><em>\u00eb<\/em><em> k<\/em><em>\u00eb<\/em><em>ti shkrimi jan<\/em><em>\u00eb<\/em><em> nga:Libri ,Lindja e Shqip<\/em><em>\u00eb<\/em><em>ris t<\/em><em>\u00eb<\/em><em> Nicola Guy,Fjalime t<\/em><em>\u00eb<\/em><em> Prof,Dr.Bardhosh Ga<\/em><em>\u00e7<\/em><em>e,Prof,Dr.Arben Puto,Prof,Ylli Polovina(studius),si dhe historian dhe publicist t<\/em><em>\u00eb<\/em><em> tjer<\/em><em>\u00eb<\/em><em> t<\/em><em>\u00eb<\/em><em> dokumentarit t<\/em><em>\u00eb<\/em><em> realizuar nga gazetari,Roland Qafoku,dhe publikime t<\/em><em>\u00eb<\/em><em> tjera.<\/em><\/p>\n<p>&nbsp;<\/p>\n<p>N\u00ebntor,27,New York<\/p>\n","protected":false},"excerpt":{"rendered":"<p>Shkruan:Haxhi Zeneli Themelimi i shtetit Shqiptar me 28 N\u00ebntor 1912,\u00ebsht\u00eb nj\u00eb nd\u00ebr festat m\u00eb t\u00eb r\u00ebnd\u00ebsish\u00ebme q\u00eb feston popullin yn\u00eb.Fest\u00eb e cila m\u00eb shum\u00eb se nj\u00eb shekull,shqiptar\u00ebt mblodh\u00ebn forcat intelektuale br\u00ebnda dhe jasht\u00eb Shqip\u00ebris\u00eb,p\u00ebr t\u00eb legjitimuar shtetin e tyre.Shqiptar\u00ebt gjat\u00eb 5 shekujve,ishin l\u00ebn\u00eb pas dore,jo vet\u00ebm si v\u00ebnd,por edhe si popull i pa zhvilluar dhe [&hellip;]<\/p>\n","protected":false},"author":1,"featured_media":0,"comment_status":"closed","ping_status":"closed","sticky":false,"template":"","format":"standard","meta":{"spay_email":"","jetpack_publicize_message":"","jetpack_is_tweetstorm":false,"jetpack_publicize_feature_enabled":true},"categories":[14],"tags":[],"jetpack_publicize_connections":[],"yoast_head":"<!-- This site is optimized with the Yoast SEO plugin v19.1 - https:\/\/yoast.com\/wordpress\/plugins\/seo\/ -->\n<title>THEMELUES I SHTETIT T\u00cb PAR\u00cb SHQIPTAR ISMAILI QEMAIL BEJ VLORA - Lajme nga Ulqini<\/title>\n<meta name=\"description\" content=\"Shkruan:Haxhi Zeneli Themelimi i shtetit Shqiptar me 28 N\u00ebntor 1912,\u00ebsht\u00eb nj\u00eb nd\u00ebr festat m\u00eb t\u00eb r\u00ebnd\u00ebsish\u00ebme q\u00eb feston popullin yn\u00eb.Fest\u00eb e cila m\u00eb shum\u00eb\" \/>\n<meta name=\"robots\" content=\"index, follow, max-snippet:-1, max-image-preview:large, max-video-preview:-1\" \/>\n<link rel=\"canonical\" href=\"https:\/\/www.visit-ulcinj.com\/blog\/2014\/11\/28\/themelues-i-shtetit-te-pare-shqiptar-ismaili-qemail-bej-vlora\/\" \/>\n<meta property=\"og:locale\" content=\"en_US\" \/>\n<meta property=\"og:type\" content=\"article\" \/>\n<meta property=\"og:title\" content=\"THEMELUES I SHTETIT T\u00cb PAR\u00cb SHQIPTAR ISMAILI QEMAIL BEJ VLORA - Lajme nga Ulqini\" \/>\n<meta property=\"og:description\" content=\"Shkruan:Haxhi Zeneli Themelimi i shtetit Shqiptar me 28 N\u00ebntor 1912,\u00ebsht\u00eb nj\u00eb nd\u00ebr festat m\u00eb t\u00eb r\u00ebnd\u00ebsish\u00ebme q\u00eb feston popullin yn\u00eb.Fest\u00eb e cila m\u00eb shum\u00eb\" \/>\n<meta property=\"og:url\" content=\"https:\/\/www.visit-ulcinj.com\/blog\/2014\/11\/28\/themelues-i-shtetit-te-pare-shqiptar-ismaili-qemail-bej-vlora\/\" \/>\n<meta property=\"og:site_name\" content=\"Lajme nga Ulqini\" \/>\n<meta property=\"article:published_time\" content=\"2014-11-28T17:32:10+00:00\" \/>\n<meta property=\"article:modified_time\" content=\"2014-11-28T17:57:12+00:00\" \/>\n<meta property=\"og:image\" content=\"http:\/\/www.visit-ulcinj.com\/blog\/wp-content\/uploads\/2014\/11\/Ismail-Qemali.jpg\" \/>\n<meta name=\"twitter:label1\" content=\"Written by\" \/>\n\t<meta name=\"twitter:data1\" content=\"ulqini\" \/>\n\t<meta name=\"twitter:label2\" content=\"Est. reading time\" \/>\n\t<meta name=\"twitter:data2\" content=\"15 minutes\" \/>\n<script type=\"application\/ld+json\" class=\"yoast-schema-graph\">{\"@context\":\"https:\/\/schema.org\",\"@graph\":[{\"@type\":\"WebSite\",\"@id\":\"https:\/\/www.visit-ulcinj.com\/blog\/#website\",\"url\":\"https:\/\/www.visit-ulcinj.com\/blog\/\",\"name\":\"Lajme nga Ulqini\",\"description\":\"Lajme,Vijesti,Ulqini,Ulqin,Crna Gora,Mali i Zi\",\"potentialAction\":[{\"@type\":\"SearchAction\",\"target\":{\"@type\":\"EntryPoint\",\"urlTemplate\":\"https:\/\/www.visit-ulcinj.com\/blog\/?s={search_term_string}\"},\"query-input\":\"required name=search_term_string\"}],\"inLanguage\":\"en-US\"},{\"@type\":\"ImageObject\",\"inLanguage\":\"en-US\",\"@id\":\"https:\/\/www.visit-ulcinj.com\/blog\/2014\/11\/28\/themelues-i-shtetit-te-pare-shqiptar-ismaili-qemail-bej-vlora\/#primaryimage\",\"url\":\"http:\/\/www.visit-ulcinj.com\/blog\/wp-content\/uploads\/2014\/11\/Ismail-Qemali.jpg\",\"contentUrl\":\"http:\/\/www.visit-ulcinj.com\/blog\/wp-content\/uploads\/2014\/11\/Ismail-Qemali.jpg\"},{\"@type\":\"WebPage\",\"@id\":\"https:\/\/www.visit-ulcinj.com\/blog\/2014\/11\/28\/themelues-i-shtetit-te-pare-shqiptar-ismaili-qemail-bej-vlora\/#webpage\",\"url\":\"https:\/\/www.visit-ulcinj.com\/blog\/2014\/11\/28\/themelues-i-shtetit-te-pare-shqiptar-ismaili-qemail-bej-vlora\/\",\"name\":\"THEMELUES I SHTETIT T\u00cb PAR\u00cb SHQIPTAR ISMAILI QEMAIL BEJ VLORA - Lajme nga Ulqini\",\"isPartOf\":{\"@id\":\"https:\/\/www.visit-ulcinj.com\/blog\/#website\"},\"primaryImageOfPage\":{\"@id\":\"https:\/\/www.visit-ulcinj.com\/blog\/2014\/11\/28\/themelues-i-shtetit-te-pare-shqiptar-ismaili-qemail-bej-vlora\/#primaryimage\"},\"datePublished\":\"2014-11-28T17:32:10+00:00\",\"dateModified\":\"2014-11-28T17:57:12+00:00\",\"author\":{\"@id\":\"https:\/\/www.visit-ulcinj.com\/blog\/#\/schema\/person\/dcab619c614d3038751c63bc2aadc06d\"},\"description\":\"Shkruan:Haxhi Zeneli Themelimi i shtetit Shqiptar me 28 N\u00ebntor 1912,\u00ebsht\u00eb nj\u00eb nd\u00ebr festat m\u00eb t\u00eb r\u00ebnd\u00ebsish\u00ebme q\u00eb feston popullin yn\u00eb.Fest\u00eb e cila m\u00eb shum\u00eb\",\"breadcrumb\":{\"@id\":\"https:\/\/www.visit-ulcinj.com\/blog\/2014\/11\/28\/themelues-i-shtetit-te-pare-shqiptar-ismaili-qemail-bej-vlora\/#breadcrumb\"},\"inLanguage\":\"en-US\",\"potentialAction\":[{\"@type\":\"ReadAction\",\"target\":[\"https:\/\/www.visit-ulcinj.com\/blog\/2014\/11\/28\/themelues-i-shtetit-te-pare-shqiptar-ismaili-qemail-bej-vlora\/\"]}]},{\"@type\":\"BreadcrumbList\",\"@id\":\"https:\/\/www.visit-ulcinj.com\/blog\/2014\/11\/28\/themelues-i-shtetit-te-pare-shqiptar-ismaili-qemail-bej-vlora\/#breadcrumb\",\"itemListElement\":[{\"@type\":\"ListItem\",\"position\":1,\"name\":\"THEMELUES I SHTETIT T\u00cb PAR\u00cb SHQIPTAR ISMAILI QEMAIL BEJ VLORA\"}]},{\"@type\":\"Person\",\"@id\":\"https:\/\/www.visit-ulcinj.com\/blog\/#\/schema\/person\/dcab619c614d3038751c63bc2aadc06d\",\"name\":\"ulqini\",\"sameAs\":[\"http:\/\/www.visit-ulcinj.com\"],\"url\":\"https:\/\/www.visit-ulcinj.com\/blog\/author\/admin\/\"}]}<\/script>\n<!-- \/ Yoast SEO plugin. -->","yoast_head_json":{"title":"THEMELUES I SHTETIT T\u00cb PAR\u00cb SHQIPTAR ISMAILI QEMAIL BEJ VLORA - Lajme nga Ulqini","description":"Shkruan:Haxhi Zeneli Themelimi i shtetit Shqiptar me 28 N\u00ebntor 1912,\u00ebsht\u00eb nj\u00eb nd\u00ebr festat m\u00eb t\u00eb r\u00ebnd\u00ebsish\u00ebme q\u00eb feston popullin yn\u00eb.Fest\u00eb e cila m\u00eb shum\u00eb","robots":{"index":"index","follow":"follow","max-snippet":"max-snippet:-1","max-image-preview":"max-image-preview:large","max-video-preview":"max-video-preview:-1"},"canonical":"https:\/\/www.visit-ulcinj.com\/blog\/2014\/11\/28\/themelues-i-shtetit-te-pare-shqiptar-ismaili-qemail-bej-vlora\/","og_locale":"en_US","og_type":"article","og_title":"THEMELUES I SHTETIT T\u00cb PAR\u00cb SHQIPTAR ISMAILI QEMAIL BEJ VLORA - Lajme nga Ulqini","og_description":"Shkruan:Haxhi Zeneli Themelimi i shtetit Shqiptar me 28 N\u00ebntor 1912,\u00ebsht\u00eb nj\u00eb nd\u00ebr festat m\u00eb t\u00eb r\u00ebnd\u00ebsish\u00ebme q\u00eb feston popullin yn\u00eb.Fest\u00eb e cila m\u00eb shum\u00eb","og_url":"https:\/\/www.visit-ulcinj.com\/blog\/2014\/11\/28\/themelues-i-shtetit-te-pare-shqiptar-ismaili-qemail-bej-vlora\/","og_site_name":"Lajme nga Ulqini","article_published_time":"2014-11-28T17:32:10+00:00","article_modified_time":"2014-11-28T17:57:12+00:00","og_image":[{"url":"http:\/\/www.visit-ulcinj.com\/blog\/wp-content\/uploads\/2014\/11\/Ismail-Qemali.jpg"}],"twitter_misc":{"Written by":"ulqini","Est. reading time":"15 minutes"},"schema":{"@context":"https:\/\/schema.org","@graph":[{"@type":"WebSite","@id":"https:\/\/www.visit-ulcinj.com\/blog\/#website","url":"https:\/\/www.visit-ulcinj.com\/blog\/","name":"Lajme nga Ulqini","description":"Lajme,Vijesti,Ulqini,Ulqin,Crna Gora,Mali i Zi","potentialAction":[{"@type":"SearchAction","target":{"@type":"EntryPoint","urlTemplate":"https:\/\/www.visit-ulcinj.com\/blog\/?s={search_term_string}"},"query-input":"required name=search_term_string"}],"inLanguage":"en-US"},{"@type":"ImageObject","inLanguage":"en-US","@id":"https:\/\/www.visit-ulcinj.com\/blog\/2014\/11\/28\/themelues-i-shtetit-te-pare-shqiptar-ismaili-qemail-bej-vlora\/#primaryimage","url":"http:\/\/www.visit-ulcinj.com\/blog\/wp-content\/uploads\/2014\/11\/Ismail-Qemali.jpg","contentUrl":"http:\/\/www.visit-ulcinj.com\/blog\/wp-content\/uploads\/2014\/11\/Ismail-Qemali.jpg"},{"@type":"WebPage","@id":"https:\/\/www.visit-ulcinj.com\/blog\/2014\/11\/28\/themelues-i-shtetit-te-pare-shqiptar-ismaili-qemail-bej-vlora\/#webpage","url":"https:\/\/www.visit-ulcinj.com\/blog\/2014\/11\/28\/themelues-i-shtetit-te-pare-shqiptar-ismaili-qemail-bej-vlora\/","name":"THEMELUES I SHTETIT T\u00cb PAR\u00cb SHQIPTAR ISMAILI QEMAIL BEJ VLORA - Lajme nga Ulqini","isPartOf":{"@id":"https:\/\/www.visit-ulcinj.com\/blog\/#website"},"primaryImageOfPage":{"@id":"https:\/\/www.visit-ulcinj.com\/blog\/2014\/11\/28\/themelues-i-shtetit-te-pare-shqiptar-ismaili-qemail-bej-vlora\/#primaryimage"},"datePublished":"2014-11-28T17:32:10+00:00","dateModified":"2014-11-28T17:57:12+00:00","author":{"@id":"https:\/\/www.visit-ulcinj.com\/blog\/#\/schema\/person\/dcab619c614d3038751c63bc2aadc06d"},"description":"Shkruan:Haxhi Zeneli Themelimi i shtetit Shqiptar me 28 N\u00ebntor 1912,\u00ebsht\u00eb nj\u00eb nd\u00ebr festat m\u00eb t\u00eb r\u00ebnd\u00ebsish\u00ebme q\u00eb feston popullin yn\u00eb.Fest\u00eb e cila m\u00eb shum\u00eb","breadcrumb":{"@id":"https:\/\/www.visit-ulcinj.com\/blog\/2014\/11\/28\/themelues-i-shtetit-te-pare-shqiptar-ismaili-qemail-bej-vlora\/#breadcrumb"},"inLanguage":"en-US","potentialAction":[{"@type":"ReadAction","target":["https:\/\/www.visit-ulcinj.com\/blog\/2014\/11\/28\/themelues-i-shtetit-te-pare-shqiptar-ismaili-qemail-bej-vlora\/"]}]},{"@type":"BreadcrumbList","@id":"https:\/\/www.visit-ulcinj.com\/blog\/2014\/11\/28\/themelues-i-shtetit-te-pare-shqiptar-ismaili-qemail-bej-vlora\/#breadcrumb","itemListElement":[{"@type":"ListItem","position":1,"name":"THEMELUES I SHTETIT T\u00cb PAR\u00cb SHQIPTAR ISMAILI QEMAIL BEJ VLORA"}]},{"@type":"Person","@id":"https:\/\/www.visit-ulcinj.com\/blog\/#\/schema\/person\/dcab619c614d3038751c63bc2aadc06d","name":"ulqini","sameAs":["http:\/\/www.visit-ulcinj.com"],"url":"https:\/\/www.visit-ulcinj.com\/blog\/author\/admin\/"}]}},"jetpack_featured_media_url":"","jetpack_sharing_enabled":true,"jetpack_shortlink":"https:\/\/wp.me\/pe6lTn-my3","_links":{"self":[{"href":"https:\/\/www.visit-ulcinj.com\/blog\/wp-json\/wp\/v2\/posts\/86679"}],"collection":[{"href":"https:\/\/www.visit-ulcinj.com\/blog\/wp-json\/wp\/v2\/posts"}],"about":[{"href":"https:\/\/www.visit-ulcinj.com\/blog\/wp-json\/wp\/v2\/types\/post"}],"author":[{"embeddable":true,"href":"https:\/\/www.visit-ulcinj.com\/blog\/wp-json\/wp\/v2\/users\/1"}],"replies":[{"embeddable":true,"href":"https:\/\/www.visit-ulcinj.com\/blog\/wp-json\/wp\/v2\/comments?post=86679"}],"version-history":[{"count":2,"href":"https:\/\/www.visit-ulcinj.com\/blog\/wp-json\/wp\/v2\/posts\/86679\/revisions"}],"predecessor-version":[{"id":86682,"href":"https:\/\/www.visit-ulcinj.com\/blog\/wp-json\/wp\/v2\/posts\/86679\/revisions\/86682"}],"wp:attachment":[{"href":"https:\/\/www.visit-ulcinj.com\/blog\/wp-json\/wp\/v2\/media?parent=86679"}],"wp:term":[{"taxonomy":"category","embeddable":true,"href":"https:\/\/www.visit-ulcinj.com\/blog\/wp-json\/wp\/v2\/categories?post=86679"},{"taxonomy":"post_tag","embeddable":true,"href":"https:\/\/www.visit-ulcinj.com\/blog\/wp-json\/wp\/v2\/tags?post=86679"}],"curies":[{"name":"wp","href":"https:\/\/api.w.org\/{rel}","templated":true}]}}