{"id":86689,"date":"2014-11-29T09:28:20","date_gmt":"2014-11-29T08:28:20","guid":{"rendered":"http:\/\/www.visit-ulcinj.com\/blog\/?p=86689"},"modified":"2014-11-29T09:33:49","modified_gmt":"2014-11-29T08:33:49","slug":"monarkia-shqiptare-gezuar-festen-tone-kombetare","status":"publish","type":"post","link":"https:\/\/www.visit-ulcinj.com\/blog\/2014\/11\/29\/monarkia-shqiptare-gezuar-festen-tone-kombetare\/","title":{"rendered":"Monarkia Shqiptare: Gezuar festen tone Kombetare"},"content":{"rendered":"<div><a href=\"http:\/\/www.visit-ulcinj.com\/blog\/wp-content\/uploads\/2014\/11\/Monarkia-Shqiptare.jpg\"><img loading=\"lazy\" class=\"alignleft wp-image-86690\" src=\"http:\/\/www.visit-ulcinj.com\/blog\/wp-content\/uploads\/2014\/11\/Monarkia-Shqiptare.jpg\" alt=\"Monarkia Shqiptare\" width=\"508\" height=\"508\" \/><\/a>Te dashur Motra dhe Vellezer,Gezuar festen tone Kombetare. Sot eshte dita te kujtojme ata patriote q\u00eb punuan dhe sakrifikuan per te arritur q\u00ebllimin final, ti japin vendin ton\u00eb pavaresine e aq shume deshiruar, pavaresine e merituar per nje komb qe nuk rreshti kurre se kerkuari liri per shkronjat shqipe dhe per flamurin e Skenderbeut. Qofte kjo nje dite bashkimi, vellazerimi dhe paqeje mes te gjithe shqiptareve kudo qe jane!<\/p>\n<p>Ju urojme shendet dhe mbaresi ne familjet tuaja.<br \/>\nPrinc Leka &amp; Elia<\/p>\n<p>Happy National Day! Today it is especially important to remember the patriots who worked &amp; sacrificed to reach the final aim, to give our beloved country its independence. Independence earned by a nation that never gave up fighting for the freedom of the Albanian language and Skenderbeu&#8217;s flag.<br \/>\nI wish peace, unity and brotherhood to all Albanians where ever they maybe. Health and prosperity for your families. Prince Leka &amp; Elia<\/p>\n<\/div>\n<p>&nbsp;<\/p>\n","protected":false},"excerpt":{"rendered":"<p>Te dashur Motra dhe Vellezer,Gezuar festen tone Kombetare. Sot eshte dita te kujtojme ata patriote q\u00eb punuan dhe sakrifikuan per te arritur q\u00ebllimin final, ti japin vendin ton\u00eb pavaresine e aq shume deshiruar, pavaresine e merituar per nje komb qe nuk rreshti kurre se kerkuari liri per shkronjat shqipe dhe per flamurin e Skenderbeut. Qofte [&hellip;]<\/p>\n","protected":false},"author":1,"featured_media":0,"comment_status":"closed","ping_status":"closed","sticky":false,"template":"","format":"standard","meta":{"spay_email":"","jetpack_publicize_message":"","jetpack_is_tweetstorm":false,"jetpack_publicize_feature_enabled":true},"categories":[1],"tags":[],"jetpack_publicize_connections":[],"yoast_head":"<!-- This site is optimized with the Yoast SEO plugin v19.1 - https:\/\/yoast.com\/wordpress\/plugins\/seo\/ -->\n<title>Monarkia Shqiptare: Gezuar festen tone Kombetare - Lajme nga Ulqini<\/title>\n<meta name=\"description\" content=\"Te dashur Motra dhe Vellezer,Gezuar festen tone Kombetare. Sot eshte dita te kujtojme ata patriote q\u00eb punuan dhe sakrifikuan per te arritur q\u00ebllimin\" \/>\n<meta name=\"robots\" content=\"index, follow, max-snippet:-1, max-image-preview:large, max-video-preview:-1\" \/>\n<link rel=\"canonical\" href=\"https:\/\/www.visit-ulcinj.com\/blog\/2014\/11\/29\/monarkia-shqiptare-gezuar-festen-tone-kombetare\/\" \/>\n<meta property=\"og:locale\" content=\"en_US\" \/>\n<meta property=\"og:type\" content=\"article\" \/>\n<meta property=\"og:title\" content=\"Monarkia Shqiptare: Gezuar festen tone Kombetare - Lajme nga Ulqini\" \/>\n<meta property=\"og:description\" content=\"Te dashur Motra dhe Vellezer,Gezuar festen tone Kombetare. Sot eshte dita te kujtojme ata patriote q\u00eb punuan dhe sakrifikuan per te arritur q\u00ebllimin\" \/>\n<meta property=\"og:url\" content=\"https:\/\/www.visit-ulcinj.com\/blog\/2014\/11\/29\/monarkia-shqiptare-gezuar-festen-tone-kombetare\/\" \/>\n<meta property=\"og:site_name\" content=\"Lajme nga Ulqini\" \/>\n<meta property=\"article:published_time\" content=\"2014-11-29T08:28:20+00:00\" \/>\n<meta property=\"article:modified_time\" content=\"2014-11-29T08:33:49+00:00\" \/>\n<meta property=\"og:image\" content=\"http:\/\/www.visit-ulcinj.com\/blog\/wp-content\/uploads\/2014\/11\/Monarkia-Shqiptare.jpg\" \/>\n<meta name=\"twitter:label1\" content=\"Written by\" \/>\n\t<meta name=\"twitter:data1\" content=\"ulqini\" \/>\n\t<meta name=\"twitter:label2\" content=\"Est. reading time\" \/>\n\t<meta name=\"twitter:data2\" content=\"1 minute\" \/>\n<script type=\"application\/ld+json\" class=\"yoast-schema-graph\">{\"@context\":\"https:\/\/schema.org\",\"@graph\":[{\"@type\":\"WebSite\",\"@id\":\"https:\/\/www.visit-ulcinj.com\/blog\/#website\",\"url\":\"https:\/\/www.visit-ulcinj.com\/blog\/\",\"name\":\"Lajme nga Ulqini\",\"description\":\"Lajme,Vijesti,Ulqini,Ulqin,Crna Gora,Mali i Zi\",\"potentialAction\":[{\"@type\":\"SearchAction\",\"target\":{\"@type\":\"EntryPoint\",\"urlTemplate\":\"https:\/\/www.visit-ulcinj.com\/blog\/?s={search_term_string}\"},\"query-input\":\"required name=search_term_string\"}],\"inLanguage\":\"en-US\"},{\"@type\":\"ImageObject\",\"inLanguage\":\"en-US\",\"@id\":\"https:\/\/www.visit-ulcinj.com\/blog\/2014\/11\/29\/monarkia-shqiptare-gezuar-festen-tone-kombetare\/#primaryimage\",\"url\":\"http:\/\/www.visit-ulcinj.com\/blog\/wp-content\/uploads\/2014\/11\/Monarkia-Shqiptare.jpg\",\"contentUrl\":\"http:\/\/www.visit-ulcinj.com\/blog\/wp-content\/uploads\/2014\/11\/Monarkia-Shqiptare.jpg\"},{\"@type\":\"WebPage\",\"@id\":\"https:\/\/www.visit-ulcinj.com\/blog\/2014\/11\/29\/monarkia-shqiptare-gezuar-festen-tone-kombetare\/#webpage\",\"url\":\"https:\/\/www.visit-ulcinj.com\/blog\/2014\/11\/29\/monarkia-shqiptare-gezuar-festen-tone-kombetare\/\",\"name\":\"Monarkia Shqiptare: Gezuar festen tone Kombetare - Lajme nga Ulqini\",\"isPartOf\":{\"@id\":\"https:\/\/www.visit-ulcinj.com\/blog\/#website\"},\"primaryImageOfPage\":{\"@id\":\"https:\/\/www.visit-ulcinj.com\/blog\/2014\/11\/29\/monarkia-shqiptare-gezuar-festen-tone-kombetare\/#primaryimage\"},\"datePublished\":\"2014-11-29T08:28:20+00:00\",\"dateModified\":\"2014-11-29T08:33:49+00:00\",\"author\":{\"@id\":\"https:\/\/www.visit-ulcinj.com\/blog\/#\/schema\/person\/dcab619c614d3038751c63bc2aadc06d\"},\"description\":\"Te dashur Motra dhe Vellezer,Gezuar festen tone Kombetare. Sot eshte dita te kujtojme ata patriote q\u00eb punuan dhe sakrifikuan per te arritur q\u00ebllimin\",\"breadcrumb\":{\"@id\":\"https:\/\/www.visit-ulcinj.com\/blog\/2014\/11\/29\/monarkia-shqiptare-gezuar-festen-tone-kombetare\/#breadcrumb\"},\"inLanguage\":\"en-US\",\"potentialAction\":[{\"@type\":\"ReadAction\",\"target\":[\"https:\/\/www.visit-ulcinj.com\/blog\/2014\/11\/29\/monarkia-shqiptare-gezuar-festen-tone-kombetare\/\"]}]},{\"@type\":\"BreadcrumbList\",\"@id\":\"https:\/\/www.visit-ulcinj.com\/blog\/2014\/11\/29\/monarkia-shqiptare-gezuar-festen-tone-kombetare\/#breadcrumb\",\"itemListElement\":[{\"@type\":\"ListItem\",\"position\":1,\"name\":\"Monarkia Shqiptare: Gezuar festen tone Kombetare\"}]},{\"@type\":\"Person\",\"@id\":\"https:\/\/www.visit-ulcinj.com\/blog\/#\/schema\/person\/dcab619c614d3038751c63bc2aadc06d\",\"name\":\"ulqini\",\"sameAs\":[\"http:\/\/www.visit-ulcinj.com\"],\"url\":\"https:\/\/www.visit-ulcinj.com\/blog\/author\/admin\/\"}]}<\/script>\n<!-- \/ Yoast SEO plugin. -->","yoast_head_json":{"title":"Monarkia Shqiptare: Gezuar festen tone Kombetare - Lajme nga Ulqini","description":"Te dashur Motra dhe Vellezer,Gezuar festen tone Kombetare. Sot eshte dita te kujtojme ata patriote q\u00eb punuan dhe sakrifikuan per te arritur q\u00ebllimin","robots":{"index":"index","follow":"follow","max-snippet":"max-snippet:-1","max-image-preview":"max-image-preview:large","max-video-preview":"max-video-preview:-1"},"canonical":"https:\/\/www.visit-ulcinj.com\/blog\/2014\/11\/29\/monarkia-shqiptare-gezuar-festen-tone-kombetare\/","og_locale":"en_US","og_type":"article","og_title":"Monarkia Shqiptare: Gezuar festen tone Kombetare - Lajme nga Ulqini","og_description":"Te dashur Motra dhe Vellezer,Gezuar festen tone Kombetare. Sot eshte dita te kujtojme ata patriote q\u00eb punuan dhe sakrifikuan per te arritur q\u00ebllimin","og_url":"https:\/\/www.visit-ulcinj.com\/blog\/2014\/11\/29\/monarkia-shqiptare-gezuar-festen-tone-kombetare\/","og_site_name":"Lajme nga Ulqini","article_published_time":"2014-11-29T08:28:20+00:00","article_modified_time":"2014-11-29T08:33:49+00:00","og_image":[{"url":"http:\/\/www.visit-ulcinj.com\/blog\/wp-content\/uploads\/2014\/11\/Monarkia-Shqiptare.jpg"}],"twitter_misc":{"Written by":"ulqini","Est. reading time":"1 minute"},"schema":{"@context":"https:\/\/schema.org","@graph":[{"@type":"WebSite","@id":"https:\/\/www.visit-ulcinj.com\/blog\/#website","url":"https:\/\/www.visit-ulcinj.com\/blog\/","name":"Lajme nga Ulqini","description":"Lajme,Vijesti,Ulqini,Ulqin,Crna Gora,Mali i Zi","potentialAction":[{"@type":"SearchAction","target":{"@type":"EntryPoint","urlTemplate":"https:\/\/www.visit-ulcinj.com\/blog\/?s={search_term_string}"},"query-input":"required name=search_term_string"}],"inLanguage":"en-US"},{"@type":"ImageObject","inLanguage":"en-US","@id":"https:\/\/www.visit-ulcinj.com\/blog\/2014\/11\/29\/monarkia-shqiptare-gezuar-festen-tone-kombetare\/#primaryimage","url":"http:\/\/www.visit-ulcinj.com\/blog\/wp-content\/uploads\/2014\/11\/Monarkia-Shqiptare.jpg","contentUrl":"http:\/\/www.visit-ulcinj.com\/blog\/wp-content\/uploads\/2014\/11\/Monarkia-Shqiptare.jpg"},{"@type":"WebPage","@id":"https:\/\/www.visit-ulcinj.com\/blog\/2014\/11\/29\/monarkia-shqiptare-gezuar-festen-tone-kombetare\/#webpage","url":"https:\/\/www.visit-ulcinj.com\/blog\/2014\/11\/29\/monarkia-shqiptare-gezuar-festen-tone-kombetare\/","name":"Monarkia Shqiptare: Gezuar festen tone Kombetare - Lajme nga Ulqini","isPartOf":{"@id":"https:\/\/www.visit-ulcinj.com\/blog\/#website"},"primaryImageOfPage":{"@id":"https:\/\/www.visit-ulcinj.com\/blog\/2014\/11\/29\/monarkia-shqiptare-gezuar-festen-tone-kombetare\/#primaryimage"},"datePublished":"2014-11-29T08:28:20+00:00","dateModified":"2014-11-29T08:33:49+00:00","author":{"@id":"https:\/\/www.visit-ulcinj.com\/blog\/#\/schema\/person\/dcab619c614d3038751c63bc2aadc06d"},"description":"Te dashur Motra dhe Vellezer,Gezuar festen tone Kombetare. Sot eshte dita te kujtojme ata patriote q\u00eb punuan dhe sakrifikuan per te arritur q\u00ebllimin","breadcrumb":{"@id":"https:\/\/www.visit-ulcinj.com\/blog\/2014\/11\/29\/monarkia-shqiptare-gezuar-festen-tone-kombetare\/#breadcrumb"},"inLanguage":"en-US","potentialAction":[{"@type":"ReadAction","target":["https:\/\/www.visit-ulcinj.com\/blog\/2014\/11\/29\/monarkia-shqiptare-gezuar-festen-tone-kombetare\/"]}]},{"@type":"BreadcrumbList","@id":"https:\/\/www.visit-ulcinj.com\/blog\/2014\/11\/29\/monarkia-shqiptare-gezuar-festen-tone-kombetare\/#breadcrumb","itemListElement":[{"@type":"ListItem","position":1,"name":"Monarkia Shqiptare: Gezuar festen tone Kombetare"}]},{"@type":"Person","@id":"https:\/\/www.visit-ulcinj.com\/blog\/#\/schema\/person\/dcab619c614d3038751c63bc2aadc06d","name":"ulqini","sameAs":["http:\/\/www.visit-ulcinj.com"],"url":"https:\/\/www.visit-ulcinj.com\/blog\/author\/admin\/"}]}},"jetpack_featured_media_url":"","jetpack_sharing_enabled":true,"jetpack_shortlink":"https:\/\/wp.me\/pe6lTn-myd","_links":{"self":[{"href":"https:\/\/www.visit-ulcinj.com\/blog\/wp-json\/wp\/v2\/posts\/86689"}],"collection":[{"href":"https:\/\/www.visit-ulcinj.com\/blog\/wp-json\/wp\/v2\/posts"}],"about":[{"href":"https:\/\/www.visit-ulcinj.com\/blog\/wp-json\/wp\/v2\/types\/post"}],"author":[{"embeddable":true,"href":"https:\/\/www.visit-ulcinj.com\/blog\/wp-json\/wp\/v2\/users\/1"}],"replies":[{"embeddable":true,"href":"https:\/\/www.visit-ulcinj.com\/blog\/wp-json\/wp\/v2\/comments?post=86689"}],"version-history":[{"count":2,"href":"https:\/\/www.visit-ulcinj.com\/blog\/wp-json\/wp\/v2\/posts\/86689\/revisions"}],"predecessor-version":[{"id":86692,"href":"https:\/\/www.visit-ulcinj.com\/blog\/wp-json\/wp\/v2\/posts\/86689\/revisions\/86692"}],"wp:attachment":[{"href":"https:\/\/www.visit-ulcinj.com\/blog\/wp-json\/wp\/v2\/media?parent=86689"}],"wp:term":[{"taxonomy":"category","embeddable":true,"href":"https:\/\/www.visit-ulcinj.com\/blog\/wp-json\/wp\/v2\/categories?post=86689"},{"taxonomy":"post_tag","embeddable":true,"href":"https:\/\/www.visit-ulcinj.com\/blog\/wp-json\/wp\/v2\/tags?post=86689"}],"curies":[{"name":"wp","href":"https:\/\/api.w.org\/{rel}","templated":true}]}}