{"id":86693,"date":"2014-11-29T16:15:58","date_gmt":"2014-11-29T15:15:58","guid":{"rendered":"http:\/\/www.visit-ulcinj.com\/blog\/?p=86693"},"modified":"2014-11-29T16:15:58","modified_gmt":"2014-11-29T15:15:58","slug":"bka-shoqates-shqiptaro-amerikane-ana-e-malit-new-york","status":"publish","type":"post","link":"https:\/\/www.visit-ulcinj.com\/blog\/2014\/11\/29\/bka-shoqates-shqiptaro-amerikane-ana-e-malit-new-york\/","title":{"rendered":"BKA &#8211; Shoqates shqiptaro-amerikane Ana e Malit, New York,"},"content":{"rendered":"<p><strong><a href=\"http:\/\/www.visit-ulcinj.com\/blog\/wp-content\/uploads\/2012\/07\/Biznis-Klub-Ana-Malit.jpg\"><img loading=\"lazy\" class=\"alignleft wp-image-62094\" src=\"http:\/\/www.visit-ulcinj.com\/blog\/wp-content\/uploads\/2012\/07\/Biznis-Klub-Ana-Malit.jpg\" alt=\"Biznis Klub Ana Malit\" width=\"508\" height=\"428\" srcset=\"https:\/\/www.visit-ulcinj.com\/blog\/wp-content\/uploads\/2012\/07\/Biznis-Klub-Ana-Malit.jpg 960w, https:\/\/www.visit-ulcinj.com\/blog\/wp-content\/uploads\/2012\/07\/Biznis-Klub-Ana-Malit-300x252.jpg 300w\" sizes=\"(max-width: 508px) 100vw, 508px\" \/><\/a>Kryetarit, Ismet Kurti<\/strong><\/p>\n<p><strong>Shum\u00eb t\u00eb nderuar an\u00ebtar\u00eb t\u00eb shoqat\u00ebs, t\u00eb dashur v\u00ebllez\u00ebr e motra,<\/strong><\/p>\n<p>Ne nga Biznis Klub Ana e Malit, nga v\u00ebndlindja jon\u00eb e p\u00ebrbashk\u00ebt kemi nderin dhe k\u00ebnaq\u00ebsin\u00eb tju drejtohemi pik\u00ebrisht n\u00eb dit\u00ebn e Fest\u00ebs m\u00eb t\u00eb madhe t\u00eb shqiptareve, p\u00ebr Dit\u00ebn e Flamurit Komb\u00ebtar Shqip\u00ebtar, n\u00eb Dit\u00ebn e Pavar\u00ebsis\u00eb s\u00eb shtetit ton\u00eb am\u00eb, Shqip\u00ebris\u00eb. me 28 N\u00ebntor, duke ju uruar k\u00ebt\u00eb kremte t\u00eb lavdishme, juve bashkatdhetar\u00ebve tan\u00eb, q\u00eb p\u00ebr asnj\u00eb moment, ndones\u00eb larg, nuk pushoni se punuari p\u00ebr Atdheun, vendlindjen ton\u00eb.<\/p>\n<p>T\u00eb dashur motra e vellez\u00ebr bashkatdhetar! I nderuar kryetar i shoqates Ana e Malit. z. Ismet Kuni!<\/p>\n<p>Kemi kenaq\u00ebsine e ve\u00e7ant\u00eb t\u00eb shprehim mir\u00ebnjohjen ton\u00eb, p\u00ebr punen tuaj konkrete q\u00eb jeni duke ce deshmuar p\u00ebr t\u00eb mir\u00ebn e p\u00ebrbashk\u00ebt, sidomos n\u00eb p\u00ebrkrahje t\u00eb projekteve t\u00eb ndryshme q\u00eb mbeshtetni n\u00eb vendlindje. Ndihma e fundit q\u00eb Ju i dhat\u00eb shoq\u00ebris\u00eb artistike &#8220;Tradita&#8221;, p\u00ebr tja b\u00ebr\u00eb t\u00eb mundshme q\u00eb p\u00ebr Ju ne New York t\u00eb shfaq\u00eb programin me valle e k\u00ebng\u00eb tradietonale. Ne n\u00eb BKA besojm\u00eb se \u00ebsht\u00eb nj\u00eb sukses i p\u00ebrbashket.<\/p>\n<p>Pritja q\u00eb i b\u00ebt\u00eb &#8220;Tradites&#8221;. \u00ebsht\u00eb vertet\u00eb mbres\u00ebl\u00ebn\u00ebse, duke na dh\u00ebn\u00eb edhe m\u00eb shum\u00eb besim q\u00eb n\u00eb t\u00eb ardhmen t\u00eb b\u00ebjme p\u00ebrpjekje edhe m\u00eb t\u00eb m\u00ebdha q\u00eb te ruajme kultur\u00ebn, muzik\u00ebn dhe traditat shqiptare brez pas brezi kudo q\u00eb jemi.<\/p>\n<p>T\u00eb dashur an\u00ebtar\u00eb t\u00eb shoqat\u00ebs Ana e Malit n\u00eb New York!<\/p>\n<p>Shqiptar\u00ebt n\u00eb Malin e Zi, i presin sfida ju t\u00eb vogla, p\u00ebr t\u00eb fituar t\u00eb drejtat q\u00eb u takojn\u00eb n\u00eb nj\u00ebren an\u00eb dhe n\u00eb an\u00ebn tjeter, p\u00ebr t\u00eb ruajtuar dhe zhvilluar identitetin e tyre, por n\u00eb t\u00eb nj\u00ebjt\u00ebn koh\u00eb edhe p\u00ebr tu integruar nj\u00ebkoh\u00ebsisht n\u00eb disa binar\u00eb, brenda vet\u00ebs pa marr\u00eb parasysh se ku jetojn\u00eb, n\u00eb kuad\u00ebr t\u00eb kombit shqip\u00ebtar dhe n\u00eb kuad\u00ebr t\u00eb bashk\u00ebsis\u00eb nd\u00ebrkomb\u00ebtare.<\/p>\n<p>Ne. N\u00eb Biznis Klub Ana e Malit e shohim shum\u00eb t\u00eb r\u00ebnd\u00ebsish\u00ebm harmonizimin e hapave, t\u00eb veprimeve dhe projekteve t\u00eb p\u00ebrbashk\u00ebta n\u00eb vendlindje dhe diaspore p\u00ebr t\u00eb arritur rezultate t\u00eb cilat do <em>t\u00eb <\/em>ruajn\u00eb dhe zhvillojn\u00eb synimet tona t\u00eb p\u00ebrbashk\u00ebta.<\/p>\n<p>Kat\u00ebrkoll\u00eb, 28 n\u00ebntor 2014\u00a0\u00a0\u00a0\u00a0\u00a0\u00a0\u00a0\u00a0\u00a0 \u00a0\u00a0\u00a0\u00a0\u00a0\u00a0\u00a0\u00a0\u00a0\u00a0 Me shum\u00eb respekt,<\/p>\n<p><strong>Kryetari i Biznis Klub Aramalit, Kabil Kurti<\/strong><\/p>\n","protected":false},"excerpt":{"rendered":"<p>Kryetarit, Ismet Kurti Shum\u00eb t\u00eb nderuar an\u00ebtar\u00eb t\u00eb shoqat\u00ebs, t\u00eb dashur v\u00ebllez\u00ebr e motra, Ne nga Biznis Klub Ana e Malit, nga v\u00ebndlindja jon\u00eb e p\u00ebrbashk\u00ebt kemi nderin dhe k\u00ebnaq\u00ebsin\u00eb tju drejtohemi pik\u00ebrisht n\u00eb dit\u00ebn e Fest\u00ebs m\u00eb t\u00eb madhe t\u00eb shqiptareve, p\u00ebr Dit\u00ebn e Flamurit Komb\u00ebtar Shqip\u00ebtar, n\u00eb Dit\u00ebn e Pavar\u00ebsis\u00eb s\u00eb shtetit ton\u00eb [&hellip;]<\/p>\n","protected":false},"author":1,"featured_media":0,"comment_status":"closed","ping_status":"closed","sticky":false,"template":"","format":"standard","meta":{"spay_email":"","jetpack_publicize_message":"","jetpack_is_tweetstorm":false,"jetpack_publicize_feature_enabled":true},"categories":[1],"tags":[],"jetpack_publicize_connections":[],"yoast_head":"<!-- This site is optimized with the Yoast SEO plugin v19.1 - https:\/\/yoast.com\/wordpress\/plugins\/seo\/ -->\n<title>BKA - Shoqates shqiptaro-amerikane Ana e Malit, New York, - Lajme nga Ulqini<\/title>\n<meta name=\"description\" content=\"Kryetarit, Ismet Kurti Shum\u00eb t\u00eb nderuar an\u00ebtar\u00eb t\u00eb shoqat\u00ebs, t\u00eb dashur v\u00ebllez\u00ebr e motra, Ne nga Biznis Klub Ana e Malit, nga v\u00ebndlindja jon\u00eb e p\u00ebrbashk\u00ebt\" \/>\n<meta name=\"robots\" content=\"index, follow, max-snippet:-1, max-image-preview:large, max-video-preview:-1\" \/>\n<link rel=\"canonical\" href=\"https:\/\/www.visit-ulcinj.com\/blog\/2014\/11\/29\/bka-shoqates-shqiptaro-amerikane-ana-e-malit-new-york\/\" \/>\n<meta property=\"og:locale\" content=\"en_US\" \/>\n<meta property=\"og:type\" content=\"article\" \/>\n<meta property=\"og:title\" content=\"BKA - Shoqates shqiptaro-amerikane Ana e Malit, New York, - Lajme nga Ulqini\" \/>\n<meta property=\"og:description\" content=\"Kryetarit, Ismet Kurti Shum\u00eb t\u00eb nderuar an\u00ebtar\u00eb t\u00eb shoqat\u00ebs, t\u00eb dashur v\u00ebllez\u00ebr e motra, Ne nga Biznis Klub Ana e Malit, nga v\u00ebndlindja jon\u00eb e p\u00ebrbashk\u00ebt\" \/>\n<meta property=\"og:url\" content=\"https:\/\/www.visit-ulcinj.com\/blog\/2014\/11\/29\/bka-shoqates-shqiptaro-amerikane-ana-e-malit-new-york\/\" \/>\n<meta property=\"og:site_name\" content=\"Lajme nga Ulqini\" \/>\n<meta property=\"article:published_time\" content=\"2014-11-29T15:15:58+00:00\" \/>\n<meta property=\"og:image\" content=\"http:\/\/www.visit-ulcinj.com\/blog\/wp-content\/uploads\/2012\/07\/Biznis-Klub-Ana-Malit.jpg\" \/>\n<meta name=\"twitter:label1\" content=\"Written by\" \/>\n\t<meta name=\"twitter:data1\" content=\"ulqini\" \/>\n\t<meta name=\"twitter:label2\" content=\"Est. reading time\" \/>\n\t<meta name=\"twitter:data2\" content=\"2 minutes\" \/>\n<script type=\"application\/ld+json\" class=\"yoast-schema-graph\">{\"@context\":\"https:\/\/schema.org\",\"@graph\":[{\"@type\":\"WebSite\",\"@id\":\"https:\/\/www.visit-ulcinj.com\/blog\/#website\",\"url\":\"https:\/\/www.visit-ulcinj.com\/blog\/\",\"name\":\"Lajme nga Ulqini\",\"description\":\"Lajme,Vijesti,Ulqini,Ulqin,Crna Gora,Mali i Zi\",\"potentialAction\":[{\"@type\":\"SearchAction\",\"target\":{\"@type\":\"EntryPoint\",\"urlTemplate\":\"https:\/\/www.visit-ulcinj.com\/blog\/?s={search_term_string}\"},\"query-input\":\"required name=search_term_string\"}],\"inLanguage\":\"en-US\"},{\"@type\":\"ImageObject\",\"inLanguage\":\"en-US\",\"@id\":\"https:\/\/www.visit-ulcinj.com\/blog\/2014\/11\/29\/bka-shoqates-shqiptaro-amerikane-ana-e-malit-new-york\/#primaryimage\",\"url\":\"https:\/\/www.visit-ulcinj.com\/blog\/wp-content\/uploads\/2012\/07\/Biznis-Klub-Ana-Malit.jpg\",\"contentUrl\":\"https:\/\/www.visit-ulcinj.com\/blog\/wp-content\/uploads\/2012\/07\/Biznis-Klub-Ana-Malit.jpg\",\"width\":\"960\",\"height\":\"809\"},{\"@type\":\"WebPage\",\"@id\":\"https:\/\/www.visit-ulcinj.com\/blog\/2014\/11\/29\/bka-shoqates-shqiptaro-amerikane-ana-e-malit-new-york\/#webpage\",\"url\":\"https:\/\/www.visit-ulcinj.com\/blog\/2014\/11\/29\/bka-shoqates-shqiptaro-amerikane-ana-e-malit-new-york\/\",\"name\":\"BKA - Shoqates shqiptaro-amerikane Ana e Malit, New York, - Lajme nga Ulqini\",\"isPartOf\":{\"@id\":\"https:\/\/www.visit-ulcinj.com\/blog\/#website\"},\"primaryImageOfPage\":{\"@id\":\"https:\/\/www.visit-ulcinj.com\/blog\/2014\/11\/29\/bka-shoqates-shqiptaro-amerikane-ana-e-malit-new-york\/#primaryimage\"},\"datePublished\":\"2014-11-29T15:15:58+00:00\",\"dateModified\":\"2014-11-29T15:15:58+00:00\",\"author\":{\"@id\":\"https:\/\/www.visit-ulcinj.com\/blog\/#\/schema\/person\/dcab619c614d3038751c63bc2aadc06d\"},\"description\":\"Kryetarit, Ismet Kurti Shum\u00eb t\u00eb nderuar an\u00ebtar\u00eb t\u00eb shoqat\u00ebs, t\u00eb dashur v\u00ebllez\u00ebr e motra, Ne nga Biznis Klub Ana e Malit, nga v\u00ebndlindja jon\u00eb e p\u00ebrbashk\u00ebt\",\"breadcrumb\":{\"@id\":\"https:\/\/www.visit-ulcinj.com\/blog\/2014\/11\/29\/bka-shoqates-shqiptaro-amerikane-ana-e-malit-new-york\/#breadcrumb\"},\"inLanguage\":\"en-US\",\"potentialAction\":[{\"@type\":\"ReadAction\",\"target\":[\"https:\/\/www.visit-ulcinj.com\/blog\/2014\/11\/29\/bka-shoqates-shqiptaro-amerikane-ana-e-malit-new-york\/\"]}]},{\"@type\":\"BreadcrumbList\",\"@id\":\"https:\/\/www.visit-ulcinj.com\/blog\/2014\/11\/29\/bka-shoqates-shqiptaro-amerikane-ana-e-malit-new-york\/#breadcrumb\",\"itemListElement\":[{\"@type\":\"ListItem\",\"position\":1,\"name\":\"BKA &#8211; Shoqates shqiptaro-amerikane Ana e Malit, New York,\"}]},{\"@type\":\"Person\",\"@id\":\"https:\/\/www.visit-ulcinj.com\/blog\/#\/schema\/person\/dcab619c614d3038751c63bc2aadc06d\",\"name\":\"ulqini\",\"sameAs\":[\"http:\/\/www.visit-ulcinj.com\"],\"url\":\"https:\/\/www.visit-ulcinj.com\/blog\/author\/admin\/\"}]}<\/script>\n<!-- \/ Yoast SEO plugin. -->","yoast_head_json":{"title":"BKA - Shoqates shqiptaro-amerikane Ana e Malit, New York, - Lajme nga Ulqini","description":"Kryetarit, Ismet Kurti Shum\u00eb t\u00eb nderuar an\u00ebtar\u00eb t\u00eb shoqat\u00ebs, t\u00eb dashur v\u00ebllez\u00ebr e motra, Ne nga Biznis Klub Ana e Malit, nga v\u00ebndlindja jon\u00eb e p\u00ebrbashk\u00ebt","robots":{"index":"index","follow":"follow","max-snippet":"max-snippet:-1","max-image-preview":"max-image-preview:large","max-video-preview":"max-video-preview:-1"},"canonical":"https:\/\/www.visit-ulcinj.com\/blog\/2014\/11\/29\/bka-shoqates-shqiptaro-amerikane-ana-e-malit-new-york\/","og_locale":"en_US","og_type":"article","og_title":"BKA - Shoqates shqiptaro-amerikane Ana e Malit, New York, - Lajme nga Ulqini","og_description":"Kryetarit, Ismet Kurti Shum\u00eb t\u00eb nderuar an\u00ebtar\u00eb t\u00eb shoqat\u00ebs, t\u00eb dashur v\u00ebllez\u00ebr e motra, Ne nga Biznis Klub Ana e Malit, nga v\u00ebndlindja jon\u00eb e p\u00ebrbashk\u00ebt","og_url":"https:\/\/www.visit-ulcinj.com\/blog\/2014\/11\/29\/bka-shoqates-shqiptaro-amerikane-ana-e-malit-new-york\/","og_site_name":"Lajme nga Ulqini","article_published_time":"2014-11-29T15:15:58+00:00","og_image":[{"url":"http:\/\/www.visit-ulcinj.com\/blog\/wp-content\/uploads\/2012\/07\/Biznis-Klub-Ana-Malit.jpg"}],"twitter_misc":{"Written by":"ulqini","Est. reading time":"2 minutes"},"schema":{"@context":"https:\/\/schema.org","@graph":[{"@type":"WebSite","@id":"https:\/\/www.visit-ulcinj.com\/blog\/#website","url":"https:\/\/www.visit-ulcinj.com\/blog\/","name":"Lajme nga Ulqini","description":"Lajme,Vijesti,Ulqini,Ulqin,Crna Gora,Mali i Zi","potentialAction":[{"@type":"SearchAction","target":{"@type":"EntryPoint","urlTemplate":"https:\/\/www.visit-ulcinj.com\/blog\/?s={search_term_string}"},"query-input":"required name=search_term_string"}],"inLanguage":"en-US"},{"@type":"ImageObject","inLanguage":"en-US","@id":"https:\/\/www.visit-ulcinj.com\/blog\/2014\/11\/29\/bka-shoqates-shqiptaro-amerikane-ana-e-malit-new-york\/#primaryimage","url":"https:\/\/www.visit-ulcinj.com\/blog\/wp-content\/uploads\/2012\/07\/Biznis-Klub-Ana-Malit.jpg","contentUrl":"https:\/\/www.visit-ulcinj.com\/blog\/wp-content\/uploads\/2012\/07\/Biznis-Klub-Ana-Malit.jpg","width":"960","height":"809"},{"@type":"WebPage","@id":"https:\/\/www.visit-ulcinj.com\/blog\/2014\/11\/29\/bka-shoqates-shqiptaro-amerikane-ana-e-malit-new-york\/#webpage","url":"https:\/\/www.visit-ulcinj.com\/blog\/2014\/11\/29\/bka-shoqates-shqiptaro-amerikane-ana-e-malit-new-york\/","name":"BKA - Shoqates shqiptaro-amerikane Ana e Malit, New York, - Lajme nga Ulqini","isPartOf":{"@id":"https:\/\/www.visit-ulcinj.com\/blog\/#website"},"primaryImageOfPage":{"@id":"https:\/\/www.visit-ulcinj.com\/blog\/2014\/11\/29\/bka-shoqates-shqiptaro-amerikane-ana-e-malit-new-york\/#primaryimage"},"datePublished":"2014-11-29T15:15:58+00:00","dateModified":"2014-11-29T15:15:58+00:00","author":{"@id":"https:\/\/www.visit-ulcinj.com\/blog\/#\/schema\/person\/dcab619c614d3038751c63bc2aadc06d"},"description":"Kryetarit, Ismet Kurti Shum\u00eb t\u00eb nderuar an\u00ebtar\u00eb t\u00eb shoqat\u00ebs, t\u00eb dashur v\u00ebllez\u00ebr e motra, Ne nga Biznis Klub Ana e Malit, nga v\u00ebndlindja jon\u00eb e p\u00ebrbashk\u00ebt","breadcrumb":{"@id":"https:\/\/www.visit-ulcinj.com\/blog\/2014\/11\/29\/bka-shoqates-shqiptaro-amerikane-ana-e-malit-new-york\/#breadcrumb"},"inLanguage":"en-US","potentialAction":[{"@type":"ReadAction","target":["https:\/\/www.visit-ulcinj.com\/blog\/2014\/11\/29\/bka-shoqates-shqiptaro-amerikane-ana-e-malit-new-york\/"]}]},{"@type":"BreadcrumbList","@id":"https:\/\/www.visit-ulcinj.com\/blog\/2014\/11\/29\/bka-shoqates-shqiptaro-amerikane-ana-e-malit-new-york\/#breadcrumb","itemListElement":[{"@type":"ListItem","position":1,"name":"BKA &#8211; Shoqates shqiptaro-amerikane Ana e Malit, New York,"}]},{"@type":"Person","@id":"https:\/\/www.visit-ulcinj.com\/blog\/#\/schema\/person\/dcab619c614d3038751c63bc2aadc06d","name":"ulqini","sameAs":["http:\/\/www.visit-ulcinj.com"],"url":"https:\/\/www.visit-ulcinj.com\/blog\/author\/admin\/"}]}},"jetpack_featured_media_url":"","jetpack_sharing_enabled":true,"jetpack_shortlink":"https:\/\/wp.me\/pe6lTn-myh","_links":{"self":[{"href":"https:\/\/www.visit-ulcinj.com\/blog\/wp-json\/wp\/v2\/posts\/86693"}],"collection":[{"href":"https:\/\/www.visit-ulcinj.com\/blog\/wp-json\/wp\/v2\/posts"}],"about":[{"href":"https:\/\/www.visit-ulcinj.com\/blog\/wp-json\/wp\/v2\/types\/post"}],"author":[{"embeddable":true,"href":"https:\/\/www.visit-ulcinj.com\/blog\/wp-json\/wp\/v2\/users\/1"}],"replies":[{"embeddable":true,"href":"https:\/\/www.visit-ulcinj.com\/blog\/wp-json\/wp\/v2\/comments?post=86693"}],"version-history":[{"count":1,"href":"https:\/\/www.visit-ulcinj.com\/blog\/wp-json\/wp\/v2\/posts\/86693\/revisions"}],"predecessor-version":[{"id":86694,"href":"https:\/\/www.visit-ulcinj.com\/blog\/wp-json\/wp\/v2\/posts\/86693\/revisions\/86694"}],"wp:attachment":[{"href":"https:\/\/www.visit-ulcinj.com\/blog\/wp-json\/wp\/v2\/media?parent=86693"}],"wp:term":[{"taxonomy":"category","embeddable":true,"href":"https:\/\/www.visit-ulcinj.com\/blog\/wp-json\/wp\/v2\/categories?post=86693"},{"taxonomy":"post_tag","embeddable":true,"href":"https:\/\/www.visit-ulcinj.com\/blog\/wp-json\/wp\/v2\/tags?post=86693"}],"curies":[{"name":"wp","href":"https:\/\/api.w.org\/{rel}","templated":true}]}}