{"id":86733,"date":"2014-11-29T20:21:42","date_gmt":"2014-11-29T19:21:42","guid":{"rendered":"http:\/\/www.visit-ulcinj.com\/blog\/?p=86733"},"modified":"2014-11-29T20:21:42","modified_gmt":"2014-11-29T19:21:42","slug":"mbishkrimet-antiruse-ne-podgorice-te-papranueshme","status":"publish","type":"post","link":"https:\/\/www.visit-ulcinj.com\/blog\/2014\/11\/29\/mbishkrimet-antiruse-ne-podgorice-te-papranueshme\/","title":{"rendered":"Mbishkrimet antiruse n\u00eb Podgoric\u00eb t\u00eb papranueshme"},"content":{"rendered":"<div id=\"ctl00_ctl00_cpAB_cp1_cbcContentBreak\">\n<div class=\"zoomMe\">\n<p><span class=\"firstLetter\"><a href=\"http:\/\/www.visit-ulcinj.com\/blog\/wp-content\/uploads\/2014\/11\/Russia-Slams-Anti-Moscow-Billboards-in-Montenegro.jpg\"><img loading=\"lazy\" class=\"alignleft wp-image-86729\" src=\"http:\/\/www.visit-ulcinj.com\/blog\/wp-content\/uploads\/2014\/11\/Russia-Slams-Anti-Moscow-Billboards-in-Montenegro.jpg\" alt=\"Russia Slams Anti-Moscow Billboards in Montenegro\" width=\"300\" height=\"400\" \/><\/a>M<\/span>inistria e jashtme dhe e integrimeve evropiane e Malit t\u00eb Zi ka vler\u00ebsuar se jan\u00eb \u201ct\u00eb papranueshme\u201d porosit\u00eb e karakterit antirus n\u00eb mbishkrimet, q\u00eb jan\u00eb paraqitur k\u00ebto dit\u00eb n\u00eb rrug\u00ebt e kryeqytetit Podgoric\u00eb.<\/p>\n<p>N\u00eb nj\u00ebr\u00ebn nga parullat, me logon e NATO-s, gjendet edhe porosia \u201cm\u00eb mir\u00eb banana n\u00eb dor\u00eb se \u00e7izma ruse n\u00eb qaf\u00eb\u201d, me \u00e7\u2019rast ishin t\u00eb vizatuara banana dhe \u00e7izmja me flamurin e Rusis\u00eb.<\/p>\n<p>Ambasada e Rusis\u00eb n\u00eb Podgoric\u00eb, si\u00e7 kan\u00eb transmetuar mediat, ka k\u00ebrkuar shpjegim lidhur me k\u00ebt\u00eb mbishkrim nga minisrtria e pun\u00ebve t\u00eb jashtme e Malit t\u00eb Zi, nd\u00ebrsa ministria \u00ebsht\u00eb pergjegjur se kjo \u00ebsht\u00eb e papranueshme.<\/p>\n<p>N\u00eb parull\u00ebn antiruse jan\u00eb n\u00ebnshkruar \u201cpatriot\u00ebt malazez\u00eb\u201d megjithq\u00eb nj\u00eb organizat\u00eb e till\u00eb \u00ebsht\u00eb e panjohur, raporton agjencia Beta nga Podgorica.<\/p>\n<p>Ministria e jashtme e Malit t\u00eb Zi ka kumtuar se Mali i Zi e konsideron Rusin\u00eb \u201cvend mik dhe partner\u201d dhe se d\u00ebshiron q\u00eb me t\u00eb t\u00eb mbaj\u00eb raporte t\u00eb tilla.<\/p>\n<p><strong>Radio Evropa e Lir\u00eb \u00a9 2014 RFE\/RL<\/strong><\/p>\n<\/div>\n<\/div>\n","protected":false},"excerpt":{"rendered":"<p>Ministria e jashtme dhe e integrimeve evropiane e Malit t\u00eb Zi ka vler\u00ebsuar se jan\u00eb \u201ct\u00eb papranueshme\u201d porosit\u00eb e karakterit antirus n\u00eb mbishkrimet, q\u00eb jan\u00eb paraqitur k\u00ebto dit\u00eb n\u00eb rrug\u00ebt e kryeqytetit Podgoric\u00eb. N\u00eb nj\u00ebr\u00ebn nga parullat, me logon e NATO-s, gjendet edhe porosia \u201cm\u00eb mir\u00eb banana n\u00eb dor\u00eb se \u00e7izma ruse n\u00eb qaf\u00eb\u201d, me [&hellip;]<\/p>\n","protected":false},"author":1,"featured_media":0,"comment_status":"closed","ping_status":"closed","sticky":false,"template":"","format":"standard","meta":{"spay_email":"","jetpack_publicize_message":"","jetpack_is_tweetstorm":false,"jetpack_publicize_feature_enabled":true},"categories":[2451],"tags":[],"jetpack_publicize_connections":[],"yoast_head":"<!-- This site is optimized with the Yoast SEO plugin v19.1 - https:\/\/yoast.com\/wordpress\/plugins\/seo\/ -->\n<title>Mbishkrimet antiruse n\u00eb Podgoric\u00eb t\u00eb papranueshme - Lajme nga Ulqini<\/title>\n<meta name=\"description\" content=\"Ministria e jashtme dhe e integrimeve evropiane e Malit t\u00eb Zi ka vler\u00ebsuar se jan\u00eb \u201ct\u00eb papranueshme\u201d porosit\u00eb e karakterit antirus n\u00eb mbishkrimet, q\u00eb jan\u00eb\" \/>\n<meta name=\"robots\" content=\"index, follow, max-snippet:-1, max-image-preview:large, max-video-preview:-1\" \/>\n<link rel=\"canonical\" href=\"https:\/\/www.visit-ulcinj.com\/blog\/2014\/11\/29\/mbishkrimet-antiruse-ne-podgorice-te-papranueshme\/\" \/>\n<meta property=\"og:locale\" content=\"en_US\" \/>\n<meta property=\"og:type\" content=\"article\" \/>\n<meta property=\"og:title\" content=\"Mbishkrimet antiruse n\u00eb Podgoric\u00eb t\u00eb papranueshme - Lajme nga Ulqini\" \/>\n<meta property=\"og:description\" content=\"Ministria e jashtme dhe e integrimeve evropiane e Malit t\u00eb Zi ka vler\u00ebsuar se jan\u00eb \u201ct\u00eb papranueshme\u201d porosit\u00eb e karakterit antirus n\u00eb mbishkrimet, q\u00eb jan\u00eb\" \/>\n<meta property=\"og:url\" content=\"https:\/\/www.visit-ulcinj.com\/blog\/2014\/11\/29\/mbishkrimet-antiruse-ne-podgorice-te-papranueshme\/\" \/>\n<meta property=\"og:site_name\" content=\"Lajme nga Ulqini\" \/>\n<meta property=\"article:published_time\" content=\"2014-11-29T19:21:42+00:00\" \/>\n<meta property=\"og:image\" content=\"http:\/\/www.visit-ulcinj.com\/blog\/wp-content\/uploads\/2014\/11\/Russia-Slams-Anti-Moscow-Billboards-in-Montenegro.jpg\" \/>\n<meta name=\"twitter:label1\" content=\"Written by\" \/>\n\t<meta name=\"twitter:data1\" content=\"ulqini\" \/>\n\t<meta name=\"twitter:label2\" content=\"Est. reading time\" \/>\n\t<meta name=\"twitter:data2\" content=\"1 minute\" \/>\n<script type=\"application\/ld+json\" class=\"yoast-schema-graph\">{\"@context\":\"https:\/\/schema.org\",\"@graph\":[{\"@type\":\"WebSite\",\"@id\":\"https:\/\/www.visit-ulcinj.com\/blog\/#website\",\"url\":\"https:\/\/www.visit-ulcinj.com\/blog\/\",\"name\":\"Lajme nga Ulqini\",\"description\":\"Lajme,Vijesti,Ulqini,Ulqin,Crna Gora,Mali i Zi\",\"potentialAction\":[{\"@type\":\"SearchAction\",\"target\":{\"@type\":\"EntryPoint\",\"urlTemplate\":\"https:\/\/www.visit-ulcinj.com\/blog\/?s={search_term_string}\"},\"query-input\":\"required name=search_term_string\"}],\"inLanguage\":\"en-US\"},{\"@type\":\"ImageObject\",\"inLanguage\":\"en-US\",\"@id\":\"https:\/\/www.visit-ulcinj.com\/blog\/2014\/11\/29\/mbishkrimet-antiruse-ne-podgorice-te-papranueshme\/#primaryimage\",\"url\":\"http:\/\/www.visit-ulcinj.com\/blog\/wp-content\/uploads\/2014\/11\/Russia-Slams-Anti-Moscow-Billboards-in-Montenegro.jpg\",\"contentUrl\":\"http:\/\/www.visit-ulcinj.com\/blog\/wp-content\/uploads\/2014\/11\/Russia-Slams-Anti-Moscow-Billboards-in-Montenegro.jpg\"},{\"@type\":\"WebPage\",\"@id\":\"https:\/\/www.visit-ulcinj.com\/blog\/2014\/11\/29\/mbishkrimet-antiruse-ne-podgorice-te-papranueshme\/#webpage\",\"url\":\"https:\/\/www.visit-ulcinj.com\/blog\/2014\/11\/29\/mbishkrimet-antiruse-ne-podgorice-te-papranueshme\/\",\"name\":\"Mbishkrimet antiruse n\u00eb Podgoric\u00eb t\u00eb papranueshme - Lajme nga Ulqini\",\"isPartOf\":{\"@id\":\"https:\/\/www.visit-ulcinj.com\/blog\/#website\"},\"primaryImageOfPage\":{\"@id\":\"https:\/\/www.visit-ulcinj.com\/blog\/2014\/11\/29\/mbishkrimet-antiruse-ne-podgorice-te-papranueshme\/#primaryimage\"},\"datePublished\":\"2014-11-29T19:21:42+00:00\",\"dateModified\":\"2014-11-29T19:21:42+00:00\",\"author\":{\"@id\":\"https:\/\/www.visit-ulcinj.com\/blog\/#\/schema\/person\/dcab619c614d3038751c63bc2aadc06d\"},\"description\":\"Ministria e jashtme dhe e integrimeve evropiane e Malit t\u00eb Zi ka vler\u00ebsuar se jan\u00eb \u201ct\u00eb papranueshme\u201d porosit\u00eb e karakterit antirus n\u00eb mbishkrimet, q\u00eb jan\u00eb\",\"breadcrumb\":{\"@id\":\"https:\/\/www.visit-ulcinj.com\/blog\/2014\/11\/29\/mbishkrimet-antiruse-ne-podgorice-te-papranueshme\/#breadcrumb\"},\"inLanguage\":\"en-US\",\"potentialAction\":[{\"@type\":\"ReadAction\",\"target\":[\"https:\/\/www.visit-ulcinj.com\/blog\/2014\/11\/29\/mbishkrimet-antiruse-ne-podgorice-te-papranueshme\/\"]}]},{\"@type\":\"BreadcrumbList\",\"@id\":\"https:\/\/www.visit-ulcinj.com\/blog\/2014\/11\/29\/mbishkrimet-antiruse-ne-podgorice-te-papranueshme\/#breadcrumb\",\"itemListElement\":[{\"@type\":\"ListItem\",\"position\":1,\"name\":\"Mbishkrimet antiruse n\u00eb Podgoric\u00eb t\u00eb papranueshme\"}]},{\"@type\":\"Person\",\"@id\":\"https:\/\/www.visit-ulcinj.com\/blog\/#\/schema\/person\/dcab619c614d3038751c63bc2aadc06d\",\"name\":\"ulqini\",\"sameAs\":[\"http:\/\/www.visit-ulcinj.com\"],\"url\":\"https:\/\/www.visit-ulcinj.com\/blog\/author\/admin\/\"}]}<\/script>\n<!-- \/ Yoast SEO plugin. -->","yoast_head_json":{"title":"Mbishkrimet antiruse n\u00eb Podgoric\u00eb t\u00eb papranueshme - Lajme nga Ulqini","description":"Ministria e jashtme dhe e integrimeve evropiane e Malit t\u00eb Zi ka vler\u00ebsuar se jan\u00eb \u201ct\u00eb papranueshme\u201d porosit\u00eb e karakterit antirus n\u00eb mbishkrimet, q\u00eb jan\u00eb","robots":{"index":"index","follow":"follow","max-snippet":"max-snippet:-1","max-image-preview":"max-image-preview:large","max-video-preview":"max-video-preview:-1"},"canonical":"https:\/\/www.visit-ulcinj.com\/blog\/2014\/11\/29\/mbishkrimet-antiruse-ne-podgorice-te-papranueshme\/","og_locale":"en_US","og_type":"article","og_title":"Mbishkrimet antiruse n\u00eb Podgoric\u00eb t\u00eb papranueshme - Lajme nga Ulqini","og_description":"Ministria e jashtme dhe e integrimeve evropiane e Malit t\u00eb Zi ka vler\u00ebsuar se jan\u00eb \u201ct\u00eb papranueshme\u201d porosit\u00eb e karakterit antirus n\u00eb mbishkrimet, q\u00eb jan\u00eb","og_url":"https:\/\/www.visit-ulcinj.com\/blog\/2014\/11\/29\/mbishkrimet-antiruse-ne-podgorice-te-papranueshme\/","og_site_name":"Lajme nga Ulqini","article_published_time":"2014-11-29T19:21:42+00:00","og_image":[{"url":"http:\/\/www.visit-ulcinj.com\/blog\/wp-content\/uploads\/2014\/11\/Russia-Slams-Anti-Moscow-Billboards-in-Montenegro.jpg"}],"twitter_misc":{"Written by":"ulqini","Est. reading time":"1 minute"},"schema":{"@context":"https:\/\/schema.org","@graph":[{"@type":"WebSite","@id":"https:\/\/www.visit-ulcinj.com\/blog\/#website","url":"https:\/\/www.visit-ulcinj.com\/blog\/","name":"Lajme nga Ulqini","description":"Lajme,Vijesti,Ulqini,Ulqin,Crna Gora,Mali i Zi","potentialAction":[{"@type":"SearchAction","target":{"@type":"EntryPoint","urlTemplate":"https:\/\/www.visit-ulcinj.com\/blog\/?s={search_term_string}"},"query-input":"required name=search_term_string"}],"inLanguage":"en-US"},{"@type":"ImageObject","inLanguage":"en-US","@id":"https:\/\/www.visit-ulcinj.com\/blog\/2014\/11\/29\/mbishkrimet-antiruse-ne-podgorice-te-papranueshme\/#primaryimage","url":"http:\/\/www.visit-ulcinj.com\/blog\/wp-content\/uploads\/2014\/11\/Russia-Slams-Anti-Moscow-Billboards-in-Montenegro.jpg","contentUrl":"http:\/\/www.visit-ulcinj.com\/blog\/wp-content\/uploads\/2014\/11\/Russia-Slams-Anti-Moscow-Billboards-in-Montenegro.jpg"},{"@type":"WebPage","@id":"https:\/\/www.visit-ulcinj.com\/blog\/2014\/11\/29\/mbishkrimet-antiruse-ne-podgorice-te-papranueshme\/#webpage","url":"https:\/\/www.visit-ulcinj.com\/blog\/2014\/11\/29\/mbishkrimet-antiruse-ne-podgorice-te-papranueshme\/","name":"Mbishkrimet antiruse n\u00eb Podgoric\u00eb t\u00eb papranueshme - Lajme nga Ulqini","isPartOf":{"@id":"https:\/\/www.visit-ulcinj.com\/blog\/#website"},"primaryImageOfPage":{"@id":"https:\/\/www.visit-ulcinj.com\/blog\/2014\/11\/29\/mbishkrimet-antiruse-ne-podgorice-te-papranueshme\/#primaryimage"},"datePublished":"2014-11-29T19:21:42+00:00","dateModified":"2014-11-29T19:21:42+00:00","author":{"@id":"https:\/\/www.visit-ulcinj.com\/blog\/#\/schema\/person\/dcab619c614d3038751c63bc2aadc06d"},"description":"Ministria e jashtme dhe e integrimeve evropiane e Malit t\u00eb Zi ka vler\u00ebsuar se jan\u00eb \u201ct\u00eb papranueshme\u201d porosit\u00eb e karakterit antirus n\u00eb mbishkrimet, q\u00eb jan\u00eb","breadcrumb":{"@id":"https:\/\/www.visit-ulcinj.com\/blog\/2014\/11\/29\/mbishkrimet-antiruse-ne-podgorice-te-papranueshme\/#breadcrumb"},"inLanguage":"en-US","potentialAction":[{"@type":"ReadAction","target":["https:\/\/www.visit-ulcinj.com\/blog\/2014\/11\/29\/mbishkrimet-antiruse-ne-podgorice-te-papranueshme\/"]}]},{"@type":"BreadcrumbList","@id":"https:\/\/www.visit-ulcinj.com\/blog\/2014\/11\/29\/mbishkrimet-antiruse-ne-podgorice-te-papranueshme\/#breadcrumb","itemListElement":[{"@type":"ListItem","position":1,"name":"Mbishkrimet antiruse n\u00eb Podgoric\u00eb t\u00eb papranueshme"}]},{"@type":"Person","@id":"https:\/\/www.visit-ulcinj.com\/blog\/#\/schema\/person\/dcab619c614d3038751c63bc2aadc06d","name":"ulqini","sameAs":["http:\/\/www.visit-ulcinj.com"],"url":"https:\/\/www.visit-ulcinj.com\/blog\/author\/admin\/"}]}},"jetpack_featured_media_url":"","jetpack_sharing_enabled":true,"jetpack_shortlink":"https:\/\/wp.me\/pe6lTn-myV","_links":{"self":[{"href":"https:\/\/www.visit-ulcinj.com\/blog\/wp-json\/wp\/v2\/posts\/86733"}],"collection":[{"href":"https:\/\/www.visit-ulcinj.com\/blog\/wp-json\/wp\/v2\/posts"}],"about":[{"href":"https:\/\/www.visit-ulcinj.com\/blog\/wp-json\/wp\/v2\/types\/post"}],"author":[{"embeddable":true,"href":"https:\/\/www.visit-ulcinj.com\/blog\/wp-json\/wp\/v2\/users\/1"}],"replies":[{"embeddable":true,"href":"https:\/\/www.visit-ulcinj.com\/blog\/wp-json\/wp\/v2\/comments?post=86733"}],"version-history":[{"count":1,"href":"https:\/\/www.visit-ulcinj.com\/blog\/wp-json\/wp\/v2\/posts\/86733\/revisions"}],"predecessor-version":[{"id":86734,"href":"https:\/\/www.visit-ulcinj.com\/blog\/wp-json\/wp\/v2\/posts\/86733\/revisions\/86734"}],"wp:attachment":[{"href":"https:\/\/www.visit-ulcinj.com\/blog\/wp-json\/wp\/v2\/media?parent=86733"}],"wp:term":[{"taxonomy":"category","embeddable":true,"href":"https:\/\/www.visit-ulcinj.com\/blog\/wp-json\/wp\/v2\/categories?post=86733"},{"taxonomy":"post_tag","embeddable":true,"href":"https:\/\/www.visit-ulcinj.com\/blog\/wp-json\/wp\/v2\/tags?post=86733"}],"curies":[{"name":"wp","href":"https:\/\/api.w.org\/{rel}","templated":true}]}}